{"id":110327,"date":"2025-09-27T22:26:38","date_gmt":"2025-09-28T02:26:38","guid":{"rendered":"https:\/\/lasprimeras.com.do\/?p=110327"},"modified":"2025-09-27T22:26:40","modified_gmt":"2025-09-28T02:26:40","slug":"ppg-nuestro-norte-es-seguir-impulsando-el-desarrollo-y-mejoria-de-calidad-de-vida-de-las-familias","status":"publish","type":"post","link":"https:\/\/lasprimeras.com.do\/index.php\/2025\/09\/27\/ppg-nuestro-norte-es-seguir-impulsando-el-desarrollo-y-mejoria-de-calidad-de-vida-de-las-familias\/","title":{"rendered":"PPG: \u201cNuestro norte es seguir impulsando el desarrollo y mejor\u00eda de calidad de vida de las familias\u201d"},"content":{"rendered":"\n<p class=\"wp-block-paragraph\"><strong>El Partido Primero la Gente (PPG), liderado por el senador Antonio Marte, jurament\u00f3 durante el fin de semana estructuras provincial, municipales y distritales de Puerto Plata.<\/strong><\/p>\n\n\n\n<p class=\"wp-block-paragraph\">El Partido Primero la Gente (PPG) contin\u00faa mostrando su fortaleza como entidad pol\u00edtica, respondiendo a la l\u00ednea trazada por el liderazgo local y nacional de esta organizaci\u00f3n, cuyo norte es seguir impulsando el desarrollo nacional y la mejor\u00eda de la calidad de vida de las familias dominicanas, adem\u00e1s de llegar a los comicios nacionales, congresuales y municipales de 2028 en los primeros lugares del espectro pol\u00edtico-electoral del pa\u00eds.<\/p>\n\n\n\n<p class=\"wp-block-paragraph\">As\u00ed lo manifest\u00f3 en esta ciudad de Puerto Plata el secretario general del PPG, Luis Rosado, quien destac\u00f3 la tit\u00e1nica labor que realiza el l\u00edder y presidente de esa organizaci\u00f3n, el senador Antonio Marte, en procura de que la sociedad dominicana se enrumbe por caminos que nos lleven a un pleno bienestar, sin exclusiones ni politiquer\u00edas.<\/p>\n\n\n\n<p class=\"wp-block-paragraph\">\u201cLa fortaleza del partido que lidera Antonio Marte est\u00e1 demostrada y responde a una alta gerencia pol\u00edtica que integran dirigentes comprometidos no solo con el crecimiento de nuestra organizaci\u00f3n, sino con tratar de lograr que la gente viva mejor, que las familias dominicanas no tengan dificultades y que todos tengamos acceso a salud, educaci\u00f3n y alimentaci\u00f3n sin mayores problemas\u201d, manifest\u00f3 Luis Rosado.<\/p>\n\n\n\n<p class=\"wp-block-paragraph\">El secretario general del PPG emiti\u00f3 sus consideraciones al tomar el juramento a las estructuras provincial y municipales Puerto Plata y las localidades bajo su demarcaci\u00f3n, donde cada uno de los juramentados asumi\u00f3 el compromiso de \u201cacompa\u00f1ar al liderazgo pepege\u00edsta hasta la meta\u201d.<\/p>\n\n\n\n<p class=\"wp-block-paragraph\">Entre los juramentados est\u00e1n el l\u00edder de los trabajadores de la zona, Jorge L\u00f3pez, como presidente del comit\u00e9 provincial de Puerto Plata y Wilton Ramos Ozoria (El Profe) como presidente del comit\u00e9 municipal del municipio cabecera.<\/p>\n\n\n\n<p class=\"wp-block-paragraph\">Otros miembros de las estructuras provincial y municipales del Partido Primero la Gente (PPG) juramentados por el secretario de organizaci\u00f3n de esa organizaci\u00f3n son: Urbano Blanco, Wilson Gonz\u00e1lez, Yokaira Morales, Manuel Ventura, Luis Acosta y Brianda \u00c1lvarez, entre otros.<\/p>\n\n\n\n<p class=\"wp-block-paragraph\">El Partido Primero la Gente (PPG) tiene claro su compromiso con el crecimiento econ\u00f3mico y el desarrollo integral de la Rep\u00fablica Dominicana, hace constar esa organizaci\u00f3n a trav\u00e9s de un documento de su Secretar\u00eda de Comunicaci\u00f3n y Prensa.<\/p>\n","protected":false},"excerpt":{"rendered":"<p>El Partido Primero la Gente (PPG), liderado por el senador Antonio Marte, jurament\u00f3 durante el fin de semana estructuras provincial, municipales y distritales de Puerto Plata. El Partido Primero la&hellip;<\/p>\n","protected":false},"author":10,"featured_media":110328,"comment_status":"open","ping_status":"open","sticky":false,"template":"","format":"standard","meta":{"content-type":"","_jetpack_newsletter_access":"","_jetpack_dont_email_post_to_subs":false,"_jetpack_newsletter_tier_id":0,"_jetpack_memberships_contains_paywalled_content":false,"_jetpack_feature_clip_id":0,"_jetpack_memberships_contains_paid_content":false,"footnotes":"","jetpack_post_was_ever_published":false},"categories":[16559],"tags":[21052,1414,687],"class_list":["post-110327","post","type-post","status-publish","format-standard","has-post-thumbnail","hentry","category-politica","tag-partido-primero-la-gente","tag-ppg","tag-puerto-plata"],"jetpack-related-posts":[{"id":102110,"url":"https:\/\/lasprimeras.com.do\/index.php\/2025\/07\/01\/ppg-escoge-32-comisiones-de-trabajos-para-concluir-su-primer-congreso-extraordinario\/","url_meta":{"origin":110327,"position":0},"title":"PPG escoge 32 comisiones de trabajos para concluir su primer congreso extraordinario","author":"Nelson Feliz","date":"1 de julio de 2025","format":false,"excerpt":"El presidente del Partido Primero la Gente (PPG) y senador por la provincia Santiago Rodr\u00edguez, Antonio Marte, inform\u00f3 que el relanzamiento de la organizaci\u00f3n pol\u00edtica que lidera es una realidad y adelant\u00f3 estar listo para jugar un rol de principal\u00eda en las elecciones nacionales, congresuales y municipales del 2028. Marte,\u2026","rel":"","context":"En \u00abPOLITICA\u00bb","block_context":{"text":"POLITICA","link":"https:\/\/lasprimeras.com.do\/index.php\/category\/politica\/"},"img":{"alt_text":"Antonio Marte","src":"https:\/\/i0.wp.com\/lasprimeras.com.do\/wp-content\/uploads\/2025\/07\/Antonio-Marte.jpg?resize=350%2C200&ssl=1","width":350,"height":200,"srcset":"https:\/\/i0.wp.com\/lasprimeras.com.do\/wp-content\/uploads\/2025\/07\/Antonio-Marte.jpg?resize=350%2C200&ssl=1 1x, https:\/\/i0.wp.com\/lasprimeras.com.do\/wp-content\/uploads\/2025\/07\/Antonio-Marte.jpg?resize=525%2C300&ssl=1 1.5x, https:\/\/i0.wp.com\/lasprimeras.com.do\/wp-content\/uploads\/2025\/07\/Antonio-Marte.jpg?resize=700%2C400&ssl=1 2x"},"classes":[]},{"id":136065,"url":"https:\/\/lasprimeras.com.do\/index.php\/2026\/07\/30\/ppg-anuncian-su-primer-congreso-doctor-jose-francisco-pena-gomez-para-el-30-de-agosto\/","url_meta":{"origin":110327,"position":1},"title":"PPG anuncian su Primer Congreso doctor Jos\u00e9 Francisco Pe\u00f1a G\u00f3mez para el 30 de agosto","author":"Nelson Feliz","date":"30 de julio de 2026","format":false,"excerpt":"Santo Domingo, D.N.- El presidente del Partido Primero la Gente (PPG), Senador Antonio Marte, anunci\u00f3 este mi\u00e9rcoles la culminaci\u00f3n del proceso nacional de reestructuraci\u00f3n y la convocatoria oficial al Primer Congreso doctor Jos\u00e9 Francisco Pe\u00f1a G\u00f3mez, a celebrarse el domingo 30 de agosto a las 9:00 de la ma\u00f1ana, en\u2026","rel":"","context":"En \u00abPOLITICA\u00bb","block_context":{"text":"POLITICA","link":"https:\/\/lasprimeras.com.do\/index.php\/category\/politica\/"},"img":{"alt_text":"","src":"https:\/\/i0.wp.com\/lasprimeras.com.do\/wp-content\/uploads\/2026\/07\/IMG-20260730-WA0179.jpg?resize=350%2C200&ssl=1","width":350,"height":200,"srcset":"https:\/\/i0.wp.com\/lasprimeras.com.do\/wp-content\/uploads\/2026\/07\/IMG-20260730-WA0179.jpg?resize=350%2C200&ssl=1 1x, https:\/\/i0.wp.com\/lasprimeras.com.do\/wp-content\/uploads\/2026\/07\/IMG-20260730-WA0179.jpg?resize=525%2C300&ssl=1 1.5x, https:\/\/i0.wp.com\/lasprimeras.com.do\/wp-content\/uploads\/2026\/07\/IMG-20260730-WA0179.jpg?resize=700%2C400&ssl=1 2x, https:\/\/i0.wp.com\/lasprimeras.com.do\/wp-content\/uploads\/2026\/07\/IMG-20260730-WA0179.jpg?resize=1050%2C600&ssl=1 3x, https:\/\/i0.wp.com\/lasprimeras.com.do\/wp-content\/uploads\/2026\/07\/IMG-20260730-WA0179.jpg?resize=1400%2C800&ssl=1 4x"},"classes":[]},{"id":138196,"url":"https:\/\/lasprimeras.com.do\/index.php\/2026\/08\/26\/ppg-juramenta-este-domingo-sus-estructuras-en-158-municipios\/","url_meta":{"origin":110327,"position":2},"title":"PPG juramenta este domingo sus estructuras en 158 municipios","author":"Nelson Feliz","date":"26 de agosto de 2026","format":false,"excerpt":"Santo Domingo, D.N.= El Partido Primero La Gente (PPG) juramentar\u00e1 este domingo sus estructuras en los 158 municipios del pa\u00eds. Ser\u00e1 durante el Primer Congreso Jos\u00e9 Francisco Pe\u00f1a G\u00f3mez, en el Coliseo Teo Cruz. La actividad ser\u00e1 supervisada por delegados de la Junta Central Electoral. El presidente del PPG, senador\u2026","rel":"","context":"En \u00abPOLITICA\u00bb","block_context":{"text":"POLITICA","link":"https:\/\/lasprimeras.com.do\/index.php\/category\/politica\/"},"img":{"alt_text":"","src":"https:\/\/i0.wp.com\/lasprimeras.com.do\/wp-content\/uploads\/2026\/08\/IMG-20260826-WA0204-scaled.jpg?resize=350%2C200&ssl=1","width":350,"height":200,"srcset":"https:\/\/i0.wp.com\/lasprimeras.com.do\/wp-content\/uploads\/2026\/08\/IMG-20260826-WA0204-scaled.jpg?resize=350%2C200&ssl=1 1x, https:\/\/i0.wp.com\/lasprimeras.com.do\/wp-content\/uploads\/2026\/08\/IMG-20260826-WA0204-scaled.jpg?resize=525%2C300&ssl=1 1.5x, https:\/\/i0.wp.com\/lasprimeras.com.do\/wp-content\/uploads\/2026\/08\/IMG-20260826-WA0204-scaled.jpg?resize=700%2C400&ssl=1 2x, https:\/\/i0.wp.com\/lasprimeras.com.do\/wp-content\/uploads\/2026\/08\/IMG-20260826-WA0204-scaled.jpg?resize=1050%2C600&ssl=1 3x, https:\/\/i0.wp.com\/lasprimeras.com.do\/wp-content\/uploads\/2026\/08\/IMG-20260826-WA0204-scaled.jpg?resize=1400%2C800&ssl=1 4x"},"classes":[]},{"id":138607,"url":"https:\/\/lasprimeras.com.do\/index.php\/2026\/08\/30\/marte-juramenta-estructuras-del-ppg-y-anuncia-reformas-a-salud-y-seguridad-social\/","url_meta":{"origin":110327,"position":3},"title":"Marte juramenta estructuras del PPG y anuncia reformas a Salud y Seguridad Social","author":"Nelson Feliz","date":"30 de agosto de 2026","format":false,"excerpt":"SANTO DOMINGO. El presidente del PPG, senador Antonio Marte, jurament\u00f3 las estructuras de los 158 municipios.Lo hizo al concluir el Primer Congreso Jos\u00e9 Francisco Pe\u00f1a G\u00f3mez. Las nuevas direcciones marcar\u00e1n el rumbo hacia las elecciones de 2028. Marte anunci\u00f3 que someter\u00e1 modificaciones a las leyes 42-01 de Salud y 87-01\u2026","rel":"","context":"En \u00abPOLITICA\u00bb","block_context":{"text":"POLITICA","link":"https:\/\/lasprimeras.com.do\/index.php\/category\/politica\/"},"img":{"alt_text":"","src":"https:\/\/i0.wp.com\/lasprimeras.com.do\/wp-content\/uploads\/2026\/08\/IMG-20260830-WA0340.jpg?resize=350%2C200&ssl=1","width":350,"height":200,"srcset":"https:\/\/i0.wp.com\/lasprimeras.com.do\/wp-content\/uploads\/2026\/08\/IMG-20260830-WA0340.jpg?resize=350%2C200&ssl=1 1x, https:\/\/i0.wp.com\/lasprimeras.com.do\/wp-content\/uploads\/2026\/08\/IMG-20260830-WA0340.jpg?resize=525%2C300&ssl=1 1.5x, https:\/\/i0.wp.com\/lasprimeras.com.do\/wp-content\/uploads\/2026\/08\/IMG-20260830-WA0340.jpg?resize=700%2C400&ssl=1 2x, https:\/\/i0.wp.com\/lasprimeras.com.do\/wp-content\/uploads\/2026\/08\/IMG-20260830-WA0340.jpg?resize=1050%2C600&ssl=1 3x, https:\/\/i0.wp.com\/lasprimeras.com.do\/wp-content\/uploads\/2026\/08\/IMG-20260830-WA0340.jpg?resize=1400%2C800&ssl=1 4x"},"classes":[]},{"id":116316,"url":"https:\/\/lasprimeras.com.do\/index.php\/2025\/11\/30\/antonio-marte-inaugura-nuevo-local-del-partido-primero-la-gente-en-santiago\/","url_meta":{"origin":110327,"position":4},"title":"Antonio Marte inaugura nuevo local del Partido Primero La Gente en Santiago","author":"Nelson Feliz","date":"30 de noviembre de 2025","format":false,"excerpt":"Juramentan a Mario Cruz y su equipo que sali\u00f3 del Partido Justicia Social. El senador y presidente del Partido Primero La Gente, Antonio Marte encabezo la inauguraci\u00f3n del nuevo local del PPG en la ciudad de Santiago, marcando un paso importante en la expansi\u00f3n y consolidaci\u00f3n de esa organizaci\u00f3n pol\u00edtica\u2026","rel":"","context":"En \u00abPOLITICA\u00bb","block_context":{"text":"POLITICA","link":"https:\/\/lasprimeras.com.do\/index.php\/category\/politica\/"},"img":{"alt_text":"","src":"https:\/\/i0.wp.com\/lasprimeras.com.do\/wp-content\/uploads\/2025\/11\/Antonio-Marte-1.jpg?resize=350%2C200&ssl=1","width":350,"height":200,"srcset":"https:\/\/i0.wp.com\/lasprimeras.com.do\/wp-content\/uploads\/2025\/11\/Antonio-Marte-1.jpg?resize=350%2C200&ssl=1 1x, https:\/\/i0.wp.com\/lasprimeras.com.do\/wp-content\/uploads\/2025\/11\/Antonio-Marte-1.jpg?resize=525%2C300&ssl=1 1.5x, https:\/\/i0.wp.com\/lasprimeras.com.do\/wp-content\/uploads\/2025\/11\/Antonio-Marte-1.jpg?resize=700%2C400&ssl=1 2x"},"classes":[]},{"id":74844,"url":"https:\/\/lasprimeras.com.do\/index.php\/2024\/01\/26\/primero-la-gente-realiza-primera-reunion-virtual-en-nueva-york\/","url_meta":{"origin":110327,"position":5},"title":"Primero la Gente realiza primera reuni\u00f3n virtual en Nueva York","author":"Nelson Feliz","date":"26 de enero de 2024","format":false,"excerpt":"New York.- El Comit\u00e9 Ejecutivo Internacional del Partido Primero la Gente (PPG) realiz\u00f3 su primera reuni\u00f3n virtual en la cual se discutieron ideas para promocionar la reelecci\u00f3n del presidente Luis Abinader en las venideras elecciones de mayo. El presidente del Comit\u00e9 Ejecutivo Internacional, Waldo Robles, inform\u00f3 que la reuni\u00f3n fue\u2026","rel":"","context":"En \u00abSin categor\u00eda\u00bb","block_context":{"text":"Sin categor\u00eda","link":"https:\/\/lasprimeras.com.do\/index.php\/category\/sin-categoria\/"},"img":{"alt_text":"Waldo-Robles","src":"https:\/\/i0.wp.com\/lasprimeras.com.do\/wp-content\/uploads\/2024\/01\/Waldo-Robles.png?resize=350%2C200&ssl=1","width":350,"height":200,"srcset":"https:\/\/i0.wp.com\/lasprimeras.com.do\/wp-content\/uploads\/2024\/01\/Waldo-Robles.png?resize=350%2C200&ssl=1 1x, https:\/\/i0.wp.com\/lasprimeras.com.do\/wp-content\/uploads\/2024\/01\/Waldo-Robles.png?resize=525%2C300&ssl=1 1.5x"},"classes":[]}],"jetpack_sharing_enabled":true,"jetpack_featured_media_url":"https:\/\/lasprimeras.com.do\/wp-content\/uploads\/2025\/09\/antonio-marte.jpg","_links":{"self":[{"href":"https:\/\/lasprimeras.com.do\/index.php\/wp-json\/wp\/v2\/posts\/110327","targetHints":{"allow":["GET"]}}],"collection":[{"href":"https:\/\/lasprimeras.com.do\/index.php\/wp-json\/wp\/v2\/posts"}],"about":[{"href":"https:\/\/lasprimeras.com.do\/index.php\/wp-json\/wp\/v2\/types\/post"}],"author":[{"embeddable":true,"href":"https:\/\/lasprimeras.com.do\/index.php\/wp-json\/wp\/v2\/users\/10"}],"replies":[{"embeddable":true,"href":"https:\/\/lasprimeras.com.do\/index.php\/wp-json\/wp\/v2\/comments?post=110327"}],"version-history":[{"count":1,"href":"https:\/\/lasprimeras.com.do\/index.php\/wp-json\/wp\/v2\/posts\/110327\/revisions"}],"predecessor-version":[{"id":110329,"href":"https:\/\/lasprimeras.com.do\/index.php\/wp-json\/wp\/v2\/posts\/110327\/revisions\/110329"}],"wp:featuredmedia":[{"embeddable":true,"href":"https:\/\/lasprimeras.com.do\/index.php\/wp-json\/wp\/v2\/media\/110328"}],"wp:attachment":[{"href":"https:\/\/lasprimeras.com.do\/index.php\/wp-json\/wp\/v2\/media?parent=110327"}],"wp:term":[{"taxonomy":"category","embeddable":true,"href":"https:\/\/lasprimeras.com.do\/index.php\/wp-json\/wp\/v2\/categories?post=110327"},{"taxonomy":"post_tag","embeddable":true,"href":"https:\/\/lasprimeras.com.do\/index.php\/wp-json\/wp\/v2\/tags?post=110327"}],"curies":[{"name":"wp","href":"https:\/\/api.w.org\/{rel}","templated":true}]}}