{"id":110330,"date":"2025-09-27T22:39:13","date_gmt":"2025-09-28T02:39:13","guid":{"rendered":"https:\/\/lasprimeras.com.do\/?p=110330"},"modified":"2025-09-27T22:39:14","modified_gmt":"2025-09-28T02:39:14","slug":"bandex-y-fem-fortalecen-lazos-para-impulsar-las-mipymes-y-los-negocios-liderados-por-mujeres","status":"publish","type":"post","link":"https:\/\/lasprimeras.com.do\/index.php\/2025\/09\/27\/bandex-y-fem-fortalecen-lazos-para-impulsar-las-mipymes-y-los-negocios-liderados-por-mujeres\/","title":{"rendered":"BANDEX y FEM fortalecen lazos para impulsar las Mipymes y los negocios liderados por mujeres"},"content":{"rendered":"\n<p class=\"wp-block-paragraph\">El Banco de Desarrollo y Exportaciones (BANDEX) y la Federaci\u00f3n de Mujeres Empresarias (FEM), consolidan esfuerzos para potenciar las Mipymes e impulsar los negocios liderados por mujeres, como motores de innovaci\u00f3n, sostenibilidad y crecimiento econ\u00f3mico en la Rep\u00fablica Dominicana.<\/p>\n\n\n\n<p class=\"wp-block-paragraph\">El Gerente General de BANDEX Catalino Correa Hiciano, reafirm\u00f3 el compromiso de la instituci\u00f3n con el liderazgo femenino y con el impulso de las Mipymes como eje fundamental del desarrollo econ\u00f3mico del pa\u00eds.<\/p>\n\n\n\n<p class=\"wp-block-paragraph\">Por parte de FEM, estuvieron presentes su presidenta, Rossy Escotto Minaya, acompa\u00f1ada de Sonya Uribe, Primera Vicepresidenta; Marbel Lugo, Digna Paulino y Dhamelisse Then, quienes compartieron valiosas perspectivas para fortalecer el liderazgo femenino y generar nuevas oportunidades de crecimiento empresarial.<\/p>\n\n\n\n<p class=\"wp-block-paragraph\">Rossy Escotto Minaya, Presidenta de FEM destac\u00f3: \u201cEsta colaboraci\u00f3n con BANDEX nos permite seguir impulsando a las mujeres empresarias dominicanas y el crecimiento de los negocios de nuestras socias\u201d.<\/p>\n\n\n\n<p class=\"wp-block-paragraph\">BANDEX y FEM reafirman su compromiso de trabajar para impulsar la innovaci\u00f3n, la sostenibilidad y la inclusi\u00f3n, aportando valor al ecosistema empresarial, expres\u00f3 la presidenta de la Federaci\u00f3n de Mujeres Empresarias (FEM), Rossy Escotto.<\/p>\n","protected":false},"excerpt":{"rendered":"<p>El Banco de Desarrollo y Exportaciones (BANDEX) y la Federaci\u00f3n de Mujeres Empresarias (FEM), consolidan esfuerzos para potenciar las Mipymes e impulsar los negocios liderados por mujeres, como motores de&hellip;<\/p>\n","protected":false},"author":10,"featured_media":110331,"comment_status":"open","ping_status":"open","sticky":false,"template":"","format":"standard","meta":{"content-type":"","_jetpack_newsletter_access":"","_jetpack_dont_email_post_to_subs":false,"_jetpack_newsletter_tier_id":0,"_jetpack_memberships_contains_paywalled_content":false,"_jetpack_feature_clip_id":0,"_jetpack_memberships_contains_paid_content":false,"footnotes":"","jetpack_post_was_ever_published":false},"categories":[39],"tags":[15788,25198,799,836,1613],"class_list":["post-110330","post","type-post","status-publish","format-standard","has-post-thumbnail","hentry","category-economia","tag-bandex","tag-fem","tag-mipymes","tag-mujeres","tag-negocios"],"jetpack-related-posts":[{"id":49474,"url":"https:\/\/lasprimeras.com.do\/index.php\/2023\/05\/11\/anuncian-la-realizacion-de-expo-mujer-mipyme\/","url_meta":{"origin":110330,"position":0},"title":"Anuncian la realizaci\u00f3n de &#8220;Expo Mujer Mipyme&#8221;","author":"prenxa100","date":"11 de mayo de 2023","format":false,"excerpt":"Un evento innovador dirigido a empresarias y emprendedoras en el pa\u00eds. Santo Domingo, D.N. La Federaci\u00f3n de Mujeres Empresarias Dominico Internacional, la Asociaci\u00f3n Nacional de Mujeres Empresarias, Ejecutivas y Profesionales y la Asociaci\u00f3n Dominicana de Mujeres Empresarias anunciaron la realizaci\u00f3n los d\u00edas 26 y 27 de mayo de \u201cEXPO MUJER\u2026","rel":"","context":"En \u00abECONOM\u00cdA\u00bb","block_context":{"text":"ECONOM\u00cdA","link":"https:\/\/lasprimeras.com.do\/index.php\/category\/economia\/"},"img":{"alt_text":"","src":"","width":0,"height":0},"classes":[]},{"id":67395,"url":"https:\/\/lasprimeras.com.do\/index.php\/2023\/11\/15\/republica-dominicana-es-la-sede-del-vii-foro-regional-mujer-mipyme-y-sostenibilidad\/","url_meta":{"origin":110330,"position":1},"title":"Rep\u00fablica Dominicana es la sede del VII Foro Regional Mujer Mipyme y Sostenibilidad","author":"Nelson Feliz","date":"15 de noviembre de 2023","format":false,"excerpt":"Primero en su categor\u00eda a celebrase en el pa\u00eds La Federaci\u00f3n de Mujeres Empresarias Dominico Internacional (FEM), Federaci\u00f3n de Organizaciones de Mujeres Empresarias y Emprendedoras de Centro Am\u00e9rica y Rep\u00fablica Dominicana (FOMEECARD) y la Red de organizaciones de mujeres empresarias de Centroam\u00e9rica, llev\u00f3 a cabo el VII Foro Regional \"Mujer\u2026","rel":"","context":"En \u00abECONOM\u00cdA\u00bb","block_context":{"text":"ECONOM\u00cdA","link":"https:\/\/lasprimeras.com.do\/index.php\/category\/economia\/"},"img":{"alt_text":"Foro Regional Mujer Mipyme y Sostenibilidad","src":"https:\/\/i0.wp.com\/lasprimeras.com.do\/wp-content\/uploads\/2023\/11\/Foro-Regional-Mujer-Mipyme-y-Sostenibilidad.jpg?resize=350%2C200&ssl=1","width":350,"height":200,"srcset":"https:\/\/i0.wp.com\/lasprimeras.com.do\/wp-content\/uploads\/2023\/11\/Foro-Regional-Mujer-Mipyme-y-Sostenibilidad.jpg?resize=350%2C200&ssl=1 1x, https:\/\/i0.wp.com\/lasprimeras.com.do\/wp-content\/uploads\/2023\/11\/Foro-Regional-Mujer-Mipyme-y-Sostenibilidad.jpg?resize=525%2C300&ssl=1 1.5x, https:\/\/i0.wp.com\/lasprimeras.com.do\/wp-content\/uploads\/2023\/11\/Foro-Regional-Mujer-Mipyme-y-Sostenibilidad.jpg?resize=700%2C400&ssl=1 2x"},"classes":[]},{"id":108040,"url":"https:\/\/lasprimeras.com.do\/index.php\/2025\/09\/02\/presidente-abinader-designa-a-catalino-correa-hiciano-como-gerente-general-del-bandex\/","url_meta":{"origin":110330,"position":2},"title":"Presidente Abinader designa a Catalino Correa Hiciano como gerente general del Bandex","author":"Nelson Feliz","date":"2 de septiembre de 2025","format":false,"excerpt":"Cuenta con una especializaci\u00f3n en prevenci\u00f3n del fraude fiscal y blanqueo de capitales. El presidente Luis Abinader design\u00f3, mediante el decreto n\u00famero 498-25, a Catalino Correa Hiciano como nuevo gerente general del Banco de Desarrollo y Exportaciones (Bandex). Correa Hiciano es contador p\u00fablico autorizado, egresado de la Universidad Organizaci\u00f3n y\u2026","rel":"","context":"En \u00abECONOM\u00cdA\u00bb","block_context":{"text":"ECONOM\u00cdA","link":"https:\/\/lasprimeras.com.do\/index.php\/category\/economia\/"},"img":{"alt_text":"","src":"https:\/\/i0.wp.com\/lasprimeras.com.do\/wp-content\/uploads\/2025\/09\/Catalino-Correa-Hiciano.jpg?resize=350%2C200&ssl=1","width":350,"height":200},"classes":[]},{"id":115168,"url":"https:\/\/lasprimeras.com.do\/index.php\/2025\/11\/19\/prodominicana-presenta-6ta-edicion-del-estudio-mujeres-en-exportacion-2025-destacandose-un-26-de-crecimiento\/","url_meta":{"origin":110330,"position":3},"title":"ProDominicana presenta 6ta edici\u00f3n del estudio \u201cMujeres en Exportaci\u00f3n 2025\u201d destac\u00e1ndose un 26% de crecimiento","author":"Nelson Feliz","date":"19 de noviembre de 2025","format":false,"excerpt":"En el marco de la presentaci\u00f3n de los avances hist\u00f3ricos del liderazgo femenino se reconocieron empresas ejemplares lideradas por mujeres Con la presencia de la vicepresidenta de la Rep\u00fablica Dominicana, Raquel Pe\u00f1a; el ministro de Industria, Comercio y Mipymes, V\u00edctor Bison\u00f3; y la directora ejecutiva del Centro de Exportaci\u00f3n e\u2026","rel":"","context":"En \u00abECONOM\u00cdA\u00bb","block_context":{"text":"ECONOM\u00cdA","link":"https:\/\/lasprimeras.com.do\/index.php\/category\/economia\/"},"img":{"alt_text":"","src":"https:\/\/i0.wp.com\/lasprimeras.com.do\/wp-content\/uploads\/2025\/11\/prodominicana-1.jpg?resize=350%2C200&ssl=1","width":350,"height":200,"srcset":"https:\/\/i0.wp.com\/lasprimeras.com.do\/wp-content\/uploads\/2025\/11\/prodominicana-1.jpg?resize=350%2C200&ssl=1 1x, https:\/\/i0.wp.com\/lasprimeras.com.do\/wp-content\/uploads\/2025\/11\/prodominicana-1.jpg?resize=525%2C300&ssl=1 1.5x, https:\/\/i0.wp.com\/lasprimeras.com.do\/wp-content\/uploads\/2025\/11\/prodominicana-1.jpg?resize=700%2C400&ssl=1 2x"},"classes":[]},{"id":108043,"url":"https:\/\/lasprimeras.com.do\/index.php\/2025\/08\/28\/juan-mustafa-pasa-del-bandex-al-banreservas-tras-gestion-con-resultados-historicos\/","url_meta":{"origin":110330,"position":4},"title":"Juan Mustaf\u00e1 pasa del Bandex al Banreservas tras gesti\u00f3n con resultados hist\u00f3ricos","author":"Nelson Feliz","date":"28 de agosto de 2025","format":false,"excerpt":"Fue designado en el Bandex en agosto de 2021 y encabez\u00f3 el proceso que permiti\u00f3 sanear las cuentas y generar utilidades netas. El economista Juan Alberto Mustaf\u00e1 Michel asumi\u00f3 como vicepresidente ejecutivo senior de Empresas Subsidiarias del Banco de Reservas, luego de concluir una etapa al frente del Banco de\u2026","rel":"","context":"En \u00abECONOM\u00cdA\u00bb","block_context":{"text":"ECONOM\u00cdA","link":"https:\/\/lasprimeras.com.do\/index.php\/category\/economia\/"},"img":{"alt_text":"","src":"https:\/\/i0.wp.com\/lasprimeras.com.do\/wp-content\/uploads\/2025\/09\/Juan-Alberto-Mustafa.jpg?resize=350%2C200&ssl=1","width":350,"height":200,"srcset":"https:\/\/i0.wp.com\/lasprimeras.com.do\/wp-content\/uploads\/2025\/09\/Juan-Alberto-Mustafa.jpg?resize=350%2C200&ssl=1 1x, https:\/\/i0.wp.com\/lasprimeras.com.do\/wp-content\/uploads\/2025\/09\/Juan-Alberto-Mustafa.jpg?resize=525%2C300&ssl=1 1.5x, https:\/\/i0.wp.com\/lasprimeras.com.do\/wp-content\/uploads\/2025\/09\/Juan-Alberto-Mustafa.jpg?resize=700%2C400&ssl=1 2x"},"classes":[]},{"id":73292,"url":"https:\/\/lasprimeras.com.do\/index.php\/2024\/01\/08\/bid-invest-y-banco-bhd-impulsan-las-mipymes-lideradas-por-mujeres-en-republica-dominicana\/","url_meta":{"origin":110330,"position":5},"title":"BID Invest y Banco BHD impulsan las mipymes lideradas por mujeres en Rep\u00fablica Dominicana","author":"Nelson Feliz","date":"8 de enero de 2024","format":false,"excerpt":"BID Invest anuncia el otorgamiento de un pr\u00e9stamo subordinado para Banco BHD por US$75 millones por un plazo de hasta siete a\u00f1os. Este financiamiento apoyar\u00e1 a las micro, peque\u00f1as y medianas empresas (mipymes) lideradas o propiedad de mujeres en Rep\u00fablica Dominicana al otorgarles mayor acceso al cr\u00e9dito a trav\u00e9s de\u2026","rel":"","context":"En \u00abECONOM\u00cdA\u00bb","block_context":{"text":"ECONOM\u00cdA","link":"https:\/\/lasprimeras.com.do\/index.php\/category\/economia\/"},"img":{"alt_text":"Sede BID","src":"https:\/\/i0.wp.com\/lasprimeras.com.do\/wp-content\/uploads\/2023\/11\/Sede-BID.jpg?resize=350%2C200&ssl=1","width":350,"height":200,"srcset":"https:\/\/i0.wp.com\/lasprimeras.com.do\/wp-content\/uploads\/2023\/11\/Sede-BID.jpg?resize=350%2C200&ssl=1 1x, https:\/\/i0.wp.com\/lasprimeras.com.do\/wp-content\/uploads\/2023\/11\/Sede-BID.jpg?resize=525%2C300&ssl=1 1.5x, https:\/\/i0.wp.com\/lasprimeras.com.do\/wp-content\/uploads\/2023\/11\/Sede-BID.jpg?resize=700%2C400&ssl=1 2x"},"classes":[]}],"jetpack_sharing_enabled":true,"jetpack_featured_media_url":"https:\/\/lasprimeras.com.do\/wp-content\/uploads\/2025\/09\/Catalino-Correa-Hiciano-1.jpg","_links":{"self":[{"href":"https:\/\/lasprimeras.com.do\/index.php\/wp-json\/wp\/v2\/posts\/110330","targetHints":{"allow":["GET"]}}],"collection":[{"href":"https:\/\/lasprimeras.com.do\/index.php\/wp-json\/wp\/v2\/posts"}],"about":[{"href":"https:\/\/lasprimeras.com.do\/index.php\/wp-json\/wp\/v2\/types\/post"}],"author":[{"embeddable":true,"href":"https:\/\/lasprimeras.com.do\/index.php\/wp-json\/wp\/v2\/users\/10"}],"replies":[{"embeddable":true,"href":"https:\/\/lasprimeras.com.do\/index.php\/wp-json\/wp\/v2\/comments?post=110330"}],"version-history":[{"count":1,"href":"https:\/\/lasprimeras.com.do\/index.php\/wp-json\/wp\/v2\/posts\/110330\/revisions"}],"predecessor-version":[{"id":110332,"href":"https:\/\/lasprimeras.com.do\/index.php\/wp-json\/wp\/v2\/posts\/110330\/revisions\/110332"}],"wp:featuredmedia":[{"embeddable":true,"href":"https:\/\/lasprimeras.com.do\/index.php\/wp-json\/wp\/v2\/media\/110331"}],"wp:attachment":[{"href":"https:\/\/lasprimeras.com.do\/index.php\/wp-json\/wp\/v2\/media?parent=110330"}],"wp:term":[{"taxonomy":"category","embeddable":true,"href":"https:\/\/lasprimeras.com.do\/index.php\/wp-json\/wp\/v2\/categories?post=110330"},{"taxonomy":"post_tag","embeddable":true,"href":"https:\/\/lasprimeras.com.do\/index.php\/wp-json\/wp\/v2\/tags?post=110330"}],"curies":[{"name":"wp","href":"https:\/\/api.w.org\/{rel}","templated":true}]}}