{"id":110333,"date":"2025-09-27T22:54:24","date_gmt":"2025-09-28T02:54:24","guid":{"rendered":"https:\/\/lasprimeras.com.do\/?p=110333"},"modified":"2025-09-27T22:54:25","modified_gmt":"2025-09-28T02:54:25","slug":"diputada-promueve-en-barranquilla-los-derechos-de-los-pueblos-indigenas-y-afrodescendientes","status":"publish","type":"post","link":"https:\/\/lasprimeras.com.do\/index.php\/2025\/09\/27\/diputada-promueve-en-barranquilla-los-derechos-de-los-pueblos-indigenas-y-afrodescendientes\/","title":{"rendered":"Diputada promueve en Barranquilla los derechos de los pueblos Ind\u00edgenas y Afrodescendientes"},"content":{"rendered":"\n<p class=\"wp-block-paragraph\">La diputada ante el Parlamento Centroamericano, Namibia Angola Didiez, aboga en Barranquilla por una diplomacia legislativa que respete y reconozca a los pueblos ind\u00edgenas y afrodescendientes.<\/p>\n\n\n\n<p class=\"wp-block-paragraph\">La representante de la Rep\u00fablica Dominicana destac\u00f3 su compromiso con la paz y la inclusi\u00f3n durante su participaci\u00f3n en el IV Foro Parlamentario Internacional en Barranquilla, Colombia. Este evento reuni\u00f3 a l\u00edderes de diversas naciones para discutir la diplomacia parlamentaria y su impacto en el desarrollo social.<\/p>\n\n\n\n<p class=\"wp-block-paragraph\">Didiez form\u00f3 parte de un panel donde abord\u00f3 la vital importancia de la &#8220;Diplomacia Legislativa como Herramienta de Paz, Integraci\u00f3n, Desarrollo y Reconocimiento de los Pueblos Ind\u00edgenas y Afrodescendientes en Centroam\u00e9rica y la Rep\u00fablica Dominicana&#8221;.<\/p>\n\n\n\n<p class=\"wp-block-paragraph\">La participaci\u00f3n de Didiez en este foro no solo resalta su compromiso con la justicia social y la equidad, sino que tambi\u00e9n establece un puente para futuras colaboraciones entre los pa\u00edses de la regi\u00f3n.<\/p>\n\n\n\n<p class=\"wp-block-paragraph\">Expres\u00f3 su satisfacci\u00f3n al compartir con Rolando Gonz\u00e1lez Patricio, presidente del Parlatino, y Elizabeth Jay-Pang D\u00edaz, representante de la C\u00e1mara de Representantes de Colombia.<\/p>\n\n\n\n<p class=\"wp-block-paragraph\">La diputada reafirm\u00f3 su dedicaci\u00f3n a trabajar en conjunto por el bienestar de todos los pueblos de Centroam\u00e9rica y el Caribe.<\/p>\n\n\n\n<p class=\"wp-block-paragraph\">En su intervenci\u00f3n, la diputada enfatiz\u00f3 que la diplomacia legislativa es crucial para fomentar la paz y la colaboraci\u00f3n entre naciones.<\/p>\n\n\n\n<p class=\"wp-block-paragraph\">Asegur\u00f3 que es fundamental garantizar el reconocimiento de los derechos de los pueblos ind\u00edgenas y afrodescendientes, resaltando que la diversidad cultural no solo enriquece, sino que debe ser valorada y protegida. Argument\u00f3 que la cooperaci\u00f3n entre parlamentos es esencial para lograr un desarrollo inclusivo y sostenible que beneficie a todos los sectores de la sociedad.<\/p>\n\n\n\n<p class=\"wp-block-paragraph\">La tambi\u00e9n presidenta del Partido Dem\u00f3crata Popular, Didiez, hizo hincapi\u00e9 en la necesidad de crear condiciones que fortalezcan la democracia en la regi\u00f3n. Su llamado a establecer est\u00e1ndares comunes en los procesos electorales subraya su compromiso con la justicia social.<\/p>\n\n\n\n<p class=\"wp-block-paragraph\">A trav\u00e9s de la diplomacia legislativa, se pueden prevenir conflictos y promover el respeto a los derechos humanos, actuando como mediadores en crisis pol\u00edticas que afectan a la poblaci\u00f3n.<\/p>\n\n\n\n<p class=\"wp-block-paragraph\">El Parlamento Centroamericano (PARLACEN) reafirma su compromiso de fortalecer la defensa de los derechos de los pueblos ind\u00edgenas y afrodescendientes mediante la creaci\u00f3n de pol\u00edticas inclusivas y el fomento de espacios de di\u00e1logo.<\/p>\n\n\n\n<p class=\"wp-block-paragraph\">A trav\u00e9s de iniciativas espec\u00edficas, el PARLACEN busca visibilizar las problem\u00e1ticas que enfrentan estas comunidades, promoviendo la participaci\u00f3n activa de sus representantes en la toma de decisiones.<\/p>\n\n\n\n<p class=\"wp-block-paragraph\">Adem\u00e1s, se trabaja en la implementaci\u00f3n de programas educativos y culturales que respeten y valoren la diversidad, asegurando que sus voces sean escuchadas y sus derechos protegidos.<\/p>\n\n\n\n<p class=\"wp-block-paragraph\">La colaboraci\u00f3n entre los pa\u00edses de la regi\u00f3n es vital para avanzar en esta lucha, garantizando un futuro en el que todos los pueblos sean reconocidos y respetados en su dignidad.<\/p>\n\n\n\n<p class=\"wp-block-paragraph\">Al concluir su discurso, Didiez invit\u00f3 a sus colegas y al p\u00fablico a participar activamente en foros internacionales y a trabajar en conjunto para construir un futuro m\u00e1s justo.<\/p>\n\n\n\n<p class=\"wp-block-paragraph\">Adem\u00e1s, destac\u00f3 la relevancia de la Comisi\u00f3n de Pueblos Ind\u00edgenas y Afrodescendientes del Parlamento Centroamericano (PARLACEN), que preside, y la importancia de la Declaraci\u00f3n sobre los Derechos de estos pueblos, un hito que se logr\u00f3 mediante un proceso participativo y regional.<\/p>\n\n\n\n<p class=\"wp-block-paragraph\">La diputada reafirm\u00f3 su compromiso de seguir abogando por el reconocimiento de los derechos de los pueblos ind\u00edgenas y afrodescendientes en la regi\u00f3n.<\/p>\n\n\n\n<p class=\"wp-block-paragraph\">Durante la clausura de la jornada, la diputada Didiez recibi\u00f3 la Medalla al M\u00e9rito Antonio L\u00f3pez por su liderazgo regional, la defensa de los derechos afrodescendientes y sus aportes a la integraci\u00f3n centroamericana.<\/p>\n","protected":false},"excerpt":{"rendered":"<p>La diputada ante el Parlamento Centroamericano, Namibia Angola Didiez, aboga en Barranquilla por una diplomacia legislativa que respete y reconozca a los pueblos ind\u00edgenas y afrodescendientes. La representante de la&hellip;<\/p>\n","protected":false},"author":10,"featured_media":110334,"comment_status":"open","ping_status":"open","sticky":false,"template":"","format":"standard","meta":{"content-type":"","_jetpack_newsletter_access":"","_jetpack_dont_email_post_to_subs":false,"_jetpack_newsletter_tier_id":0,"_jetpack_memberships_contains_paywalled_content":false,"_jetpack_feature_clip_id":0,"_jetpack_memberships_contains_paid_content":false,"footnotes":"","jetpack_post_was_ever_published":false},"categories":[16559],"tags":[17816,154,995,25199],"class_list":["post-110333","post","type-post","status-publish","format-standard","has-post-thumbnail","hentry","category-politica","tag-barranquilla","tag-derechos","tag-diputada","tag-pueblos-indigenas"],"jetpack-related-posts":[{"id":76755,"url":"https:\/\/lasprimeras.com.do\/index.php\/2024\/02\/14\/senado-de-mexico-aprueba-reforma-constitucional-para-prohibir-el-matrimonio-infantil-indigena\/","url_meta":{"origin":110333,"position":0},"title":"Senado de M\u00e9xico aprueba reforma constitucional para prohibir el matrimonio infantil ind\u00edgena","author":"Nelson Feliz","date":"14 de febrero de 2024","format":false,"excerpt":"Los legisladores llamaron a respetar el inter\u00e9s superior de la ni\u00f1ez en las comunidades ind\u00edgenas y evitar que \"los usos y costumbres se usen como pretexto de casamientos obligatorios\". El Senado de M\u00e9xico aprob\u00f3 por unanimidad de 74 votos la modificaci\u00f3n del art\u00edculo 2 de la Constituci\u00f3n nacional para prohibir\u2026","rel":"","context":"En \u00abSin categor\u00eda\u00bb","block_context":{"text":"Sin categor\u00eda","link":"https:\/\/lasprimeras.com.do\/index.php\/category\/sin-categoria\/"},"img":{"alt_text":"Senado de M\u00e9xico","src":"https:\/\/i0.wp.com\/lasprimeras.com.do\/wp-content\/uploads\/2024\/02\/Senado-de-Mexico.jpg?resize=350%2C200&ssl=1","width":350,"height":200,"srcset":"https:\/\/i0.wp.com\/lasprimeras.com.do\/wp-content\/uploads\/2024\/02\/Senado-de-Mexico.jpg?resize=350%2C200&ssl=1 1x, https:\/\/i0.wp.com\/lasprimeras.com.do\/wp-content\/uploads\/2024\/02\/Senado-de-Mexico.jpg?resize=525%2C300&ssl=1 1.5x, https:\/\/i0.wp.com\/lasprimeras.com.do\/wp-content\/uploads\/2024\/02\/Senado-de-Mexico.jpg?resize=700%2C400&ssl=1 2x"},"classes":[]},{"id":65812,"url":"https:\/\/lasprimeras.com.do\/index.php\/2023\/10\/31\/senado-inaugura-xvi-asamblea-parlamentaria-europea-latinoamericana-eurolat\/","url_meta":{"origin":110333,"position":1},"title":"Senado inaugura XVI Asamblea Parlamentaria Europea-Latinoamericana (EuroLat)","author":"Nelson Feliz","date":"31 de octubre de 2023","format":false,"excerpt":"Legisladores de Europa y Latinoam\u00e9rica analizan temas como la seguridad alimentaria, cambio clim\u00e1tico, empoderamiento de las mujeres, desarrollo sostenible, pol\u00edtica energ\u00e9tica, investigaci\u00f3n, innovaci\u00f3n y tecnolog\u00eda. El Congreso Nacional de la Rep\u00fablica Dominicana inaugur\u00f3 este martes la XVI Asamblea Parlamentaria Europea-Latinoamericano 2023, con la participaci\u00f3n de m\u00e1s de 150 parlamentarios. El\u2026","rel":"","context":"En \u00abNACIONALES\u00bb","block_context":{"text":"NACIONALES","link":"https:\/\/lasprimeras.com.do\/index.php\/category\/nacionales\/"},"img":{"alt_text":"EuroLat","src":"https:\/\/i0.wp.com\/lasprimeras.com.do\/wp-content\/uploads\/2023\/10\/EuroLat-1.jpg?resize=350%2C200&ssl=1","width":350,"height":200,"srcset":"https:\/\/i0.wp.com\/lasprimeras.com.do\/wp-content\/uploads\/2023\/10\/EuroLat-1.jpg?resize=350%2C200&ssl=1 1x, https:\/\/i0.wp.com\/lasprimeras.com.do\/wp-content\/uploads\/2023\/10\/EuroLat-1.jpg?resize=525%2C300&ssl=1 1.5x, https:\/\/i0.wp.com\/lasprimeras.com.do\/wp-content\/uploads\/2023\/10\/EuroLat-1.jpg?resize=700%2C400&ssl=1 2x"},"classes":[]},{"id":51332,"url":"https:\/\/lasprimeras.com.do\/index.php\/2023\/05\/30\/brasilenos-rechazan-votacion-del-proyecto-de-ley-490-2007\/","url_meta":{"origin":110333,"position":2},"title":"Brasile\u00f1os rechazan votaci\u00f3n del proyecto de ley 490\/2007","author":"prenxa100","date":"30 de mayo de 2023","format":false,"excerpt":"RIO DE JANEIRO.- Brasile\u00f1os de la comunidad ind\u00edgena guaran\u00ed de Jaragu\u00e1, en Sao Paulo, se manifestaron bloqueando la carretera Bandeirantes para expresar su rechazo a la votaci\u00f3n del proyecto de ley 490\/2007 que busca imponer un plazo a la demarcaci\u00f3n de las tierras originarias. De acuerdo con medios locales, durante\u2026","rel":"","context":"En \u00abSin categor\u00eda\u00bb","block_context":{"text":"Sin categor\u00eda","link":"https:\/\/lasprimeras.com.do\/index.php\/category\/sin-categoria\/"},"img":{"alt_text":"","src":"","width":0,"height":0},"classes":[]},{"id":88183,"url":"https:\/\/lasprimeras.com.do\/index.php\/2024\/08\/23\/julio-cesar-valentin-es-el-nuevo-superintendente-de-seguros\/","url_meta":{"origin":110333,"position":3},"title":"Julio C\u00e9sar Valent\u00edn es el nuevo Superintendente de Seguros","author":"Nelson Feliz","date":"23 de agosto de 2024","format":false,"excerpt":"El presidente Luis Abinader design\u00f3 mediante decreto a Julio C\u00e9sar Valent\u00edn como nuevo Superintendente de Seguros. La designaci\u00f3n de Valent\u00edn, quien sustituye en esas funciones a Josefa Castillo est\u00e1 contenida en el decreto 459-24 emitido por el Poder Ejecutivo. Julio C\u00e9sar Valent\u00edn fue un prominente dirigente del Partido de Liberaci\u00f3n\u2026","rel":"","context":"En \u00abNACIONALES\u00bb","block_context":{"text":"NACIONALES","link":"https:\/\/lasprimeras.com.do\/index.php\/category\/nacionales\/"},"img":{"alt_text":"Julio C\u00e9sar Valent\u00edn","src":"https:\/\/i0.wp.com\/lasprimeras.com.do\/wp-content\/uploads\/2024\/08\/Julio-Cesar-Valentin-1.jpg?resize=350%2C200&ssl=1","width":350,"height":200,"srcset":"https:\/\/i0.wp.com\/lasprimeras.com.do\/wp-content\/uploads\/2024\/08\/Julio-Cesar-Valentin-1.jpg?resize=350%2C200&ssl=1 1x, https:\/\/i0.wp.com\/lasprimeras.com.do\/wp-content\/uploads\/2024\/08\/Julio-Cesar-Valentin-1.jpg?resize=525%2C300&ssl=1 1.5x"},"classes":[]},{"id":128080,"url":"https:\/\/lasprimeras.com.do\/index.php\/2026\/04\/19\/alfredo-pacheco-preside-152-a-asamblea-de-la-union-interparlamentaria-uip-en-estambul-turquia\/","url_meta":{"origin":110333,"position":4},"title":"Alfredo Pacheco preside 152.\u00aa Asamblea de la Uni\u00f3n Interparlamentaria (UIP) en Estambul, Turqu\u00eda","author":"Nelson Feliz","date":"19 de abril de 2026","format":false,"excerpt":"El presidente de la C\u00e1mara de Diputados Alfredo Pacheco, presidi\u00f3 la 152.\u00aa Asamblea de la Uni\u00f3n Interparlamentaria (UIP), en Estambul, Turqu\u00eda, siendo esta la primera vez que un dominicano preside los debates de este \u00f3rgano, compuesto por 186 parlamentos a nivel global; donde se trataron temas para garantizar la esperanza,\u2026","rel":"","context":"En \u00abPOLITICA\u00bb","block_context":{"text":"POLITICA","link":"https:\/\/lasprimeras.com.do\/index.php\/category\/politica\/"},"img":{"alt_text":"Alfredo Pacheco","src":"https:\/\/i0.wp.com\/lasprimeras.com.do\/wp-content\/uploads\/2023\/08\/Alfredo-Pacheco.jpg?resize=350%2C200&ssl=1","width":350,"height":200,"srcset":"https:\/\/i0.wp.com\/lasprimeras.com.do\/wp-content\/uploads\/2023\/08\/Alfredo-Pacheco.jpg?resize=350%2C200&ssl=1 1x, https:\/\/i0.wp.com\/lasprimeras.com.do\/wp-content\/uploads\/2023\/08\/Alfredo-Pacheco.jpg?resize=525%2C300&ssl=1 1.5x, https:\/\/i0.wp.com\/lasprimeras.com.do\/wp-content\/uploads\/2023\/08\/Alfredo-Pacheco.jpg?resize=700%2C400&ssl=1 2x"},"classes":[]},{"id":97511,"url":"https:\/\/lasprimeras.com.do\/index.php\/2025\/04\/22\/parlacen-desarrollara-agenda-inmobiliaria-en-rd\/","url_meta":{"origin":110333,"position":5},"title":"Parlacen desarrollar\u00e1 agenda inmobiliaria en RD","author":"Nelson Feliz","date":"22 de abril de 2025","format":false,"excerpt":"Una intensa y trascendental agenda desarrollar\u00e1 el Parlamento Centroamericano (Parlacen) del 23 al 30 de abril en Rep\u00fablica Dominicana, con la participaci\u00f3n de 120 diputados de seis pa\u00edses de la regi\u00f3n. Las actividades, en su mayor\u00eda a celebrarse en el Auditorio del Senado y la C\u00e1mara de Diputados, incluyen eventos\u2026","rel":"","context":"En \u00abPOLITICA\u00bb","block_context":{"text":"POLITICA","link":"https:\/\/lasprimeras.com.do\/index.php\/category\/politica\/"},"img":{"alt_text":"Parlacen","src":"https:\/\/i0.wp.com\/lasprimeras.com.do\/wp-content\/uploads\/2025\/04\/Parlacen.jpg?resize=350%2C200&ssl=1","width":350,"height":200,"srcset":"https:\/\/i0.wp.com\/lasprimeras.com.do\/wp-content\/uploads\/2025\/04\/Parlacen.jpg?resize=350%2C200&ssl=1 1x, https:\/\/i0.wp.com\/lasprimeras.com.do\/wp-content\/uploads\/2025\/04\/Parlacen.jpg?resize=525%2C300&ssl=1 1.5x"},"classes":[]}],"jetpack_sharing_enabled":true,"jetpack_featured_media_url":"https:\/\/lasprimeras.com.do\/wp-content\/uploads\/2025\/09\/Namibia-Angola-Didiez.jpg","_links":{"self":[{"href":"https:\/\/lasprimeras.com.do\/index.php\/wp-json\/wp\/v2\/posts\/110333","targetHints":{"allow":["GET"]}}],"collection":[{"href":"https:\/\/lasprimeras.com.do\/index.php\/wp-json\/wp\/v2\/posts"}],"about":[{"href":"https:\/\/lasprimeras.com.do\/index.php\/wp-json\/wp\/v2\/types\/post"}],"author":[{"embeddable":true,"href":"https:\/\/lasprimeras.com.do\/index.php\/wp-json\/wp\/v2\/users\/10"}],"replies":[{"embeddable":true,"href":"https:\/\/lasprimeras.com.do\/index.php\/wp-json\/wp\/v2\/comments?post=110333"}],"version-history":[{"count":2,"href":"https:\/\/lasprimeras.com.do\/index.php\/wp-json\/wp\/v2\/posts\/110333\/revisions"}],"predecessor-version":[{"id":110336,"href":"https:\/\/lasprimeras.com.do\/index.php\/wp-json\/wp\/v2\/posts\/110333\/revisions\/110336"}],"wp:featuredmedia":[{"embeddable":true,"href":"https:\/\/lasprimeras.com.do\/index.php\/wp-json\/wp\/v2\/media\/110334"}],"wp:attachment":[{"href":"https:\/\/lasprimeras.com.do\/index.php\/wp-json\/wp\/v2\/media?parent=110333"}],"wp:term":[{"taxonomy":"category","embeddable":true,"href":"https:\/\/lasprimeras.com.do\/index.php\/wp-json\/wp\/v2\/categories?post=110333"},{"taxonomy":"post_tag","embeddable":true,"href":"https:\/\/lasprimeras.com.do\/index.php\/wp-json\/wp\/v2\/tags?post=110333"}],"curies":[{"name":"wp","href":"https:\/\/api.w.org\/{rel}","templated":true}]}}