{"id":110337,"date":"2025-09-28T10:57:32","date_gmt":"2025-09-28T14:57:32","guid":{"rendered":"https:\/\/lasprimeras.com.do\/?p=110337"},"modified":"2025-09-28T10:57:34","modified_gmt":"2025-09-28T14:57:34","slug":"acciones-de-trump-para-consolidar-poder-y-castigar-enemigos-recuerdan-a-paises-autoritarios","status":"publish","type":"post","link":"https:\/\/lasprimeras.com.do\/index.php\/2025\/09\/28\/acciones-de-trump-para-consolidar-poder-y-castigar-enemigos-recuerdan-a-paises-autoritarios\/","title":{"rendered":"Acciones de Trump para consolidar poder y castigar enemigos recuerdan a pa\u00edses autoritarios"},"content":{"rendered":"\n<p>POR NICHOLAS RICCARDI<\/p>\n\n\n\n<p>En 2007, ocho a\u00f1os despu\u00e9s de convertirse en presidente de Venezuela, Hugo Ch\u00e1vez revoc\u00f3 la licencia del canal de televisi\u00f3n privado m\u00e1s antiguo del pa\u00eds. Ocho meses despu\u00e9s de su segundo mandato, el presidente Donald Trump sugiri\u00f3 revocar las licencias de las estaciones de televisi\u00f3n que \u00e9l considera excesivamente cr\u00edticas con \u00e9l.<\/p>\n\n\n\n<p>Desde que regres\u00f3 al cargo en enero, la transformaci\u00f3n de Trump del gobierno federal en un instrumento de su voluntad personal ha generado comparaciones con l\u00edderes fuertes electos en otros pa\u00edses que utilizaron los mecanismos del gobierno para consolidar el poder, castigar a sus enemigos y sofocar la disidencia.<\/p>\n\n\n\n<p>Pero aquellos familiarizados con otros pa\u00edses donde eso ha sucedido, incluidos Hungr\u00eda y Turqu\u00eda, dicen que hay una diferencia notable: Trump parece estar movi\u00e9ndose m\u00e1s r\u00e1pidamente y de manera m\u00e1s abierta que otros.<\/p>\n\n\n\n<p>\u201cLa \u00fanica diferencia es la velocidad con la que est\u00e1 sucediendo\u201d, declar\u00f3 David Smilde, quien vivi\u00f3 en Venezuela durante el ascenso de Ch\u00e1vez y ahora es profesor en la Universidad de Tulane.<\/p>\n\n\n\n<p><strong>Ofensiva contra los enemigos pol\u00edticos del presidente<\/strong><\/p>\n\n\n\n<p>Estados Unidos est\u00e1 lejos de ser Venezuela u otros gobiernos autoritarios. Todav\u00eda tiene una oposici\u00f3n robusta a Trump, jueces que a menudo controlan sus iniciativas y un sistema que distribuye el poder en 50 estados, incluidas las elecciones, lo que dificulta que un presidente domine el pa\u00eds.<\/p>\n\n\n\n<p>Algunas de las promesas m\u00e1s controvertidas de Trump, como revocar licencias de televisi\u00f3n, siguen siendo solo amenazas.<\/p>\n\n\n\n<p>Trump ha ridiculizado, pero a veces ha dado gui\u00f1os, ante la acusaci\u00f3n de que es un autoritario.<\/p>\n\n\n\n<p>Durante la campa\u00f1a del a\u00f1o pasado, dijo que no ser\u00eda un \u201cdictador\u201d, excepto, agreg\u00f3, \u201cel primer d\u00eda\u201d en la frontera. El mes pasado, Trump dijo a los periodistas: \u201cMucha gente est\u00e1 diciendo: \u2018Quiz\u00e1s debemos tener un dictador\u2019. No me gusta un dictador. No soy un dictador\u201d.<\/p>\n\n\n\n<p>Aun as\u00ed, se ha movido r\u00e1pidamente para consolidar la autoridad, usar poderes federales para lanzar represalias pol\u00edticas y purgar al gobierno de aquellos que no se consideran lo suficientemente leales.<\/p>\n\n\n\n<p>En una publicaci\u00f3n reciente en redes sociales, Trump se quej\u00f3 ante su secretaria de Justicia Pam Bondi sobre la falta de enjuiciamiento de sus enemigos, diciendo &#8220;\u00a1DEBE HABER JUSTICIA, AHORA!!!\u201d D\u00edas despu\u00e9s, el Departamento de Justicia asegur\u00f3 una acusaci\u00f3n por delito grave contra el exdirector del FBI James Comey, a quien Trump ha culpado por la investigaci\u00f3n de colusi\u00f3n rusa que acos\u00f3 su primer mandato.<\/p>\n\n\n\n<p>El mismo d\u00eda, Trump orden\u00f3 una represi\u00f3n generalizada contra grupos que, seg\u00fan \u00e9l, financian la violencia pol\u00edtica. Los ejemplos que dio de v\u00edctimas fueron exclusivamente republicanos y los acusados fueron exclusivamente personas que han financiado a candidatos dem\u00f3cratas y causas liberales.<\/p>\n\n\n\n<p>La semana anterior, el presidente de la Comisi\u00f3n Federal de Comunicaciones de Trump, Brendan Carr, amenaz\u00f3 a ABC despu\u00e9s de un comentario sobre el asesinato del activista conservador Charlie Kirk por el presentador nocturno Jimmy Kimmel que enfureci\u00f3 a los republicanos.<\/p>\n\n\n\n<p>ABC suspendi\u00f3 a Kimmel por cinco d\u00edas, pero Trump amenaz\u00f3 con consecuencias para la cadena despu\u00e9s de que su programa regresara a las ondas: \u201cCreo que vamos a poner a prueba a ABC con esto. Veamos c\u00f3mo nos va\u201d, declar\u00f3 el presidente en su sitio de redes sociales.<\/p>\n\n\n\n<p>Trump ha dicho que est\u00e1 devolviendo el favor a los dem\u00f3cratas por lo que \u00e9l dice es persecuci\u00f3n pol\u00edtica hacia \u00e9l y sus seguidores. La Casa Blanca insiste en que su misi\u00f3n es la rendici\u00f3n de cuentas.<\/p>\n\n\n\n<p>\u201cLa administraci\u00f3n Trump continuar\u00e1 entregando la verdad al pueblo estadounidense, restaurando la integridad de nuestro sistema de justicia y tomando medidas para detener la violencia radical de izquierda que est\u00e1 plagando a las comunidades estadounidenses\u201d, indic\u00f3 la portavoz de la Casa Blanca, Abigail Jackson, el s\u00e1bado en respuesta a una pregunta sobre las comparaciones entre Trump y l\u00edderes autoritarios.<\/p>\n\n\n\n<p><strong>Estados Unidos no est\u00e1 preparado para ataques a la democracia desde dentro<\/strong><\/p>\n\n\n\n<p>Trump abri\u00f3 su segundo mandato indultando a m\u00e1s de 1.500 personas condenadas por delitos durante el ataque al Capitolio el 6 de enero de 2021, un intento de anular su derrota electoral de 2020. Ha amenazado a jueces que fallaron en su contra, ha apuntado a bufetes de abogados y universidades que cree que se opusieron a \u00e9l, y est\u00e1 intentando remodelar las instituciones culturales del pa\u00eds.<\/p>\n\n\n\n<p>El s\u00e1bado, el presidente dijo que iba a enviar tropas a Portland, Oregon, \u201cautorizando la Fuerza Completa\u201d si fuera necesario. Ser\u00eda su \u00faltimo despliegue de tropas en ciudades gobernadas por dem\u00f3cratas.<\/p>\n\n\n\n<p>Steven Levitsky, un polit\u00f3logo de Harvard y coautor del libro \u201cC\u00f3mo mueren las democracias\u201d, se\u00f1al\u00f3 que constantemente le preguntan periodistas extranjeros c\u00f3mo Estados Unidos puede permitir que Trump tome tales acciones.<\/p>\n\n\n\n<p>\u201cSi hablas con brasile\u00f1os, surcoreanos, alemanes, tienen mejores antenas para los autoritarios\u201d, explic\u00f3. \u201cExperimentaron, o fueron ense\u00f1ados por sus padres, o las escuelas, el peligro de perder una democracia\u201d.<\/p>\n\n\n\n<p>De Estados Unidos, dijo: \u201cEsta no es una sociedad que est\u00e9 preparada para el autoritarismo\u201d.<\/p>\n\n\n\n<p><strong>-&#8216;Estados Unidos se ha convertido en una peque\u00f1a Turqu\u00eda\u2019<\/strong><\/p>\n\n\n\n<p>Alper Coskun presum\u00eda que Estados Unidos no seguir\u00eda el camino de su Turqu\u00eda natal, donde sirvi\u00f3 en el gobierno, incluso como director general de asuntos de seguridad internacional del pa\u00eds. Se fue cuando el presidente de ese pa\u00eds, Recep Erdogan, consolid\u00f3 el poder.<\/p>\n\n\n\n<p>Coskun ahora se r\u00ede amargamente del chiste que hacen sus compatriotas: Turqu\u00eda quer\u00eda convertirse en un peque\u00f1o Estados Unidos, pero ahora Estados Unidos se ha convertido en una peque\u00f1a Turqu\u00eda.<\/p>\n\n\n\n<p>\u201cEs una trayectoria muy similar\u201d, sostuvo Coskun, ahora en la Fundaci\u00f3n Carnegie para la Paz Internacional. La diferencia, dijo, es que Erdogan, elegido por primera vez en 2002, tuvo que moverse lentamente para evitar enfrentarse al entonces independiente ej\u00e9rcito y comunidad empresarial de Turqu\u00eda.<\/p>\n\n\n\n<p>Trump, en contraste, ha roto las normas democr\u00e1ticas de manera m\u00e1s \u201cdescarada\u201d, dijo Coskun.<\/p>\n\n\n\n<p>Erdogan, quien se reuni\u00f3 con Trump la semana pasada, ha tenido 23 a\u00f1os en el cargo para aumentar su autoridad y ahora ha encarcelado a escritores, periodistas y un posible rival pol\u00edtico, el alcalde de Estambul Ekrem Imamoglu.<\/p>\n\n\n\n<p>\u201cTrump est\u00e1 emulando a Erdogan mucho m\u00e1s r\u00e1pido de lo que esperaba\u201d, asever\u00f3 Henri Barkey, un profesor turco y experto en el Consejo de Relaciones Exteriores que vive en Estados Unidos y ha sido acusado por Erdogan de complicidad en un intento de golpe de Estado en 2016, una acusaci\u00f3n que Barkey niega.<\/p>\n\n\n\n<p>Apunt\u00f3 que Trump est\u00e1 siguiendo el camino de Erdogan en el enjuiciamiento de enemigos, pero dijo que a\u00fan no ha utilizado el Departamento de Justicia para neutralizar a los oponentes que se postulan para cargos.<\/p>\n\n\n\n<p>\u201cVeremos si Trump va a dar ese siguiente paso\u201d, dijo Barkey.<\/p>\n\n\n\n<p><strong>La erosi\u00f3n de las normas democr\u00e1ticas tom\u00f3 m\u00e1s tiempo en otros pa\u00edses<\/strong><\/p>\n\n\n\n<p>El primer ministro h\u00fangaro Viktor Orb\u00e1n ha sido citado a menudo como un modelo para Trump. Orb\u00e1n se ha convertido en un \u00edcono para algunos conservadores estadounidenses por tomar medidas en\u00e9rgicas contra la inmigraci\u00f3n y los derechos LGBTQ. Al igual que Trump, perdi\u00f3 una elecci\u00f3n y pas\u00f3 sus a\u00f1os fuera del cargo planeando su regreso.<\/p>\n\n\n\n<p>Cuando los votantes devolvieron a Orb\u00e1n al poder en 2010, se movi\u00f3 tan r\u00e1pidamente como Trump, asever\u00f3 Kim Scheppele, quien fue asesora del tribunal constitucional de Hungr\u00eda y ahora es soci\u00f3loga en Princeton. Pero hubo una diferencia.<\/p>\n\n\n\n<p>Para evitar la resistencia, sostiene Scheppele, \u201cOrb\u00e1n ten\u00eda una filosof\u00eda de \u2018no asustar a los caballos\u2019\u201d. Dijo que pas\u00f3 gran parte de su primer a\u00f1o en el cargo trabajando en reformas legales y cambios a la constituci\u00f3n de Hungr\u00eda que lo prepararon para consolidar el poder.<\/p>\n\n\n\n<p>En Venezuela, Ch\u00e1vez enfrent\u00f3 resistencia desde el momento en que fue elegido, incluido un golpe fallido en 2002. Sus seguidores se quejaron de que un canal de televisi\u00f3n no transmiti\u00f3 esa insurrecci\u00f3n en tiempo real, y el gobierno le quit\u00f3 la licencia.<\/p>\n\n\n\n<p>Ch\u00e1vez luego despleg\u00f3 al ej\u00e9rcito como una fuerza policial interna y aceler\u00f3 una represi\u00f3n contra los cr\u00edticos antes de morir en el cargo en 2013.<\/p>\n\n\n\n<p>En Estados Unidos, afirma Smilde, la gente conf\u00eda en las instituciones del pa\u00eds para mantener la democracia. Y lo hicieron en 2020 y 2021, cuando los tribunales, el gobierno y los funcionarios electos en el gobierno estatal y federal bloquearon el esfuerzo de Trump para anular su derrota electoral.<\/p>\n\n\n\n<p>\u201cPero ahora, aqu\u00ed estamos con un ataque m\u00e1s directo\u201d, expres\u00f3 Smilde. \u201cAqu\u00ed, nadie ha visto a un presidente actuar as\u00ed\u201d.<\/p>\n\n\n\n<p>Agencia AP<\/p>\n","protected":false},"excerpt":{"rendered":"<p>POR NICHOLAS RICCARDI En 2007, ocho a\u00f1os despu\u00e9s de convertirse en presidente de Venezuela, Hugo Ch\u00e1vez revoc\u00f3 la licencia del canal de televisi\u00f3n privado m\u00e1s antiguo del pa\u00eds. Ocho meses&hellip;<\/p>\n","protected":false},"author":10,"featured_media":110338,"comment_status":"open","ping_status":"open","sticky":false,"template":"","format":"standard","meta":{"content-type":"","jetpack_post_was_ever_published":false,"_jetpack_newsletter_access":"","_jetpack_dont_email_post_to_subs":false,"_jetpack_newsletter_tier_id":0,"_jetpack_memberships_contains_paywalled_content":false,"_jetpack_memberships_contains_paid_content":false,"footnotes":""},"categories":[16289],"tags":[205,13001,25202,25201,978,592],"class_list":["post-110337","post","type-post","status-publish","format-standard","has-post-thumbnail","hentry","category-internacionales","tag-acciones","tag-autoritarios","tag-castigar-enemigos","tag-consolidar-poder","tag-donald-trump","tag-paises"],"jetpack_featured_media_url":"https:\/\/lasprimeras.com.do\/wp-content\/uploads\/2025\/09\/Recep-Tayyip-Erdogan-y-Donald-Trump.jpg","jetpack-related-posts":[{"id":64832,"url":"https:\/\/lasprimeras.com.do\/index.php\/2023\/10\/24\/se-espera-que-donald-trump-regrese-al-juicio-por-fraude-civil\/","url_meta":{"origin":110337,"position":0},"title":"Se espera que Donald Trump regrese al juicio por fraude civil","author":"Nelson Feliz","date":"24 de octubre de 2023","format":false,"excerpt":"El reparador convertido en enemigo Michael Cohen testificar\u00e1 POR MICHAEL R. SISAK NUEVA YORK (AP) \u2014 Michael Cohen proclam\u00f3 una vez que \u201crecibir\u00eda una bala\u201d por Donald Trump. Ahora, despu\u00e9s de romper con el expresidente en medio de sus propios problemas legales, el intermediario convertido en enemigo est\u00e1 listo para\u2026","rel":"","context":"En \u00abSin categor\u00eda\u00bb","block_context":{"text":"Sin categor\u00eda","link":"https:\/\/lasprimeras.com.do\/index.php\/category\/sin-categoria\/"},"img":{"alt_text":"Donald Trump","src":"https:\/\/i0.wp.com\/lasprimeras.com.do\/wp-content\/uploads\/2023\/10\/Donald-Trump-4.jpg?resize=350%2C200&ssl=1","width":350,"height":200,"srcset":"https:\/\/i0.wp.com\/lasprimeras.com.do\/wp-content\/uploads\/2023\/10\/Donald-Trump-4.jpg?resize=350%2C200&ssl=1 1x, https:\/\/i0.wp.com\/lasprimeras.com.do\/wp-content\/uploads\/2023\/10\/Donald-Trump-4.jpg?resize=525%2C300&ssl=1 1.5x, https:\/\/i0.wp.com\/lasprimeras.com.do\/wp-content\/uploads\/2023\/10\/Donald-Trump-4.jpg?resize=700%2C400&ssl=1 2x"},"classes":[]},{"id":95629,"url":"https:\/\/lasprimeras.com.do\/index.php\/2025\/03\/17\/que-dice-la-ley-de-1798-que-trump-invoco-para-deportar-a-cientos-de-venezolanos-a-el-salvador\/","url_meta":{"origin":110337,"position":1},"title":"Qu\u00e9 dice la ley de 1798 que Trump invoc\u00f3 para deportar a cientos de venezolanos a El Salvador","author":"Nelson Feliz","date":"17 de marzo de 2025","format":false,"excerpt":"El texto, tan antiguo como EE.UU., fue promulgado para prevenir el espionaje y el sabotaje extranjero en tiempos de guerra. Por BBC News Mundo De las calles de varias ciudades estadounidenses como Miami, Houston, Chicago o Nueva York a una celda del Centro de Confinamiento del Terrorismo (Cecot), tambi\u00e9n conocida\u2026","rel":"","context":"En \u00abINTERNACIONALES\u00bb","block_context":{"text":"INTERNACIONALES","link":"https:\/\/lasprimeras.com.do\/index.php\/category\/sin-categoria\/internacionales\/"},"img":{"alt_text":"","src":"https:\/\/i0.wp.com\/lasprimeras.com.do\/wp-content\/uploads\/2025\/03\/presos-1.png?resize=350%2C200&ssl=1","width":350,"height":200,"srcset":"https:\/\/i0.wp.com\/lasprimeras.com.do\/wp-content\/uploads\/2025\/03\/presos-1.png?resize=350%2C200&ssl=1 1x, https:\/\/i0.wp.com\/lasprimeras.com.do\/wp-content\/uploads\/2025\/03\/presos-1.png?resize=525%2C300&ssl=1 1.5x"},"classes":[]},{"id":96054,"url":"https:\/\/lasprimeras.com.do\/index.php\/2025\/03\/25\/gobierno-de-trump-invoca-privilegio-de-secretos-de-estado-en-caso-de-deportaciones\/","url_meta":{"origin":110337,"position":2},"title":"Gobierno de Trump invoca privilegio de secretos de Estado en caso de deportaciones","author":"Nelson Feliz","date":"25 de marzo de 2025","format":false,"excerpt":"POR MICHAEL KUNZELMAN and LINDSAY WHITEHURST WASHINGTON (AP) \u2014 El gobierno del presidente estadounidense Donald Trump invoc\u00f3 el lunes un \u201cprivilegio de secretos de Estado\u201d y se neg\u00f3 a proporcionarle a un juez federal informaci\u00f3n adicional sobre la deportaci\u00f3n de migrantes venezolanos a El Salvador bajo una ley de guerra\u2026","rel":"","context":"En \u00abINTERNACIONALES\u00bb","block_context":{"text":"INTERNACIONALES","link":"https:\/\/lasprimeras.com.do\/index.php\/category\/sin-categoria\/internacionales\/"},"img":{"alt_text":"","src":"https:\/\/i0.wp.com\/lasprimeras.com.do\/wp-content\/uploads\/2025\/03\/carcel-1.jpg?resize=350%2C200&ssl=1","width":350,"height":200,"srcset":"https:\/\/i0.wp.com\/lasprimeras.com.do\/wp-content\/uploads\/2025\/03\/carcel-1.jpg?resize=350%2C200&ssl=1 1x, https:\/\/i0.wp.com\/lasprimeras.com.do\/wp-content\/uploads\/2025\/03\/carcel-1.jpg?resize=525%2C300&ssl=1 1.5x, https:\/\/i0.wp.com\/lasprimeras.com.do\/wp-content\/uploads\/2025\/03\/carcel-1.jpg?resize=700%2C400&ssl=1 2x"},"classes":[]},{"id":61638,"url":"https:\/\/lasprimeras.com.do\/index.php\/2023\/09\/29\/tribunal-rechaza-intento-de-donald-trump-de-retrasar-el-juicio-tras-un-fallo-de-fraude-que-amenaza-su-negocio\/","url_meta":{"origin":110337,"position":3},"title":"Tribunal rechaza intento de Donald Trump de retrasar el juicio tras un fallo de fraude que amenaza su negocio","author":"Nelson Feliz","date":"29 de septiembre de 2023","format":false,"excerpt":"POR MICHAEL R. SISAK NUEVA YORK (AP) \u2014 Un tribunal de apelaciones rechaz\u00f3 el jueves el intento de Donald Trump de retrasar un juicio civil en una demanda presentada por el fiscal general de Nueva York, permitiendo que el caso avance d\u00edas despu\u00e9s de que un juez dictamin\u00f3 que el\u2026","rel":"","context":"En \u00abSin categor\u00eda\u00bb","block_context":{"text":"Sin categor\u00eda","link":"https:\/\/lasprimeras.com.do\/index.php\/category\/sin-categoria\/"},"img":{"alt_text":"","src":"https:\/\/i0.wp.com\/lasprimeras.com.do\/wp-content\/uploads\/2023\/09\/Donald-Trump-2.jpg?resize=350%2C200&ssl=1","width":350,"height":200,"srcset":"https:\/\/i0.wp.com\/lasprimeras.com.do\/wp-content\/uploads\/2023\/09\/Donald-Trump-2.jpg?resize=350%2C200&ssl=1 1x, https:\/\/i0.wp.com\/lasprimeras.com.do\/wp-content\/uploads\/2023\/09\/Donald-Trump-2.jpg?resize=525%2C300&ssl=1 1.5x, https:\/\/i0.wp.com\/lasprimeras.com.do\/wp-content\/uploads\/2023\/09\/Donald-Trump-2.jpg?resize=700%2C400&ssl=1 2x"},"classes":[]},{"id":97154,"url":"https:\/\/lasprimeras.com.do\/index.php\/2025\/04\/16\/juez-halla-causa-para-acusar-de-desacato-al-gobierno-de-trump-por-violar-orden-de-deportacion\/","url_meta":{"origin":110337,"position":4},"title":"Juez halla causa para acusar de desacato al gobierno de Trump por violar orden de deportaci\u00f3n","author":"Nelson Feliz","date":"16 de abril de 2025","format":false,"excerpt":"POR ALANNA DURKIN RICHER and MICHAEL KUNZELMAN WASHINGTON (AP) \u2014 Un juez federal indic\u00f3 el mi\u00e9rcoles que ha encontrado causa probable para declarar al gobierno del presidente estadounidense Donald Trump en desacato penal al tribunal. Advirti\u00f3 que podr\u00eda buscar el enjuiciamiento de algunos funcionarios por incumplir sus \u00f3rdenes el mes\u2026","rel":"","context":"En \u00abINTERNACIONALES\u00bb","block_context":{"text":"INTERNACIONALES","link":"https:\/\/lasprimeras.com.do\/index.php\/category\/sin-categoria\/internacionales\/"},"img":{"alt_text":"James E. Boasberg","src":"https:\/\/i0.wp.com\/lasprimeras.com.do\/wp-content\/uploads\/2025\/04\/James-E.-Boasberg.jpg?resize=350%2C200&ssl=1","width":350,"height":200,"srcset":"https:\/\/i0.wp.com\/lasprimeras.com.do\/wp-content\/uploads\/2025\/04\/James-E.-Boasberg.jpg?resize=350%2C200&ssl=1 1x, https:\/\/i0.wp.com\/lasprimeras.com.do\/wp-content\/uploads\/2025\/04\/James-E.-Boasberg.jpg?resize=525%2C300&ssl=1 1.5x, https:\/\/i0.wp.com\/lasprimeras.com.do\/wp-content\/uploads\/2025\/04\/James-E.-Boasberg.jpg?resize=700%2C400&ssl=1 2x"},"classes":[]},{"id":91992,"url":"https:\/\/lasprimeras.com.do\/index.php\/2024\/12\/11\/trudeau-contraataca-y-relaciona-a-trump-con-el-retroceso-de-los-derechos-de-las-mujeres\/","url_meta":{"origin":110337,"position":5},"title":"Trudeau contraataca y relaciona a Trump con el retroceso de los derechos de las mujeres","author":"Nelson Feliz","date":"11 de diciembre de 2024","format":false,"excerpt":"Toronto (Canad\u00e1),(EFE).- El primer ministro de Canad\u00e1, Justin Trudeau, relacion\u00f3 este mi\u00e9rcoles la victoria electoral de Donald Trump con el retroceso de los derechos de las mujeres, despu\u00e9s de que el republicano se burlara del l\u00edder canadiense al llamarlo \"gobernador\" de un estado de Estados Unidos. Trudeau, que a finales\u2026","rel":"","context":"En \u00abINTERNACIONALES\u00bb","block_context":{"text":"INTERNACIONALES","link":"https:\/\/lasprimeras.com.do\/index.php\/category\/sin-categoria\/internacionales\/"},"img":{"alt_text":"Justin Trudeau","src":"https:\/\/i0.wp.com\/lasprimeras.com.do\/wp-content\/uploads\/2024\/12\/Justin-Trudeau.jpg?resize=350%2C200&ssl=1","width":350,"height":200,"srcset":"https:\/\/i0.wp.com\/lasprimeras.com.do\/wp-content\/uploads\/2024\/12\/Justin-Trudeau.jpg?resize=350%2C200&ssl=1 1x, https:\/\/i0.wp.com\/lasprimeras.com.do\/wp-content\/uploads\/2024\/12\/Justin-Trudeau.jpg?resize=525%2C300&ssl=1 1.5x, https:\/\/i0.wp.com\/lasprimeras.com.do\/wp-content\/uploads\/2024\/12\/Justin-Trudeau.jpg?resize=700%2C400&ssl=1 2x"},"classes":[]}],"jetpack_sharing_enabled":true,"_links":{"self":[{"href":"https:\/\/lasprimeras.com.do\/index.php\/wp-json\/wp\/v2\/posts\/110337","targetHints":{"allow":["GET"]}}],"collection":[{"href":"https:\/\/lasprimeras.com.do\/index.php\/wp-json\/wp\/v2\/posts"}],"about":[{"href":"https:\/\/lasprimeras.com.do\/index.php\/wp-json\/wp\/v2\/types\/post"}],"author":[{"embeddable":true,"href":"https:\/\/lasprimeras.com.do\/index.php\/wp-json\/wp\/v2\/users\/10"}],"replies":[{"embeddable":true,"href":"https:\/\/lasprimeras.com.do\/index.php\/wp-json\/wp\/v2\/comments?post=110337"}],"version-history":[{"count":1,"href":"https:\/\/lasprimeras.com.do\/index.php\/wp-json\/wp\/v2\/posts\/110337\/revisions"}],"predecessor-version":[{"id":110339,"href":"https:\/\/lasprimeras.com.do\/index.php\/wp-json\/wp\/v2\/posts\/110337\/revisions\/110339"}],"wp:featuredmedia":[{"embeddable":true,"href":"https:\/\/lasprimeras.com.do\/index.php\/wp-json\/wp\/v2\/media\/110338"}],"wp:attachment":[{"href":"https:\/\/lasprimeras.com.do\/index.php\/wp-json\/wp\/v2\/media?parent=110337"}],"wp:term":[{"taxonomy":"category","embeddable":true,"href":"https:\/\/lasprimeras.com.do\/index.php\/wp-json\/wp\/v2\/categories?post=110337"},{"taxonomy":"post_tag","embeddable":true,"href":"https:\/\/lasprimeras.com.do\/index.php\/wp-json\/wp\/v2\/tags?post=110337"}],"curies":[{"name":"wp","href":"https:\/\/api.w.org\/{rel}","templated":true}]}}