{"id":110340,"date":"2025-09-28T11:19:02","date_gmt":"2025-09-28T15:19:02","guid":{"rendered":"https:\/\/lasprimeras.com.do\/?p=110340"},"modified":"2025-09-28T11:19:04","modified_gmt":"2025-09-28T15:19:04","slug":"trump-trata-de-culpar-a-los-democratas-por-posible-cierre-de-gobierno","status":"publish","type":"post","link":"https:\/\/lasprimeras.com.do\/index.php\/2025\/09\/28\/trump-trata-de-culpar-a-los-democratas-por-posible-cierre-de-gobierno\/","title":{"rendered":"Trump trata de culpar a los dem\u00f3cratas por posible cierre de gobierno"},"content":{"rendered":"\n<p>POR SEUNG MIN KIM<\/p>\n\n\n\n<p>WASHINGTON (AP) \u2014 El presidente Donald Trump ha tenido un estribillo en los \u00faltimos d\u00edas cuando se le pregunta sobre el inminente cierre del gobierno.<\/p>\n\n\n\n<p>\u00bfHabr\u00e1 un cierre? S\u00ed, dice Trump, \u201cporque los dem\u00f3cratas est\u00e1n enloquecidos\u201d. \u00bfPor qu\u00e9 la Casa Blanca est\u00e1 buscando despidos masivos, no solo licencias, de trabajadores federales? Trump responde: \u201cBueno, todo esto es causado por los dem\u00f3cratas\u201d.<\/p>\n\n\n\n<p>\u00bfEst\u00e1 preocupado por el impacto de un cierre? \u201cLos dem\u00f3cratas de la izquierda radical quieren cerrarlo\u201d, replica.<\/p>\n\n\n\n<p>\u201cSi tiene que cerrarse, tendr\u00e1 que cerrarse\u201d, dijo Trump el viernes. \u201cPero son ellos los que est\u00e1n cerrando el gobierno\u201d.<\/p>\n\n\n\n<p>En su ret\u00f3rica p\u00fablica, el presidente republicano se ha centrado singularmente en presionar a los dem\u00f3cratas con la esperanza de que cedan antes del mi\u00e9rcoles, cuando podr\u00eda comenzar el cierre, o que asuman la culpa pol\u00edtica si no lo hacen.<\/p>\n\n\n\n<p>Eso ha alineado a Trump con el presidente de la C\u00e1mara de Representantes, Mike Johnson y el l\u00edder de la mayor\u00eda del Senado, John Thune, quienes se han negado a acceder a las demandas de los dem\u00f3cratas de incluir disposiciones de atenci\u00f3n m\u00e9dica en un proyecto de ley que mantendr\u00e1 al gobierno operando por siete semanas m\u00e1s.<\/p>\n\n\n\n<p>Esas din\u00e1micas podr\u00edan cambiar el lunes, cuando el presidente ha acordado recibir al l\u00edder de la minor\u00eda dem\u00f3crata del Senado, Chuck Schumer, al l\u00edder de la minor\u00eda dem\u00f3crata de la C\u00e1mara de Representantes, Hakeem Jeffries, junto con Johnson y Thune.<\/p>\n\n\n\n<p>Los dem\u00f3cratas creen que la reuni\u00f3n significa que el Partido Republicano siente la presi\u00f3n de comprometerse con ellos.<\/p>\n\n\n\n<p>Aun as\u00ed, los republicanos dicen que est\u00e1n seguros de que los dem\u00f3cratas ser\u00edan culpados si se produce el cierre. Para Trump, el impacto ir\u00eda mucho m\u00e1s all\u00e1 de la pol\u00edtica.<\/p>\n\n\n\n<p>Su administraci\u00f3n est\u00e1 esbozando planes para implementar despidos masivos de trabajadores federales en lugar de simplemente darles licencias, avanzando en su objetivo de construir un gobierno mucho m\u00e1s peque\u00f1o que se alinee con la visi\u00f3n y prioridades pol\u00edticas de Trump.<\/p>\n\n\n\n<p>Esta vez, son los dem\u00f3cratas quienes est\u00e1n haciendo demandas pol\u00edticas. La postura del Partido Republicano \u2014una extensi\u00f3n a corto plazo de la financiaci\u00f3n, sin condiciones\u2014 es inusual para un partido pol\u00edtico que a menudo ha intentado extraer demandas pol\u00edticas utilizando la amenaza de un cierre del gobierno como palanca.<\/p>\n\n\n\n<p>En 2013, los republicanos se negaron a mantener el gobierno en funcionamiento a menos que se desfinanciara la Ley de Cuidado de Salud Asequible, una postura que llev\u00f3 a un cierre de 16 d\u00edas por el cual el Partido Republicano fue ampliamente culpado.<\/p>\n\n\n\n<p>Durante su primer mandato, Trump insisti\u00f3 en agregar financiaci\u00f3n para un muro fronterizo que el Congreso no aprobar\u00eda, lo que provoc\u00f3 un cierre que el presidente, en una extraordinaria reuni\u00f3n en la Oficina Oval que se desarroll\u00f3 ante las c\u00e1maras, dijo que \u201casumir\u00eda la responsabilidad\u201d.<\/p>\n\n\n\n<p>\u201cSer\u00e9 yo quien lo cierre\u201d, declar\u00f3 Trump en ese momento.<\/p>\n\n\n\n<p>Esta vez, son los dem\u00f3cratas quienes est\u00e1n haciendo las demandas pol\u00edticas.<\/p>\n\n\n\n<p>Quieren una extensi\u00f3n de los subsidios que ayudan a los trabajadores de ingresos bajos y medios que compran cobertura de seguro a trav\u00e9s de la ley de atenci\u00f3n m\u00e9dica de la era Obama.<\/p>\n\n\n\n<p>Tambi\u00e9n quieren revertir los recortes a Medicaid promulgados en el proyecto de ley de impuestos y gastos fronterizos del Partido Republicano de este a\u00f1o.<\/p>\n\n\n\n<p>Los l\u00edderes republicanos dicen que lo que los dem\u00f3cratas quieren es demasiado costoso y demasiado complicado para negociar con la amenaza de un cierre del gobierno sobre los legisladores.<\/p>\n\n\n\n<p>Observando todo esto est\u00e1 Trump. No ha descartado un posible acuerdo sobre la continuaci\u00f3n de los subsidios que est\u00e1n por expirar, que algunos republicanos tambi\u00e9n quieren extender.<\/p>\n\n\n\n<p>\u201cMi suposici\u00f3n es que estar\u00e1 dispuesto a sentarse y hablar sobre al menos uno de estos temas que les interesan y buscar una soluci\u00f3n despu\u00e9s de que el gobierno permanezca abierto\u201d, dijo Thune en una entrevista con Associated Press la semana pasada. \u201cFrancamente, simplemente no s\u00e9 qu\u00e9 se puede negociar en este momento\u201d.<\/p>\n\n\n\n<p>En este punto, Trump no ha mostrado p\u00fablicamente indicios de que planee comprometerse con los dem\u00f3cratas sobre un cierre, incluso cuando reconoce que necesita la ayuda de al menos un pu\u00f1ado de ellos para mantener el gobierno abierto y est\u00e1 dispuesto a reunirse con ellos en la Casa Blanca.<\/p>\n\n\n\n<p>La semana pasada, Trump pareci\u00f3 aceptar reunirse con Schumer y Jeffries y se program\u00f3 una reuni\u00f3n para el jueves.<\/p>\n\n\n\n<p>Una vez que se supo de eso, Johnson y Thune intervinieron, argumentando en privado a Trump que no era el momento durante para negociar con los dem\u00f3cratas sobre atenci\u00f3n m\u00e9dica, seg\u00fan una persona familiarizada con la conversaci\u00f3n que no estaba autorizada a discutirlo p\u00fablicamente y habl\u00f3 bajo condici\u00f3n de anonimato.<\/p>\n\n\n\n<p>No mucho despu\u00e9s de escuchar a los l\u00edderes republicanos, Trump recurri\u00f3 a las redes sociales y dijo que ya no se reunir\u00eda con los dem\u00f3cratas \u201cdespu\u00e9s de revisar los detalles de las demandas poco serias y rid\u00edculas que est\u00e1n haciendo los dem\u00f3cratas de la izquierda radical minoritaria\u201d.<\/p>\n\n\n\n<p>Los republicanos reconocen en privado que la decisi\u00f3n de Trump de aceptar una reuni\u00f3n fue un error porque dio a los dem\u00f3cratas munici\u00f3n para pintar a Trump como el que se niega a negociar.<\/p>\n\n\n\n<p>\u201cTrump est\u00e1 literalmente boicoteando reunirse con los dem\u00f3cratas para encontrar una soluci\u00f3n\u201d, escribi\u00f3 el senador dem\u00f3crata por Connecticut Chris Murphy en X antes de que Trump cambiara de rumbo nuevamente y aceptara reunirse con el liderazgo. \u201cNo hay nadie a quien culpar m\u00e1s que a \u00e9l. Quiere un cierre\u201d.<\/p>\n\n\n\n<p>No estaba claro de inmediato qu\u00e9 llev\u00f3 a Trump durante el fin de semana a aceptar una reuni\u00f3n que una vez hab\u00eda rechazado.<\/p>\n\n\n\n<p>Schumer habl\u00f3 en privado con Thune el viernes, presionando al l\u00edder de la mayor\u00eda para que programara una reuni\u00f3n con el presidente debido al inminente plazo de financiaci\u00f3n, seg\u00fan un asistente de Schumer. Un portavoz de Thune dijo en respuesta que Schumer estaba \u201cclaramente poni\u00e9ndose nervioso\u201d.<\/p>\n\n\n\n<p>Otra raz\u00f3n por la que los dem\u00f3cratas sospechan que Trump estar\u00eda bien con un cierre es c\u00f3mo su oficina de presupuesto abordar\u00eda un cierre si ocurriera.<\/p>\n\n\n\n<p>La estrategia de la administraci\u00f3n se expuso en un memorando de la Oficina de Gesti\u00f3n y Presupuesto la semana pasada que dec\u00eda que las agencias deber\u00edan considerar una reducci\u00f3n de personal para los programas federales cuya financiaci\u00f3n caducar\u00eda, no est\u00e1n financiados de otra manera y \u201cno son consistentes\u201d con las prioridades del presidente.<\/p>\n\n\n\n<p>Una reducci\u00f3n de personal no solo despedir\u00eda a los empleados, sino que tambi\u00e9n eliminar\u00eda sus puestos, provocando otra gran agitaci\u00f3n en la fuerza laboral federal.<\/p>\n\n\n\n<p>Jeffries argument\u00f3 que Trump y sus principales asesores estaban utilizando la \u201ccortina de humo de un cierre del gobierno causado por ellos para hacer m\u00e1s da\u00f1o\u201d.<\/p>\n","protected":false},"excerpt":{"rendered":"<p>POR SEUNG MIN KIM WASHINGTON (AP) \u2014 El presidente Donald Trump ha tenido un estribillo en los \u00faltimos d\u00edas cuando se le pregunta sobre el inminente cierre del gobierno. \u00bfHabr\u00e1&hellip;<\/p>\n","protected":false},"author":10,"featured_media":110341,"comment_status":"open","ping_status":"open","sticky":false,"template":"","format":"standard","meta":{"content-type":"","jetpack_post_was_ever_published":false,"_jetpack_newsletter_access":"","_jetpack_dont_email_post_to_subs":false,"_jetpack_newsletter_tier_id":0,"_jetpack_memberships_contains_paywalled_content":false,"_jetpack_memberships_contains_paid_content":false,"footnotes":""},"categories":[16289],"tags":[25204,8172,978,4437,25203],"class_list":["post-110340","post","type-post","status-publish","format-standard","has-post-thumbnail","hentry","category-internacionales","tag-cierre-de-gobierno","tag-democratas","tag-donald-trump","tag-posible","tag-trata-de-culpar"],"jetpack_featured_media_url":"https:\/\/lasprimeras.com.do\/wp-content\/uploads\/2025\/09\/Hakeem-Jeffries.webp","jetpack-related-posts":[{"id":95857,"url":"https:\/\/lasprimeras.com.do\/index.php\/2025\/03\/21\/trump-firma-una-orden-para-desmantelar-casi-por-completo-el-departamento-de-educacion\/","url_meta":{"origin":110340,"position":0},"title":"Trump firma una orden para desmantelar casi por completo el Departamento de Educaci\u00f3n","author":"Nelson Feliz","date":"21 de marzo de 2025","format":false,"excerpt":"Washington, (EFE).- El presidente de EE.UU., Donald Trump, firm\u00f3 este jueves una orden ejecutiva para desmantelar el Departamento de Educaci\u00f3n, cuyas funciones se reducir\u00e1n a su m\u00ednima expresi\u00f3n en l\u00ednea con su promesa electoral de recortar el Gobierno federal y de devolver competencias en ense\u00f1anza a los Estados. La Casa\u2026","rel":"","context":"En \u00abINTERNACIONALES\u00bb","block_context":{"text":"INTERNACIONALES","link":"https:\/\/lasprimeras.com.do\/index.php\/category\/sin-categoria\/internacionales\/"},"img":{"alt_text":"","src":"https:\/\/i0.wp.com\/lasprimeras.com.do\/wp-content\/uploads\/2025\/03\/Donald-Trump.jpg?resize=350%2C200&ssl=1","width":350,"height":200,"srcset":"https:\/\/i0.wp.com\/lasprimeras.com.do\/wp-content\/uploads\/2025\/03\/Donald-Trump.jpg?resize=350%2C200&ssl=1 1x, https:\/\/i0.wp.com\/lasprimeras.com.do\/wp-content\/uploads\/2025\/03\/Donald-Trump.jpg?resize=525%2C300&ssl=1 1.5x, https:\/\/i0.wp.com\/lasprimeras.com.do\/wp-content\/uploads\/2025\/03\/Donald-Trump.jpg?resize=700%2C400&ssl=1 2x"},"classes":[]},{"id":91531,"url":"https:\/\/lasprimeras.com.do\/index.php\/2024\/11\/26\/luis-el-gallo-llama-a-la-paz-y-buena-convivencia-respalda-a-donald-trump\/","url_meta":{"origin":110340,"position":1},"title":"Luis \u201cEl Gallo\u201d llama a la paz y buena convivencia; respalda a Donald Trump","author":"Nelson Feliz","date":"26 de noviembre de 2024","format":false,"excerpt":"El presidente de la Uni\u00f3n Dem\u00f3crata Cristiana \u2013UDC-, Luis Acosta Moreta, Luis \u201cEl Gallo\u201d, planteo hoy la necesidad de que la paz y la buena convivencia se impongan en el mundo, y dio su respaldo a Donald Trump, presidente electo de los Estados Unidos. Destac\u00f3 que la pol\u00edtica exterior de\u2026","rel":"","context":"En \u00abPORTADA\u00bb","block_context":{"text":"PORTADA","link":"https:\/\/lasprimeras.com.do\/index.php\/category\/portada\/"},"img":{"alt_text":"","src":"https:\/\/i0.wp.com\/lasprimeras.com.do\/wp-content\/uploads\/2024\/07\/Donald-Trump-2.jpg?resize=350%2C200&ssl=1","width":350,"height":200,"srcset":"https:\/\/i0.wp.com\/lasprimeras.com.do\/wp-content\/uploads\/2024\/07\/Donald-Trump-2.jpg?resize=350%2C200&ssl=1 1x, https:\/\/i0.wp.com\/lasprimeras.com.do\/wp-content\/uploads\/2024\/07\/Donald-Trump-2.jpg?resize=525%2C300&ssl=1 1.5x, https:\/\/i0.wp.com\/lasprimeras.com.do\/wp-content\/uploads\/2024\/07\/Donald-Trump-2.jpg?resize=700%2C400&ssl=1 2x"},"classes":[]},{"id":97996,"url":"https:\/\/lasprimeras.com.do\/index.php\/2025\/04\/30\/kamala-harris-planea-un-discurso-criticando-duramente-las-politicas-de-donald-trump\/","url_meta":{"origin":110340,"position":2},"title":"Kamala Harris planea un discurso criticando duramente las pol\u00edticas de Donald Trump","author":"Nelson Feliz","date":"30 de abril de 2025","format":false,"excerpt":"Por MICHAEL R. BLOOD LOS \u00c1NGELES (AP) \u2014 La exvicepresidenta Kamala Harris planea usar un discurso de alto perfil el mi\u00e9rcoles para criticar duramente al presidente Donald Trump en medio de especulaciones sobre si montar\u00e1 otra campa\u00f1a presidencial u optar\u00e1 por postularse para gobernadora de California. Harris hablar\u00e1 en la\u2026","rel":"","context":"En \u00abINTERNACIONALES\u00bb","block_context":{"text":"INTERNACIONALES","link":"https:\/\/lasprimeras.com.do\/index.php\/category\/sin-categoria\/internacionales\/"},"img":{"alt_text":"","src":"https:\/\/i0.wp.com\/lasprimeras.com.do\/wp-content\/uploads\/2025\/04\/Kamala-Harris.jpg?resize=350%2C200&ssl=1","width":350,"height":200,"srcset":"https:\/\/i0.wp.com\/lasprimeras.com.do\/wp-content\/uploads\/2025\/04\/Kamala-Harris.jpg?resize=350%2C200&ssl=1 1x, https:\/\/i0.wp.com\/lasprimeras.com.do\/wp-content\/uploads\/2025\/04\/Kamala-Harris.jpg?resize=525%2C300&ssl=1 1.5x, https:\/\/i0.wp.com\/lasprimeras.com.do\/wp-content\/uploads\/2025\/04\/Kamala-Harris.jpg?resize=700%2C400&ssl=1 2x"},"classes":[]},{"id":94749,"url":"https:\/\/lasprimeras.com.do\/index.php\/2025\/03\/05\/en-43-dias-hemos-logrado-mas-que-muchos-gobiernos-anteriores-trump-en-el-congreso\/","url_meta":{"origin":110340,"position":3},"title":"\u201cEn 43 d\u00edas hemos logrado m\u00e1s que muchos gobiernos anteriores\u201d, Trump en el Congreso","author":"Nelson Feliz","date":"5 de marzo de 2025","format":false,"excerpt":"El mandatario dio una lista de todas las \u00f3rdenes ejecutivas que ha firmado a lo largo de su gobierno, recibiendo los aplausos de los republicanos. Por Roxana Navarro Washington.-.El presidente Donald Trump dio su primer discurso a la naci\u00f3n en el Congreso frente a los legisladores, cuya divisi\u00f3n entre republicanos\u2026","rel":"","context":"En \u00abINTERNACIONALES\u00bb","block_context":{"text":"INTERNACIONALES","link":"https:\/\/lasprimeras.com.do\/index.php\/category\/sin-categoria\/internacionales\/"},"img":{"alt_text":"","src":"https:\/\/i0.wp.com\/lasprimeras.com.do\/wp-content\/uploads\/2025\/03\/Donald-Trump-1.png?resize=350%2C200&ssl=1","width":350,"height":200,"srcset":"https:\/\/i0.wp.com\/lasprimeras.com.do\/wp-content\/uploads\/2025\/03\/Donald-Trump-1.png?resize=350%2C200&ssl=1 1x, https:\/\/i0.wp.com\/lasprimeras.com.do\/wp-content\/uploads\/2025\/03\/Donald-Trump-1.png?resize=525%2C300&ssl=1 1.5x, https:\/\/i0.wp.com\/lasprimeras.com.do\/wp-content\/uploads\/2025\/03\/Donald-Trump-1.png?resize=700%2C400&ssl=1 2x"},"classes":[]},{"id":84474,"url":"https:\/\/lasprimeras.com.do\/index.php\/2024\/06\/09\/la-visita-al-cementerio-cerrara-el-viaje-de-biden-a-francia-que-ha-servido-de-reprimenda-a-trump\/","url_meta":{"origin":110340,"position":4},"title":"La visita al cementerio cerrar\u00e1 el viaje de Biden a Francia que ha servido de reprimenda a Trump","author":"Nelson Feliz","date":"9 de junio de 2024","format":false,"excerpt":"POR CHRIS MEGERIAN Y ZEKE MILLER PAR\u00cdS (AP) \u2014 El presidente Joe Biden cerrar\u00e1 su viaje a Francia presentando sus respetos en un cementerio militar estadounidense que Donald Trump no visit\u00f3 cuando era presidente, con la esperanza de que su \u00faltima parada el domingo aclare las apuestas de las elecciones\u2026","rel":"","context":"En \u00abSin categor\u00eda\u00bb","block_context":{"text":"Sin categor\u00eda","link":"https:\/\/lasprimeras.com.do\/index.php\/category\/sin-categoria\/"},"img":{"alt_text":"","src":"https:\/\/i0.wp.com\/lasprimeras.com.do\/wp-content\/uploads\/2024\/06\/biden.jpg?resize=350%2C200&ssl=1","width":350,"height":200,"srcset":"https:\/\/i0.wp.com\/lasprimeras.com.do\/wp-content\/uploads\/2024\/06\/biden.jpg?resize=350%2C200&ssl=1 1x, https:\/\/i0.wp.com\/lasprimeras.com.do\/wp-content\/uploads\/2024\/06\/biden.jpg?resize=525%2C300&ssl=1 1.5x, https:\/\/i0.wp.com\/lasprimeras.com.do\/wp-content\/uploads\/2024\/06\/biden.jpg?resize=700%2C400&ssl=1 2x"},"classes":[]},{"id":90646,"url":"https:\/\/lasprimeras.com.do\/index.php\/2024\/10\/26\/trump-denigra-a-detroit-mientras-busca-votos-en-un-suburbio-de-la-mayor-ciudad-de-michigan\/","url_meta":{"origin":110340,"position":5},"title":"Trump denigra a Detroit mientras busca votos en un suburbio de la mayor ciudad de Michigan","author":"Nelson Feliz","date":"26 de octubre de 2024","format":false,"excerpt":"MICHELLE L. PRICE y ALI SWENSON NOVI, Michigan, EE.UU. (AP) \u2014 Donald Trump denigr\u00f3 a\u00fan m\u00e1s a Detroit mientras buscaba votos el s\u00e1bado en un suburbio de la ciudad m\u00e1s grande de Michigan, un estado pol\u00edticamente oscilante. \u201cCreo que Detroit y algunas de nuestras \u00e1reas nos convierten en una naci\u00f3n\u2026","rel":"","context":"En \u00abSin categor\u00eda\u00bb","block_context":{"text":"Sin categor\u00eda","link":"https:\/\/lasprimeras.com.do\/index.php\/category\/sin-categoria\/"},"img":{"alt_text":"Donald Trump","src":"https:\/\/i0.wp.com\/lasprimeras.com.do\/wp-content\/uploads\/2024\/10\/Donald-Trump-3.jpg?resize=350%2C200&ssl=1","width":350,"height":200,"srcset":"https:\/\/i0.wp.com\/lasprimeras.com.do\/wp-content\/uploads\/2024\/10\/Donald-Trump-3.jpg?resize=350%2C200&ssl=1 1x, https:\/\/i0.wp.com\/lasprimeras.com.do\/wp-content\/uploads\/2024\/10\/Donald-Trump-3.jpg?resize=525%2C300&ssl=1 1.5x"},"classes":[]}],"jetpack_sharing_enabled":true,"_links":{"self":[{"href":"https:\/\/lasprimeras.com.do\/index.php\/wp-json\/wp\/v2\/posts\/110340","targetHints":{"allow":["GET"]}}],"collection":[{"href":"https:\/\/lasprimeras.com.do\/index.php\/wp-json\/wp\/v2\/posts"}],"about":[{"href":"https:\/\/lasprimeras.com.do\/index.php\/wp-json\/wp\/v2\/types\/post"}],"author":[{"embeddable":true,"href":"https:\/\/lasprimeras.com.do\/index.php\/wp-json\/wp\/v2\/users\/10"}],"replies":[{"embeddable":true,"href":"https:\/\/lasprimeras.com.do\/index.php\/wp-json\/wp\/v2\/comments?post=110340"}],"version-history":[{"count":1,"href":"https:\/\/lasprimeras.com.do\/index.php\/wp-json\/wp\/v2\/posts\/110340\/revisions"}],"predecessor-version":[{"id":110342,"href":"https:\/\/lasprimeras.com.do\/index.php\/wp-json\/wp\/v2\/posts\/110340\/revisions\/110342"}],"wp:featuredmedia":[{"embeddable":true,"href":"https:\/\/lasprimeras.com.do\/index.php\/wp-json\/wp\/v2\/media\/110341"}],"wp:attachment":[{"href":"https:\/\/lasprimeras.com.do\/index.php\/wp-json\/wp\/v2\/media?parent=110340"}],"wp:term":[{"taxonomy":"category","embeddable":true,"href":"https:\/\/lasprimeras.com.do\/index.php\/wp-json\/wp\/v2\/categories?post=110340"},{"taxonomy":"post_tag","embeddable":true,"href":"https:\/\/lasprimeras.com.do\/index.php\/wp-json\/wp\/v2\/tags?post=110340"}],"curies":[{"name":"wp","href":"https:\/\/api.w.org\/{rel}","templated":true}]}}