{"id":110346,"date":"2025-09-28T11:38:51","date_gmt":"2025-09-28T15:38:51","guid":{"rendered":"https:\/\/lasprimeras.com.do\/?p=110346"},"modified":"2025-09-28T11:38:52","modified_gmt":"2025-09-28T15:38:52","slug":"dinamarca-reporta-nuevos-avistamientos-de-drones-en-bases-militares-la-otan-refuerza-vigilancia","status":"publish","type":"post","link":"https:\/\/lasprimeras.com.do\/index.php\/2025\/09\/28\/dinamarca-reporta-nuevos-avistamientos-de-drones-en-bases-militares-la-otan-refuerza-vigilancia\/","title":{"rendered":"Dinamarca reporta nuevos avistamientos de drones en bases militares; la OTAN refuerza vigilancia"},"content":{"rendered":"\n<p>COPENHAGUE (AP) \u2014 Dinamarca inform\u00f3 el domingo que nuevamente hab\u00eda observado drones en varias ubicaciones de sus fuerzas armadas durante la noche, un d\u00eda despu\u00e9s de que la OTAN anunciara que aumentar\u00eda su vigilancia en la regi\u00f3n del Mar B\u00e1ltico.<\/p>\n\n\n\n<p>El Ministerio de Defensa dan\u00e9s indic\u00f3 en un comunicado que ten\u00eda \u201cvarias capacidades desplegadas\u201d despu\u00e9s de avistamientos de drones desde el s\u00e1bado hasta la noche del domingo. No ofreci\u00f3 m\u00e1s detalles sobre el despliegue, el n\u00famero de drones o las ubicaciones.<\/p>\n\n\n\n<p>Es la \u00faltima actividad inexplicada de drones despu\u00e9s de varios avistamientos, incluidos sobre cinco aeropuertos daneses la semana pasada, lo que ha generado preocupaciones sobre la seguridad en el norte de Europa en medio de la creciente agresi\u00f3n rusa.<\/p>\n\n\n\n<p>Tras una reuni\u00f3n de la OTAN en Riga, Letonia, el s\u00e1bado, el coronel Martin O\u2019Donnell, portavoz del Cuartel General Supremo de las Potencias Aliadas en Europa, anunci\u00f3 que \u201cllevaremos a cabo una vigilancia a\u00fan m\u00e1s mejorada con nuevos activos multidominio en la regi\u00f3n del Mar B\u00e1ltico, que incluye a Dinamarca, bajo Baltic Sentry\u201d.<\/p>\n\n\n\n<p>A\u00f1adi\u00f3 que los l\u00edderes de la OTAN estaban en contacto constante con funcionarios daneses tras los avistamientos de drones.<\/p>\n\n\n\n<p>Mientras Dinamarca se prepara para la pr\u00f3xima cumbre de la Uni\u00f3n Europea en Copenhague, el Ministerio de Transporte dan\u00e9s se\u00f1al\u00f3 el domingo que \u201ctodo vuelo de drones civiles en el espacio a\u00e9reo dan\u00e9s estar\u00e1 prohibido\u201d de lunes a viernes para \u201celiminar el riesgo de que los drones enemigos puedan confundirse con drones legales y viceversa\u201d.<\/p>\n\n\n\n<p>\u201cNo podemos aceptar que drones extranjeros creen incertidumbre y disturbios en la sociedad, como hemos experimentado recientemente. Al mismo tiempo, Dinamarca albergar\u00e1 a l\u00edderes de la UE la pr\u00f3xima semana, donde tendremos un enfoque adicional en la seguridad\u201d, sostuvo el ministro de transporte dan\u00e9s Thomas Danielsen en un comunicado.<\/p>\n\n\n\n<p>\u201cUna violaci\u00f3n de la prohibici\u00f3n puede resultar en una multa o prisi\u00f3n de hasta dos a\u00f1os\u201d, seg\u00fan el comunicado.<\/p>\n\n\n\n<p>La prohibici\u00f3n no se aplica a vuelos de drones militares, drones utilizados por la aviaci\u00f3n estatal, incluidos operaciones de drones policiales y de emergencia, as\u00ed como operaciones de drones de emergencia y relacionadas con la salud municipales y regionales.<\/p>\n\n\n\n<p>Por separado, Alemania apunt\u00f3 que, tras una solicitud de Dinamarca, sus fuerzas armadas proporcionar\u00edan apoyo militar para la pr\u00f3xima cumbre a trav\u00e9s de \u201ccapacidades de Sistemas de Aeronaves No Tripuladas Peque\u00f1as de Contraataque\u201d, tambi\u00e9n conocidas como C-UAS, que son sistemas de detecci\u00f3n que utilizan tecnolog\u00edas de radar, \u00f3pticas y ac\u00fasticas.<\/p>\n\n\n\n<p>Suecia ya hab\u00eda anunciado anteriormente que \u201cprestar\u00e1 a Dinamarca una capacidad militar anti-drones\u201d sin dar m\u00e1s detalles.<\/p>\n\n\n\n<p>Las tensiones han estado altas en Dinamarca en los \u00faltimos d\u00edas tras informes de actividad de drones y cientos de posibles avistamientos reportados por ciudadanos preocupados. No obstante, se ha pedido al p\u00fablico que informe toda actividad sospechosa a la polic\u00eda.<\/p>\n\n\n\n<p>El ministro de Justicia dan\u00e9s, Peter Hummelgaard, dijo el 25 de septiembre que el objetivo de los sobrevuelos es sembrar miedo y divisi\u00f3n, a\u00f1adiendo que el pa\u00eds buscar\u00e1 formas adicionales de neutralizar drones, incluyendo proponer legislaci\u00f3n para permitir a los propietarios de infraestructuras derribarlos.<\/p>\n\n\n\n<p>Aunque no est\u00e1 claro qui\u00e9n est\u00e1 detr\u00e1s de la actividad de drones, el primer ministro de Dinamarca y el secretario general de la OTAN afirmaron la semana pasada que no se pod\u00eda descartar la participaci\u00f3n rusa.<\/p>\n\n\n\n<p>La embajada rusa en Dinamarca rechaz\u00f3 la semana pasada las afirmaciones de la participaci\u00f3n de Mosc\u00fa en los incidentes.<\/p>\n","protected":false},"excerpt":{"rendered":"<p>COPENHAGUE (AP) \u2014 Dinamarca inform\u00f3 el domingo que nuevamente hab\u00eda observado drones en varias ubicaciones de sus fuerzas armadas durante la noche, un d\u00eda despu\u00e9s de que la OTAN anunciara&hellip;<\/p>\n","protected":false},"author":10,"featured_media":110347,"comment_status":"open","ping_status":"open","sticky":false,"template":"","format":"standard","meta":{"content-type":"","jetpack_post_was_ever_published":false,"_jetpack_newsletter_access":"","_jetpack_dont_email_post_to_subs":false,"_jetpack_newsletter_tier_id":0,"_jetpack_memberships_contains_paywalled_content":false,"_jetpack_memberships_contains_paid_content":false,"footnotes":""},"categories":[16289],"tags":[25206,14289,2288,3279,4474,725],"class_list":["post-110346","post","type-post","status-publish","format-standard","has-post-thumbnail","hentry","category-internacionales","tag-avistamientos","tag-bases-militares","tag-dinamarca","tag-drones","tag-otan","tag-vigilancia"],"jetpack_featured_media_url":"https:\/\/lasprimeras.com.do\/wp-content\/uploads\/2025\/09\/drones-2.jpg","jetpack-related-posts":[{"id":113669,"url":"https:\/\/lasprimeras.com.do\/index.php\/2025\/11\/05\/avistamientos-de-drones-interrumpen-vuelos-en-el-principal-aeropuerto-de-belgica\/","url_meta":{"origin":110346,"position":0},"title":"Avistamientos de drones interrumpen vuelos en el principal aeropuerto de B\u00e9lgica","author":"Nelson Feliz","date":"5 de noviembre de 2025","format":false,"excerpt":"BRUSELAS (AP) \u2014 Los vuelos en el principal aeropuerto internacional de B\u00e9lgica a\u00fan no hab\u00edan recuperado la normalidad el mi\u00e9rcoles despu\u00e9s de que avistamientos de drones durante la noche obligaran a cerrarlo temporalmente. El primer ministro, Bart De Wever, convoc\u00f3 una reuni\u00f3n con ministros importantes para discutir preocupaciones de seguridad.\u2026","rel":"","context":"En \u00abINTERNACIONALES\u00bb","block_context":{"text":"INTERNACIONALES","link":"https:\/\/lasprimeras.com.do\/index.php\/category\/sin-categoria\/internacionales\/"},"img":{"alt_text":"","src":"https:\/\/i0.wp.com\/lasprimeras.com.do\/wp-content\/uploads\/2025\/11\/El-primer-ministro-de-Belgica-Bart-De-Wever.jpg?resize=350%2C200&ssl=1","width":350,"height":200,"srcset":"https:\/\/i0.wp.com\/lasprimeras.com.do\/wp-content\/uploads\/2025\/11\/El-primer-ministro-de-Belgica-Bart-De-Wever.jpg?resize=350%2C200&ssl=1 1x, https:\/\/i0.wp.com\/lasprimeras.com.do\/wp-content\/uploads\/2025\/11\/El-primer-ministro-de-Belgica-Bart-De-Wever.jpg?resize=525%2C300&ssl=1 1.5x, https:\/\/i0.wp.com\/lasprimeras.com.do\/wp-content\/uploads\/2025\/11\/El-primer-ministro-de-Belgica-Bart-De-Wever.jpg?resize=700%2C400&ssl=1 2x"},"classes":[]},{"id":110712,"url":"https:\/\/lasprimeras.com.do\/index.php\/2025\/10\/01\/dinamarca-advierte-que-rusia-libra-una-guerra-hibrida-en-europa-en-cumbre-de-ue-sobre-seguridad\/","url_meta":{"origin":110346,"position":1},"title":"Dinamarca advierte que Rusia libra una guerra h\u00edbrida en Europa en cumbre de UE sobre seguridad","author":"Nelson Feliz","date":"1 de octubre de 2025","format":false,"excerpt":"POR LORNE COOK Europa se encuentra en medio de una guerra h\u00edbrida librada por Rusia y el continente debe armarse, advirti\u00f3 el mi\u00e9rcoles la primera ministra de Dinamarca, Mette Frederiksen, como anfitriona de una cumbre de l\u00edderes de la Uni\u00f3n Europea en Copenhague. \u201cEspero que todos reconozcan ahora que hay\u2026","rel":"","context":"En \u00abINTERNACIONALES\u00bb","block_context":{"text":"INTERNACIONALES","link":"https:\/\/lasprimeras.com.do\/index.php\/category\/sin-categoria\/internacionales\/"},"img":{"alt_text":"","src":"https:\/\/i0.wp.com\/lasprimeras.com.do\/wp-content\/uploads\/2025\/10\/Mette-Frederiksen.jpg?resize=350%2C200&ssl=1","width":350,"height":200,"srcset":"https:\/\/i0.wp.com\/lasprimeras.com.do\/wp-content\/uploads\/2025\/10\/Mette-Frederiksen.jpg?resize=350%2C200&ssl=1 1x, https:\/\/i0.wp.com\/lasprimeras.com.do\/wp-content\/uploads\/2025\/10\/Mette-Frederiksen.jpg?resize=525%2C300&ssl=1 1.5x, https:\/\/i0.wp.com\/lasprimeras.com.do\/wp-content\/uploads\/2025\/10\/Mette-Frederiksen.jpg?resize=700%2C400&ssl=1 2x"},"classes":[]},{"id":108726,"url":"https:\/\/lasprimeras.com.do\/index.php\/2025\/09\/10\/polonia-dice-que-derribo-drones-rusos-que-violaron-su-espacio-aereo-durante-bombardeos-en-ucrania\/","url_meta":{"origin":110346,"position":2},"title":"Polonia dice que derrib\u00f3 drones rusos que violaron su espacio a\u00e9reo durante bombardeos en Ucrania","author":"Nelson Feliz","date":"10 de septiembre de 2025","format":false,"excerpt":"POR CLAUDIA CIOBANU and ILLIA NOVIKOV VARSOVIA, Polonia (AP) \u2014 Polonia dijo el mi\u00e9rcoles que varios drones rusos ingresaron a su territorio en el espacio de varias horas y fueron derribados con la ayuda de aliados de la OTAN, describiendo la incursi\u00f3n como un \u201cacto de agresi\u00f3n\u201d realizado durante una\u2026","rel":"","context":"En \u00abINTERNACIONALES\u00bb","block_context":{"text":"INTERNACIONALES","link":"https:\/\/lasprimeras.com.do\/index.php\/category\/sin-categoria\/internacionales\/"},"img":{"alt_text":"","src":"https:\/\/i0.wp.com\/lasprimeras.com.do\/wp-content\/uploads\/2025\/09\/POLONIA.jpg?resize=350%2C200&ssl=1","width":350,"height":200,"srcset":"https:\/\/i0.wp.com\/lasprimeras.com.do\/wp-content\/uploads\/2025\/09\/POLONIA.jpg?resize=350%2C200&ssl=1 1x, https:\/\/i0.wp.com\/lasprimeras.com.do\/wp-content\/uploads\/2025\/09\/POLONIA.jpg?resize=525%2C300&ssl=1 1.5x, https:\/\/i0.wp.com\/lasprimeras.com.do\/wp-content\/uploads\/2025\/09\/POLONIA.jpg?resize=700%2C400&ssl=1 2x"},"classes":[]},{"id":85333,"url":"https:\/\/lasprimeras.com.do\/index.php\/2024\/06\/28\/rusia-advierte-de-posibles-medidas-no-especificadas-ante-vuelos-de-drones-de-eeuu-sobre-el-mar-negro\/","url_meta":{"origin":110346,"position":3},"title":"Rusia advierte de posibles medidas no especificadas ante vuelos de drones de EEUU sobre el mar Negro","author":"Nelson Feliz","date":"28 de junio de 2024","format":false,"excerpt":"Rusia, AP.-.El ministro de Defensa de Rusia orden\u00f3 a sus funcionarios que preparen una \u201crespuesta\u201d a los vuelos de drones estadounidenses sobre el mar Negro, dijo el ministerio el viernes, en una aparente advertencia de que Mosc\u00fa podr\u00eda emprender acciones contundentes contra los aviones de reconocimiento de Estados Unidos. El\u2026","rel":"","context":"En \u00abSin categor\u00eda\u00bb","block_context":{"text":"Sin categor\u00eda","link":"https:\/\/lasprimeras.com.do\/index.php\/category\/sin-categoria\/"},"img":{"alt_text":"","src":"https:\/\/i0.wp.com\/lasprimeras.com.do\/wp-content\/uploads\/2024\/06\/Avion.jpg?resize=350%2C200&ssl=1","width":350,"height":200,"srcset":"https:\/\/i0.wp.com\/lasprimeras.com.do\/wp-content\/uploads\/2024\/06\/Avion.jpg?resize=350%2C200&ssl=1 1x, https:\/\/i0.wp.com\/lasprimeras.com.do\/wp-content\/uploads\/2024\/06\/Avion.jpg?resize=525%2C300&ssl=1 1.5x, https:\/\/i0.wp.com\/lasprimeras.com.do\/wp-content\/uploads\/2024\/06\/Avion.jpg?resize=700%2C400&ssl=1 2x"},"classes":[]},{"id":104004,"url":"https:\/\/lasprimeras.com.do\/index.php\/2025\/07\/21\/rusia-lanza-un-gran-ataque-aereo-sobre-kiev-antes-de-reuniones-de-alto-nivel-sobre-apoyo-a-ucrania\/","url_meta":{"origin":110346,"position":4},"title":"Rusia lanza un gran ataque a\u00e9reo sobre Kiev antes de reuniones de alto nivel sobre apoyo a Ucrania","author":"Nelson Feliz","date":"21 de julio de 2025","format":false,"excerpt":"POR EMMA BURROWS e ILLIA NOVIKOV Rusia lanz\u00f3 uno de sus mayores ataques a\u00e9reos sobre Ucrania en los \u00faltimos meses, apenas horas antes de que el Reino Unido y Alemania presidieran una reuni\u00f3n para comentar los planes del presidente de Estados Unidos, Donald Trump, para que los aliados de la\u2026","rel":"","context":"En \u00abINTERNACIONALES\u00bb","block_context":{"text":"INTERNACIONALES","link":"https:\/\/lasprimeras.com.do\/index.php\/category\/sin-categoria\/internacionales\/"},"img":{"alt_text":"","src":"https:\/\/i0.wp.com\/lasprimeras.com.do\/wp-content\/uploads\/2025\/07\/BOMBEROS.jpg?resize=350%2C200&ssl=1","width":350,"height":200,"srcset":"https:\/\/i0.wp.com\/lasprimeras.com.do\/wp-content\/uploads\/2025\/07\/BOMBEROS.jpg?resize=350%2C200&ssl=1 1x, https:\/\/i0.wp.com\/lasprimeras.com.do\/wp-content\/uploads\/2025\/07\/BOMBEROS.jpg?resize=525%2C300&ssl=1 1.5x, https:\/\/i0.wp.com\/lasprimeras.com.do\/wp-content\/uploads\/2025\/07\/BOMBEROS.jpg?resize=700%2C400&ssl=1 2x"},"classes":[]},{"id":57533,"url":"https:\/\/lasprimeras.com.do\/index.php\/2023\/08\/13\/bild-alemania-suministrara-a-ucrania-drones-de-reconocimiento-luna-ng\/","url_meta":{"origin":110346,"position":5},"title":"Bild: Alemania suministrar\u00e1 a Ucrania drones de reconocimiento Luna NG","author":"Nelson Feliz","date":"13 de agosto de 2023","format":false,"excerpt":"Los aparatos, que tambi\u00e9n permiten garantizar el funcionamiento de la red LTE, ser\u00e1n entregados a los militares ucranianos para finales de 2023. El gigante armament\u00edstico alem\u00e1n Rheinmetall suministrar\u00e1 a las Fuerzas Armadas de Ucrania drones de reconocimiento Luna NG para finales de 2023, reporta este s\u00e1bado Bild. De acuerdo con\u2026","rel":"","context":"En \u00abSin categor\u00eda\u00bb","block_context":{"text":"Sin categor\u00eda","link":"https:\/\/lasprimeras.com.do\/index.php\/category\/sin-categoria\/"},"img":{"alt_text":"DRONES","src":"https:\/\/i0.wp.com\/lasprimeras.com.do\/wp-content\/uploads\/2023\/08\/DRONES.jpg?resize=350%2C200&ssl=1","width":350,"height":200,"srcset":"https:\/\/i0.wp.com\/lasprimeras.com.do\/wp-content\/uploads\/2023\/08\/DRONES.jpg?resize=350%2C200&ssl=1 1x, https:\/\/i0.wp.com\/lasprimeras.com.do\/wp-content\/uploads\/2023\/08\/DRONES.jpg?resize=525%2C300&ssl=1 1.5x, https:\/\/i0.wp.com\/lasprimeras.com.do\/wp-content\/uploads\/2023\/08\/DRONES.jpg?resize=700%2C400&ssl=1 2x"},"classes":[]}],"jetpack_sharing_enabled":true,"_links":{"self":[{"href":"https:\/\/lasprimeras.com.do\/index.php\/wp-json\/wp\/v2\/posts\/110346","targetHints":{"allow":["GET"]}}],"collection":[{"href":"https:\/\/lasprimeras.com.do\/index.php\/wp-json\/wp\/v2\/posts"}],"about":[{"href":"https:\/\/lasprimeras.com.do\/index.php\/wp-json\/wp\/v2\/types\/post"}],"author":[{"embeddable":true,"href":"https:\/\/lasprimeras.com.do\/index.php\/wp-json\/wp\/v2\/users\/10"}],"replies":[{"embeddable":true,"href":"https:\/\/lasprimeras.com.do\/index.php\/wp-json\/wp\/v2\/comments?post=110346"}],"version-history":[{"count":1,"href":"https:\/\/lasprimeras.com.do\/index.php\/wp-json\/wp\/v2\/posts\/110346\/revisions"}],"predecessor-version":[{"id":110348,"href":"https:\/\/lasprimeras.com.do\/index.php\/wp-json\/wp\/v2\/posts\/110346\/revisions\/110348"}],"wp:featuredmedia":[{"embeddable":true,"href":"https:\/\/lasprimeras.com.do\/index.php\/wp-json\/wp\/v2\/media\/110347"}],"wp:attachment":[{"href":"https:\/\/lasprimeras.com.do\/index.php\/wp-json\/wp\/v2\/media?parent=110346"}],"wp:term":[{"taxonomy":"category","embeddable":true,"href":"https:\/\/lasprimeras.com.do\/index.php\/wp-json\/wp\/v2\/categories?post=110346"},{"taxonomy":"post_tag","embeddable":true,"href":"https:\/\/lasprimeras.com.do\/index.php\/wp-json\/wp\/v2\/tags?post=110346"}],"curies":[{"name":"wp","href":"https:\/\/api.w.org\/{rel}","templated":true}]}}