{"id":110349,"date":"2025-09-28T12:15:20","date_gmt":"2025-09-28T16:15:20","guid":{"rendered":"https:\/\/lasprimeras.com.do\/?p=110349"},"modified":"2025-09-28T12:15:22","modified_gmt":"2025-09-28T16:15:22","slug":"mas-de-66-000-palestinos-han-muerto-en-la-guerra-netanyahu-se-reunira-con-trump-en-eeuu","status":"publish","type":"post","link":"https:\/\/lasprimeras.com.do\/index.php\/2025\/09\/28\/mas-de-66-000-palestinos-han-muerto-en-la-guerra-netanyahu-se-reunira-con-trump-en-eeuu\/","title":{"rendered":"M\u00e1s de 66.000 palestinos han muerto en la guerra; Netanyahu se reunir\u00e1 con Trump en EEUU"},"content":{"rendered":"\n<p>POR SAMY MAGDY and MELANIE LIDMAN<\/p>\n\n\n\n<p>EL CAIRO, Egipto (AP) \u2014 M\u00e1s de 66.000 palestinos han muerto en la guerra entre Israel y Ham\u00e1s, inform\u00f3 el Ministerio de Salud de Gaza, un d\u00eda antes de que el primer ministro israel\u00ed Benjamin Netanyahu se re\u00fana con el presidente de Estados Unidos, Donald Trump, sobre la detenci\u00f3n de la ofensiva israel\u00ed en la Franja de Gaza.<\/p>\n\n\n\n<p>Netanyahu ha enfrentado una fuerte presi\u00f3n internacional para poner fin a la guerra. Importantes aliados occidentales se han unido a una lista creciente de pa\u00edses que reconocen un Estado palestino a pesar de las objeciones de Israel.<\/p>\n\n\n\n<p>La Uni\u00f3n Europea est\u00e1 considerando sanciones contra Israel y hay movimientos crecientes para un boicot deportivo y cultural contra Israel.<\/p>\n\n\n\n<p>Despu\u00e9s de que decenas de delegados abandonaran la sala en la Asamblea General de la ONU, un desafiante Netanyahu dijo el viernes a los l\u00edderes mundiales que su naci\u00f3n \u201cdebe terminar el trabajo\u201d contra Ham\u00e1s en Gaza mientras su Ej\u00e9rcito continuaba su ofensiva en Ciudad de Gaza.<\/p>\n\n\n\n<p>Trump ha respaldado a Israel hasta ahora. Pero el l\u00edder estadounidense ha mostrado signos de impaciencia \u00faltimamente, particularmente despu\u00e9s del bombardeo de Israel a Qatar a principios de este mes, en lo que parece haber sido un intento fallido de matar al liderazgo de Ham\u00e1s. En la reuni\u00f3n del lunes en la Casa Blanca, se espera que Trump comparta una nueva propuesta para poner fin a la guerra.<\/p>\n\n\n\n<p>Cuarenta y ocho rehenes siguen cautivos en Gaza, y unos 20 siguen vivos, seg\u00fan Israel. Las conversaciones de alto el fuego se han estancado desde el ataque ampliamente condenado de Israel en Doha, Qatar.<\/p>\n\n\n\n<p>Trump ha propuesto un plan de 21 puntos para un alto el fuego inmediato.<\/p>\n\n\n\n<p>La propuesta incluir\u00eda la liberaci\u00f3n de todos los rehenes en un plazo de 48 horas y una retirada gradual de las fuerzas israel\u00edes del enclave palestino, seg\u00fan tres funcionarios \u00e1rabes informados sobre el plan.<\/p>\n\n\n\n<p>Los funcionarios, que hablaron bajo condici\u00f3n de anonimato para discutir las conversaciones en curso, dijeron que la propuesta no es definitiva y es muy probable que haya cambios.<\/p>\n\n\n\n<p>Trump discuti\u00f3 la propuesta con l\u00edderes \u00e1rabes en Nueva York al margen de la Asamblea General de Naciones Unidas.<\/p>\n\n\n\n<p>Un funcionario de Ham\u00e1s dijo que el grupo fue informado sobre el plan, pero a\u00fan no ha recibido una oferta oficial de los mediadores egipcios y qatar\u00edes. Ham\u00e1s ha dicho que est\u00e1 listo para \u201cestudiar cualquier propuesta de manera positiva y responsable\u201d.<\/p>\n\n\n\n<p>El funcionario dijo que el grupo hab\u00eda dicho anteriormente que estaba dispuesto a liberar a todos los rehenes a cambio de un fin a la guerra y una retirada completa de las fuerzas israel\u00edes de la franja.<\/p>\n\n\n\n<p>El embajador de Estados Unidos en Israel, Mike Huckabee, visitar\u00e1 El Cairo para reunirse con funcionarios egipcios para discutir el alto el fuego, as\u00ed como los lazos deteriorados de Egipto con Israel, seg\u00fan funcionarios.<\/p>\n\n\n\n<p>El viaje probablemente tendr\u00e1 lugar a principios del pr\u00f3ximo mes, seg\u00fan dos funcionarios egipcios que hablaron bajo condici\u00f3n de anonimato porque los detalles del viaje a\u00fan no se han publicado. La embajada de Estados Unidos en Israel dijo que Huckabee viajar\u00e1 a El Cairo como parte de \u201cconsultas diplom\u00e1ticas regulares\u201d entre socios regionales.<\/p>\n\n\n\n<p>La relaci\u00f3n entre Israel y Egipto \u2014el primer pa\u00eds \u00e1rabe en establecer lazos con Israel\u2014 se ha desmoronado en los \u00faltimos meses debido al ataque de Israel dirigido al liderazgo de Ham\u00e1s en Doha y las preocupaciones de que los palestinos expulsados de la Franja de Gaza puedan inundar Egipto. Israel tambi\u00e9n ha expresado su preocupaci\u00f3n por un aumento militar egipcio en la pen\u00ednsula del Sina\u00ed, una violaci\u00f3n del tratado de paz de 1979 entre los dos pa\u00edses.<\/p>\n\n\n\n<p>Los hospitales locales en el centro de Gaza dijeron que al menos 10 personas murieron cuando al menos dos ataques alcanzaron hogares en el campo de refugiados de Nuseirat.<\/p>\n\n\n\n<p>El Ministerio de Salud de Gaza dijo en su informe diario que el n\u00famero de muertos ha ascendido a 66.005, con otros 168.162 heridos desde el ataque de Ham\u00e1s el 7 de octubre de 2023. Entre los fallecidos se encontraban 79 personas que fueron llevadas a hospitales en las \u00faltimas 24 horas, se\u00f1al\u00f3.<\/p>\n\n\n\n<p>El ministerio, que forma parte de la administraci\u00f3n dirigida por Ham\u00e1s, no diferencia entre civiles y militantes en su recuento, pero ha dicho que mujeres y ni\u00f1os constituyen alrededor de la mitad de los muertos. Sus cifras son consideradas una estimaci\u00f3n confiable por la ONU y muchos expertos independientes.<\/p>\n\n\n\n<p>Los residentes informaron haber escuchado sonidos de explosiones durante la noche en toda la ciudad, probablemente provenientes de la demolici\u00f3n de edificios mediante la detonaci\u00f3n de veh\u00edculos y robots cargados de explosivos. \u201cEran incesantes\u201d, dijo Sayed Baker, un palestino que se refugia cerca de un hospital Shifa, sobre las explosiones.<\/p>\n\n\n\n<p>El Ej\u00e9rcito israel\u00ed no coment\u00f3 sobre los ataques, pero dijo que atac\u00f3 140 objetivos militares de Ham\u00e1s en las \u00faltimas 24 horas, incluidos militantes, equipos de observaci\u00f3n e infraestructura.<\/p>\n\n\n\n<p>La ofensiva de Israel ha destruido vastas \u00e1reas de Gaza, desplazado al 90% de la poblaci\u00f3n y causado una crisis humanitaria catastr\u00f3fica, con expertos diciendo que la Ciudad de Gaza est\u00e1 experimentando hambruna.<\/p>\n","protected":false},"excerpt":{"rendered":"<p>POR SAMY MAGDY and MELANIE LIDMAN EL CAIRO, Egipto (AP) \u2014 M\u00e1s de 66.000 palestinos han muerto en la guerra entre Israel y Ham\u00e1s, inform\u00f3 el Ministerio de Salud de&hellip;<\/p>\n","protected":false},"author":10,"featured_media":110350,"comment_status":"open","ping_status":"open","sticky":false,"template":"","format":"standard","meta":{"content-type":"","jetpack_post_was_ever_published":false,"_jetpack_newsletter_access":"","_jetpack_dont_email_post_to_subs":false,"_jetpack_newsletter_tier_id":0,"_jetpack_memberships_contains_paywalled_content":false,"_jetpack_memberships_contains_paid_content":false,"footnotes":""},"categories":[16289],"tags":[25208,25207],"class_list":["post-110349","post","type-post","status-publish","format-standard","has-post-thumbnail","hentry","category-internacionales","tag-benjamin-netanyahu-se-reunira-con-trump-en-eeuu","tag-mas-de-66-000-palestinos-han-muerto-en-la-guerra"],"jetpack_featured_media_url":"https:\/\/lasprimeras.com.do\/wp-content\/uploads\/2025\/09\/guerra.jpg","jetpack-related-posts":[{"id":110505,"url":"https:\/\/lasprimeras.com.do\/index.php\/2025\/09\/29\/trump-y-netanyahu-se-reuniran-en-la-casa-blanca-mientras-aumenta-la-presion-para-poner-fin-a-la-guerra-en-gaza\/","url_meta":{"origin":110349,"position":0},"title":"Trump y Netanyahu se reunir\u00e1n en la Casa Blanca mientras aumenta la presi\u00f3n para poner fin a la guerra en Gaza","author":"Nelson Feliz","date":"29 de septiembre de 2025","format":false,"excerpt":"Por ADAM GELLER, SAM MEDNICK y AAMER MADHANI WASHINGTON (AP) \u2014 D\u00edas despu\u00e9s de su desafiante discurso en las Naciones Unidas rechazando las demandas de poner fin a la guerra en Gaza, el primer ministro israel\u00ed, Benjamin Netanyahu, se dispone a reunirse con su partidario m\u00e1s importante. Pero la reuni\u00f3n\u2026","rel":"","context":"En \u00abINTERNACIONALES\u00bb","block_context":{"text":"INTERNACIONALES","link":"https:\/\/lasprimeras.com.do\/index.php\/category\/sin-categoria\/internacionales\/"},"img":{"alt_text":"","src":"https:\/\/i0.wp.com\/lasprimeras.com.do\/wp-content\/uploads\/2025\/09\/Donald-Trump-y-Benjamin-Netanyahu.jpg?resize=350%2C200&ssl=1","width":350,"height":200,"srcset":"https:\/\/i0.wp.com\/lasprimeras.com.do\/wp-content\/uploads\/2025\/09\/Donald-Trump-y-Benjamin-Netanyahu.jpg?resize=350%2C200&ssl=1 1x, https:\/\/i0.wp.com\/lasprimeras.com.do\/wp-content\/uploads\/2025\/09\/Donald-Trump-y-Benjamin-Netanyahu.jpg?resize=525%2C300&ssl=1 1.5x, https:\/\/i0.wp.com\/lasprimeras.com.do\/wp-content\/uploads\/2025\/09\/Donald-Trump-y-Benjamin-Netanyahu.jpg?resize=700%2C400&ssl=1 2x"},"classes":[]},{"id":83919,"url":"https:\/\/lasprimeras.com.do\/index.php\/2024\/05\/27\/netanyahu-dice-que-el-mortal-ataque-israeli-en-rafah-fue-el-resultado-de-un-tragico-error\/","url_meta":{"origin":110349,"position":1},"title":"Netanyahu dice que el mortal ataque israel\u00ed en Rafah fue el resultado de un &#8220;tr\u00e1gico error&#8221;","author":"Nelson Feliz","date":"27 de mayo de 2024","format":false,"excerpt":"POR TIA GOLDENBERG , MELANIE LIDMAN Y SAMY MAGDY TEL AVIV, Israel (AP) \u2014 El primer ministro Benjam\u00edn Netanyahu dijo el lunes que se cometi\u00f3 un \u201ctr\u00e1gico error\u201d en un ataque israel\u00ed en la ciudad de Rafah, en el sur de Gaza, que incendi\u00f3 un campamento que albergaba a palestinos\u2026","rel":"","context":"En \u00abSin categor\u00eda\u00bb","block_context":{"text":"Sin categor\u00eda","link":"https:\/\/lasprimeras.com.do\/index.php\/category\/sin-categoria\/"},"img":{"alt_text":"Benjam\u00edn Netanyahu","src":"https:\/\/i0.wp.com\/lasprimeras.com.do\/wp-content\/uploads\/2024\/05\/Benjamin-Netanyahu-1.jpg?resize=350%2C200&ssl=1","width":350,"height":200,"srcset":"https:\/\/i0.wp.com\/lasprimeras.com.do\/wp-content\/uploads\/2024\/05\/Benjamin-Netanyahu-1.jpg?resize=350%2C200&ssl=1 1x, https:\/\/i0.wp.com\/lasprimeras.com.do\/wp-content\/uploads\/2024\/05\/Benjamin-Netanyahu-1.jpg?resize=525%2C300&ssl=1 1.5x, https:\/\/i0.wp.com\/lasprimeras.com.do\/wp-content\/uploads\/2024\/05\/Benjamin-Netanyahu-1.jpg?resize=700%2C400&ssl=1 2x"},"classes":[]},{"id":96345,"url":"https:\/\/lasprimeras.com.do\/index.php\/2025\/03\/30\/eid-de-tristeza-la-escasez-de-comida-y-la-guerra-marcan-una-celebracion-musulmana-en-gaza\/","url_meta":{"origin":110349,"position":2},"title":"\u201cEid de tristeza&#8221;: La escasez de comida y la guerra marcan una celebraci\u00f3n musulmana en Gaza","author":"Nelson Feliz","date":"30 de marzo de 2025","format":false,"excerpt":"POR WAFAA SHURAFA DEIR AL BALAH, Franja de Gaza (AP) \u2014 Los palestinos en la Franja de Gaza ten\u00edan poco que celebrar el domingo, cuando comenzaban a conmemorar una festividad musulmana normalmente alegre, mientras los suministros de alimentos disminu\u00edan con rapidez y sin un final a la vista para la\u2026","rel":"","context":"En \u00abINTERNACIONALES\u00bb","block_context":{"text":"INTERNACIONALES","link":"https:\/\/lasprimeras.com.do\/index.php\/category\/sin-categoria\/internacionales\/"},"img":{"alt_text":"","src":"https:\/\/i0.wp.com\/lasprimeras.com.do\/wp-content\/uploads\/2025\/03\/palestinos-1.jpg?resize=350%2C200&ssl=1","width":350,"height":200,"srcset":"https:\/\/i0.wp.com\/lasprimeras.com.do\/wp-content\/uploads\/2025\/03\/palestinos-1.jpg?resize=350%2C200&ssl=1 1x, https:\/\/i0.wp.com\/lasprimeras.com.do\/wp-content\/uploads\/2025\/03\/palestinos-1.jpg?resize=525%2C300&ssl=1 1.5x, https:\/\/i0.wp.com\/lasprimeras.com.do\/wp-content\/uploads\/2025\/03\/palestinos-1.jpg?resize=700%2C400&ssl=1 2x"},"classes":[]},{"id":83499,"url":"https:\/\/lasprimeras.com.do\/index.php\/2024\/05\/18\/un-ultimatum-aumenta-la-presion-sobre-netanyahu-para-que-elabore-planes-de-posguerra-para-gaza\/","url_meta":{"origin":110349,"position":3},"title":"Un ultim\u00e1tum aumenta la presi\u00f3n sobre Netanyahu para que elabore planes de posguerra para Gaza","author":"Nelson Feliz","date":"18 de mayo de 2024","format":false,"excerpt":"POR JOSEPH KRAUSS JERUSAL\u00c9N (AP) \u2014 El primer ministro israel\u00ed, Benjam\u00edn Netanyahu, est\u00e1 bajo una creciente presi\u00f3n de su propio gabinete de guerra y del aliado m\u00e1s cercano de su pa\u00eds por los planes de posguerra para Gaza, incluso cuando la guerra con Hamas no muestra se\u00f1ales de terminar. El\u2026","rel":"","context":"En \u00abSin categor\u00eda\u00bb","block_context":{"text":"Sin categor\u00eda","link":"https:\/\/lasprimeras.com.do\/index.php\/category\/sin-categoria\/"},"img":{"alt_text":"","src":"https:\/\/i0.wp.com\/lasprimeras.com.do\/wp-content\/uploads\/2024\/05\/guerra-Gaza.jpg?resize=350%2C200&ssl=1","width":350,"height":200,"srcset":"https:\/\/i0.wp.com\/lasprimeras.com.do\/wp-content\/uploads\/2024\/05\/guerra-Gaza.jpg?resize=350%2C200&ssl=1 1x, https:\/\/i0.wp.com\/lasprimeras.com.do\/wp-content\/uploads\/2024\/05\/guerra-Gaza.jpg?resize=525%2C300&ssl=1 1.5x, https:\/\/i0.wp.com\/lasprimeras.com.do\/wp-content\/uploads\/2024\/05\/guerra-Gaza.jpg?resize=700%2C400&ssl=1 2x"},"classes":[]},{"id":86526,"url":"https:\/\/lasprimeras.com.do\/index.php\/2024\/07\/26\/netanyahu-se-reune-con-trump-y-ofrece-un-mesurado-optimismo-sobre-un-alto-al-fuego-en-gaza\/","url_meta":{"origin":110349,"position":4},"title":"Netanyahu se re\u00fane con Trump, y ofrece un mesurado optimismo sobre un alto al fuego en Gaza","author":"Nelson Feliz","date":"26 de julio de 2024","format":false,"excerpt":"BY ELLEN KNICKMEYER AND MICHELLE PRICE WASHINGTON (AP) \u2014 El primer ministro israel\u00ed, Benjamin Netanyahu, trat\u00f3 el viernes de enmendar lazos con el candidato republicano a la presidencia de Estados Unidos, Donald Trump, y expres\u00f3 un moderado optimismo sobre los avances hacia un acuerdo de alto al fuego en Gaza.\u2026","rel":"","context":"En \u00abSin categor\u00eda\u00bb","block_context":{"text":"Sin categor\u00eda","link":"https:\/\/lasprimeras.com.do\/index.php\/category\/sin-categoria\/"},"img":{"alt_text":"Benjamin Netanyahu","src":"https:\/\/i0.wp.com\/lasprimeras.com.do\/wp-content\/uploads\/2024\/07\/Benjamin-Netanyahu.png?resize=350%2C200&ssl=1","width":350,"height":200,"srcset":"https:\/\/i0.wp.com\/lasprimeras.com.do\/wp-content\/uploads\/2024\/07\/Benjamin-Netanyahu.png?resize=350%2C200&ssl=1 1x, https:\/\/i0.wp.com\/lasprimeras.com.do\/wp-content\/uploads\/2024\/07\/Benjamin-Netanyahu.png?resize=525%2C300&ssl=1 1.5x, https:\/\/i0.wp.com\/lasprimeras.com.do\/wp-content\/uploads\/2024\/07\/Benjamin-Netanyahu.png?resize=700%2C400&ssl=1 2x"},"classes":[]},{"id":62770,"url":"https:\/\/lasprimeras.com.do\/index.php\/2023\/10\/07\/netanyahu-llama-a-los-palestinos-a-salir-de-gaza-ante-inminente-ofensiva-contra-hamas\/","url_meta":{"origin":110349,"position":5},"title":"Netanyahu llama a los palestinos a salir de Gaza ante inminente ofensiva contra Ham\u00e1s","author":"Nelson Feliz","date":"7 de octubre de 2023","format":false,"excerpt":"El primer ministro de Israel, Benjam\u00edn Netanyahu, afirm\u00f3 este s\u00e1bado que el Ej\u00e9rcito de su pa\u00eds utilizar\u00e1 \"todo su poder\" para destruir a Ham\u00e1s. El primer ministro de Israel, Benjam\u00edn Netanyahu, afirm\u00f3 este s\u00e1bado que el Ej\u00e9rcito de su pa\u00eds utilizar\u00e1 \"todo su poder\" para destruir a Ham\u00e1s, e inst\u00f3\u2026","rel":"","context":"En \u00abSin categor\u00eda\u00bb","block_context":{"text":"Sin categor\u00eda","link":"https:\/\/lasprimeras.com.do\/index.php\/category\/sin-categoria\/"},"img":{"alt_text":"Palestinos se alejan del kibbutz de Kfar Azza, Israel, cerca de la valla fronteriza de la Franja de Gaza, el 7 de octubre de 2023. (AP)","src":"https:\/\/i0.wp.com\/lasprimeras.com.do\/wp-content\/uploads\/2023\/10\/Palestinos-se-alejan-del-kibbutz-de-Kfar-Azza-Israel.jpg?resize=350%2C200&ssl=1","width":350,"height":200,"srcset":"https:\/\/i0.wp.com\/lasprimeras.com.do\/wp-content\/uploads\/2023\/10\/Palestinos-se-alejan-del-kibbutz-de-Kfar-Azza-Israel.jpg?resize=350%2C200&ssl=1 1x, https:\/\/i0.wp.com\/lasprimeras.com.do\/wp-content\/uploads\/2023\/10\/Palestinos-se-alejan-del-kibbutz-de-Kfar-Azza-Israel.jpg?resize=525%2C300&ssl=1 1.5x, https:\/\/i0.wp.com\/lasprimeras.com.do\/wp-content\/uploads\/2023\/10\/Palestinos-se-alejan-del-kibbutz-de-Kfar-Azza-Israel.jpg?resize=700%2C400&ssl=1 2x"},"classes":[]}],"jetpack_sharing_enabled":true,"_links":{"self":[{"href":"https:\/\/lasprimeras.com.do\/index.php\/wp-json\/wp\/v2\/posts\/110349","targetHints":{"allow":["GET"]}}],"collection":[{"href":"https:\/\/lasprimeras.com.do\/index.php\/wp-json\/wp\/v2\/posts"}],"about":[{"href":"https:\/\/lasprimeras.com.do\/index.php\/wp-json\/wp\/v2\/types\/post"}],"author":[{"embeddable":true,"href":"https:\/\/lasprimeras.com.do\/index.php\/wp-json\/wp\/v2\/users\/10"}],"replies":[{"embeddable":true,"href":"https:\/\/lasprimeras.com.do\/index.php\/wp-json\/wp\/v2\/comments?post=110349"}],"version-history":[{"count":1,"href":"https:\/\/lasprimeras.com.do\/index.php\/wp-json\/wp\/v2\/posts\/110349\/revisions"}],"predecessor-version":[{"id":110351,"href":"https:\/\/lasprimeras.com.do\/index.php\/wp-json\/wp\/v2\/posts\/110349\/revisions\/110351"}],"wp:featuredmedia":[{"embeddable":true,"href":"https:\/\/lasprimeras.com.do\/index.php\/wp-json\/wp\/v2\/media\/110350"}],"wp:attachment":[{"href":"https:\/\/lasprimeras.com.do\/index.php\/wp-json\/wp\/v2\/media?parent=110349"}],"wp:term":[{"taxonomy":"category","embeddable":true,"href":"https:\/\/lasprimeras.com.do\/index.php\/wp-json\/wp\/v2\/categories?post=110349"},{"taxonomy":"post_tag","embeddable":true,"href":"https:\/\/lasprimeras.com.do\/index.php\/wp-json\/wp\/v2\/tags?post=110349"}],"curies":[{"name":"wp","href":"https:\/\/api.w.org\/{rel}","templated":true}]}}