{"id":110364,"date":"2025-09-28T15:24:49","date_gmt":"2025-09-28T19:24:49","guid":{"rendered":"https:\/\/lasprimeras.com.do\/?p=110364"},"modified":"2025-09-28T15:24:52","modified_gmt":"2025-09-28T19:24:52","slug":"procuradora-general-recibe-una-comision-de-participacion-ciudadana","status":"publish","type":"post","link":"https:\/\/lasprimeras.com.do\/index.php\/2025\/09\/28\/procuradora-general-recibe-una-comision-de-participacion-ciudadana\/","title":{"rendered":"Procuradora general recibe una comisi\u00f3n de Participaci\u00f3n Ciudadana"},"content":{"rendered":"\n<p>\u00a0<br><strong>Explica el Plan Operativo de su gesti\u00f3n en diversas \u00e1reas, los avances y desaf\u00edos en materia de lucha contra la corrupci\u00f3n administrativa y la necesidad de que la poblaci\u00f3n se mantenga vigilante por la transparencia y una cultura de cero impunidad<\/strong>.<\/p>\n\n\n\n<p>La procuradora general de la Rep\u00fablica, Yeni Berenice Reynoso, sostuvo un encuentro con una comisi\u00f3n del movimiento c\u00edvico Participaci\u00f3n Ciudadana (PC) en el que habl\u00f3 del\u00a0 plan operativo de su gesti\u00f3n en diversas \u00e1reas, los avances en materia de lucha contra la corrupci\u00f3n administrativa y la necesidad de que la poblaci\u00f3n se mantenga vigilante para tener siempre mayor transparencia y una cultura de cero impunidad.<\/p>\n\n\n\n<p>Adem\u00e1s de Reynoso, en la reuni\u00f3n con la comisi\u00f3n encabezada por la coordinadora general de PC, Leidy Blanco Garc\u00eda, estuvo presente el procurador adjunto Wilson Camacho, titular de la Direcci\u00f3n General de Persecuci\u00f3n del Ministerio P\u00fablico.<\/p>\n\n\n\n<p>Los integrantes de Participaci\u00f3n Ciudadana valoraron el trabajo que viene realizando el Ministerio P\u00fablico en favor de la transparencia y se mostraron dispuestos a seguir promoviendo \u201cinstituciones m\u00e1s s\u00f3lidas y un sistema de justicia independiente y eficaz, pilares fundamentales para el fortalecimiento de la democracia dominicana\u201d, dijo Blanco Garc\u00eda.<\/p>\n\n\n\n<p>La procuradora general, de su lado, ponder\u00f3 los logros alcanzados por el Ministerio P\u00fablico en materia de decomisos en dinero en efectivo que van siempre, como establece el marco jur\u00eddico, a la Cuenta del Tesoro, o de bienes que pasar\u00e1n al Instituto Nacional de Custodia y Administraci\u00f3n de Bienes Incautados, Decomisados y en Extinci\u00f3n de Dominio (Incabide), donde, agotado los procesos jur\u00eddicos, deber\u00e1n ser puesto en p\u00fablica subasta.<\/p>\n\n\n\n<p>\u201cEstamos en el proceso ahora de la transferencia de los bienes, que es una preocupaci\u00f3n porque ah\u00ed hay bienes muy costosos, cuando decimos que tenemos una villa que cuesta m\u00e1s de 300 millones\u2026. son bienes que son costosos\u201d, dijo Reynoso.<\/p>\n\n\n\n<p>Record\u00f3 que las peticiones de decomisos en los procesos tienen una proporcionalidad relacionada con los montos espec\u00edficos envueltos en el delito cometido.<\/p>\n\n\n\n<p>Resalt\u00f3 el hecho de que, una vez demuestra con pruebas que un funcionario o particular desfalc\u00f3 al Estado, el Ministerio P\u00fablico puede pedir el decomiso de un bien equivalente a ese monto, aunque su origen en poder del procesado sea legal.<\/p>\n\n\n\n<p>\u201cNosotros s\u00ed quisi\u00e9ramos que los casos fueran mucho m\u00e1s r\u00e1pidos; se debe agilizar el paso en qu\u00e9 van los casos, pero ah\u00ed no hay un aplazamiento que sea motivado por el Ministerio P\u00fablico. Uno solo no lo hay; porque nosotros tenemos el lema \u00a1Listos siempre!, y ni hay que preguntarnos, \u00b4\u00bfc\u00f3mo est\u00e1 el Ministerio P\u00fablico?\u00b4 La respuesta es: \u00a1Listo!\u201d, dijo.<\/p>\n\n\n\n<p>Explic\u00f3 que el Ministerio P\u00fablico procura condenas para los funcionarios porque su rol como servidores, precisamente, debe ser salvaguardar los bienes p\u00fablicos de todos los contribuyentes.<\/p>\n\n\n\n<p>\u201cEn la mayor\u00eda de los pa\u00edses desarrollados esa es la pol\u00edtica que asume con relaci\u00f3n a esto y es que hay un criterio a nivel internacional que la responsabilidad mayor es del funcionario\u201d, indic\u00f3 Reynoso.<\/p>\n","protected":false},"excerpt":{"rendered":"<p>\u00a0Explica el Plan Operativo de su gesti\u00f3n en diversas \u00e1reas, los avances y desaf\u00edos en materia de lucha contra la corrupci\u00f3n administrativa y la necesidad de que la poblaci\u00f3n se&hellip;<\/p>\n","protected":false},"author":10,"featured_media":110365,"comment_status":"open","ping_status":"open","sticky":false,"template":"","format":"standard","meta":{"content-type":"","jetpack_post_was_ever_published":false,"_jetpack_newsletter_access":"","_jetpack_dont_email_post_to_subs":false,"_jetpack_newsletter_tier_id":0,"_jetpack_memberships_contains_paywalled_content":false,"_jetpack_memberships_contains_paid_content":false,"footnotes":""},"categories":[289,25],"tags":[950,4388,25216],"class_list":["post-110364","post","type-post","status-publish","format-standard","has-post-thumbnail","hentry","category-justicia","category-portada","tag-comision","tag-participacion-ciudadana","tag-procuradora-general"],"jetpack_featured_media_url":"https:\/\/lasprimeras.com.do\/wp-content\/uploads\/2025\/09\/procuradora.jpg","jetpack-related-posts":[{"id":52873,"url":"https:\/\/lasprimeras.com.do\/index.php\/2023\/06\/21\/pc-expresa-solidaridad-a-miriam-german-brito-antes-amenazas-de-muertes\/","url_meta":{"origin":110364,"position":0},"title":"PC expresa solidaridad a Miriam Germ\u00e1n Brito antes amenazas de muertes","author":"Nelson Feliz","date":"21 de junio de 2023","format":false,"excerpt":"Exhorta autoridades a continuar investigaciones hasta sancionar a los responsables. Participaci\u00f3n Ciudadana, cap\u00edtulo dominicano de Transparencia Internacional, eleva su voz de alerta y expresa su m\u00e1s amplia solidaridad a la magistrada Miriam Germ\u00e1n Brito, procuradora general de la Rep\u00fablica Dominicana, ante las graves amenazas de muerte que ha recibido personalmente\u2026","rel":"","context":"En \u00abNACIONALES\u00bb","block_context":{"text":"NACIONALES","link":"https:\/\/lasprimeras.com.do\/index.php\/category\/nacionales\/"},"img":{"alt_text":"","src":"https:\/\/i0.wp.com\/lasprimeras.com.do\/wp-content\/uploads\/2023\/06\/PC.jpg?resize=350%2C200&ssl=1","width":350,"height":200,"srcset":"https:\/\/i0.wp.com\/lasprimeras.com.do\/wp-content\/uploads\/2023\/06\/PC.jpg?resize=350%2C200&ssl=1 1x, https:\/\/i0.wp.com\/lasprimeras.com.do\/wp-content\/uploads\/2023\/06\/PC.jpg?resize=525%2C300&ssl=1 1.5x"},"classes":[]},{"id":117268,"url":"https:\/\/lasprimeras.com.do\/index.php\/2025\/12\/09\/yeni-berenice-reynoso-la-corrupcion-no-tendra-descanso\/","url_meta":{"origin":110364,"position":1},"title":"Yeni Berenice Reynoso: La corrupci\u00f3n no tendr\u00e1 descanso","author":"Nelson Feliz","date":"9 de diciembre de 2025","format":false,"excerpt":"Pese a las presiones y campa\u00f1as en su contra, la procuradora general Yeni Berenice Reynoso afirm\u00f3 que el Ministerio P\u00fablico seguir\u00e1 persiguiendo la corrupci\u00f3n \u201csin descanso\u201d. Reynoso ofreci\u00f3 estas declaraciones durante el acto inaugural del primer congreso \u201cLucha contra la corrupci\u00f3n: desaf\u00edos y oportunidades en RD y la regi\u00f3n\u201d, donde\u2026","rel":"","context":"En \u00abJUSTICIA\u00bb","block_context":{"text":"JUSTICIA","link":"https:\/\/lasprimeras.com.do\/index.php\/category\/justicia\/"},"img":{"alt_text":"Yeni Berenice Reynoso","src":"https:\/\/i0.wp.com\/lasprimeras.com.do\/wp-content\/uploads\/2025\/08\/Yeni-Berenice-Reynoso.jpg?resize=350%2C200&ssl=1","width":350,"height":200,"srcset":"https:\/\/i0.wp.com\/lasprimeras.com.do\/wp-content\/uploads\/2025\/08\/Yeni-Berenice-Reynoso.jpg?resize=350%2C200&ssl=1 1x, https:\/\/i0.wp.com\/lasprimeras.com.do\/wp-content\/uploads\/2025\/08\/Yeni-Berenice-Reynoso.jpg?resize=525%2C300&ssl=1 1.5x, https:\/\/i0.wp.com\/lasprimeras.com.do\/wp-content\/uploads\/2025\/08\/Yeni-Berenice-Reynoso.jpg?resize=700%2C400&ssl=1 2x"},"classes":[]},{"id":91053,"url":"https:\/\/lasprimeras.com.do\/index.php\/2024\/11\/08\/pc-otorgara-reconocimiento-al-periodista-marino-zapete\/","url_meta":{"origin":110364,"position":2},"title":"PC otorgar\u00e1 reconocimiento al periodista Marino Zapete","author":"Nelson Feliz","date":"8 de noviembre de 2024","format":false,"excerpt":"El movimiento c\u00edvico Participaci\u00f3n Ciudadana entregar\u00e1 el Reconocimiento a la Integridad y la Lucha contra la Corrupci\u00f3n 2024 al periodista Marino Zapete. Este galard\u00f3n se otorga en reconocimiento a su destacada trayectoria en el periodismo de investigaci\u00f3n, su constante denuncia de la corrupci\u00f3n y su invaluable contribuci\u00f3n a la documentaci\u00f3n\u2026","rel":"","context":"En \u00abNACIONALES\u00bb","block_context":{"text":"NACIONALES","link":"https:\/\/lasprimeras.com.do\/index.php\/category\/nacionales\/"},"img":{"alt_text":"Marino Zapete","src":"https:\/\/i0.wp.com\/lasprimeras.com.do\/wp-content\/uploads\/2024\/11\/Marino-Zapete.jpg?resize=350%2C200&ssl=1","width":350,"height":200,"srcset":"https:\/\/i0.wp.com\/lasprimeras.com.do\/wp-content\/uploads\/2024\/11\/Marino-Zapete.jpg?resize=350%2C200&ssl=1 1x, https:\/\/i0.wp.com\/lasprimeras.com.do\/wp-content\/uploads\/2024\/11\/Marino-Zapete.jpg?resize=525%2C300&ssl=1 1.5x, https:\/\/i0.wp.com\/lasprimeras.com.do\/wp-content\/uploads\/2024\/11\/Marino-Zapete.jpg?resize=700%2C400&ssl=1 2x"},"classes":[]},{"id":93752,"url":"https:\/\/lasprimeras.com.do\/index.php\/2025\/02\/19\/abinader-encabeza-primera-reunion-de-la-comision-presidencial-de-transparencia-y-anticorrupcion-cpta\/","url_meta":{"origin":110364,"position":3},"title":"Abinader encabeza primera reuni\u00f3n de la Comisi\u00f3n Presidencial de Transparencia y Anticorrupci\u00f3n (CPTA)","author":"Nelson Feliz","date":"19 de febrero de 2025","format":false,"excerpt":"La comisi\u00f3n estar\u00e1 encabezada por los directores de DIGEIG, Milagros Ort\u00edz Bosch y de Contrataciones P\u00fablicas, Carlos Pimentel para seguir avanzando en la lucha contra la corrupci\u00f3n y la impunidad. El presidente Luis Abinader encabez\u00f3 este mi\u00e9rcoles la primera reuni\u00f3n de integraci\u00f3n de la Comisi\u00f3n Presidencial de Transparencia y Anticorrupci\u00f3n\u2026","rel":"","context":"En \u00abNACIONALES\u00bb","block_context":{"text":"NACIONALES","link":"https:\/\/lasprimeras.com.do\/index.php\/category\/nacionales\/"},"img":{"alt_text":"","src":"https:\/\/i0.wp.com\/lasprimeras.com.do\/wp-content\/uploads\/2025\/02\/REUNION-1.jpg?resize=350%2C200&ssl=1","width":350,"height":200,"srcset":"https:\/\/i0.wp.com\/lasprimeras.com.do\/wp-content\/uploads\/2025\/02\/REUNION-1.jpg?resize=350%2C200&ssl=1 1x, https:\/\/i0.wp.com\/lasprimeras.com.do\/wp-content\/uploads\/2025\/02\/REUNION-1.jpg?resize=525%2C300&ssl=1 1.5x"},"classes":[]},{"id":57225,"url":"https:\/\/lasprimeras.com.do\/index.php\/2023\/08\/10\/prd-recibe-a-comision-de-pc-y-reitera-su-compromiso-con-la-transparencia\/","url_meta":{"origin":110364,"position":4},"title":"PRD recibe a comisi\u00f3n de PC y reitera su compromiso con la transparencia","author":"Nelson Feliz","date":"10 de agosto de 2023","format":false,"excerpt":"El candidato presidencial del Partido Revolucionario Dominicano, Miguel Vargas recibi\u00f3 en la Casa Nacional del PRD a una comitiva de Participaci\u00f3n Ciudadana, como parte del proceso de observaci\u00f3n que inici\u00f3 dicha entidad, en torno a la organizaci\u00f3n y montaje de las elecciones nacionales del 2024. El presidente del PRD resalt\u00f3\u2026","rel":"","context":"En \u00abPORTADA\u00bb","block_context":{"text":"PORTADA","link":"https:\/\/lasprimeras.com.do\/index.php\/category\/portada\/"},"img":{"alt_text":"","src":"https:\/\/i0.wp.com\/lasprimeras.com.do\/wp-content\/uploads\/2023\/08\/REUNION-PC-1.jpg?resize=350%2C200&ssl=1","width":350,"height":200,"srcset":"https:\/\/i0.wp.com\/lasprimeras.com.do\/wp-content\/uploads\/2023\/08\/REUNION-PC-1.jpg?resize=350%2C200&ssl=1 1x, https:\/\/i0.wp.com\/lasprimeras.com.do\/wp-content\/uploads\/2023\/08\/REUNION-PC-1.jpg?resize=525%2C300&ssl=1 1.5x, https:\/\/i0.wp.com\/lasprimeras.com.do\/wp-content\/uploads\/2023\/08\/REUNION-PC-1.jpg?resize=700%2C400&ssl=1 2x"},"classes":[]},{"id":109970,"url":"https:\/\/lasprimeras.com.do\/index.php\/2025\/09\/24\/la-pgr-se-suma-con-fuerza-a-la-campana-protegiendo-lo-nuestro-con-integridad\/","url_meta":{"origin":110364,"position":5},"title":"La PGR se suma con fuerza a la campa\u00f1a \u201cProtegiendo lo Nuestro con Integridad\u201d","author":"Nelson Feliz","date":"24 de septiembre de 2025","format":false,"excerpt":"\u00a0Yeni Berenice: \u201cLa corrupci\u00f3n no es solo un delito, es una violaci\u00f3n directa a los derechos humanos de la ciudadan\u00eda\u201d La Procuradur\u00eda General de la Rep\u00fablica (PGR) reafirm\u00f3 su compromiso con la transparencia, al integrarse, junto a la Procuradur\u00eda Especializada de Persecuci\u00f3n de la Corrupci\u00f3n Administrativa (Pepca), a la campa\u00f1a\u2026","rel":"","context":"En \u00abJUSTICIA\u00bb","block_context":{"text":"JUSTICIA","link":"https:\/\/lasprimeras.com.do\/index.php\/category\/justicia\/"},"img":{"alt_text":"Yeni Berenice","src":"https:\/\/i0.wp.com\/lasprimeras.com.do\/wp-content\/uploads\/2025\/09\/Yeni-Berenice.jpg?resize=350%2C200&ssl=1","width":350,"height":200,"srcset":"https:\/\/i0.wp.com\/lasprimeras.com.do\/wp-content\/uploads\/2025\/09\/Yeni-Berenice.jpg?resize=350%2C200&ssl=1 1x, https:\/\/i0.wp.com\/lasprimeras.com.do\/wp-content\/uploads\/2025\/09\/Yeni-Berenice.jpg?resize=525%2C300&ssl=1 1.5x, https:\/\/i0.wp.com\/lasprimeras.com.do\/wp-content\/uploads\/2025\/09\/Yeni-Berenice.jpg?resize=700%2C400&ssl=1 2x"},"classes":[]}],"jetpack_sharing_enabled":true,"_links":{"self":[{"href":"https:\/\/lasprimeras.com.do\/index.php\/wp-json\/wp\/v2\/posts\/110364","targetHints":{"allow":["GET"]}}],"collection":[{"href":"https:\/\/lasprimeras.com.do\/index.php\/wp-json\/wp\/v2\/posts"}],"about":[{"href":"https:\/\/lasprimeras.com.do\/index.php\/wp-json\/wp\/v2\/types\/post"}],"author":[{"embeddable":true,"href":"https:\/\/lasprimeras.com.do\/index.php\/wp-json\/wp\/v2\/users\/10"}],"replies":[{"embeddable":true,"href":"https:\/\/lasprimeras.com.do\/index.php\/wp-json\/wp\/v2\/comments?post=110364"}],"version-history":[{"count":1,"href":"https:\/\/lasprimeras.com.do\/index.php\/wp-json\/wp\/v2\/posts\/110364\/revisions"}],"predecessor-version":[{"id":110366,"href":"https:\/\/lasprimeras.com.do\/index.php\/wp-json\/wp\/v2\/posts\/110364\/revisions\/110366"}],"wp:featuredmedia":[{"embeddable":true,"href":"https:\/\/lasprimeras.com.do\/index.php\/wp-json\/wp\/v2\/media\/110365"}],"wp:attachment":[{"href":"https:\/\/lasprimeras.com.do\/index.php\/wp-json\/wp\/v2\/media?parent=110364"}],"wp:term":[{"taxonomy":"category","embeddable":true,"href":"https:\/\/lasprimeras.com.do\/index.php\/wp-json\/wp\/v2\/categories?post=110364"},{"taxonomy":"post_tag","embeddable":true,"href":"https:\/\/lasprimeras.com.do\/index.php\/wp-json\/wp\/v2\/tags?post=110364"}],"curies":[{"name":"wp","href":"https:\/\/api.w.org\/{rel}","templated":true}]}}