{"id":110370,"date":"2025-09-28T15:48:46","date_gmt":"2025-09-28T19:48:46","guid":{"rendered":"https:\/\/lasprimeras.com.do\/?p=110370"},"modified":"2025-09-28T15:48:49","modified_gmt":"2025-09-28T19:48:49","slug":"francisco-javier-afirma-crece-sentimiento-en-poblacion-superior-a-una-indignacion-social","status":"publish","type":"post","link":"https:\/\/lasprimeras.com.do\/index.php\/2025\/09\/28\/francisco-javier-afirma-crece-sentimiento-en-poblacion-superior-a-una-indignacion-social\/","title":{"rendered":"Francisco Javier afirma crece sentimiento en poblaci\u00f3n superior a una indignaci\u00f3n social"},"content":{"rendered":"\n<p>El aspirante presidencial del Partido de la Liberaci\u00f3n Dominicana (PLD), Francisco Javier Garc\u00eda, afirm\u00f3 que ha comenzado a forjarse un sentimiento de empoderamiento en la sociedad que va m\u00e1s all\u00e1 de una indignaci\u00f3n social.<\/p>\n\n\n\n<p>Al comentar un video musical del grupo Resistencia Urbana en el que, en forma de s\u00e1tira, critica fuertemente el desempe\u00f1o de la administraci\u00f3n del Partido Revolucionario Moderno (PRM), el tambi\u00e9n miembro del Comit\u00e9 Pol\u00edtico pelede\u00edsta dijo las condiciones est\u00e1n dada para el inicio del renacer de la esperanza en el pa\u00eds.<\/p>\n\n\n\n<p>\u201cCuando la expresi\u00f3n art\u00edstica y popular relata los hechos de un pueblo a modo rechazo, es m\u00e1s que un manifiesto de indignaci\u00f3n social, es una sociedad que empieza a empoderarse de su pa\u00eds, lo cual representa el inicio del renacer de la esperanza\u201d, expres\u00f3 el pol\u00edtico en su cuenta de la red social X.<\/p>\n\n\n\n<p>Garc\u00eda ha reiterado que se convertir\u00e1 en el pr\u00f3ximo Presidente de la Rep\u00fablica, a fin de devolver al pueblo dominicano el per\u00edodo de bienestar econ\u00f3mico y social que se construy\u00f3 durante los gobiernos del PLD.<\/p>\n\n\n\n<p>Considera que se est\u00e1 ante una administraci\u00f3n gubernamental ineficiente que ha provocado un retroceso en los avances institucionales, econ\u00f3micos y sociales alcanzados por la Rep\u00fablica Dominicana.<\/p>\n","protected":false},"excerpt":{"rendered":"<p>El aspirante presidencial del Partido de la Liberaci\u00f3n Dominicana (PLD), Francisco Javier Garc\u00eda, afirm\u00f3 que ha comenzado a forjarse un sentimiento de empoderamiento en la sociedad que va m\u00e1s all\u00e1&hellip;<\/p>\n","protected":false},"author":10,"featured_media":110371,"comment_status":"open","ping_status":"open","sticky":false,"template":"","format":"standard","meta":{"content-type":"","jetpack_post_was_ever_published":false,"_jetpack_newsletter_access":"","_jetpack_dont_email_post_to_subs":false,"_jetpack_newsletter_tier_id":0,"_jetpack_memberships_contains_paywalled_content":false,"_jetpack_memberships_contains_paid_content":false,"footnotes":""},"categories":[16559,25],"tags":[25217,2163,25218,1417,2675],"class_list":["post-110370","post","type-post","status-publish","format-standard","has-post-thumbnail","hentry","category-politica","category-portada","tag-crece-sentimiento","tag-francisco-javier","tag-indignacion-social","tag-poblacion","tag-superior"],"jetpack_featured_media_url":"https:\/\/lasprimeras.com.do\/wp-content\/uploads\/2025\/09\/Francisco-Javier-Garcia-2.jpg","jetpack-related-posts":[{"id":102277,"url":"https:\/\/lasprimeras.com.do\/index.php\/2025\/07\/02\/ante-situacion-de-senasa-francisco-javier-afirma-que-el-prm-dejara-el-pais-en-cuatro-blocks\/","url_meta":{"origin":110370,"position":0},"title":"Ante situaci\u00f3n de Senasa, Francisco Javier afirma que el PRM dejar\u00e1 el pa\u00eds &#8220;en cuatro blocks&#8221;","author":"Nelson Feliz","date":"2 de julio de 2025","format":false,"excerpt":"El aspirante presidencial del Partido de la Liberaci\u00f3n Dominicana (PLD), Francisco Javier Garc\u00eda, expres\u00f3 su profunda preocupaci\u00f3n por lo que considera un deterioro progresivo de los servicios p\u00fablicos b\u00e1sicos en el pa\u00eds, citando el caso del Seguro Nacional de Salud (Senasa), que seg\u00fan denuncias de la oposici\u00f3n estar\u00eda en crisis.\u2026","rel":"","context":"En \u00abPOLITICA\u00bb","block_context":{"text":"POLITICA","link":"https:\/\/lasprimeras.com.do\/index.php\/category\/politica\/"},"img":{"alt_text":"","src":"https:\/\/i0.wp.com\/lasprimeras.com.do\/wp-content\/uploads\/2025\/04\/Francisco-Javier-Garcia.jpg?resize=350%2C200&ssl=1","width":350,"height":200,"srcset":"https:\/\/i0.wp.com\/lasprimeras.com.do\/wp-content\/uploads\/2025\/04\/Francisco-Javier-Garcia.jpg?resize=350%2C200&ssl=1 1x, https:\/\/i0.wp.com\/lasprimeras.com.do\/wp-content\/uploads\/2025\/04\/Francisco-Javier-Garcia.jpg?resize=525%2C300&ssl=1 1.5x, https:\/\/i0.wp.com\/lasprimeras.com.do\/wp-content\/uploads\/2025\/04\/Francisco-Javier-Garcia.jpg?resize=700%2C400&ssl=1 2x"},"classes":[]},{"id":116506,"url":"https:\/\/lasprimeras.com.do\/index.php\/2025\/12\/02\/francisco-javier-afirma-que-la-gestion-del-prm-carece-de-sensibilidad-ante-sufrimientos-del-pueblo\/","url_meta":{"origin":110370,"position":1},"title":"Francisco Javier afirma que la gesti\u00f3n del PRM carece de sensibilidad ante sufrimientos del pueblo","author":"Nelson Feliz","date":"2 de diciembre de 2025","format":false,"excerpt":"La gesti\u00f3n gubernamental del Partido Revolucionario Moderno (PRM) se ha convertido en el principal enemigo del pueblo dominicano, porque le ha reducido la capacidad para demandar los bienes y servicios acordes a sus necesidades. La afirmaci\u00f3n es de Francisco Javier Garc\u00eda, miembro del Comit\u00e9 pol\u00edtico del Partido de la Liberaci\u00f3n\u2026","rel":"","context":"En \u00abPOLITICA\u00bb","block_context":{"text":"POLITICA","link":"https:\/\/lasprimeras.com.do\/index.php\/category\/politica\/"},"img":{"alt_text":"Francisco Javier Garc\u00eda","src":"https:\/\/i0.wp.com\/lasprimeras.com.do\/wp-content\/uploads\/2025\/12\/Francisco-Javier-Garcia.jpg?resize=350%2C200&ssl=1","width":350,"height":200,"srcset":"https:\/\/i0.wp.com\/lasprimeras.com.do\/wp-content\/uploads\/2025\/12\/Francisco-Javier-Garcia.jpg?resize=350%2C200&ssl=1 1x, https:\/\/i0.wp.com\/lasprimeras.com.do\/wp-content\/uploads\/2025\/12\/Francisco-Javier-Garcia.jpg?resize=525%2C300&ssl=1 1.5x, https:\/\/i0.wp.com\/lasprimeras.com.do\/wp-content\/uploads\/2025\/12\/Francisco-Javier-Garcia.jpg?resize=700%2C400&ssl=1 2x"},"classes":[]},{"id":121259,"url":"https:\/\/lasprimeras.com.do\/index.php\/2026\/02\/02\/francisco-javier-garcia-el-pld-es-el-unico-en-capacidad-para-derrotar-al-prm-en-las-elecciones-del-ano-2028\/","url_meta":{"origin":110370,"position":2},"title":"Francisco Javier Garc\u00eda : \u201cEl PLD es el \u00fanico en capacidad para derrotar al PRM en las elecciones del a\u00f1o 2028\u201d","author":"Nelson Feliz","date":"2 de febrero de 2026","format":false,"excerpt":"Francisco Javier Garc\u00eda","rel":"","context":"En \u00abPOLITICA\u00bb","block_context":{"text":"POLITICA","link":"https:\/\/lasprimeras.com.do\/index.php\/category\/politica\/"},"img":{"alt_text":"Francisco Javier Garc\u00eda","src":"https:\/\/i0.wp.com\/lasprimeras.com.do\/wp-content\/uploads\/2026\/02\/Francisco-Javier-Garcia.jpg?resize=350%2C200&ssl=1","width":350,"height":200,"srcset":"https:\/\/i0.wp.com\/lasprimeras.com.do\/wp-content\/uploads\/2026\/02\/Francisco-Javier-Garcia.jpg?resize=350%2C200&ssl=1 1x, https:\/\/i0.wp.com\/lasprimeras.com.do\/wp-content\/uploads\/2026\/02\/Francisco-Javier-Garcia.jpg?resize=525%2C300&ssl=1 1.5x, https:\/\/i0.wp.com\/lasprimeras.com.do\/wp-content\/uploads\/2026\/02\/Francisco-Javier-Garcia.jpg?resize=700%2C400&ssl=1 2x"},"classes":[]},{"id":126798,"url":"https:\/\/lasprimeras.com.do\/index.php\/2026\/04\/05\/francisco-javier-afirma-periodista-dominicano-se-mantiene-vigilante-de-la-democracia\/","url_meta":{"origin":110370,"position":3},"title":"Francisco Javier afirma periodista dominicano se mantiene vigilante de la democracia","author":"Nelson Feliz","date":"5 de abril de 2026","format":false,"excerpt":"El aspirante a la candidatura presidencial del Partido de la Liberaci\u00f3n Dominicana (PLD), Francisco Javier Garc\u00eda, afirm\u00f3 este domingo que pese a los desaf\u00edos que tiene por delante, el periodista dominicano pone en alto su responsabilidad en la vigilancia de la democracia en Rep\u00fablica Dominicana En un mensaje en sus\u2026","rel":"","context":"En \u00abPOLITICA\u00bb","block_context":{"text":"POLITICA","link":"https:\/\/lasprimeras.com.do\/index.php\/category\/politica\/"},"img":{"alt_text":"Francisco Javier Garc\u00eda","src":"https:\/\/i0.wp.com\/lasprimeras.com.do\/wp-content\/uploads\/2026\/04\/Francisco-Javier-Garcia.jpeg?resize=350%2C200&ssl=1","width":350,"height":200,"srcset":"https:\/\/i0.wp.com\/lasprimeras.com.do\/wp-content\/uploads\/2026\/04\/Francisco-Javier-Garcia.jpeg?resize=350%2C200&ssl=1 1x, https:\/\/i0.wp.com\/lasprimeras.com.do\/wp-content\/uploads\/2026\/04\/Francisco-Javier-Garcia.jpeg?resize=525%2C300&ssl=1 1.5x, https:\/\/i0.wp.com\/lasprimeras.com.do\/wp-content\/uploads\/2026\/04\/Francisco-Javier-Garcia.jpeg?resize=700%2C400&ssl=1 2x"},"classes":[]},{"id":120653,"url":"https:\/\/lasprimeras.com.do\/index.php\/2026\/01\/26\/francisco-javier-garcia-los-ideales-de-duarte-deben-guiar-el-verdadero-cambio-que-reclama-la-republica-dominicana\/","url_meta":{"origin":110370,"position":4},"title":"Francisco Javier Garc\u00eda: \u201cLos ideales de Duarte deben guiar el verdadero cambio que reclama la Rep\u00fablica Dominicana\u201d","author":"Nelson Feliz","date":"26 de enero de 2026","format":false,"excerpt":"Al conmemorarse el 213 aniversario del natalicio de Juan Pablo Duarte, Francisco Javier Garc\u00eda, miembro del Comit\u00e9 Politico del Partido de la Liberaci\u00f3n Dominicana (PLD), afirm\u00f3 que los ideales de transparencia, justicia social y amor a la patria que inspiraron al Padre Fundador deben traducirse hoy en acciones concretas para\u2026","rel":"","context":"En \u00abPOLITICA\u00bb","block_context":{"text":"POLITICA","link":"https:\/\/lasprimeras.com.do\/index.php\/category\/politica\/"},"img":{"alt_text":"Francisco Javier Garc\u00eda: \u201cLos ideales de Duarte deben guiar el verdadero cambio que reclama la Rep\u00fablica Dominicana\u201d","src":"https:\/\/i0.wp.com\/lasprimeras.com.do\/wp-content\/uploads\/2026\/01\/Francisco-Javier-Garcia-1.jpg?resize=350%2C200&ssl=1","width":350,"height":200,"srcset":"https:\/\/i0.wp.com\/lasprimeras.com.do\/wp-content\/uploads\/2026\/01\/Francisco-Javier-Garcia-1.jpg?resize=350%2C200&ssl=1 1x, https:\/\/i0.wp.com\/lasprimeras.com.do\/wp-content\/uploads\/2026\/01\/Francisco-Javier-Garcia-1.jpg?resize=525%2C300&ssl=1 1.5x, https:\/\/i0.wp.com\/lasprimeras.com.do\/wp-content\/uploads\/2026\/01\/Francisco-Javier-Garcia-1.jpg?resize=700%2C400&ssl=1 2x, https:\/\/i0.wp.com\/lasprimeras.com.do\/wp-content\/uploads\/2026\/01\/Francisco-Javier-Garcia-1.jpg?resize=1050%2C600&ssl=1 3x"},"classes":[]},{"id":108462,"url":"https:\/\/lasprimeras.com.do\/index.php\/2025\/09\/07\/luis-alberto-francisco-javier-garcia-garantiza-el-retorno-del-pld-al-poder\/","url_meta":{"origin":110370,"position":5},"title":"Luis Alberto: \u201cFrancisco Javier Garc\u00eda garantiza el retorno del PLD al poder\u201d","author":"Nelson Feliz","date":"7 de septiembre de 2025","format":false,"excerpt":"El miembro del Comit\u00e9 Pol\u00edtico del Partido de la Liberaci\u00f3n Dominicana (PLD), Luis Alberto Tejeda, afirm\u00f3 que el aspirante presidencial Francisco Javier Garc\u00eda es la garant\u00eda de que el PLD retornar\u00e1 al poder para enfrentar los graves problemas sociales y econ\u00f3micos que afectan al pa\u00eds bajo el actual gobierno. \u201cEl\u2026","rel":"","context":"En \u00abPOLITICA\u00bb","block_context":{"text":"POLITICA","link":"https:\/\/lasprimeras.com.do\/index.php\/category\/politica\/"},"img":{"alt_text":"Luis Alberto Tejeda","src":"https:\/\/i0.wp.com\/lasprimeras.com.do\/wp-content\/uploads\/2024\/02\/Luis-Alberto-Tejeda-4.jpg?resize=350%2C200&ssl=1","width":350,"height":200,"srcset":"https:\/\/i0.wp.com\/lasprimeras.com.do\/wp-content\/uploads\/2024\/02\/Luis-Alberto-Tejeda-4.jpg?resize=350%2C200&ssl=1 1x, https:\/\/i0.wp.com\/lasprimeras.com.do\/wp-content\/uploads\/2024\/02\/Luis-Alberto-Tejeda-4.jpg?resize=525%2C300&ssl=1 1.5x"},"classes":[]}],"jetpack_sharing_enabled":true,"_links":{"self":[{"href":"https:\/\/lasprimeras.com.do\/index.php\/wp-json\/wp\/v2\/posts\/110370","targetHints":{"allow":["GET"]}}],"collection":[{"href":"https:\/\/lasprimeras.com.do\/index.php\/wp-json\/wp\/v2\/posts"}],"about":[{"href":"https:\/\/lasprimeras.com.do\/index.php\/wp-json\/wp\/v2\/types\/post"}],"author":[{"embeddable":true,"href":"https:\/\/lasprimeras.com.do\/index.php\/wp-json\/wp\/v2\/users\/10"}],"replies":[{"embeddable":true,"href":"https:\/\/lasprimeras.com.do\/index.php\/wp-json\/wp\/v2\/comments?post=110370"}],"version-history":[{"count":1,"href":"https:\/\/lasprimeras.com.do\/index.php\/wp-json\/wp\/v2\/posts\/110370\/revisions"}],"predecessor-version":[{"id":110372,"href":"https:\/\/lasprimeras.com.do\/index.php\/wp-json\/wp\/v2\/posts\/110370\/revisions\/110372"}],"wp:featuredmedia":[{"embeddable":true,"href":"https:\/\/lasprimeras.com.do\/index.php\/wp-json\/wp\/v2\/media\/110371"}],"wp:attachment":[{"href":"https:\/\/lasprimeras.com.do\/index.php\/wp-json\/wp\/v2\/media?parent=110370"}],"wp:term":[{"taxonomy":"category","embeddable":true,"href":"https:\/\/lasprimeras.com.do\/index.php\/wp-json\/wp\/v2\/categories?post=110370"},{"taxonomy":"post_tag","embeddable":true,"href":"https:\/\/lasprimeras.com.do\/index.php\/wp-json\/wp\/v2\/tags?post=110370"}],"curies":[{"name":"wp","href":"https:\/\/api.w.org\/{rel}","templated":true}]}}