{"id":110380,"date":"2025-09-28T18:56:54","date_gmt":"2025-09-28T22:56:54","guid":{"rendered":"https:\/\/lasprimeras.com.do\/?p=110380"},"modified":"2025-09-28T18:56:56","modified_gmt":"2025-09-28T22:56:56","slug":"danilo-medina-es-criminal-el-abandono-del-gobierno-al-programa-de-medicamentos-de-alto-costo-videos","status":"publish","type":"post","link":"https:\/\/lasprimeras.com.do\/index.php\/2025\/09\/28\/danilo-medina-es-criminal-el-abandono-del-gobierno-al-programa-de-medicamentos-de-alto-costo-videos\/","title":{"rendered":"Danilo Medina: \u201cEs criminal el abandono del Gobierno al programa de medicamentos de alto costo | Videos"},"content":{"rendered":"\n<p><strong>Danilo Medina acusa al Gobierno del PRM de ofrecer cifras maquilladas sobre todo en lo relativo a la reducci\u00f3n de los niveles de pobreza.<\/strong><\/p>\n\n\n\n<p>El expresidente de la Rep\u00fablica y presidente del Partido de la Liberaci\u00f3n Dominicana (PLD), Danilo Medina, calific\u00f3 de \u201ccriminal\u201d el abandono del gobierno de Luis Abinader y el Partido Revolucionario Moderno (PRM) del programa de medicamentos de alto costo, considerado fundamental para la protecci\u00f3n de las familias m\u00e1s vulnerables del pa\u00eds.<\/p>\n\n\n\n<p>A la salida de la asamblea provincial del PLD, realizada este domingo en Hato Mayor, Medina se\u00f1al\u00f3 a los periodistas que dicho programa no fue creado \u00abal azar\u00bb ni de manera improvisada, sino como respuesta a la realidad de cientos de dominicanos y dominicanas que enfrentan enfermedades catastr\u00f3ficas como c\u00e1ncer, ACV, diabetes o arteriosclerosis y que, sin apoyo estatal, no pueden costear los tratamientos necesarios\u201d<\/p>\n\n\n\n<p>\u00abNosotros vivimos la experiencia de cientos de familias que, cuando un miembro sufr\u00eda una enfermedad catastr\u00f3fica, si era pobre, simplemente fallec\u00eda; y si no lo era, la enfermedad arrastraba a toda la familia a la pobreza, oblig\u00e1ndoles a vender sus bienes y a vivir en la miseria\u00bb, explic\u00f3 Medina.<\/p>\n\n\n\n<p>El l\u00edder del PLD subray\u00f3 que el abandono del programa es un golpe directo para quienes m\u00e1s lo necesitan. \u00abEse programa est\u00e1 ah\u00ed para proteger a las familias dominicanas que tienen un miembro con una enfermedad catastr\u00f3fica, para ir en auxilio de la persona\u00bb, afirm\u00f3.<\/p>\n\n\n\n<p>Reiter\u00f3 que resulta inaceptable que se considere su abandono en un momento en el que \u00abeste gobierno ha manejado m\u00e1s recursos que ning\u00fan gobierno en la historia de la Rep\u00fablica Dominicana\u00bb.<\/p>\n\n\n\n<p>En las palabras centrales de la actividad realizada en el municipio Hato Mayor del Rey, Danilo Medina, tild\u00f3 de nefasta la actual gesti\u00f3n del PRM y lo acus\u00f3 de ofrecer cifras \u201cmaquilladas y manipuladas\u201d, sobre todo en lo relativo a los informes dados de que han reducido la pobreza.<\/p>\n\n\n\n<p>\u201cLo cierto es que el \u00fanico Gobierno que se dedic\u00f3 a reducir la pobreza en Rep\u00fablica Dominicana es el Gobierno del Partido de la Liberaci\u00f3n Dominicana\u201d, dijo citando que en la gesti\u00f3n que presidi\u00f3 hubo una reducci\u00f3n de los niveles de pobreza de un 50 por ciento.<\/p>\n\n\n\n<p>En otra parte de su intervenci\u00f3n Danilo Medina dijo que el pa\u00eds est\u00e1 pasando por una situaci\u00f3n de dificultades: \u201cEste pa\u00eds tiene serios problemas; las condiciones materiales de existencia se han deteriorado. El pa\u00eds est\u00e1 sumido en el abandono y la pobreza\u201d apunt.<\/p>\n\n\n\n<p>En su intervenci\u00f3n exhort\u00f3 a los presentes a exhibir los logros y conquistas de los Gobiernos peledeistas para sintonizar con lo que dice la gente, que con \u201cel PLD se viv\u00eda Mejor\u201d.<\/p>\n\n\n\n<p><strong>Desarrollo de la Asamblea<\/strong><\/p>\n\n\n\n<p>Un sal\u00f3n repleto de dirigentes y miembros del PLD de los municipios y distritos municipales de Hato Mayor sirvi\u00f3 de escenario al encuentro con unas palabras de bendici\u00f3n con el pastor Kelvin Rosario, las palabras de bienvenida a cargo de la Presidenta Municipal Ramona Rosa y una motivaci\u00f3n a cargo de la Presidenta provincial Aura Salda\u00f1a.<\/p>\n\n\n\n<p>Ambas defendieron la obra de Gobierno del Presidente Danilo Medina y c\u00f3mo impact\u00f3 en los hogares dominicanos con un eficiente servicio de salud y en el sistema educativo sobre todo con la tanda escolar extendida.<\/p>\n\n\n\n<p>Una l\u00ednea frontal de dirigentes presidi\u00f3 la asamblea encabezada por Danilo Medina junto a Rub\u00e9n Bichara en representaci\u00f3n del secretario general, Johnny Pujols, quien se excus\u00f3 por estar cumpliendo labores partidarias en el exterior, los vicepresidentes del PLD, Zoraima Cuello e Yv\u00e1n Lorenzo, el ex Senador Rub\u00e9n Dar\u00edo Cruz (Toyota), el ex vicepresidente Jaime David Fern\u00e1ndez Mirabal, el ex Secretario General, Lidio Cadet, Ramona Rosa y Aura Salda\u00f1a presidentas de los Comit\u00e9s Municipal y Provincial, respectivamente, tambi\u00e9n Adolfo Cede\u00f1o, enlace y los dirigentes locales Ram\u00f3n de los Santos, Guadalupe Jaquez, Reinaldo Nova, Frank Mercedes, Adriel Alburquerque, Domingo Javier y Geraldine Polanco.<\/p>\n\n\n\n<p>Rub\u00e9n Dario Cruz en sus palabras hizo cita de la inmensidad de obras en la provincia, que colocaron a Hato Mayor en la Ruta del Progreso y el bienestar de su gente \u201cCon Danilo y el PLD en Rep\u00fablica Dominicana se viv\u00eda Mejor\u201d dijo de forma reiterada.<\/p>\n\n\n\n<p>Antes de las palabras de Danilo Medina, comunitarios del distrito municipal Guayabo Dulce reconocieron la iniciativa del Presidente Danilo Medina al entregar centenares de t\u00edtulos definitivos a propietarios de terrenos de all\u00ed, al igual que los mun\u00edcipes de El Valle, quienes agradecieron las obras que desarroll\u00f3 la gesti\u00f3n del PLD en el municipio.<\/p>\n\n\n\n<p>Como en las anteriores asambleas provinciales el Comit\u00e9 Pol\u00edtico ofreci\u00f3 un gran respaldo a la misma con la asistencia de una nutrida representaci\u00f3n integrada por el vocero del PLD en la C\u00e1mara Baja, Gustavo S\u00e1nchez, Melanio Paredes, Miriam Cabral, Radham\u00e9s Camacho, Mayobanex Escoto, Lucia Medina, Alejandro Mont\u00e1s, Kenia Lora, Domingo Jimenez, Sim\u00f3n Lizardo, Thelma Eusebio, Maribel Acosta, Alexis Lantigua, Robert De la Cruz. Andr\u00e9s Navarro. Luis Alberto Tejeda y H\u00e9ctor Olivo, conductor de la asamblea conjuntamente con la joven de Hato Mayor, Patricia Rosa.<\/p>\n\n\n\n<figure class=\"wp-block-embed is-type-rich is-provider-twitter wp-block-embed-twitter\"><div class=\"wp-block-embed__wrapper\">\n<div class=\"embed-twitter\"><blockquote class=\"twitter-tweet\" data-width=\"500\" data-dnt=\"true\"><p lang=\"es\" dir=\"ltr\"><a href=\"https:\/\/twitter.com\/hashtag\/DelPartidoPLD?src=hash&amp;ref_src=twsrc%5Etfw\">#DelPartidoPLD<\/a> | <a href=\"https:\/\/twitter.com\/DaniloMedina?ref_src=twsrc%5Etfw\">@DaniloMedina<\/a>: Es lamentable el abandono del programa de Medicamentos de Alto Costo en esta gesti\u00f3n. <a href=\"https:\/\/t.co\/fgQCXHA0pO\">pic.twitter.com\/fgQCXHA0pO<\/a><\/p>&mdash; PLD (@PLDenlinea) <a href=\"https:\/\/twitter.com\/PLDenlinea\/status\/1972339695591084150?ref_src=twsrc%5Etfw\">September 28, 2025<\/a><\/blockquote><script async src=\"https:\/\/platform.twitter.com\/widgets.js\" charset=\"utf-8\"><\/script><\/div>\n<\/div><\/figure>\n\n\n\n<figure class=\"wp-block-embed is-type-rich is-provider-twitter wp-block-embed-twitter\"><div class=\"wp-block-embed__wrapper\">\n<div class=\"embed-twitter\"><blockquote class=\"twitter-tweet\" data-width=\"500\" data-dnt=\"true\"><p lang=\"es\" dir=\"ltr\"><a href=\"https:\/\/twitter.com\/hashtag\/PortadaPrincipalPLD?src=hash&amp;ref_src=twsrc%5Etfw\">#PortadaPrincipalPLD<\/a> | <a href=\"https:\/\/twitter.com\/hashtag\/DaniloMedina?src=hash&amp;ref_src=twsrc%5Etfw\">#DaniloMedina<\/a> acusa al Gobierno del PRM de ofrecer cifras maquilladas sobre todo en lo relativo a la reducci\u00f3n de los niveles de pobreza. <a href=\"https:\/\/t.co\/oDXEzmo5cv\">pic.twitter.com\/oDXEzmo5cv<\/a><\/p>&mdash; PLD (@PLDenlinea) <a href=\"https:\/\/twitter.com\/PLDenlinea\/status\/1972384608701534467?ref_src=twsrc%5Etfw\">September 28, 2025<\/a><\/blockquote><script async src=\"https:\/\/platform.twitter.com\/widgets.js\" charset=\"utf-8\"><\/script><\/div>\n<\/div><\/figure>\n","protected":false},"excerpt":{"rendered":"<p>Danilo Medina acusa al Gobierno del PRM de ofrecer cifras maquilladas sobre todo en lo relativo a la reducci\u00f3n de los niveles de pobreza. El expresidente de la Rep\u00fablica y&hellip;<\/p>\n","protected":false},"author":10,"featured_media":110381,"comment_status":"open","ping_status":"open","sticky":false,"template":"","format":"standard","meta":{"content-type":"","jetpack_post_was_ever_published":false,"_jetpack_newsletter_access":"","_jetpack_dont_email_post_to_subs":false,"_jetpack_newsletter_tier_id":0,"_jetpack_memberships_contains_paywalled_content":false,"_jetpack_memberships_contains_paid_content":false,"footnotes":""},"categories":[16559,25],"tags":[3709,6686,501,171,25223,198],"class_list":["post-110380","post","type-post","status-publish","format-standard","has-post-thumbnail","hentry","category-politica","category-portada","tag-abandono","tag-criminal","tag-danilo-medina","tag-gobierno","tag-medicamentos-de-alto-costo","tag-programa"],"jetpack_featured_media_url":"https:\/\/lasprimeras.com.do\/wp-content\/uploads\/2025\/09\/Danilo-Medina-2.jpg","jetpack-related-posts":[{"id":112195,"url":"https:\/\/lasprimeras.com.do\/index.php\/2025\/10\/19\/danilo-medina-el-pld-ganara-las-proximas-elecciones\/","url_meta":{"origin":110380,"position":0},"title":"Danilo Medina: \u201cEl PLD Ganar\u00e1 las pr\u00f3ximas elecciones\u201d","author":"Nelson Feliz","date":"19 de octubre de 2025","format":false,"excerpt":"Danilo Medina denuncia que la gente no la est\u00e1 pasando bien en el gobierno del PRM. El ex presidente de la Republica, Danilo Medina, Presidente del Partido de la Liberaci\u00f3n Dominicana (PLD), adelant\u00f3 que esa organizaci\u00f3n pol\u00edtica ser\u00e1 la indiscutible ganadora de las pr\u00f3ximas elecciones porque as\u00ed lo est\u00e1n demostrando\u2026","rel":"","context":"En \u00abPOLITICA\u00bb","block_context":{"text":"POLITICA","link":"https:\/\/lasprimeras.com.do\/index.php\/category\/politica\/"},"img":{"alt_text":"","src":"https:\/\/i0.wp.com\/lasprimeras.com.do\/wp-content\/uploads\/2025\/10\/Danilo-Medina-1-1.jpg?resize=350%2C200&ssl=1","width":350,"height":200,"srcset":"https:\/\/i0.wp.com\/lasprimeras.com.do\/wp-content\/uploads\/2025\/10\/Danilo-Medina-1-1.jpg?resize=350%2C200&ssl=1 1x, https:\/\/i0.wp.com\/lasprimeras.com.do\/wp-content\/uploads\/2025\/10\/Danilo-Medina-1-1.jpg?resize=525%2C300&ssl=1 1.5x, https:\/\/i0.wp.com\/lasprimeras.com.do\/wp-content\/uploads\/2025\/10\/Danilo-Medina-1-1.jpg?resize=700%2C400&ssl=1 2x"},"classes":[]},{"id":109559,"url":"https:\/\/lasprimeras.com.do\/index.php\/2025\/09\/19\/danilo-medina-juramenta-dirigentes-que-regresan-al-pld-en-el-programa-de-vuelta-a-casa\/","url_meta":{"origin":110380,"position":1},"title":"Danilo Medina juramenta dirigentes que regresan al PLD en el programa \u201cDe Vuelta a Casa\u201d","author":"Nelson Feliz","date":"19 de septiembre de 2025","format":false,"excerpt":"El Presidente del Partido de la Liberaci\u00f3n Dominicana (PLD), Danilo Medina, tom\u00f3 el juramento de reingreso a la organizaci\u00f3n pol\u00edtica de varios dirigentes provenientes de otros partidos pol\u00edticos, entre ellos el PRM. Con estas juramentaciones realizadas por separado en las oficinas de la Presidencia del PLD, se da continuidad al\u2026","rel":"","context":"En \u00abPOLITICA\u00bb","block_context":{"text":"POLITICA","link":"https:\/\/lasprimeras.com.do\/index.php\/category\/politica\/"},"img":{"alt_text":"","src":"https:\/\/i0.wp.com\/lasprimeras.com.do\/wp-content\/uploads\/2025\/09\/dm.jpg?resize=350%2C200&ssl=1","width":350,"height":200,"srcset":"https:\/\/i0.wp.com\/lasprimeras.com.do\/wp-content\/uploads\/2025\/09\/dm.jpg?resize=350%2C200&ssl=1 1x, https:\/\/i0.wp.com\/lasprimeras.com.do\/wp-content\/uploads\/2025\/09\/dm.jpg?resize=525%2C300&ssl=1 1.5x, https:\/\/i0.wp.com\/lasprimeras.com.do\/wp-content\/uploads\/2025\/09\/dm.jpg?resize=700%2C400&ssl=1 2x"},"classes":[]},{"id":123124,"url":"https:\/\/lasprimeras.com.do\/index.php\/2026\/02\/25\/gobierno-del-prm-ignora-la-importancia-de-los-profesionales-agropecuarios\/","url_meta":{"origin":110380,"position":2},"title":"Gobierno del PRM ignora la importancia de los profesionales agropecuarios","author":"Nelson Feliz","date":"25 de febrero de 2026","format":false,"excerpt":"Danilo Medina brinda el respaldo del Partido de la Liberaci\u00f3n Dominicana (PLD) a los reclamos de la Asociaci\u00f3n Nacional de Profesionales Agr\u00edcolas (ANPA). El Presidente del Partido de la Liberaci\u00f3n Dominicana (PLD), Danilo Medina, declar\u00f3 que esa organizaci\u00f3n pol\u00edtica brinda su inquebrantable respaldo a la Asociaci\u00f3n Nacional de Profesionales Agr\u00edcolas\u2026","rel":"","context":"En \u00abSin categor\u00eda\u00bb","block_context":{"text":"Sin categor\u00eda","link":"https:\/\/lasprimeras.com.do\/index.php\/category\/sin-categoria\/"},"img":{"alt_text":"","src":"https:\/\/i0.wp.com\/lasprimeras.com.do\/wp-content\/uploads\/2026\/02\/profesionales-agropecuarios.jpg?resize=350%2C200&ssl=1","width":350,"height":200,"srcset":"https:\/\/i0.wp.com\/lasprimeras.com.do\/wp-content\/uploads\/2026\/02\/profesionales-agropecuarios.jpg?resize=350%2C200&ssl=1 1x, https:\/\/i0.wp.com\/lasprimeras.com.do\/wp-content\/uploads\/2026\/02\/profesionales-agropecuarios.jpg?resize=525%2C300&ssl=1 1.5x, https:\/\/i0.wp.com\/lasprimeras.com.do\/wp-content\/uploads\/2026\/02\/profesionales-agropecuarios.jpg?resize=700%2C400&ssl=1 2x"},"classes":[]},{"id":105373,"url":"https:\/\/lasprimeras.com.do\/index.php\/2025\/08\/03\/danilo-medina-denuncia-el-abandono-de-11-mil-aulas-y-califica-como-criminal-el-retroceso-del-modelo-de-tanda-extendida\/","url_meta":{"origin":110380,"position":3},"title":"Danilo Medina denuncia el abandono de 11 mil aulas y califica como \u201ccriminal\u201d el retroceso del modelo de Tanda Extendida","author":"Nelson Feliz","date":"3 de agosto de 2025","format":false,"excerpt":"El expresidente de la Rep\u00fablica y presidente del Partido de la Liberaci\u00f3n Dominicana (PLD), Danilo Medina, calific\u00f3 como \u201ccriminal\u201d la decisi\u00f3n del actual Gobierno de abandonar el modelo de Tanda Extendida y no concluir las 11 mil aulas que su gesti\u00f3n dej\u00f3 pr\u00e1cticamente terminadas. \u201cEs lamentable que, por no darle\u2026","rel":"","context":"En \u00abPOLITICA\u00bb","block_context":{"text":"POLITICA","link":"https:\/\/lasprimeras.com.do\/index.php\/category\/politica\/"},"img":{"alt_text":"","src":"https:\/\/i0.wp.com\/lasprimeras.com.do\/wp-content\/uploads\/2025\/08\/WhatsApp-Image-2025-08-03-at-2.11.09-PM.jpg?resize=350%2C200&ssl=1","width":350,"height":200,"srcset":"https:\/\/i0.wp.com\/lasprimeras.com.do\/wp-content\/uploads\/2025\/08\/WhatsApp-Image-2025-08-03-at-2.11.09-PM.jpg?resize=350%2C200&ssl=1 1x, https:\/\/i0.wp.com\/lasprimeras.com.do\/wp-content\/uploads\/2025\/08\/WhatsApp-Image-2025-08-03-at-2.11.09-PM.jpg?resize=525%2C300&ssl=1 1.5x, https:\/\/i0.wp.com\/lasprimeras.com.do\/wp-content\/uploads\/2025\/08\/WhatsApp-Image-2025-08-03-at-2.11.09-PM.jpg?resize=700%2C400&ssl=1 2x"},"classes":[]},{"id":106068,"url":"https:\/\/lasprimeras.com.do\/index.php\/2025\/08\/10\/danilo-denuncia-el-abandono-de-hospitales-y-de-la-salud-de-la-gente\/","url_meta":{"origin":110380,"position":4},"title":"Danilo denuncia el abandono de hospitales y de la salud de la gente","author":"Nelson Feliz","date":"10 de agosto de 2025","format":false,"excerpt":"\u201cLas cifras que yo doy\u2026 Ese es el legado del PLD al desarrollo del pa\u00eds\u201d, afirma el expresidente Danilo Medina. El expresidente de la Rep\u00fablica y Presidente del Partido de la Liberaci\u00f3n Dominicana (PLD), Danilo Medina, denunci\u00f3 el abandono generalizado en que se encuentran los hospitales del pa\u00eds, incluyendo centros\u2026","rel":"","context":"En \u00abPOLITICA\u00bb","block_context":{"text":"POLITICA","link":"https:\/\/lasprimeras.com.do\/index.php\/category\/politica\/"},"img":{"alt_text":"","src":"https:\/\/i0.wp.com\/lasprimeras.com.do\/wp-content\/uploads\/2025\/08\/Danilo-Medina.jpg?resize=350%2C200&ssl=1","width":350,"height":200,"srcset":"https:\/\/i0.wp.com\/lasprimeras.com.do\/wp-content\/uploads\/2025\/08\/Danilo-Medina.jpg?resize=350%2C200&ssl=1 1x, https:\/\/i0.wp.com\/lasprimeras.com.do\/wp-content\/uploads\/2025\/08\/Danilo-Medina.jpg?resize=525%2C300&ssl=1 1.5x, https:\/\/i0.wp.com\/lasprimeras.com.do\/wp-content\/uploads\/2025\/08\/Danilo-Medina.jpg?resize=700%2C400&ssl=1 2x"},"classes":[]},{"id":107798,"url":"https:\/\/lasprimeras.com.do\/index.php\/2025\/08\/31\/danilo-medina-la-gente-reconoce-que-con-el-pld-se-vivia-mejor\/","url_meta":{"origin":110380,"position":5},"title":"Danilo Medina : La gente reconoce que con el PLD se vivia mejor","author":"Nelson Feliz","date":"31 de agosto de 2025","format":false,"excerpt":"Danilo Medina: \u201cTenemos la certeza de que el a\u00f1o que viene, a m\u00e1s tardar, el PLD estar\u00e1 encabezando la preferencia electoral en la Rep\u00fablica Dominicana\u201d. El expresidente de la Rep\u00fablica y actual presidente del Partido de la Liberaci\u00f3n Dominicana (PLD), Danilo Medina, afirm\u00f3 que el repunte que muestran las recientes\u2026","rel":"","context":"En \u00abPOLITICA\u00bb","block_context":{"text":"POLITICA","link":"https:\/\/lasprimeras.com.do\/index.php\/category\/politica\/"},"img":{"alt_text":"","src":"https:\/\/i0.wp.com\/lasprimeras.com.do\/wp-content\/uploads\/2025\/08\/DANILO-MEDINA-1-1.jpg?resize=350%2C200&ssl=1","width":350,"height":200,"srcset":"https:\/\/i0.wp.com\/lasprimeras.com.do\/wp-content\/uploads\/2025\/08\/DANILO-MEDINA-1-1.jpg?resize=350%2C200&ssl=1 1x, https:\/\/i0.wp.com\/lasprimeras.com.do\/wp-content\/uploads\/2025\/08\/DANILO-MEDINA-1-1.jpg?resize=525%2C300&ssl=1 1.5x, https:\/\/i0.wp.com\/lasprimeras.com.do\/wp-content\/uploads\/2025\/08\/DANILO-MEDINA-1-1.jpg?resize=700%2C400&ssl=1 2x"},"classes":[]}],"jetpack_sharing_enabled":true,"_links":{"self":[{"href":"https:\/\/lasprimeras.com.do\/index.php\/wp-json\/wp\/v2\/posts\/110380","targetHints":{"allow":["GET"]}}],"collection":[{"href":"https:\/\/lasprimeras.com.do\/index.php\/wp-json\/wp\/v2\/posts"}],"about":[{"href":"https:\/\/lasprimeras.com.do\/index.php\/wp-json\/wp\/v2\/types\/post"}],"author":[{"embeddable":true,"href":"https:\/\/lasprimeras.com.do\/index.php\/wp-json\/wp\/v2\/users\/10"}],"replies":[{"embeddable":true,"href":"https:\/\/lasprimeras.com.do\/index.php\/wp-json\/wp\/v2\/comments?post=110380"}],"version-history":[{"count":1,"href":"https:\/\/lasprimeras.com.do\/index.php\/wp-json\/wp\/v2\/posts\/110380\/revisions"}],"predecessor-version":[{"id":110382,"href":"https:\/\/lasprimeras.com.do\/index.php\/wp-json\/wp\/v2\/posts\/110380\/revisions\/110382"}],"wp:featuredmedia":[{"embeddable":true,"href":"https:\/\/lasprimeras.com.do\/index.php\/wp-json\/wp\/v2\/media\/110381"}],"wp:attachment":[{"href":"https:\/\/lasprimeras.com.do\/index.php\/wp-json\/wp\/v2\/media?parent=110380"}],"wp:term":[{"taxonomy":"category","embeddable":true,"href":"https:\/\/lasprimeras.com.do\/index.php\/wp-json\/wp\/v2\/categories?post=110380"},{"taxonomy":"post_tag","embeddable":true,"href":"https:\/\/lasprimeras.com.do\/index.php\/wp-json\/wp\/v2\/tags?post=110380"}],"curies":[{"name":"wp","href":"https:\/\/api.w.org\/{rel}","templated":true}]}}