{"id":110383,"date":"2025-09-28T19:04:33","date_gmt":"2025-09-28T23:04:33","guid":{"rendered":"https:\/\/lasprimeras.com.do\/?p=110383"},"modified":"2025-09-28T19:04:35","modified_gmt":"2025-09-28T23:04:35","slug":"representantes-de-partidos-de-izquierda-de-38-paises-reafirman-su-apoyo-a-palestina","status":"publish","type":"post","link":"https:\/\/lasprimeras.com.do\/index.php\/2025\/09\/28\/representantes-de-partidos-de-izquierda-de-38-paises-reafirman-su-apoyo-a-palestina\/","title":{"rendered":"Representantes de partidos de izquierda de 38 pa\u00edses reafirman su apoyo a Palestina"},"content":{"rendered":"\n<p>Representantes de partidos de izquierda de 38 pa\u00edses debatieron durante tres d\u00edas en M\u00e9xico sobre los desaf\u00edos que enfrenta hoy el mundo y reafirmaron su apoyo a causas como la de Palestina.<\/p>\n\n\n\n<p>Al XXIX Seminario Internacional Los Partidos y una Nueva Sociedad, convocado por el Partido del Trabajo (PT) de esta naci\u00f3n latinoamericana, asistieron 600 delegados del territorio anfitri\u00f3n y m\u00e1s de 300 l\u00edderes de formaciones pol\u00edticas y organizaciones sociales de otras naciones.<\/p>\n\n\n\n<p>En el inicio de los trabajos del foro, los participantes manifestaron pleno respaldo a Palestina, tras condenar el genocidio llevado a cabo por el gobierno de Israel contra este pueblo, y exigieron poner fin a los brutales ataques en su contra.<\/p>\n\n\n\n<p>Desde el comienzo de la ofensiva de Tel Aviv en la Franja de Gaza en octubre de 2023, murieron m\u00e1s de 65 mil palestinos, la mayor\u00eda mujeres y ni\u00f1os, en tanto una cifra superior a las 166 mil personas resultaron lesionadas.<\/p>\n\n\n\n<p>Al intervenir en la segunda jornada de la cita en esta capital, el rector de la Universidad del Partido Comunista de Cuba, \u201c\u00d1ico L\u00f3pez\u201d, Jorge Hurtado, denunci\u00f3 el genocidio que sufre el pueblo palestino a manos del r\u00e9gimen de Israel y sus aliados.<\/p>\n\n\n\n<p>En otro momento de su discurso, tambi\u00e9n rechaz\u00f3 el impacto del bloqueo econ\u00f3mico, comercial y financiero impuesto por el gobierno de Estados Unidos contra Cuba durante m\u00e1s de seis d\u00e9cadas, una pol\u00edtica considerada criminal y el principal obst\u00e1culo para el desarrollo de la isla.<\/p>\n\n\n\n<p>Asimismo, conden\u00f3 la ileg\u00edtima inclusi\u00f3n del pa\u00eds en la lista unilateral de Washington sobre pa\u00edses supuestamente patrocinadores del terrorismo. Ratific\u00f3 la m\u00e1s en\u00e9rgica solidaridad de Cuba con la Revoluci\u00f3n Bolivariana de Venezuela y subray\u00f3 la urgencia de defender la paz y la integridad de los pueblos.<\/p>\n\n\n\n<p>El presidente de Venezuela, Nicol\u00e1s Maduro, particip\u00f3 de manera virtual en el seminario, un espacio que \u2013seg\u00fan afirm\u00f3- le permiti\u00f3 exponer con claridad la verdad de su naci\u00f3n, frente al asedio permanente del imperialismo norteamericano.<\/p>\n\n\n\n<p>Durante el evento, la presidenta nacional del gobernante partido mexicano, Morena, Luisa Alcalde, reconoci\u00f3 el trabajo internacional del PT, en especial la realizaci\u00f3n de este encuentro, el cual consider\u00f3 un foro de an\u00e1lisis, debate y acuerdos sobre lo que ocurre en el orbe.<\/p>\n\n\n\n<p>A la cita asistieron delegados provenientes, adem\u00e1s, de naciones como China, Honduras, Corea del Norte, Bolivia, Vietnam, Nicaragua, Rusia, Francia, Bielorrusia y Palestina.<\/p>\n","protected":false},"excerpt":{"rendered":"<p>Representantes de partidos de izquierda de 38 pa\u00edses debatieron durante tres d\u00edas en M\u00e9xico sobre los desaf\u00edos que enfrenta hoy el mundo y reafirmaron su apoyo a causas como la&hellip;<\/p>\n","protected":false},"author":10,"featured_media":110384,"comment_status":"open","ping_status":"open","sticky":false,"template":"","format":"standard","meta":{"content-type":"","jetpack_post_was_ever_published":false,"_jetpack_newsletter_access":"","_jetpack_dont_email_post_to_subs":false,"_jetpack_newsletter_tier_id":0,"_jetpack_memberships_contains_paywalled_content":false,"_jetpack_memberships_contains_paid_content":false,"footnotes":""},"categories":[16559],"tags":[25225,2720,8374,25224,2271],"class_list":["post-110383","post","type-post","status-publish","format-standard","has-post-thumbnail","hentry","category-politica","tag-38-paises","tag-apoyo","tag-palestina","tag-partidos-de-izquierda","tag-representantes"],"jetpack_featured_media_url":"https:\/\/lasprimeras.com.do\/wp-content\/uploads\/2025\/09\/Encuentro-de-partidos-politicos-en-Mexico.jpg","jetpack-related-posts":[{"id":83411,"url":"https:\/\/lasprimeras.com.do\/index.php\/2024\/05\/16\/comunidad-evangelica-llama-a-no-utilizar-conflicto-israel-palestina-con-fines-politicos\/","url_meta":{"origin":110383,"position":0},"title":"Comunidad evang\u00e9lica llama a no utilizar conflicto Israel \u2013 Palestina con fines pol\u00edticos","author":"Nelson Feliz","date":"16 de mayo de 2024","format":false,"excerpt":"Jos\u00e9 Christopher respalda posici\u00f3n del presidente Abinader. La comunidad cristiana representada por m\u00e1s de 300 iglesias evang\u00e9licas dominicanas aglutinadas en el proyecto Visi\u00f3n Naci\u00f3n para Cristo hizo un llamado este jueves a que el tema de la guerra entre Israel y Palestina no sea utilizado para pretensiones pol\u00edticas con miras\u2026","rel":"","context":"En \u00abPORTADA\u00bb","block_context":{"text":"PORTADA","link":"https:\/\/lasprimeras.com.do\/index.php\/category\/portada\/"},"img":{"alt_text":"Jos\u00e9 Christopher","src":"https:\/\/i0.wp.com\/lasprimeras.com.do\/wp-content\/uploads\/2024\/05\/Jose-Christopher.jpg?resize=350%2C200&ssl=1","width":350,"height":200,"srcset":"https:\/\/i0.wp.com\/lasprimeras.com.do\/wp-content\/uploads\/2024\/05\/Jose-Christopher.jpg?resize=350%2C200&ssl=1 1x, https:\/\/i0.wp.com\/lasprimeras.com.do\/wp-content\/uploads\/2024\/05\/Jose-Christopher.jpg?resize=525%2C300&ssl=1 1.5x"},"classes":[]},{"id":99144,"url":"https:\/\/lasprimeras.com.do\/index.php\/2025\/05\/18\/la-34-cumbre-de-la-liga-arabe\/","url_meta":{"origin":110383,"position":1},"title":"La 34 Cumbre de la Liga \u00c1rabe","author":"Nelson Feliz","date":"18 de mayo de 2025","format":false,"excerpt":"Por: Luis Fern\u00e1ndez La hist\u00f3rica ciudad de Bagdad capital federal de la rep\u00fablica de Irak, la m\u00e1s poblada de ese pa\u00eds y segunda del mundo \u00e1rabe s\u00f3lo superada por el Cairo capital de Egipto, acogi\u00f3 \u00e9ste s\u00e1bado 17 de Mayo la 34 sesi\u00f3n ordinaria anual de la Cumbre \u00c1rabe, inaugurada\u2026","rel":"","context":"En \u00abOPINI\u00d3N\u00bb","block_context":{"text":"OPINI\u00d3N","link":"https:\/\/lasprimeras.com.do\/index.php\/category\/opinion\/"},"img":{"alt_text":"","src":"https:\/\/i0.wp.com\/lasprimeras.com.do\/wp-content\/uploads\/2025\/05\/La-34-Cumbre-de-la-Liga-Arabe.jpg?resize=350%2C200&ssl=1","width":350,"height":200,"srcset":"https:\/\/i0.wp.com\/lasprimeras.com.do\/wp-content\/uploads\/2025\/05\/La-34-Cumbre-de-la-Liga-Arabe.jpg?resize=350%2C200&ssl=1 1x, https:\/\/i0.wp.com\/lasprimeras.com.do\/wp-content\/uploads\/2025\/05\/La-34-Cumbre-de-la-Liga-Arabe.jpg?resize=525%2C300&ssl=1 1.5x, https:\/\/i0.wp.com\/lasprimeras.com.do\/wp-content\/uploads\/2025\/05\/La-34-Cumbre-de-la-Liga-Arabe.jpg?resize=700%2C400&ssl=1 2x"},"classes":[]},{"id":66212,"url":"https:\/\/lasprimeras.com.do\/index.php\/2023\/11\/04\/miles-de-personas-se-manifiestan-en-paris-para-pedir-el-alto-el-fuego-en-gaza\/","url_meta":{"origin":110383,"position":2},"title":"Miles de personas se manifiestan en Par\u00eds para pedir el alto el fuego en Gaza","author":"BIMARY DE JES\u00daS Matos","date":"4 de noviembre de 2023","format":false,"excerpt":"Par\u00eds.- Miles de personas marcharon este s\u00e1bado en las calles de Par\u00eds para reclamar el fin del bloqueo y de la ofensiva israel\u00ed contra la Franja de Gaza, que ya ha causado casi 9.500 muertos, adem\u00e1s de pedir al Ejecutivo franc\u00e9s una posici\u00f3n m\u00e1s firme a favor de un alto\u2026","rel":"","context":"En \u00abSin categor\u00eda\u00bb","block_context":{"text":"Sin categor\u00eda","link":"https:\/\/lasprimeras.com.do\/index.php\/category\/sin-categoria\/"},"img":{"alt_text":"","src":"https:\/\/i0.wp.com\/lasprimeras.com.do\/wp-content\/uploads\/2023\/11\/valentin-3.jpg?resize=350%2C200&ssl=1","width":350,"height":200,"srcset":"https:\/\/i0.wp.com\/lasprimeras.com.do\/wp-content\/uploads\/2023\/11\/valentin-3.jpg?resize=350%2C200&ssl=1 1x, https:\/\/i0.wp.com\/lasprimeras.com.do\/wp-content\/uploads\/2023\/11\/valentin-3.jpg?resize=525%2C300&ssl=1 1.5x"},"classes":[]},{"id":103973,"url":"https:\/\/lasprimeras.com.do\/index.php\/2025\/07\/20\/la-cumbre-internacional-contra-el-genocidio-en-palestina\/","url_meta":{"origin":110383,"position":3},"title":"La Cumbre Internacional Contra el Genocidio en Palestina","author":"Nelson Feliz","date":"20 de julio de 2025","format":false,"excerpt":"Por: Luis Fern\u00e1ndez Pol\u00edtico, Escritor y Comunicador Una importante cumbre internacional contra el genocidio en Palestina y para hacer frente al exterminio de Israel en Gaza se celebr\u00f3 en Colombia los d\u00edas 15 y 16 de julio pasado, el evento presidido por la ministra de relaciones exteriores de ese pa\u00eds\u2026","rel":"","context":"En \u00abOPINI\u00d3N\u00bb","block_context":{"text":"OPINI\u00d3N","link":"https:\/\/lasprimeras.com.do\/index.php\/category\/opinion\/"},"img":{"alt_text":"","src":"https:\/\/i0.wp.com\/lasprimeras.com.do\/wp-content\/uploads\/2025\/07\/GAZA.jpg?resize=350%2C200&ssl=1","width":350,"height":200,"srcset":"https:\/\/i0.wp.com\/lasprimeras.com.do\/wp-content\/uploads\/2025\/07\/GAZA.jpg?resize=350%2C200&ssl=1 1x, https:\/\/i0.wp.com\/lasprimeras.com.do\/wp-content\/uploads\/2025\/07\/GAZA.jpg?resize=525%2C300&ssl=1 1.5x, https:\/\/i0.wp.com\/lasprimeras.com.do\/wp-content\/uploads\/2025\/07\/GAZA.jpg?resize=700%2C400&ssl=1 2x"},"classes":[]},{"id":109853,"url":"https:\/\/lasprimeras.com.do\/index.php\/2025\/09\/22\/francia-reconoce-estado-de-palestina-en-asamblea-general-de-la-onu\/","url_meta":{"origin":110383,"position":4},"title":"Francia reconoce Estado de Palestina en Asamblea General de la ONU","author":"Nelson Feliz","date":"22 de septiembre de 2025","format":false,"excerpt":"POR JOSEPH KRAUSS and FARNOUSH AMIRI NACIONES UNIDAS (AP) \u2014 Mientras contin\u00faa la guerra en la Franja de Gaza, Francia reconoci\u00f3 el lunes al Estado de Palestina al inicio de una reuni\u00f3n de alto nivel en las Naciones Unidas, la cual pretende recabar apoyo para una soluci\u00f3n de dos Estados\u2026","rel":"","context":"En \u00abINTERNACIONALES\u00bb","block_context":{"text":"INTERNACIONALES","link":"https:\/\/lasprimeras.com.do\/index.php\/category\/sin-categoria\/internacionales\/"},"img":{"alt_text":"","src":"https:\/\/i0.wp.com\/lasprimeras.com.do\/wp-content\/uploads\/2025\/09\/FRANCIA.jpg?resize=350%2C200&ssl=1","width":350,"height":200,"srcset":"https:\/\/i0.wp.com\/lasprimeras.com.do\/wp-content\/uploads\/2025\/09\/FRANCIA.jpg?resize=350%2C200&ssl=1 1x, https:\/\/i0.wp.com\/lasprimeras.com.do\/wp-content\/uploads\/2025\/09\/FRANCIA.jpg?resize=525%2C300&ssl=1 1.5x, https:\/\/i0.wp.com\/lasprimeras.com.do\/wp-content\/uploads\/2025\/09\/FRANCIA.jpg?resize=700%2C400&ssl=1 2x"},"classes":[]},{"id":64270,"url":"https:\/\/lasprimeras.com.do\/index.php\/2023\/10\/19\/protestas-y-ataques-a-embajadas-israel-y-ee-uu-en-oriente-medio\/","url_meta":{"origin":110383,"position":5},"title":"Protestas y ataques a embajadas Israel y EE.UU. en Oriente Medio","author":"BIMARY DE JES\u00daS Matos","date":"19 de octubre de 2023","format":false,"excerpt":"Israel.-Miles de manifestantes han salido a las calles en Oriente Medio y el norte de Africa, as\u00ed como en otros pa\u00edses, para protestar contra el bombardeo al hospital de Al Ahli, en la Franja de Gaza, y que ha dejado al menos 500 muertos, seg\u00fan las autoridades gazat\u00edes. Adem\u00e1s, rechazan\u2026","rel":"","context":"En \u00abSin categor\u00eda\u00bb","block_context":{"text":"Sin categor\u00eda","link":"https:\/\/lasprimeras.com.do\/index.php\/category\/sin-categoria\/"},"img":{"alt_text":"","src":"https:\/\/i0.wp.com\/lasprimeras.com.do\/wp-content\/uploads\/2023\/10\/WhatsApp-Image-2023-05-20-at-11.41.19-AM-2-4.jpeg?resize=350%2C200&ssl=1","width":350,"height":200,"srcset":"https:\/\/i0.wp.com\/lasprimeras.com.do\/wp-content\/uploads\/2023\/10\/WhatsApp-Image-2023-05-20-at-11.41.19-AM-2-4.jpeg?resize=350%2C200&ssl=1 1x, https:\/\/i0.wp.com\/lasprimeras.com.do\/wp-content\/uploads\/2023\/10\/WhatsApp-Image-2023-05-20-at-11.41.19-AM-2-4.jpeg?resize=525%2C300&ssl=1 1.5x, https:\/\/i0.wp.com\/lasprimeras.com.do\/wp-content\/uploads\/2023\/10\/WhatsApp-Image-2023-05-20-at-11.41.19-AM-2-4.jpeg?resize=700%2C400&ssl=1 2x"},"classes":[]}],"jetpack_sharing_enabled":true,"_links":{"self":[{"href":"https:\/\/lasprimeras.com.do\/index.php\/wp-json\/wp\/v2\/posts\/110383","targetHints":{"allow":["GET"]}}],"collection":[{"href":"https:\/\/lasprimeras.com.do\/index.php\/wp-json\/wp\/v2\/posts"}],"about":[{"href":"https:\/\/lasprimeras.com.do\/index.php\/wp-json\/wp\/v2\/types\/post"}],"author":[{"embeddable":true,"href":"https:\/\/lasprimeras.com.do\/index.php\/wp-json\/wp\/v2\/users\/10"}],"replies":[{"embeddable":true,"href":"https:\/\/lasprimeras.com.do\/index.php\/wp-json\/wp\/v2\/comments?post=110383"}],"version-history":[{"count":1,"href":"https:\/\/lasprimeras.com.do\/index.php\/wp-json\/wp\/v2\/posts\/110383\/revisions"}],"predecessor-version":[{"id":110385,"href":"https:\/\/lasprimeras.com.do\/index.php\/wp-json\/wp\/v2\/posts\/110383\/revisions\/110385"}],"wp:featuredmedia":[{"embeddable":true,"href":"https:\/\/lasprimeras.com.do\/index.php\/wp-json\/wp\/v2\/media\/110384"}],"wp:attachment":[{"href":"https:\/\/lasprimeras.com.do\/index.php\/wp-json\/wp\/v2\/media?parent=110383"}],"wp:term":[{"taxonomy":"category","embeddable":true,"href":"https:\/\/lasprimeras.com.do\/index.php\/wp-json\/wp\/v2\/categories?post=110383"},{"taxonomy":"post_tag","embeddable":true,"href":"https:\/\/lasprimeras.com.do\/index.php\/wp-json\/wp\/v2\/tags?post=110383"}],"curies":[{"name":"wp","href":"https:\/\/api.w.org\/{rel}","templated":true}]}}