{"id":110415,"date":"2025-09-28T20:28:50","date_gmt":"2025-09-29T00:28:50","guid":{"rendered":"https:\/\/lasprimeras.com.do\/?p=110415"},"modified":"2025-09-28T20:28:51","modified_gmt":"2025-09-29T00:28:51","slug":"tragedia-en-la-avenida-hispanoamericana-expone-el-problema-de-accidentes-entre-jovenes-en-santiago","status":"publish","type":"post","link":"https:\/\/lasprimeras.com.do\/index.php\/2025\/09\/28\/tragedia-en-la-avenida-hispanoamericana-expone-el-problema-de-accidentes-entre-jovenes-en-santiago\/","title":{"rendered":"Tragedia en la avenida Hispanoamericana expone el problema de accidentes entre j\u00f3venes en Santiago"},"content":{"rendered":"\n<p><strong>Los tres fallecidos reciben sepultura este domingo, mientras cinco permanecen ingresados en cl\u00ednicas privadas de la ciudad.<\/strong><\/p>\n\n\n\n<p>La madrugada del s\u00e1bado 27 de septiembre volvi\u00f3 a poner en evidencia la magnitud del problema de los accidentes de tr\u00e1nsito en la provincia de Santiago, donde el 42 % de las v\u00edctimas corresponde a hombres menores de 30 a\u00f1os.<\/p>\n\n\n\n<p>Ocho adolescentes viajaban en una yipeta por la avenida Hispanoamericana cuando el veh\u00edculo, a gran velocidad, impact\u00f3 un poste del tendido el\u00e9ctrico. Tres de los ocupantes fallecieron y cinco permanecen ingresados en centros de salud privados.<\/p>\n\n\n\n<p>Cuatro de los heridos est\u00e1n en condici\u00f3n estable, mientras que uno ser\u00e1 sometido a cirug\u00eda en las pr\u00f3ximas horas. Todos reciben atenci\u00f3n m\u00e9dica en unidades de cuidados intensivos del Hospital Metropolitano de Santiago (HOMS) y la Uni\u00f3n M\u00e9dica del Norte.<\/p>\n\n\n\n<p>De acuerdo con cifras del Observatorio Permanente de Seguridad Vial (Opsevi) del Intrant, Santiago registr\u00f3 en 2024 que el grupo de 20 a 24 a\u00f1os concentra el 17.8% de las muertes por accidentes de tr\u00e1nsito, seguido por j\u00f3venes de 25 a 29 a\u00f1os (13.8%) y de 15 a 19 a\u00f1os (10.4%).<\/p>\n\n\n\n<p>Tambi\u00e9n se reportaron v\u00edctimas en edades de 10 a 14 a\u00f1os (1.3%).<\/p>\n\n\n\n<p>En cuanto al g\u00e9nero, el 86.9% de los fallecidos fueron hombres, frente a un 12.2% de mujeres, lo que confirma que los varones son los m\u00e1s afectados en este tipo de siniestros.<\/p>\n\n\n\n<p>Velatorios de las v\u00edctimas<\/p>\n\n\n\n<p>Los restos de los tres fallecidos comenzaron a recibir sepultura este domingo. En la funeraria Blandino se vela a un adolescente de 17 a\u00f1os, cuyo entierro fue programado para las 2:00 de la tarde.<\/p>\n\n\n\n<p>Mientras tanto, los cuerpos de otros dos son expuestos en el Jard\u00edn Memorial Fuente de Luz, donde tambi\u00e9n ser\u00e1n sepultados. Los familiares prefirieron no ofrecer declaraciones a la prensa.<\/p>\n\n\n\n<p>Un video de seguridad captado en las inmediaciones muestra c\u00f3mo la yipeta circulaba a gran velocidad y estuvo a punto de impactar a un motorista antes del choque contra el poste.<\/p>\n\n\n\n<p>Estad\u00edsticas reflejan alta mortalidad juvenil<\/p>\n\n\n\n<p>De acuerdo con cifras del Observatorio Permanente de Seguridad Vial (Opsevi) del Intrant, Santiago registr\u00f3 en 2024 que el grupo de 20 a 24 a\u00f1os concentra el 17.8% de las muertes por accidentes de tr\u00e1nsito, seguido por j\u00f3venes de 25 a 29 a\u00f1os (13.8%) y de 15 a 19 a\u00f1os (10.4%).<\/p>\n\n\n\n<p>Tambi\u00e9n se reportaron v\u00edctimas en edades de 10 a 14 a\u00f1os (1.3%).<\/p>\n\n\n\n<p>En cuanto al g\u00e9nero, el 86.9% de los fallecidos fueron hombres, frente a un 12.2% de mujeres, lo que confirma que los varones son los m\u00e1s afectados en este tipo de siniestros.<\/p>\n\n\n\n<p>Consternaci\u00f3n en la comunidad<\/p>\n\n\n\n<p>La tragedia ha generado dolor entre familiares, amigos y vecinos de los adolescentes, que permanec\u00edan reunidos en los velatorios.<\/p>\n\n\n\n<p>La Direcci\u00f3n General de Seguridad de Tr\u00e1nsito y Transporte Terrestre (Digesett) mantiene las investigaciones sobre el caso.<\/p>\n\n\n\n<p>Fuente Diario Libre<\/p>\n","protected":false},"excerpt":{"rendered":"<p>Los tres fallecidos reciben sepultura este domingo, mientras cinco permanecen ingresados en cl\u00ednicas privadas de la ciudad. La madrugada del s\u00e1bado 27 de septiembre volvi\u00f3 a poner en evidencia la&hellip;<\/p>\n","protected":false},"author":10,"featured_media":110416,"comment_status":"open","ping_status":"open","sticky":false,"template":"","format":"standard","meta":{"content-type":"","jetpack_post_was_ever_published":false,"_jetpack_newsletter_access":"","_jetpack_dont_email_post_to_subs":false,"_jetpack_newsletter_tier_id":0,"_jetpack_memberships_contains_paywalled_content":false,"_jetpack_memberships_contains_paid_content":false,"footnotes":""},"categories":[35],"tags":[1331,25240,3899,7370,1049,416],"class_list":["post-110415","post","type-post","status-publish","format-standard","has-post-thumbnail","hentry","category-nacionales","tag-accidentes","tag-avenida-hispanoamericana","tag-jovenes","tag-problema","tag-santiago","tag-tragedia"],"jetpack_featured_media_url":"https:\/\/lasprimeras.com.do\/wp-content\/uploads\/2025\/09\/homs.jpg","jetpack-related-posts":[{"id":114752,"url":"https:\/\/lasprimeras.com.do\/index.php\/2025\/11\/16\/matan-mujer-de-dos-tiros-durante-intento-de-atraco-en-centro-de-diversion-en-santiago\/","url_meta":{"origin":110415,"position":0},"title":"Matan mujer de dos tiros durante intento de atraco en centro de diversi\u00f3n en Santiago","author":"Nelson Feliz","date":"16 de noviembre de 2025","format":false,"excerpt":"Una mujer falleci\u00f3 y un hombre result\u00f3 herido durante un supuesto intento de atraco ocurrido la noche del s\u00e1bado en el centro de diversi\u00f3n Plaza G\u00f3mez D\u00edaz, ubicado en la avenida Hispanoamericana del municipio de Pu\u00f1al en Santiago. La v\u00edctima fue identificada como Jennifer Altagracia Rodr\u00edguez de Gonz\u00e1lez, de 36\u2026","rel":"","context":"En \u00abNACIONALES\u00bb","block_context":{"text":"NACIONALES","link":"https:\/\/lasprimeras.com.do\/index.php\/category\/nacionales\/"},"img":{"alt_text":"","src":"","width":0,"height":0},"classes":[]},{"id":113601,"url":"https:\/\/lasprimeras.com.do\/index.php\/2025\/11\/04\/gremios-de-la-comunicacion-anuncian-encendido-arbol-de-navidad\/","url_meta":{"origin":110415,"position":1},"title":"Gremios de la Comunicaci\u00f3n anuncian encendido \u00c1rbol de Navidad","author":"Nelson Feliz","date":"4 de noviembre de 2025","format":false,"excerpt":"El Club Recreativo de los Periodistas y los diferentes gremios de la Comunicaci\u00f3n de Santiago anunciaron este martes su tradicional encendido del \u00c1rbol Navide\u00f1o de la Comunicaci\u00f3n. La actividad se llevar\u00e1 a efecto este viernes 7 de noviembre a partir de las 6: 30 P.M. en las instalaciones del Club\u2026","rel":"","context":"En \u00abENTRETENIMIENTO\u00bb","block_context":{"text":"ENTRETENIMIENTO","link":"https:\/\/lasprimeras.com.do\/index.php\/category\/entretenimiento\/"},"img":{"alt_text":"","src":"https:\/\/i0.wp.com\/lasprimeras.com.do\/wp-content\/uploads\/2025\/11\/Arbol-de-Navidad.jpg?resize=350%2C200&ssl=1","width":350,"height":200,"srcset":"https:\/\/i0.wp.com\/lasprimeras.com.do\/wp-content\/uploads\/2025\/11\/Arbol-de-Navidad.jpg?resize=350%2C200&ssl=1 1x, https:\/\/i0.wp.com\/lasprimeras.com.do\/wp-content\/uploads\/2025\/11\/Arbol-de-Navidad.jpg?resize=525%2C300&ssl=1 1.5x, https:\/\/i0.wp.com\/lasprimeras.com.do\/wp-content\/uploads\/2025\/11\/Arbol-de-Navidad.jpg?resize=700%2C400&ssl=1 2x"},"classes":[]},{"id":94202,"url":"https:\/\/lasprimeras.com.do\/index.php\/2025\/02\/26\/un-accidente-de-bus-en-el-este-de-tailandia-deja-18-fallecidos\/","url_meta":{"origin":110415,"position":2},"title":"Un accidente de bus en el este de Tailandia deja 18 fallecidos","author":"Nelson Feliz","date":"26 de febrero de 2025","format":false,"excerpt":"BANGKOK (AP) \u2014 Un autob\u00fas alquilado volc\u00f3 causando 18 muertos y 31 heridos en la madrugada del mi\u00e9rcoles en el este de Tailandia, informaron las autoridades. El accidente ocurri\u00f3 en la provincia de Prachinburi durante un trayecto nocturno desde el norte de Tailandia hacia la provincia costera de Rayong para\u2026","rel":"","context":"En \u00abINTERNACIONALES\u00bb","block_context":{"text":"INTERNACIONALES","link":"https:\/\/lasprimeras.com.do\/index.php\/category\/sin-categoria\/internacionales\/"},"img":{"alt_text":"","src":"https:\/\/i0.wp.com\/lasprimeras.com.do\/wp-content\/uploads\/2025\/02\/ACCIDENTE.png?resize=350%2C200&ssl=1","width":350,"height":200,"srcset":"https:\/\/i0.wp.com\/lasprimeras.com.do\/wp-content\/uploads\/2025\/02\/ACCIDENTE.png?resize=350%2C200&ssl=1 1x, https:\/\/i0.wp.com\/lasprimeras.com.do\/wp-content\/uploads\/2025\/02\/ACCIDENTE.png?resize=525%2C300&ssl=1 1.5x, https:\/\/i0.wp.com\/lasprimeras.com.do\/wp-content\/uploads\/2025\/02\/ACCIDENTE.png?resize=700%2C400&ssl=1 2x"},"classes":[]},{"id":99358,"url":"https:\/\/lasprimeras.com.do\/index.php\/2025\/05\/20\/asociacion-acudebi-realiza-primera-feria-del-libro-hispanoamericana-en-madrid\/","url_meta":{"origin":110415,"position":3},"title":"Asociaci\u00f3n ACUDEBI realiza primera Feria del Libro Hispanoamericana en Madrid","author":"Nelson Feliz","date":"20 de mayo de 2025","format":false,"excerpt":"Madrid acogi\u00f3 el pasado domingo la primera Feria del Libro Hispanoamericana, un evento organizado por las asociaciones culturales ACUDEBI y ASOCUDA en el Espacio Bellas Vistas del distrito de Tetu\u00e1n. La actividad cultural, dedicada al reci\u00e9n fallecido premio Nobel Mario Vargas Llosa, convirti\u00f3 este barrio, popularmente conocido como Cuatro Caminos\u2026","rel":"","context":"En \u00abENTRETENIMIENTO\u00bb","block_context":{"text":"ENTRETENIMIENTO","link":"https:\/\/lasprimeras.com.do\/index.php\/category\/entretenimiento\/"},"img":{"alt_text":"ACUDEBI","src":"https:\/\/i0.wp.com\/lasprimeras.com.do\/wp-content\/uploads\/2025\/05\/ACUDEBI.jpg?resize=350%2C200&ssl=1","width":350,"height":200,"srcset":"https:\/\/i0.wp.com\/lasprimeras.com.do\/wp-content\/uploads\/2025\/05\/ACUDEBI.jpg?resize=350%2C200&ssl=1 1x, https:\/\/i0.wp.com\/lasprimeras.com.do\/wp-content\/uploads\/2025\/05\/ACUDEBI.jpg?resize=525%2C300&ssl=1 1.5x, https:\/\/i0.wp.com\/lasprimeras.com.do\/wp-content\/uploads\/2025\/05\/ACUDEBI.jpg?resize=700%2C400&ssl=1 2x"},"classes":[]},{"id":73596,"url":"https:\/\/lasprimeras.com.do\/index.php\/2024\/01\/13\/abel-martinez-lanza-duras-criticas-al-gobierno-durante-caravana-en-santiago\/","url_meta":{"origin":110415,"position":4},"title":"Abel Mart\u00ednez lanza duras criticas al gobierno durante caravana en Santiago","author":"BIMARY DE JES\u00daS Matos","date":"13 de enero de 2024","format":false,"excerpt":"Santiago.-El Partido de la Liberaci\u00f3n Dominicana (PLD) realiz\u00f3 este s\u00e1bado en Santiago una caravana que recorri\u00f3 decenas de sectores de la ciudad y estuvo encabezada por el candidato presidencial Abel Mart\u00ednez, quien lanz\u00f3 duras cr\u00edticas al gobierno de Luis Abinader. La actividad proselitista inici\u00f3 en la avenida Hispanoamericana donde Abel\u2026","rel":"","context":"En \u00abSin categor\u00eda\u00bb","block_context":{"text":"Sin categor\u00eda","link":"https:\/\/lasprimeras.com.do\/index.php\/category\/sin-categoria\/"},"img":{"alt_text":"","src":"https:\/\/i0.wp.com\/lasprimeras.com.do\/wp-content\/uploads\/2024\/01\/ASDE-conmemora-52-aniversario-caida-de-Los-Palmeros-4-2.jpg?resize=350%2C200&ssl=1","width":350,"height":200,"srcset":"https:\/\/i0.wp.com\/lasprimeras.com.do\/wp-content\/uploads\/2024\/01\/ASDE-conmemora-52-aniversario-caida-de-Los-Palmeros-4-2.jpg?resize=350%2C200&ssl=1 1x, https:\/\/i0.wp.com\/lasprimeras.com.do\/wp-content\/uploads\/2024\/01\/ASDE-conmemora-52-aniversario-caida-de-Los-Palmeros-4-2.jpg?resize=525%2C300&ssl=1 1.5x"},"classes":[]},{"id":52608,"url":"https:\/\/lasprimeras.com.do\/index.php\/2023\/06\/12\/identifican-dos-jovenes-que-perdieron-la-vida-en-fatal-accidente-en-santiago\/","url_meta":{"origin":110415,"position":5},"title":"Identifican dos j\u00f3venes que perdieron la vida en un fatal accidente en Santiago","author":"prenxa100","date":"12 de junio de 2023","format":false,"excerpt":"Fueron identificadas como Rosanny y Marielis las dos mujeres que perdieron la vida, y otras dos personas resultaron gravemente heridas un fatal accidente vial ocurrido este domingo en Santiago de los Caballeros. El tr\u00e1gico accidente ocurri\u00f3 en la avenida 27 de Febrero, pr\u00f3ximo a la comunidad de Portezuela. Seg\u00fan se\u2026","rel":"","context":"En \u00abNACIONALES\u00bb","block_context":{"text":"NACIONALES","link":"https:\/\/lasprimeras.com.do\/index.php\/category\/nacionales\/"},"img":{"alt_text":"","src":"https:\/\/i0.wp.com\/lasprimeras.com.do\/wp-content\/uploads\/2023\/06\/identifican-dos-jovenes-que-perdieron-la-vida-en-un-fatal-accidente-en-santiago.jpg?resize=350%2C200&ssl=1","width":350,"height":200},"classes":[]}],"jetpack_sharing_enabled":true,"_links":{"self":[{"href":"https:\/\/lasprimeras.com.do\/index.php\/wp-json\/wp\/v2\/posts\/110415","targetHints":{"allow":["GET"]}}],"collection":[{"href":"https:\/\/lasprimeras.com.do\/index.php\/wp-json\/wp\/v2\/posts"}],"about":[{"href":"https:\/\/lasprimeras.com.do\/index.php\/wp-json\/wp\/v2\/types\/post"}],"author":[{"embeddable":true,"href":"https:\/\/lasprimeras.com.do\/index.php\/wp-json\/wp\/v2\/users\/10"}],"replies":[{"embeddable":true,"href":"https:\/\/lasprimeras.com.do\/index.php\/wp-json\/wp\/v2\/comments?post=110415"}],"version-history":[{"count":1,"href":"https:\/\/lasprimeras.com.do\/index.php\/wp-json\/wp\/v2\/posts\/110415\/revisions"}],"predecessor-version":[{"id":110417,"href":"https:\/\/lasprimeras.com.do\/index.php\/wp-json\/wp\/v2\/posts\/110415\/revisions\/110417"}],"wp:featuredmedia":[{"embeddable":true,"href":"https:\/\/lasprimeras.com.do\/index.php\/wp-json\/wp\/v2\/media\/110416"}],"wp:attachment":[{"href":"https:\/\/lasprimeras.com.do\/index.php\/wp-json\/wp\/v2\/media?parent=110415"}],"wp:term":[{"taxonomy":"category","embeddable":true,"href":"https:\/\/lasprimeras.com.do\/index.php\/wp-json\/wp\/v2\/categories?post=110415"},{"taxonomy":"post_tag","embeddable":true,"href":"https:\/\/lasprimeras.com.do\/index.php\/wp-json\/wp\/v2\/tags?post=110415"}],"curies":[{"name":"wp","href":"https:\/\/api.w.org\/{rel}","templated":true}]}}