{"id":110421,"date":"2025-09-28T20:48:29","date_gmt":"2025-09-29T00:48:29","guid":{"rendered":"https:\/\/lasprimeras.com.do\/?p=110421"},"modified":"2025-09-28T20:48:33","modified_gmt":"2025-09-29T00:48:33","slug":"funcionarios-de-oregon-dicen-que-trump-desplegara-a-200-soldados-de-la-guardia-nacional-en-el-estado","status":"publish","type":"post","link":"https:\/\/lasprimeras.com.do\/index.php\/2025\/09\/28\/funcionarios-de-oregon-dicen-que-trump-desplegara-a-200-soldados-de-la-guardia-nacional-en-el-estado\/","title":{"rendered":"Funcionarios de Oregon dicen que Trump desplegar\u00e1 a 200 soldados de la Guardia Nacional en el estado"},"content":{"rendered":"\n<p>POR CHRIS MEGERIAN and KONSTANTIN TOROPIN<\/p>\n\n\n\n<p>WASHINGTON (AP) \u2014 El gobierno federal orden\u00f3 el despliegue de 200 miembros de la Guardia Nacional de Oregon para proteger a agentes de inmigraci\u00f3n e instalaciones gubernamentales, seg\u00fan un memorando del Departamento de Defensa que fue recibido por funcionarios estatales.<\/p>\n\n\n\n<p>El despliegue se llevar\u00e1 a cabo a pesar de las objeciones de las autoridades estatales y es similar a las acciones implementadas en junio pasado en Los \u00c1ngeles, donde se llevaban a cabo protestas contra las operaciones de deportaci\u00f3n, pero a una escala mucho menor.<\/p>\n\n\n\n<p>La Casa Blanca no coment\u00f3 de momento. Ninguno de los funcionarios del Pent\u00e1gono que fueron contactados confirm\u00f3 o neg\u00f3 la autenticidad del memo.<\/p>\n\n\n\n<p>El presidente Donald Trump hab\u00eda anunciado el s\u00e1bado sobre el env\u00edo de tropas a Portland. La gobernadora del estado, la dem\u00f3crata Tina Kotek, dijo el domingo que convers\u00f3 v\u00eda telef\u00f3nica con el presidente y le expuso su oposici\u00f3n al despliegue.<\/p>\n\n\n\n<p>\u201cOregon es nuestro hogar, no un objetivo militar\u201d, afirm\u00f3 en un comunicado.<\/p>\n\n\n\n<p>Dan Rayfield, el fiscal general del estado, dijo que presentar\u00e1 una demanda federal argumentando que Trump estaba excediendo su autoridad.<\/p>\n\n\n\n<p>\u201cLo que estamos viendo no se trata de seguridad p\u00fablica\u201d, asegur\u00f3. \u201cSe trata del presidente mostrando m\u00fasculo pol\u00edtico bajo la apariencia de la ley y el orden, buscando un impacto medi\u00e1tico a expensas de nuestra comunidad\u201d.<\/p>\n\n\n\n<p>El memorando del Pent\u00e1gono que funcionarios de Oregon pusieron a disposici\u00f3n hizo una comparaci\u00f3n directa entre el despliegue de miles de soldados de la Guardia Nacional en Los \u00c1ngeles en junio y el despliegue propuesto para el estado, a\u00f1adiendo: \u201cEste memorando implementa a\u00fan m\u00e1s las instrucciones del presidente\u201d.<\/p>\n\n\n\n<p>Aunque el documento no menciona en espec\u00edfico a Portland como el objetivo del despliegue, Trump se\u00f1al\u00f3 el s\u00e1bado en redes sociales que instruy\u00f3 al Pent\u00e1gono \u2014a solicitud de la secretaria de Seguridad Nacional Kristi Noem\u2014, \u201cponer a disposici\u00f3n todas las tropas necesarias para proteger a una ciudad de Portland devastada por la guerra, y a cualquiera de nuestras instalaciones de ICE bajo asedio de los ataques de Antifa y otros terroristas nacionales\u201d.<\/p>\n\n\n\n<p>\u201cTambi\u00e9n autorizo el uso de toda la fuerza, si es necesario\u201d, a\u00f1adi\u00f3 Trump.<\/p>\n\n\n\n<p>A diferencia de Los \u00c1ngeles, no parece que Trump o el secretario de Defensa Pete Hegseth est\u00e9n actualmente al frente del despliegue de efectivos en servicio activo.<\/p>\n\n\n\n<p>El gobierno federal despleg\u00f3 alrededor de 700 marines en servicio activo a Los \u00c1ngeles, aunque fueron retirados poco m\u00e1s de un mes despu\u00e9s.<\/p>\n\n\n\n<p>La acci\u00f3n tambi\u00e9n ser\u00eda mucho menor que el despliegue de Trump en Washington, D.C., donde m\u00e1s de 1.000 soldados de la Guardia Nacional, incluidas unidades de otros estados, han patrullado las calles durante semanas.<\/p>\n\n\n\n<p>Tambi\u00e9n ha estado dejando entrever que enviar\u00e1 tropas a Chicago, algo que hasta el momento no ha hecho.<\/p>\n","protected":false},"excerpt":{"rendered":"<p>POR CHRIS MEGERIAN and KONSTANTIN TOROPIN WASHINGTON (AP) \u2014 El gobierno federal orden\u00f3 el despliegue de 200 miembros de la Guardia Nacional de Oregon para proteger a agentes de inmigraci\u00f3n&hellip;<\/p>\n","protected":false},"author":10,"featured_media":110422,"comment_status":"open","ping_status":"open","sticky":false,"template":"","format":"standard","meta":{"content-type":"","jetpack_post_was_ever_published":false,"_jetpack_newsletter_access":"","_jetpack_dont_email_post_to_subs":false,"_jetpack_newsletter_tier_id":0,"_jetpack_memberships_contains_paywalled_content":false,"_jetpack_memberships_contains_paid_content":false,"footnotes":""},"categories":[16289],"tags":[25243,25244,25245],"class_list":["post-110421","post","type-post","status-publish","format-standard","has-post-thumbnail","hentry","category-internacionales","tag-donald-trump-desplegara-a-200-soldados","tag-funcionarios-de-oregon","tag-guardia-nacional-en-el-estado"],"jetpack_featured_media_url":"https:\/\/lasprimeras.com.do\/wp-content\/uploads\/2025\/09\/oregon-1.jpg","jetpack-related-posts":[{"id":114890,"url":"https:\/\/lasprimeras.com.do\/index.php\/2025\/11\/17\/cientos-de-soldados-de-la-guardia-nacional-desplegados-en-portland-y-chicago-regresaran-a-casa\/","url_meta":{"origin":110421,"position":0},"title":"Cientos de soldados de la Guardia Nacional desplegados en Portland y Chicago regresar\u00e1n a casa","author":"Nelson Feliz","date":"17 de noviembre de 2025","format":false,"excerpt":"POR JULIE WATSON Cientos de elementos de la Guardia Nacional desplegados en Chicago y Portland, Oregon, ser\u00e1n enviados de vuelta a casa, y aquellos que se queden se mantendr\u00e1n fuera de las calles en medio de batallas judiciales sobre su misi\u00f3n en territorio nacional ordenada por el gobierno de Donald\u2026","rel":"","context":"En \u00abINTERNACIONALES\u00bb","block_context":{"text":"INTERNACIONALES","link":"https:\/\/lasprimeras.com.do\/index.php\/category\/sin-categoria\/internacionales\/"},"img":{"alt_text":"","src":"https:\/\/i0.wp.com\/lasprimeras.com.do\/wp-content\/uploads\/2025\/11\/Cientos-de-soldados-de-la-Guardia-Nacional.jpg?resize=350%2C200&ssl=1","width":350,"height":200,"srcset":"https:\/\/i0.wp.com\/lasprimeras.com.do\/wp-content\/uploads\/2025\/11\/Cientos-de-soldados-de-la-Guardia-Nacional.jpg?resize=350%2C200&ssl=1 1x, https:\/\/i0.wp.com\/lasprimeras.com.do\/wp-content\/uploads\/2025\/11\/Cientos-de-soldados-de-la-Guardia-Nacional.jpg?resize=525%2C300&ssl=1 1.5x, https:\/\/i0.wp.com\/lasprimeras.com.do\/wp-content\/uploads\/2025\/11\/Cientos-de-soldados-de-la-Guardia-Nacional.jpg?resize=700%2C400&ssl=1 2x"},"classes":[]},{"id":116012,"url":"https:\/\/lasprimeras.com.do\/index.php\/2025\/11\/26\/gobierno-de-trump-ordena-enviar-500-soldados-mas-de-la-guardia-nacional-a-dc-tras-tiroteo\/","url_meta":{"origin":110421,"position":1},"title":"Gobierno de Trump ordena enviar 500 soldados m\u00e1s de la Guardia Nacional a DC tras tiroteo","author":"Nelson Feliz","date":"26 de noviembre de 2025","format":false,"excerpt":"POR ALANNA DURKIN RICHER and GARY FIELDS WASHINGTON (AP) \u2014 Dos miembros de la Guardia Nacional de Virginia Occidental que fueron desplegados en la capital de Estados Unidos fueron baleados el mi\u00e9rcoles a s\u00f3lo unas cuadras de la Casa Blanca. El director del FBI, Kash Patel, y la alcaldesa de\u2026","rel":"","context":"En \u00abINTERNACIONALES\u00bb","block_context":{"text":"INTERNACIONALES","link":"https:\/\/lasprimeras.com.do\/index.php\/category\/sin-categoria\/internacionales\/"},"img":{"alt_text":"","src":"https:\/\/i0.wp.com\/lasprimeras.com.do\/wp-content\/uploads\/2025\/11\/tiroteo.jpg?resize=350%2C200&ssl=1","width":350,"height":200,"srcset":"https:\/\/i0.wp.com\/lasprimeras.com.do\/wp-content\/uploads\/2025\/11\/tiroteo.jpg?resize=350%2C200&ssl=1 1x, https:\/\/i0.wp.com\/lasprimeras.com.do\/wp-content\/uploads\/2025\/11\/tiroteo.jpg?resize=525%2C300&ssl=1 1.5x, https:\/\/i0.wp.com\/lasprimeras.com.do\/wp-content\/uploads\/2025\/11\/tiroteo.jpg?resize=700%2C400&ssl=1 2x"},"classes":[]},{"id":116062,"url":"https:\/\/lasprimeras.com.do\/index.php\/2025\/11\/27\/un-afgano-detenido-tras-disparar-a-dos-guardias-nacionales-cerca-de-la-casa-blanca\/","url_meta":{"origin":110421,"position":2},"title":"Un afgano detenido tras disparar a dos guardias nacionales cerca de la Casa Blanca","author":"Nelson Feliz","date":"27 de noviembre de 2025","format":false,"excerpt":"POR ALANNA DURKIN RICHER and GARY FIELDS WASHINGTON (AP) \u2014 Un ciudadano afgano ha sido acusado de disparar a dos miembros de la Guardia Nacional de Virginia Occidental a solo unas cuadras de la Casa Blanca, en un acto de violencia flagrante en un momento en que la presencia de\u2026","rel":"","context":"En \u00abINTERNACIONALES\u00bb","block_context":{"text":"INTERNACIONALES","link":"https:\/\/lasprimeras.com.do\/index.php\/category\/sin-categoria\/internacionales\/"},"img":{"alt_text":"","src":"https:\/\/i0.wp.com\/lasprimeras.com.do\/wp-content\/uploads\/2025\/11\/Casa-Blanca.jpg?resize=350%2C200&ssl=1","width":350,"height":200,"srcset":"https:\/\/i0.wp.com\/lasprimeras.com.do\/wp-content\/uploads\/2025\/11\/Casa-Blanca.jpg?resize=350%2C200&ssl=1 1x, https:\/\/i0.wp.com\/lasprimeras.com.do\/wp-content\/uploads\/2025\/11\/Casa-Blanca.jpg?resize=525%2C300&ssl=1 1.5x, https:\/\/i0.wp.com\/lasprimeras.com.do\/wp-content\/uploads\/2025\/11\/Casa-Blanca.jpg?resize=700%2C400&ssl=1 2x"},"classes":[]},{"id":110281,"url":"https:\/\/lasprimeras.com.do\/index.php\/2025\/09\/27\/trump-dice-que-enviara-tropas-a-portland-oregon-para-lidiar-con-terroristas-domesticos\/","url_meta":{"origin":110421,"position":3},"title":"Trump dice que enviar\u00e1 tropas a Portland, Oreg\u00f3n, para lidiar con &#8220;terroristas dom\u00e9sticos&#8221;","author":"Nelson Feliz","date":"27 de septiembre de 2025","format":false,"excerpt":"Por Chris Megerian WASHINGTON (AP) \u2014 El presidente Donald Trump dijo el s\u00e1bado que enviar\u00e1 tropas a Portland, Oregon, \u201cautorizando el uso de toda la fuerza, si es necesario\u201d para lidiar con \u201cterroristas dom\u00e9sticos\u201d mientras expande sus controvertidos despliegues a m\u00e1s ciudades estadounidenses. Hizo el anuncio en las redes sociales,\u2026","rel":"","context":"En \u00abINTERNACIONALES\u00bb","block_context":{"text":"INTERNACIONALES","link":"https:\/\/lasprimeras.com.do\/index.php\/category\/sin-categoria\/internacionales\/"},"img":{"alt_text":"","src":"https:\/\/i0.wp.com\/lasprimeras.com.do\/wp-content\/uploads\/2025\/09\/Oregon.jpg?resize=350%2C200&ssl=1","width":350,"height":200,"srcset":"https:\/\/i0.wp.com\/lasprimeras.com.do\/wp-content\/uploads\/2025\/09\/Oregon.jpg?resize=350%2C200&ssl=1 1x, https:\/\/i0.wp.com\/lasprimeras.com.do\/wp-content\/uploads\/2025\/09\/Oregon.jpg?resize=525%2C300&ssl=1 1.5x, https:\/\/i0.wp.com\/lasprimeras.com.do\/wp-content\/uploads\/2025\/09\/Oregon.jpg?resize=700%2C400&ssl=1 2x"},"classes":[]},{"id":119915,"url":"https:\/\/lasprimeras.com.do\/index.php\/2026\/01\/18\/el-pentagono-pone-a-1-500-soldados-en-alerta-para-posible-despliegue-en-minnesota\/","url_meta":{"origin":110421,"position":4},"title":"El Pent\u00e1gono pone a 1.500 soldados en alerta para posible despliegue en Minnesota","author":"Nelson Feliz","date":"18 de enero de 2026","format":false,"excerpt":"POR KONSTANTIN TOROPIN WASHINGTON (AP) \u2014 El Pent\u00e1gono ha ordenado que unos 1.500 soldados en servicio activo est\u00e9n listos en caso de un posible despliegue en Minnesota, donde las autoridades federales est\u00e1n llevando a cabo una operaci\u00f3n masiva de control migratorio, dijeron el domingo dos funcionarios de defensa. Los funcionarios,\u2026","rel":"","context":"En \u00abINTERNACIONALES\u00bb","block_context":{"text":"INTERNACIONALES","link":"https:\/\/lasprimeras.com.do\/index.php\/category\/sin-categoria\/internacionales\/"},"img":{"alt_text":"","src":"https:\/\/i0.wp.com\/lasprimeras.com.do\/wp-content\/uploads\/2026\/01\/ice.jpg?resize=350%2C200&ssl=1","width":350,"height":200,"srcset":"https:\/\/i0.wp.com\/lasprimeras.com.do\/wp-content\/uploads\/2026\/01\/ice.jpg?resize=350%2C200&ssl=1 1x, https:\/\/i0.wp.com\/lasprimeras.com.do\/wp-content\/uploads\/2026\/01\/ice.jpg?resize=525%2C300&ssl=1 1.5x, https:\/\/i0.wp.com\/lasprimeras.com.do\/wp-content\/uploads\/2026\/01\/ice.jpg?resize=700%2C400&ssl=1 2x"},"classes":[]},{"id":98064,"url":"https:\/\/lasprimeras.com.do\/index.php\/2025\/05\/01\/con-florida-a-la-cabeza-gobiernos-estatales-y-locales-se-suman-a-las-deportaciones-masivas-de-trump\/","url_meta":{"origin":110421,"position":5},"title":"Con Florida a la cabeza, gobiernos estatales y locales se suman a las deportaciones masivas de Trump","author":"Nelson Feliz","date":"1 de mayo de 2025","format":false,"excerpt":"POR GISELA SALOMON and KATE PAYNE MIAMI (AP) \u2014 El listado de departamentos de polic\u00eda local y agencias estatales que se han unido a la campa\u00f1a del presidente Donald Trump para llevar a cabo deportaciones masivas ha aumentado a m\u00e1s de 500, y casi la mitad est\u00e1n en Florida. Esa\u2026","rel":"","context":"En \u00abINTERNACIONALES\u00bb","block_context":{"text":"INTERNACIONALES","link":"https:\/\/lasprimeras.com.do\/index.php\/category\/sin-categoria\/internacionales\/"},"img":{"alt_text":"","src":"https:\/\/i0.wp.com\/lasprimeras.com.do\/wp-content\/uploads\/2025\/05\/Ron-De-Santis.jpg?resize=350%2C200&ssl=1","width":350,"height":200,"srcset":"https:\/\/i0.wp.com\/lasprimeras.com.do\/wp-content\/uploads\/2025\/05\/Ron-De-Santis.jpg?resize=350%2C200&ssl=1 1x, https:\/\/i0.wp.com\/lasprimeras.com.do\/wp-content\/uploads\/2025\/05\/Ron-De-Santis.jpg?resize=525%2C300&ssl=1 1.5x, https:\/\/i0.wp.com\/lasprimeras.com.do\/wp-content\/uploads\/2025\/05\/Ron-De-Santis.jpg?resize=700%2C400&ssl=1 2x"},"classes":[]}],"jetpack_sharing_enabled":true,"_links":{"self":[{"href":"https:\/\/lasprimeras.com.do\/index.php\/wp-json\/wp\/v2\/posts\/110421","targetHints":{"allow":["GET"]}}],"collection":[{"href":"https:\/\/lasprimeras.com.do\/index.php\/wp-json\/wp\/v2\/posts"}],"about":[{"href":"https:\/\/lasprimeras.com.do\/index.php\/wp-json\/wp\/v2\/types\/post"}],"author":[{"embeddable":true,"href":"https:\/\/lasprimeras.com.do\/index.php\/wp-json\/wp\/v2\/users\/10"}],"replies":[{"embeddable":true,"href":"https:\/\/lasprimeras.com.do\/index.php\/wp-json\/wp\/v2\/comments?post=110421"}],"version-history":[{"count":1,"href":"https:\/\/lasprimeras.com.do\/index.php\/wp-json\/wp\/v2\/posts\/110421\/revisions"}],"predecessor-version":[{"id":110423,"href":"https:\/\/lasprimeras.com.do\/index.php\/wp-json\/wp\/v2\/posts\/110421\/revisions\/110423"}],"wp:featuredmedia":[{"embeddable":true,"href":"https:\/\/lasprimeras.com.do\/index.php\/wp-json\/wp\/v2\/media\/110422"}],"wp:attachment":[{"href":"https:\/\/lasprimeras.com.do\/index.php\/wp-json\/wp\/v2\/media?parent=110421"}],"wp:term":[{"taxonomy":"category","embeddable":true,"href":"https:\/\/lasprimeras.com.do\/index.php\/wp-json\/wp\/v2\/categories?post=110421"},{"taxonomy":"post_tag","embeddable":true,"href":"https:\/\/lasprimeras.com.do\/index.php\/wp-json\/wp\/v2\/tags?post=110421"}],"curies":[{"name":"wp","href":"https:\/\/api.w.org\/{rel}","templated":true}]}}