{"id":110436,"date":"2025-09-28T21:56:17","date_gmt":"2025-09-29T01:56:17","guid":{"rendered":"https:\/\/lasprimeras.com.do\/?p=110436"},"modified":"2025-09-28T21:56:19","modified_gmt":"2025-09-29T01:56:19","slug":"cuatro-acueductos-dan-el-primer-paso-hacia-la-resiliencia-hidrica-en-san-pedro-de-macoris-y-hato-mayor","status":"publish","type":"post","link":"https:\/\/lasprimeras.com.do\/index.php\/2025\/09\/28\/cuatro-acueductos-dan-el-primer-paso-hacia-la-resiliencia-hidrica-en-san-pedro-de-macoris-y-hato-mayor\/","title":{"rendered":"Cuatro acueductos dan el primer paso hacia la resiliencia h\u00eddrica en San Pedro de Macor\u00eds y Hato Mayor"},"content":{"rendered":"\n<p><strong>Proyecto regional liderado por PNUD aplica el \u00cdndice de Acueductos Seguros (IAS) y alista plan de mejoras funcionales.<\/strong><\/p>\n\n\n\n<p>En el marco de la iniciativa \u201cFortalecimiento de Capacidades, Seguridad y Resiliencia de Infraestructuras Cr\u00edticas en Rep\u00fablica Dominicana, Cuba y Hait\u00ed\u201d, se realizaron levantamientos t\u00e9cnicos en cuatro sistemas de agua priorizados \u2014El Soco, Cayacoa\u2013El Tintero, Quisqueya y M\u00faltiple de Hato Mayor\u2014 para medir su resiliencia con el \u00cdndice de Acueductos Seguros (IAS), identificar mejoras y fortalecer la seguridad h\u00eddrica de las comunidades.<\/p>\n\n\n\n<p>La priorizaci\u00f3n de estos sistemas se defini\u00f3 junto con las contrapartes nacionales, atendiendo criterios t\u00e9cnicos y de gesti\u00f3n: preferencia por acueductos de jurisdicci\u00f3n de INAPA que a\u00fan no hab\u00edan sido evaluados con el IAS; atenci\u00f3n a acueductos comunitarios que requieren fortalecimiento de capacidades para sostener su operaci\u00f3n en esquemas de co\u2011gesti\u00f3n; y alineaci\u00f3n territorial con centros educativos a evaluar por el componente de educaci\u00f3n del proyecto.<\/p>\n\n\n\n<p>La visita t\u00e9cnica fue realizada por un equipo multidisciplinario del Programa de las Naciones Unidas para el Desarrollo (PNUD), en coordinaci\u00f3n con el Instituto Nacional de Aguas Potables y Alcantarillados (INAPA), la Defensa Civil, la Oficina Nacional de Evaluaci\u00f3n S\u00edsmica y Vulnerabilidad de Infraestructura y Edificaciones (ONESVIE), la Corporaci\u00f3n del Acueducto y Alcantarillado de Santo Domingo (CAASD) y el Ministerio de la Presidencia.<\/p>\n\n\n\n<p>El informe que resultar\u00e1 de este levantamiento permitir\u00e1 establecer un plan de mejoras funcionales con soluciones sostenibles para optimizar la operaci\u00f3n, mejorar la capacidad de respuesta ante emergencias y asegurar la funcionalidad frente a amenazas clim\u00e1ticas, garantizando un suministro eficiente y continuo.<\/p>\n\n\n\n<p>La implementaci\u00f3n de estas mejoras fortalece la seguridad de las infraestructuras ante el cambio clim\u00e1tico y contribuye a su resiliencia a largo plazo, de modo que puedan seguir cumpliendo funciones esenciales durante y despu\u00e9s de eventos extremos.<\/p>\n\n\n\n<p><strong>Liderazgo comunitario y participaci\u00f3n de las mujeres para construir resiliencia h\u00eddrica<\/strong><\/p>\n\n\n\n<p>\ufeffComo parte del proceso, se realiz\u00f3 una sesi\u00f3n de socializaci\u00f3n y autorreconocimiento con la Asociaci\u00f3n Comunitaria de Acueducto Rural (ASOCAR) del acueducto Cayacoa\u2013El Tintero (San Pedro de Macor\u00eds).<\/p>\n\n\n\n<p>Participaron lideresas comunitarias \u2014incluidas colaboradoras en la sostenibilidad de acueductos autogestionados\u2014 para reflexionar sobre liderazgo femenino, identificar barreras y oportunidades, y mapear habilidades y conocimientos.<\/p>\n\n\n\n<p>El espacio permiti\u00f3 fortalecer su liderazgo, visibilizar retos como la sobrecarga de cuidados y explorar alternativas de apoyo mutuo y emprendimientos colectivos para una gesti\u00f3n del agua m\u00e1s inclusiva.<\/p>\n\n\n\n<p>Traducir diagn\u00f3sticos en acciones concretas para garantizar agua segura en comunidades vulnerables<\/p>\n\n\n\n<p>Con la evidencia t\u00e9cnica del IAS, los equipos pueden priorizar intervenciones de r\u00e1pida ejecuci\u00f3n y alto impacto, as\u00ed como acciones estructurales y de gesti\u00f3n que consoliden la operaci\u00f3n segura de los sistemas.<\/p>\n\n\n\n<p>Asimismo, promueve la coordinaci\u00f3n interinstitucional para acelerar permisos, financiamiento y adquisiciones, y se fortalecen las capacidades locales para asegurar la sostenibilidad de los resultados.<\/p>\n\n\n\n<p><strong>Financiamiento y alineaci\u00f3n<\/strong><\/p>\n\n\n\n<p>El levantamiento se desarroll\u00f3 en el marco del programa Infraestructura para Estados Insulares Resilientes (IRIS) y se alinea con compromisos nacionales de desarrollo y marcos internacionales como la Agenda 2030 (ODS 6) y el Marco de Sendai.<\/p>\n\n\n\n<p>El proyecto expresa su agradecimiento a los Gobiernos de la India, Australia y el Reino Unido, as\u00ed como a la Uni\u00f3n Europea, por su apoyo financiero a trav\u00e9s del Fondo Acelerador de Resiliencia de Infraestructura de la Coalici\u00f3n para Infraestructuras Resilientes ante Desastres (CDRI IRAF).<\/p>\n","protected":false},"excerpt":{"rendered":"<p>Proyecto regional liderado por PNUD aplica el \u00cdndice de Acueductos Seguros (IAS) y alista plan de mejoras funcionales. En el marco de la iniciativa \u201cFortalecimiento de Capacidades, Seguridad y Resiliencia&hellip;<\/p>\n","protected":false},"author":10,"featured_media":110437,"comment_status":"open","ping_status":"open","sticky":false,"template":"","format":"standard","meta":{"content-type":"","jetpack_post_was_ever_published":false,"_jetpack_newsletter_access":"","_jetpack_dont_email_post_to_subs":false,"_jetpack_newsletter_tier_id":0,"_jetpack_memberships_contains_paywalled_content":false,"_jetpack_memberships_contains_paid_content":false,"footnotes":""},"categories":[35],"tags":[25251,2619,25249,25250,1425],"class_list":["post-110436","post","type-post","status-publish","format-standard","has-post-thumbnail","hentry","category-nacionales","tag-cuatro-acueductos","tag-hato-mayor","tag-primer-paso","tag-resiliencia-hidrica","tag-san-pedro-de-macoris"],"jetpack_featured_media_url":"https:\/\/lasprimeras.com.do\/wp-content\/uploads\/2025\/09\/acueductos.jpg","jetpack-related-posts":[{"id":122815,"url":"https:\/\/lasprimeras.com.do\/index.php\/2026\/02\/22\/abinader-y-fellito-subervi-ponen-en-servicio-acueducto-por-bombeo-mas-grande-del-pais\/","url_meta":{"origin":110436,"position":0},"title":"Abinader y Fellito Suberv\u00ed ponen en servicio acueducto por bombeo m\u00e1s grande del pa\u00eds","author":"Nelson Feliz","date":"22 de febrero de 2026","format":false,"excerpt":"Felipe -Fellito- Subervi destaca como un hito en la historia de la CAASD la puesta en funcionamiento de la Ampliaci\u00f3n del Acueducto Oriental Barrera de Salinidad recuperado y ampliado para llevar agua potable con mayor presi\u00f3n y continuidad a usuarios de los municipios Santo Domingo Este y Norte. El Presidente\u2026","rel":"","context":"En \u00abNACIONALES\u00bb","block_context":{"text":"NACIONALES","link":"https:\/\/lasprimeras.com.do\/index.php\/category\/nacionales\/"},"img":{"alt_text":"","src":"https:\/\/i0.wp.com\/lasprimeras.com.do\/wp-content\/uploads\/2026\/02\/acueducto.jpg?resize=350%2C200&ssl=1","width":350,"height":200,"srcset":"https:\/\/i0.wp.com\/lasprimeras.com.do\/wp-content\/uploads\/2026\/02\/acueducto.jpg?resize=350%2C200&ssl=1 1x, https:\/\/i0.wp.com\/lasprimeras.com.do\/wp-content\/uploads\/2026\/02\/acueducto.jpg?resize=525%2C300&ssl=1 1.5x, https:\/\/i0.wp.com\/lasprimeras.com.do\/wp-content\/uploads\/2026\/02\/acueducto.jpg?resize=700%2C400&ssl=1 2x"},"classes":[]},{"id":123290,"url":"https:\/\/lasprimeras.com.do\/index.php\/2026\/02\/27\/abinader-revela-inversion-en-agua-potable-y-saneamiento-en-todo-el-pais\/","url_meta":{"origin":110436,"position":1},"title":"Abinader revela inversi\u00f3n en agua potable y saneamiento en todo el pa\u00eds","author":"Nelson Feliz","date":"27 de febrero de 2026","format":false,"excerpt":"El presidente Luis Abinader afirm\u00f3 ante la Asamblea Nacional que garantizar la seguridad h\u00eddrica es asegurar el futuro del pa\u00eds y destac\u00f3 que su gesti\u00f3n ha ejecutado la mayor transformaci\u00f3n de la infraestructura de agua potable y saneamiento en la historia reciente de la Rep\u00fablica Dominicana. \u201cY si hablamos de\u2026","rel":"","context":"En \u00abNACIONALES\u00bb","block_context":{"text":"NACIONALES","link":"https:\/\/lasprimeras.com.do\/index.php\/category\/nacionales\/"},"img":{"alt_text":"","src":"https:\/\/i0.wp.com\/lasprimeras.com.do\/wp-content\/uploads\/2026\/02\/acueducto.jpg?resize=350%2C200&ssl=1","width":350,"height":200,"srcset":"https:\/\/i0.wp.com\/lasprimeras.com.do\/wp-content\/uploads\/2026\/02\/acueducto.jpg?resize=350%2C200&ssl=1 1x, https:\/\/i0.wp.com\/lasprimeras.com.do\/wp-content\/uploads\/2026\/02\/acueducto.jpg?resize=525%2C300&ssl=1 1.5x, https:\/\/i0.wp.com\/lasprimeras.com.do\/wp-content\/uploads\/2026\/02\/acueducto.jpg?resize=700%2C400&ssl=1 2x"},"classes":[]},{"id":117068,"url":"https:\/\/lasprimeras.com.do\/index.php\/2025\/12\/07\/caasd-concluye-trabajos-en-el-acueducto-barrera-de-salinidad-y-restablece-servicio-en-sd-este\/","url_meta":{"origin":110436,"position":2},"title":"CAASD concluye trabajos en el Acueducto Barrera de Salinidad y restablece servicio en SD-Este","author":"Nelson Feliz","date":"7 de diciembre de 2025","format":false,"excerpt":"La Corporaci\u00f3n del Acueducto y Alcantarillado de Santo Domingo (CAASD) inform\u00f3 que concluy\u00f3 los trabajos de mantenimiento programados en el Acueducto Oriental Barrera de Salinidad, en el municipio de Santo Domingo Este, y que el sistema ya se encuentra operando con normalidad. En una nota de prensa, la instituci\u00f3n explic\u00f3\u2026","rel":"","context":"En \u00abNACIONALES\u00bb","block_context":{"text":"NACIONALES","link":"https:\/\/lasprimeras.com.do\/index.php\/category\/nacionales\/"},"img":{"alt_text":"","src":"https:\/\/i0.wp.com\/lasprimeras.com.do\/wp-content\/uploads\/2025\/12\/CAASD4.jpg?resize=350%2C200&ssl=1","width":350,"height":200,"srcset":"https:\/\/i0.wp.com\/lasprimeras.com.do\/wp-content\/uploads\/2025\/12\/CAASD4.jpg?resize=350%2C200&ssl=1 1x, https:\/\/i0.wp.com\/lasprimeras.com.do\/wp-content\/uploads\/2025\/12\/CAASD4.jpg?resize=525%2C300&ssl=1 1.5x, https:\/\/i0.wp.com\/lasprimeras.com.do\/wp-content\/uploads\/2025\/12\/CAASD4.jpg?resize=700%2C400&ssl=1 2x"},"classes":[]},{"id":110288,"url":"https:\/\/lasprimeras.com.do\/index.php\/2025\/09\/27\/indrhi-vigila-embalses-estan-los-reservorios-listos-ante-las-proximas-lluvias\/","url_meta":{"origin":110436,"position":3},"title":"INDRHI vigila embalses: \u00bfest\u00e1n los reservorios listos ante las pr\u00f3ximas lluvias?","author":"Nelson Feliz","date":"27 de septiembre de 2025","format":false,"excerpt":"El Instituto Nacional de Recursos Hidr\u00e1ulicos (INDRHI) inform\u00f3 que mantiene una vigilancia permanente sobre los embalses del pa\u00eds, al tiempo de precisar que el volumen nacional de agua en las presas ronda el 60%, encontr\u00e1ndose \u00e9stas en condiciones de recibir las precipitaciones que caen sobre el territorio nacional y las\u2026","rel":"","context":"En \u00abCLIMA\u00bb","block_context":{"text":"CLIMA","link":"https:\/\/lasprimeras.com.do\/index.php\/category\/clima\/"},"img":{"alt_text":"","src":"","width":0,"height":0},"classes":[]},{"id":123276,"url":"https:\/\/lasprimeras.com.do\/index.php\/2026\/02\/27\/abinader-presenta-inversion-historica-y-mayor-descentralizacion-de-obras-publicas-en-la-rendicion-de-cuentas\/","url_meta":{"origin":110436,"position":4},"title":"Abinader presenta inversi\u00f3n hist\u00f3rica y mayor descentralizaci\u00f3n de obras p\u00fablicas en la Rendici\u00f3n de Cuentas","author":"Nelson Feliz","date":"27 de febrero de 2026","format":false,"excerpt":"Con RD$47,290 millones ejecutados en 2025 y m\u00e1s de mil obras en todo el territorio, Gobierno impulsa la transformaci\u00f3n estructural del pa\u00eds, llevando inversi\u00f3n r\u00e9cord a cada provincia y convirtiendo a Pedernales en el mayor polo de desarrollo fuera de Santo Domingo. El presidente Luis Abinader afirm\u00f3 que la Rep\u00fablica\u2026","rel":"","context":"En \u00abECONOM\u00cdA\u00bb","block_context":{"text":"ECONOM\u00cdA","link":"https:\/\/lasprimeras.com.do\/index.php\/category\/economia\/"},"img":{"alt_text":"Rendici\u00f3n de Cuentas","src":"https:\/\/i0.wp.com\/lasprimeras.com.do\/wp-content\/uploads\/2026\/02\/Rendicion-de-Cuentas.jpg?resize=350%2C200&ssl=1","width":350,"height":200,"srcset":"https:\/\/i0.wp.com\/lasprimeras.com.do\/wp-content\/uploads\/2026\/02\/Rendicion-de-Cuentas.jpg?resize=350%2C200&ssl=1 1x, https:\/\/i0.wp.com\/lasprimeras.com.do\/wp-content\/uploads\/2026\/02\/Rendicion-de-Cuentas.jpg?resize=525%2C300&ssl=1 1.5x, https:\/\/i0.wp.com\/lasprimeras.com.do\/wp-content\/uploads\/2026\/02\/Rendicion-de-Cuentas.jpg?resize=700%2C400&ssl=1 2x"},"classes":[]},{"id":109786,"url":"https:\/\/lasprimeras.com.do\/index.php\/2025\/09\/22\/fellito-subervi-destaca-acueducto-barrera-de-salinidad-beneficiara-a-1-8-millones-de-personas-en-el-gsd\/","url_meta":{"origin":110436,"position":5},"title":"Fellito Suberv\u00ed destaca Acueducto Barrera de Salinidad beneficiar\u00e1 a 1.8 millones de personas en el GSD","author":"Nelson Feliz","date":"22 de septiembre de 2025","format":false,"excerpt":"La CAASD ejecuta esta obra clave para fortalecer el abastecimiento de agua potable en el Gran Santo Domingo. El director general de la Corporaci\u00f3n del Acueducto y Alcantarillado de Santo Domingo (CAASD), Fellito Suberv\u00ed inform\u00f3 durante un recorrido de supervisi\u00f3n junto al presidente Luis Abinader, que el Acueducto Oriental Barrera\u2026","rel":"","context":"En \u00abECONOM\u00cdA\u00bb","block_context":{"text":"ECONOM\u00cdA","link":"https:\/\/lasprimeras.com.do\/index.php\/category\/economia\/"},"img":{"alt_text":"","src":"https:\/\/i0.wp.com\/lasprimeras.com.do\/wp-content\/uploads\/2025\/09\/Fellito-Subervi-1.jpg?resize=350%2C200&ssl=1","width":350,"height":200,"srcset":"https:\/\/i0.wp.com\/lasprimeras.com.do\/wp-content\/uploads\/2025\/09\/Fellito-Subervi-1.jpg?resize=350%2C200&ssl=1 1x, https:\/\/i0.wp.com\/lasprimeras.com.do\/wp-content\/uploads\/2025\/09\/Fellito-Subervi-1.jpg?resize=525%2C300&ssl=1 1.5x, https:\/\/i0.wp.com\/lasprimeras.com.do\/wp-content\/uploads\/2025\/09\/Fellito-Subervi-1.jpg?resize=700%2C400&ssl=1 2x"},"classes":[]}],"jetpack_sharing_enabled":true,"_links":{"self":[{"href":"https:\/\/lasprimeras.com.do\/index.php\/wp-json\/wp\/v2\/posts\/110436","targetHints":{"allow":["GET"]}}],"collection":[{"href":"https:\/\/lasprimeras.com.do\/index.php\/wp-json\/wp\/v2\/posts"}],"about":[{"href":"https:\/\/lasprimeras.com.do\/index.php\/wp-json\/wp\/v2\/types\/post"}],"author":[{"embeddable":true,"href":"https:\/\/lasprimeras.com.do\/index.php\/wp-json\/wp\/v2\/users\/10"}],"replies":[{"embeddable":true,"href":"https:\/\/lasprimeras.com.do\/index.php\/wp-json\/wp\/v2\/comments?post=110436"}],"version-history":[{"count":1,"href":"https:\/\/lasprimeras.com.do\/index.php\/wp-json\/wp\/v2\/posts\/110436\/revisions"}],"predecessor-version":[{"id":110438,"href":"https:\/\/lasprimeras.com.do\/index.php\/wp-json\/wp\/v2\/posts\/110436\/revisions\/110438"}],"wp:featuredmedia":[{"embeddable":true,"href":"https:\/\/lasprimeras.com.do\/index.php\/wp-json\/wp\/v2\/media\/110437"}],"wp:attachment":[{"href":"https:\/\/lasprimeras.com.do\/index.php\/wp-json\/wp\/v2\/media?parent=110436"}],"wp:term":[{"taxonomy":"category","embeddable":true,"href":"https:\/\/lasprimeras.com.do\/index.php\/wp-json\/wp\/v2\/categories?post=110436"},{"taxonomy":"post_tag","embeddable":true,"href":"https:\/\/lasprimeras.com.do\/index.php\/wp-json\/wp\/v2\/tags?post=110436"}],"curies":[{"name":"wp","href":"https:\/\/api.w.org\/{rel}","templated":true}]}}