{"id":110444,"date":"2025-09-28T22:18:28","date_gmt":"2025-09-29T02:18:28","guid":{"rendered":"https:\/\/lasprimeras.com.do\/?p=110444"},"modified":"2025-09-28T22:18:29","modified_gmt":"2025-09-29T02:18:29","slug":"moises-gonzalez-representara-a-rd-en-el-v-congreso-iberoamericano-de-tendencias-en-marketing-en-madrid","status":"publish","type":"post","link":"https:\/\/lasprimeras.com.do\/index.php\/2025\/09\/28\/moises-gonzalez-representara-a-rd-en-el-v-congreso-iberoamericano-de-tendencias-en-marketing-en-madrid\/","title":{"rendered":"Mois\u00e9s Gonz\u00e1lez representar\u00e1 a RD en el V Congreso Iberoamericano de Tendencias en Marketing en Madrid"},"content":{"rendered":"\n<p>Madrid, Espa\u00f1a. \u2013 El periodista y estratega de comunicaci\u00f3n Mois\u00e9s Gonz\u00e1lez, director del peri\u00f3dico digital Despertar Nacional, representar\u00e1 a la Rep\u00fablica Dominicana en el V Congreso Iberoamericano de Tendencias en Marketing, Comunicaci\u00f3n y Asuntos P\u00fablicos.<\/p>\n\n\n\n<p>El evento, organizado por ATREVIA, consultora espa\u00f1ola de \u00e1mbito multinacional especializada en comunicaci\u00f3n, gesti\u00f3n de la reputaci\u00f3n y asuntos p\u00fablicos, creada en 1988, se celebrar\u00e1 los d\u00edas 29 y 30 de septiembre en CaixaForum Madrid.<\/p>\n\n\n\n<p>Gonz\u00e1lez agradeci\u00f3 a ATREVIA y a su presidenta, Nuria Vilanova, por la oportunidad de representar a la Rep\u00fablica Dominicana en este encuentro que convierte a Madrid en el epicentro de la discusi\u00f3n sobre la comunicaci\u00f3n y toda su riqueza.<\/p>\n\n\n\n<p>Asimismo, resalt\u00f3 el respaldo de las empresas United Petroleum, AES Dominicana, Evergo, y Ger\u00f3nimo Iphone cuyo apoyo hace posible su participaci\u00f3n.<\/p>\n\n\n\n<p>El congreso ser\u00e1 inaugurado por el alcalde de Madrid, Jos\u00e9 Luis Mart\u00ednez-Almeida, y reunir\u00e1 a m\u00e1s de 70 expertos de ambos lados del Atl\u00e1ntico, bajo el lema \u201cReimaginando la Comunicaci\u00f3n Organizacional: relevancia y escucha en tiempos de incertidumbre\u201d.<\/p>\n\n\n\n<p>Mois\u00e9s Gonz\u00e1lez ha desarrollado una s\u00f3lida carrera en comunicaci\u00f3n institucional, corporativa y medios de comunicaci\u00f3n. En la Presidencia de la Rep\u00fablica Dominicana ocup\u00f3 los cargos de director de Estrategia Comunicacional y director de Distribuci\u00f3n, donde lider\u00f3 proyectos de gran impacto en la articulaci\u00f3n de mensajes y en la proyecci\u00f3n de la imagen gubernamental.<\/p>\n\n\n\n<p>Asimismo, ha sido encargado de comunicaciones de la Iglesia Tabern\u00e1culo de Salvaci\u00f3n y Alabanza, y ha trabajado con importantes instituciones p\u00fablicas y privadas en el dise\u00f1o de planes estrat\u00e9gicos de comunicaci\u00f3n.<\/p>\n\n\n\n<p>Actualmente tambi\u00e9n colabora con los canales televisivos TV Quisqueya y Teleuniverso, desde donde difunde contenidos de inter\u00e9s tanto para la di\u00e1spora como para el p\u00fablico nacional e internacional, reforzando su perfil como referente en el an\u00e1lisis y la difusi\u00f3n de temas sociales, institucionales y empresariales.<\/p>\n\n\n\n<p>Cabe destacar que el peri\u00f3dico digital Despertar Nacional, dirigido por Mois\u00e9s Gonz\u00e1lez, ser\u00e1 Media Partner del evento, reforzando as\u00ed su posicionamiento como plataforma de referencia en comunicaci\u00f3n estrat\u00e9gica y cobertura internacional.<\/p>\n","protected":false},"excerpt":{"rendered":"<p>Madrid, Espa\u00f1a. \u2013 El periodista y estratega de comunicaci\u00f3n Mois\u00e9s Gonz\u00e1lez, director del peri\u00f3dico digital Despertar Nacional, representar\u00e1 a la Rep\u00fablica Dominicana en el V Congreso Iberoamericano de Tendencias en&hellip;<\/p>\n","protected":false},"author":10,"featured_media":110445,"comment_status":"open","ping_status":"open","sticky":false,"template":"","format":"standard","meta":{"content-type":"","jetpack_post_was_ever_published":false,"_jetpack_newsletter_access":"","_jetpack_dont_email_post_to_subs":false,"_jetpack_newsletter_tier_id":0,"_jetpack_memberships_contains_paywalled_content":false,"_jetpack_memberships_contains_paid_content":false,"footnotes":""},"categories":[16289],"tags":[25254,298,8244,670,301,9003,127,3557],"class_list":["post-110444","post","type-post","status-publish","format-standard","has-post-thumbnail","hentry","category-internacionales","tag-asuntos-publicos","tag-comunicacion","tag-congreso-iberoamericano","tag-madrid","tag-marketing","tag-moises-gonzalez","tag-rd","tag-tendencias"],"jetpack_featured_media_url":"https:\/\/lasprimeras.com.do\/wp-content\/uploads\/2025\/09\/Moises-Gonzalez.jpg","jetpack-related-posts":[{"id":65530,"url":"https:\/\/lasprimeras.com.do\/index.php\/2023\/10\/29\/moises-gonzalez-entrevista-a-carlos-slim-en-madrid-rd-es-un-pais-bueno-no-solo-para-beisbol\/","url_meta":{"origin":110444,"position":0},"title":"Mois\u00e9s Gonz\u00e1lez entrevista a Carlos Slim en Madrid: \u201cRD es un pa\u00eds bueno, no solo para b\u00e9isbol\u201d","author":"Nelson Feliz","date":"29 de octubre de 2023","format":false,"excerpt":"Madrid.- El presidente del Grupo Carso, Carlos Slim valor\u00f3 el clima de inversi\u00f3n en la Rep\u00fablica Dominicana al indicar que en el pa\u00eds caribe\u00f1o hay buenas condiciones para hacer negocios. Esta semana el destacado empresario mexicano recibi\u00f3 el Premio Enrique V. Iglesias, otorgado por el Consejo Empresarial Alianza por Iberoam\u00e9rica\u2026","rel":"","context":"En \u00abECONOM\u00cdA\u00bb","block_context":{"text":"ECONOM\u00cdA","link":"https:\/\/lasprimeras.com.do\/index.php\/category\/economia\/"},"img":{"alt_text":"Mois\u00e9s Gonz\u00e1lez entrevista a Carlos Slim en Madrid","src":"https:\/\/i0.wp.com\/lasprimeras.com.do\/wp-content\/uploads\/2023\/10\/Moises-Gonzalez-entrevista-a-Carlos-Slim-en-Madrid.jpg?resize=350%2C200&ssl=1","width":350,"height":200,"srcset":"https:\/\/i0.wp.com\/lasprimeras.com.do\/wp-content\/uploads\/2023\/10\/Moises-Gonzalez-entrevista-a-Carlos-Slim-en-Madrid.jpg?resize=350%2C200&ssl=1 1x, https:\/\/i0.wp.com\/lasprimeras.com.do\/wp-content\/uploads\/2023\/10\/Moises-Gonzalez-entrevista-a-Carlos-Slim-en-Madrid.jpg?resize=525%2C300&ssl=1 1.5x, https:\/\/i0.wp.com\/lasprimeras.com.do\/wp-content\/uploads\/2023\/10\/Moises-Gonzalez-entrevista-a-Carlos-Slim-en-Madrid.jpg?resize=700%2C400&ssl=1 2x"},"classes":[]},{"id":74348,"url":"https:\/\/lasprimeras.com.do\/index.php\/2024\/01\/22\/embajador-de-espana-en-rd-fitur-es-la-plataforma-por-excelencia-para-promover-la-imagen-turistica-dominicana\/","url_meta":{"origin":110444,"position":1},"title":"Embajador de Espa\u00f1a en RD resalta importancia de la Fitur","author":"Nelson Feliz","date":"22 de enero de 2024","format":false,"excerpt":"Antonio P\u00e9rez Hern\u00e1ndez dice Espa\u00f1a siempre ha sido un destino prioritario para los espa\u00f1oles. El embajador del Reino de Espa\u00f1a en la Rep\u00fablica Dominicana, Antonio P\u00e9rez-Hern\u00e1ndez y Torra, resalt\u00f3 la importancia de la Feria Internacional de Turismo (Fitur) para el turismo dominicano. Al indicar que la Rep\u00fablica Dominicana siempre ha\u2026","rel":"","context":"En \u00abPORTADA\u00bb","block_context":{"text":"PORTADA","link":"https:\/\/lasprimeras.com.do\/index.php\/category\/portada\/"},"img":{"alt_text":"Embajadorr de Espan\u0303a en RD y Moise\u0301s Gonza\u0301lez","src":"https:\/\/i0.wp.com\/lasprimeras.com.do\/wp-content\/uploads\/2024\/01\/Embajadorr-de-Espana-en-RD-y-Moises-Gonzalez.jpg?resize=350%2C200&ssl=1","width":350,"height":200,"srcset":"https:\/\/i0.wp.com\/lasprimeras.com.do\/wp-content\/uploads\/2024\/01\/Embajadorr-de-Espana-en-RD-y-Moises-Gonzalez.jpg?resize=350%2C200&ssl=1 1x, https:\/\/i0.wp.com\/lasprimeras.com.do\/wp-content\/uploads\/2024\/01\/Embajadorr-de-Espana-en-RD-y-Moises-Gonzalez.jpg?resize=525%2C300&ssl=1 1.5x, https:\/\/i0.wp.com\/lasprimeras.com.do\/wp-content\/uploads\/2024\/01\/Embajadorr-de-Espana-en-RD-y-Moises-Gonzalez.jpg?resize=700%2C400&ssl=1 2x"},"classes":[]},{"id":98790,"url":"https:\/\/lasprimeras.com.do\/index.php\/2025\/05\/12\/uasd-inaugura-v-congreso-iberoamericano-de-filosofia-de-la-ciencia-y-la-tecnologia\/","url_meta":{"origin":110444,"position":2},"title":"UASD inaugura &#8220;V Congreso Iberoamericano de Filosof\u00eda de la Ciencia y la Tecnolog\u00eda&#8221;","author":"Nelson Feliz","date":"12 de mayo de 2025","format":false,"excerpt":"Se extender\u00e1 hasta el 16 de mayo en la sede central uasdiana Con la inteligencia artificial como tema central, se dio apertura oficial en la Universidad Aut\u00f3noma de Santo Domingo (UASD) al \"V Congreso Iberoamericano de Filosof\u00eda de la Ciencia y la Tecnolog\u00eda\", evento que re\u00fane hasta el pr\u00f3ximo 16\u2026","rel":"","context":"En \u00abNACIONALES\u00bb","block_context":{"text":"NACIONALES","link":"https:\/\/lasprimeras.com.do\/index.php\/category\/nacionales\/"},"img":{"alt_text":"","src":"https:\/\/i0.wp.com\/lasprimeras.com.do\/wp-content\/uploads\/2025\/05\/Raquel-Pena.jpg?resize=350%2C200&ssl=1","width":350,"height":200,"srcset":"https:\/\/i0.wp.com\/lasprimeras.com.do\/wp-content\/uploads\/2025\/05\/Raquel-Pena.jpg?resize=350%2C200&ssl=1 1x, https:\/\/i0.wp.com\/lasprimeras.com.do\/wp-content\/uploads\/2025\/05\/Raquel-Pena.jpg?resize=525%2C300&ssl=1 1.5x, https:\/\/i0.wp.com\/lasprimeras.com.do\/wp-content\/uploads\/2025\/05\/Raquel-Pena.jpg?resize=700%2C400&ssl=1 2x"},"classes":[]},{"id":92920,"url":"https:\/\/lasprimeras.com.do\/index.php\/2025\/01\/19\/fallece-luis-gonzalez-padre-del-periodista-moises-gonzalez\/","url_meta":{"origin":110444,"position":3},"title":"Fallece Luis Gonz\u00e1lez, padre del periodista Mois\u00e9s Gonz\u00e1lez","author":"Nelson Feliz","date":"19 de enero de 2025","format":false,"excerpt":"Falleci\u00f3 este s\u00e1bado en paz del Se\u00f1or, Luis Mar\u00eda Gonz\u00e1lez Nina, padre del periodista Mois\u00e9s Gonz\u00e1lez Pe\u00f1a. Sus restos ser\u00e1n velados este martes 21 de enero a las 10 de la ma\u00f1ana en el Jard\u00edn Memorial. El deceso sucedi\u00f3 en momentos que se encontraba recibiendo atenciones de salud en un\u2026","rel":"","context":"En \u00abNACIONALES\u00bb","block_context":{"text":"NACIONALES","link":"https:\/\/lasprimeras.com.do\/index.php\/category\/nacionales\/"},"img":{"alt_text":"Luis Gonz\u00e1lez","src":"https:\/\/i0.wp.com\/lasprimeras.com.do\/wp-content\/uploads\/2025\/01\/Luis-Gonzalez.jpeg?resize=350%2C200&ssl=1","width":350,"height":200,"srcset":"https:\/\/i0.wp.com\/lasprimeras.com.do\/wp-content\/uploads\/2025\/01\/Luis-Gonzalez.jpeg?resize=350%2C200&ssl=1 1x, https:\/\/i0.wp.com\/lasprimeras.com.do\/wp-content\/uploads\/2025\/01\/Luis-Gonzalez.jpeg?resize=525%2C300&ssl=1 1.5x, https:\/\/i0.wp.com\/lasprimeras.com.do\/wp-content\/uploads\/2025\/01\/Luis-Gonzalez.jpeg?resize=700%2C400&ssl=1 2x"},"classes":[]},{"id":67296,"url":"https:\/\/lasprimeras.com.do\/index.php\/2023\/11\/14\/leonel-y-otros-expresidentes-debaten-desafios-de-la-region-iberoamericana\/","url_meta":{"origin":110444,"position":4},"title":"Leonel y otros expresidentes debaten desaf\u00edos de la regi\u00f3n iberoamericana","author":"Nelson Feliz","date":"14 de noviembre de 2023","format":false,"excerpt":"Abogan por afianzar la integraci\u00f3n a trav\u00e9s de democratizaci\u00f3n y educaci\u00f3n. MADRID, Espa\u00f1a.- El expresidente dominicano, Leonel Fern\u00e1ndez, y otros exmandatarios, debatieron sobre los desaf\u00edos actuales de la regi\u00f3n iberoamericana. Los debates se llevaron a cabo durante una reuni\u00f3n celebrada en Madrid (Espa\u00f1a), donde adem\u00e1s de Fern\u00e1ndez, participaron el exjefe\u2026","rel":"","context":"En \u00abPORTADA\u00bb","block_context":{"text":"PORTADA","link":"https:\/\/lasprimeras.com.do\/index.php\/category\/portada\/"},"img":{"alt_text":"Leonel Fern\u00e1ndez","src":"https:\/\/i0.wp.com\/lasprimeras.com.do\/wp-content\/uploads\/2023\/11\/Leonel-Fernandez-3-2.jpg?resize=350%2C200&ssl=1","width":350,"height":200,"srcset":"https:\/\/i0.wp.com\/lasprimeras.com.do\/wp-content\/uploads\/2023\/11\/Leonel-Fernandez-3-2.jpg?resize=350%2C200&ssl=1 1x, https:\/\/i0.wp.com\/lasprimeras.com.do\/wp-content\/uploads\/2023\/11\/Leonel-Fernandez-3-2.jpg?resize=525%2C300&ssl=1 1.5x, https:\/\/i0.wp.com\/lasprimeras.com.do\/wp-content\/uploads\/2023\/11\/Leonel-Fernandez-3-2.jpg?resize=700%2C400&ssl=1 2x"},"classes":[]},{"id":56442,"url":"https:\/\/lasprimeras.com.do\/index.php\/2023\/08\/01\/fjt-condena-censura-contra-medios-de-comunicacion-y-comunicadores\/","url_meta":{"origin":110444,"position":5},"title":"FJT condena censura contra medios de comunicaci\u00f3n y comunicadores","author":"Nelson Feliz","date":"1 de agosto de 2023","format":false,"excerpt":"El presidente de la Fundaci\u00f3n Justicia y Transparencia (FJT), Trajano Vidal Potentini, expres\u00f3 su preocupaci\u00f3n por las reiteradas presiones, censura previa, amenazas y amedrentamiento a los medios de comunicaci\u00f3n y comunicadores independientes, por parte de la clase gobernante y sectores vinculados al poder pol\u00edtico. Vidal Potentini, conden\u00f3 la censura y\u2026","rel":"","context":"En \u00abSin categor\u00eda\u00bb","block_context":{"text":"Sin categor\u00eda","link":"https:\/\/lasprimeras.com.do\/index.php\/category\/sin-categoria\/"},"img":{"alt_text":"Trajano Vidal Potentini","src":"https:\/\/i0.wp.com\/lasprimeras.com.do\/wp-content\/uploads\/2023\/08\/Trajano-Vidal-Potentini.jpg?resize=350%2C200&ssl=1","width":350,"height":200,"srcset":"https:\/\/i0.wp.com\/lasprimeras.com.do\/wp-content\/uploads\/2023\/08\/Trajano-Vidal-Potentini.jpg?resize=350%2C200&ssl=1 1x, https:\/\/i0.wp.com\/lasprimeras.com.do\/wp-content\/uploads\/2023\/08\/Trajano-Vidal-Potentini.jpg?resize=525%2C300&ssl=1 1.5x, https:\/\/i0.wp.com\/lasprimeras.com.do\/wp-content\/uploads\/2023\/08\/Trajano-Vidal-Potentini.jpg?resize=700%2C400&ssl=1 2x"},"classes":[]}],"jetpack_sharing_enabled":true,"_links":{"self":[{"href":"https:\/\/lasprimeras.com.do\/index.php\/wp-json\/wp\/v2\/posts\/110444","targetHints":{"allow":["GET"]}}],"collection":[{"href":"https:\/\/lasprimeras.com.do\/index.php\/wp-json\/wp\/v2\/posts"}],"about":[{"href":"https:\/\/lasprimeras.com.do\/index.php\/wp-json\/wp\/v2\/types\/post"}],"author":[{"embeddable":true,"href":"https:\/\/lasprimeras.com.do\/index.php\/wp-json\/wp\/v2\/users\/10"}],"replies":[{"embeddable":true,"href":"https:\/\/lasprimeras.com.do\/index.php\/wp-json\/wp\/v2\/comments?post=110444"}],"version-history":[{"count":1,"href":"https:\/\/lasprimeras.com.do\/index.php\/wp-json\/wp\/v2\/posts\/110444\/revisions"}],"predecessor-version":[{"id":110446,"href":"https:\/\/lasprimeras.com.do\/index.php\/wp-json\/wp\/v2\/posts\/110444\/revisions\/110446"}],"wp:featuredmedia":[{"embeddable":true,"href":"https:\/\/lasprimeras.com.do\/index.php\/wp-json\/wp\/v2\/media\/110445"}],"wp:attachment":[{"href":"https:\/\/lasprimeras.com.do\/index.php\/wp-json\/wp\/v2\/media?parent=110444"}],"wp:term":[{"taxonomy":"category","embeddable":true,"href":"https:\/\/lasprimeras.com.do\/index.php\/wp-json\/wp\/v2\/categories?post=110444"},{"taxonomy":"post_tag","embeddable":true,"href":"https:\/\/lasprimeras.com.do\/index.php\/wp-json\/wp\/v2\/tags?post=110444"}],"curies":[{"name":"wp","href":"https:\/\/api.w.org\/{rel}","templated":true}]}}