{"id":110450,"date":"2025-09-28T23:09:10","date_gmt":"2025-09-29T03:09:10","guid":{"rendered":"https:\/\/lasprimeras.com.do\/?p=110450"},"modified":"2025-09-28T23:09:12","modified_gmt":"2025-09-29T03:09:12","slug":"waldys-taveras-dice-que-el-mived-no-tiene-facultad-legal-para-cerrar-negocios-en-operacion","status":"publish","type":"post","link":"https:\/\/lasprimeras.com.do\/index.php\/2025\/09\/28\/waldys-taveras-dice-que-el-mived-no-tiene-facultad-legal-para-cerrar-negocios-en-operacion\/","title":{"rendered":"Waldys Taveras dice que el\u00a0 MIVED no tiene facultad legal para cerrar negocios \u00a0en operaci\u00f3n"},"content":{"rendered":"\n<p>El director ejecutivo de la Mancomunidad de Ayuntamientos del Gran Santo Domingo, Waldys Taveras, enfatiz\u00f3 que el Ministerio de Vivienda y Edificaciones (MIVED) no tiene facultad legal para cerrar negocios &nbsp;establecimientos en operaci\u00f3n.<\/p>\n\n\n\n<p>Su argumento se apoya en el art\u00edculo 131 de la Constituci\u00f3n, que limita las funciones de los ministerios \u00fanicamente a lo que les otorga la ley org\u00e1nica que los crea.<\/p>\n\n\n\n<p>Entrevistado en el programa Arquitectura Radial, Taveras a\u00f1adi\u00f3 que, de acuerdo con la normativa vigente, ni el Ministerio de Construcci\u00f3n ni el de Normas (los cuales menciona en referencia a la legislaci\u00f3n) ha emitido las regulaciones necesarias.<\/p>\n\n\n\n<p>Actualmente, se estar\u00edan utilizando normas aprobadas anteriormente por el Ministerio de Obras P\u00fablicas y Comunicaciones (MOPC), pero sin la debida articulaci\u00f3n con el Ministerio de Finanzas y Estructuras.<\/p>\n\n\n\n<p>En resumen, lo que Taveras sostiene es que los funcionarios p\u00fablicos no pueden extralimitarse de lo que expresamente la ley les faculta. Aunque reconozca una buena gesti\u00f3n en algunos aspectos por parte del ministro Carlos Bonilla, se\u00f1ala que el procedimiento no est\u00e1 acorde a la legalidad vigente.<\/p>\n\n\n\n<p>Seg\u00fan las declaraciones de Waldys Taveras:<\/p>\n\n\n\n<p>1. Art\u00edculo 131 de la Constituci\u00f3n Dominicana<\/p>\n\n\n\n<p>\u2022&nbsp;&nbsp;&nbsp;&nbsp;&nbsp;&nbsp;&nbsp; Establece que los ministerios y organismos del Estado solo pueden ejercer las funciones que la ley les otorga expresamente.<\/p>\n\n\n\n<p>\u2022&nbsp;&nbsp;&nbsp;&nbsp;&nbsp;&nbsp;&nbsp; En derecho administrativo, esto se conoce como el principio de legalidad: un funcionario p\u00fablico no puede inventar atribuciones ni actuar fuera de lo que la ley permite.<\/p>\n\n\n\n<p>2. Leyes que crean ministerios (seg\u00fan lo citado por Taveras)<\/p>\n\n\n\n<p>\u2022&nbsp;&nbsp;&nbsp;&nbsp;&nbsp;&nbsp;&nbsp; Art\u00edculo 31 de la ley org\u00e1nica: crea el Ministerio de Construcci\u00f3n.<\/p>\n\n\n\n<p>\u2022&nbsp;&nbsp;&nbsp;&nbsp;&nbsp;&nbsp;&nbsp; Art\u00edculo 30 de la ley org\u00e1nica: crea el Ministerio de Normas.<\/p>\n\n\n\n<p>\u2022&nbsp;&nbsp;&nbsp;&nbsp;&nbsp;&nbsp;&nbsp; Seg\u00fan Taveras, ninguno de estos ministerios ha dictado las normas correspondientes.<\/p>\n\n\n\n<p>3. Ministerio de Obras P\u00fablicas y Comunicaciones (MOPC)<\/p>\n\n\n\n<p>\u2022&nbsp;&nbsp;&nbsp;&nbsp;&nbsp;&nbsp;&nbsp; Antes de que existiera el MIVED, era el MOPC el que regulaba la construcci\u00f3n, obras y edificaciones.<\/p>\n\n\n\n<p>\u2022&nbsp;&nbsp;&nbsp;&nbsp;&nbsp;&nbsp;&nbsp; Las normas en uso actualmente son las que dej\u00f3 aprobadas ese ministerio.<\/p>\n\n\n\n<p>4. El punto central de Taveras<\/p>\n\n\n\n<p>\u2022&nbsp;&nbsp;&nbsp;&nbsp;&nbsp;&nbsp;&nbsp; El MIVED no puede cerrar negocios ni suspender operaciones porque la ley que lo crea no le otorga esa facultad.<\/p>\n\n\n\n<p>\u2022&nbsp;&nbsp;&nbsp;&nbsp;&nbsp;&nbsp;&nbsp; Para que pudiera hacerlo, tendr\u00eda que existir una normativa clara, aprobada por el Congreso o por un ministerio competente seg\u00fan la ley.<\/p>\n\n\n\n<p>\u2022&nbsp;&nbsp;&nbsp;&nbsp;&nbsp;&nbsp;&nbsp; En palabras simples: aunque tenga buenas intenciones o gestione bien, el ministro Carlos Bonilla no puede actuar fuera del marco legal.<\/p>\n\n\n\n<p>\ud83d\udc49 En conclusi\u00f3n, lo que Taveras subraya es que cualquier cierre de negocios o suspensi\u00f3n de actividades por parte del MIVED ser\u00eda ilegal por falta de competencia.<\/p>\n","protected":false},"excerpt":{"rendered":"<p>El director ejecutivo de la Mancomunidad de Ayuntamientos del Gran Santo Domingo, Waldys Taveras, enfatiz\u00f3 que el Ministerio de Vivienda y Edificaciones (MIVED) no tiene facultad legal para cerrar negocios&hellip;<\/p>\n","protected":false},"author":10,"featured_media":110451,"comment_status":"open","ping_status":"open","sticky":false,"template":"","format":"standard","meta":{"content-type":"","jetpack_post_was_ever_published":false,"_jetpack_newsletter_access":"","_jetpack_dont_email_post_to_subs":false,"_jetpack_newsletter_tier_id":0,"_jetpack_memberships_contains_paywalled_content":false,"_jetpack_memberships_contains_paid_content":false,"footnotes":""},"categories":[35,25],"tags":[25258,13833,1613,25256,1361,25257],"class_list":["post-110450","post","type-post","status-publish","format-standard","has-post-thumbnail","hentry","category-nacionales","category-portada","tag-cerrar","tag-mived","tag-negocios","tag-no-tiene-facultad-legal","tag-operacion","tag-waldys-taveras"],"jetpack_featured_media_url":"https:\/\/lasprimeras.com.do\/wp-content\/uploads\/2025\/09\/Waldys-Taveras.jpg","jetpack-related-posts":[{"id":111677,"url":"https:\/\/lasprimeras.com.do\/index.php\/2025\/10\/12\/comerciantes-chinos-abogan-por-un-acuerdo-con-las-autoridades-para-abrir-sus-tiendas\/","url_meta":{"origin":110450,"position":0},"title":"Comerciantes chinos abogan por un acuerdo con las autoridades para abrir sus tiendas","author":"Nelson Feliz","date":"12 de octubre de 2025","format":false,"excerpt":"El representante legal de varias tiendas chinas, Salvador Catrain, inform\u00f3 que esos comerciantes esperan que este lunes surja un acuerdo con las autoridades gubernamentales y se solucione la situaci\u00f3n de las once plazas cerradas desde el pasado mes de agosto por el Ministerio de la Vivienda, H\u00e1bitat y Edificaciones (Mived)\u2026","rel":"","context":"En \u00abECONOM\u00cdA\u00bb","block_context":{"text":"ECONOM\u00cdA","link":"https:\/\/lasprimeras.com.do\/index.php\/category\/economia\/"},"img":{"alt_text":"","src":"https:\/\/i0.wp.com\/lasprimeras.com.do\/wp-content\/uploads\/2025\/10\/tiendas.jpg?resize=350%2C200&ssl=1","width":350,"height":200},"classes":[]},{"id":111954,"url":"https:\/\/lasprimeras.com.do\/index.php\/2025\/10\/15\/senado-recibe-del-poder-ejecutivo-via-el-ministro-de-vivienda-anteproyecto-de-modificacion-ley-160-21\/","url_meta":{"origin":110450,"position":1},"title":"Senado recibe del Poder Ejecutivo, v\u00eda el ministro de Vivienda, anteproyecto de modificaci\u00f3n Ley 160-21","author":"Nelson Feliz","date":"15 de octubre de 2025","format":false,"excerpt":"Ricardo de Los Santos, tras valorar la iniciativa como important\u00edsima, asegur\u00f3 que ser\u00e1 presentada en los pr\u00f3ximos d\u00edas para darle el curso correspondiente. Por: Graciela Acevedo El presidente del Senado de la Rep\u00fablica, Ricardo de los Santos, recibi\u00f3 por parte del Poder Ejecutivo, en una visita que gir\u00f3 el ministro\u2026","rel":"","context":"En \u00abNACIONALES\u00bb","block_context":{"text":"NACIONALES","link":"https:\/\/lasprimeras.com.do\/index.php\/category\/nacionales\/"},"img":{"alt_text":"","src":"https:\/\/i0.wp.com\/lasprimeras.com.do\/wp-content\/uploads\/2025\/07\/senado-2-2.jpg?resize=350%2C200&ssl=1","width":350,"height":200,"srcset":"https:\/\/i0.wp.com\/lasprimeras.com.do\/wp-content\/uploads\/2025\/07\/senado-2-2.jpg?resize=350%2C200&ssl=1 1x, https:\/\/i0.wp.com\/lasprimeras.com.do\/wp-content\/uploads\/2025\/07\/senado-2-2.jpg?resize=525%2C300&ssl=1 1.5x, https:\/\/i0.wp.com\/lasprimeras.com.do\/wp-content\/uploads\/2025\/07\/senado-2-2.jpg?resize=700%2C400&ssl=1 2x"},"classes":[]},{"id":110409,"url":"https:\/\/lasprimeras.com.do\/index.php\/2025\/09\/28\/rosa-ng-pide-a-abinader-interceder-por-el-cierre-de-los-comercios-chinos\/","url_meta":{"origin":110450,"position":2},"title":"Rosa NG pide a Abinader interceder por el cierre de los comercios chinos","author":"Nelson Feliz","date":"28 de septiembre de 2025","format":false,"excerpt":"Representantes de la comunidad china en el pa\u00eds exigieron la apertura de los negocios El Mived los cerr\u00f3 tras detectar fallas estructurales en las edificaciones en que operaban La presidenta de la Fundaci\u00f3n Flor para Todos, Rosa Ng, pidi\u00f3 al presidente Luis Abinader interceder ante el cierre de comercios de\u2026","rel":"","context":"En \u00abECONOM\u00cdA\u00bb","block_context":{"text":"ECONOM\u00cdA","link":"https:\/\/lasprimeras.com.do\/index.php\/category\/economia\/"},"img":{"alt_text":"","src":"https:\/\/i0.wp.com\/lasprimeras.com.do\/wp-content\/uploads\/2025\/09\/Rosa-NG.jpg?resize=350%2C200&ssl=1","width":350,"height":200},"classes":[]},{"id":128646,"url":"https:\/\/lasprimeras.com.do\/index.php\/2026\/04\/25\/presidente-abinader-inaugura-carretera-que-conecta-a-tavera-con-jarabacoa\/","url_meta":{"origin":110450,"position":3},"title":"Presidente Abinader inaugura carretera que conecta a Tavera con Jarabacoa","author":"Nelson Feliz","date":"25 de abril de 2026","format":false,"excerpt":"Abinader dice nunca antes se hab\u00edan hecho tantas carreteras y tantas mejor\u00edas en la sierra El presidente Luis Abinader inaugur\u00f3 este s\u00e1bado la carretera que enlaza el distrito municipal de Tavera con el municipio de Jarabacoa, en la provincia de La Vega, una infraestructura clave para la conectividad y el\u2026","rel":"","context":"En \u00abNACIONALES\u00bb","block_context":{"text":"NACIONALES","link":"https:\/\/lasprimeras.com.do\/index.php\/category\/nacionales\/"},"img":{"alt_text":"","src":"https:\/\/i0.wp.com\/lasprimeras.com.do\/wp-content\/uploads\/2026\/04\/abina-1.jpg?resize=350%2C200&ssl=1","width":350,"height":200,"srcset":"https:\/\/i0.wp.com\/lasprimeras.com.do\/wp-content\/uploads\/2026\/04\/abina-1.jpg?resize=350%2C200&ssl=1 1x, https:\/\/i0.wp.com\/lasprimeras.com.do\/wp-content\/uploads\/2026\/04\/abina-1.jpg?resize=525%2C300&ssl=1 1.5x, https:\/\/i0.wp.com\/lasprimeras.com.do\/wp-content\/uploads\/2026\/04\/abina-1.jpg?resize=700%2C400&ssl=1 2x"},"classes":[]},{"id":85308,"url":"https:\/\/lasprimeras.com.do\/index.php\/2024\/06\/27\/mived-refuerza-acciones-preventivas-y-de-fiscalizacion-en-construccion-de-obras\/","url_meta":{"origin":110450,"position":4},"title":"MIVED refuerza acciones preventivas y de fiscalizaci\u00f3n en construcci\u00f3n de obras","author":"Nelson Feliz","date":"27 de junio de 2024","format":false,"excerpt":"Desde el 2023 ha identificado y penalizado a varios proyectos que no han cumplido con las regulaciones. El Ministerio de Vivienda y Edificaciones (MIVED) inform\u00f3 que, en un esfuerzo continuo por mejorar la seguridad y el cumplimiento de las normativas en la industria de la construcci\u00f3n, ha intensificado sus acciones\u2026","rel":"","context":"En \u00abNACIONALES\u00bb","block_context":{"text":"NACIONALES","link":"https:\/\/lasprimeras.com.do\/index.php\/category\/nacionales\/"},"img":{"alt_text":"","src":"https:\/\/i0.wp.com\/lasprimeras.com.do\/wp-content\/uploads\/2024\/06\/mived-1.jpg?resize=350%2C200&ssl=1","width":350,"height":200,"srcset":"https:\/\/i0.wp.com\/lasprimeras.com.do\/wp-content\/uploads\/2024\/06\/mived-1.jpg?resize=350%2C200&ssl=1 1x, https:\/\/i0.wp.com\/lasprimeras.com.do\/wp-content\/uploads\/2024\/06\/mived-1.jpg?resize=525%2C300&ssl=1 1.5x"},"classes":[]},{"id":104623,"url":"https:\/\/lasprimeras.com.do\/index.php\/2025\/07\/25\/isaura-taveras-se-querella-contra-aquiles-jimenez-y-exige-rd10-millones-por-danos-morales\/","url_meta":{"origin":110450,"position":5},"title":"Isaura Taveras se querella contra Aquiles Jim\u00e9nez y exige RD$10 millones por da\u00f1os morales","author":"Nelson Feliz","date":"25 de julio de 2025","format":false,"excerpt":"La querella fue interpuesta por varias declaraciones realizadas por Jim\u00e9nez en sus redes sociales. La conductora radial Rita Isaura Taveras Henr\u00edquez interpuso una querella formal por difamaci\u00f3n e injuria contra Aquiles Jim\u00e9nez, a ra\u00edz de varias publicaciones realizadas en sus redes sociales. La demanda fue presentada por los abogados de\u2026","rel":"","context":"En \u00abENTRETENIMIENTO\u00bb","block_context":{"text":"ENTRETENIMIENTO","link":"https:\/\/lasprimeras.com.do\/index.php\/category\/entretenimiento\/"},"img":{"alt_text":"Isaura Taveras Henr\u00edquez","src":"https:\/\/i0.wp.com\/lasprimeras.com.do\/wp-content\/uploads\/2025\/07\/Isaura-Taveras-Henriquez.jpg?resize=350%2C200&ssl=1","width":350,"height":200,"srcset":"https:\/\/i0.wp.com\/lasprimeras.com.do\/wp-content\/uploads\/2025\/07\/Isaura-Taveras-Henriquez.jpg?resize=350%2C200&ssl=1 1x, https:\/\/i0.wp.com\/lasprimeras.com.do\/wp-content\/uploads\/2025\/07\/Isaura-Taveras-Henriquez.jpg?resize=525%2C300&ssl=1 1.5x, https:\/\/i0.wp.com\/lasprimeras.com.do\/wp-content\/uploads\/2025\/07\/Isaura-Taveras-Henriquez.jpg?resize=700%2C400&ssl=1 2x"},"classes":[]}],"jetpack_sharing_enabled":true,"_links":{"self":[{"href":"https:\/\/lasprimeras.com.do\/index.php\/wp-json\/wp\/v2\/posts\/110450","targetHints":{"allow":["GET"]}}],"collection":[{"href":"https:\/\/lasprimeras.com.do\/index.php\/wp-json\/wp\/v2\/posts"}],"about":[{"href":"https:\/\/lasprimeras.com.do\/index.php\/wp-json\/wp\/v2\/types\/post"}],"author":[{"embeddable":true,"href":"https:\/\/lasprimeras.com.do\/index.php\/wp-json\/wp\/v2\/users\/10"}],"replies":[{"embeddable":true,"href":"https:\/\/lasprimeras.com.do\/index.php\/wp-json\/wp\/v2\/comments?post=110450"}],"version-history":[{"count":1,"href":"https:\/\/lasprimeras.com.do\/index.php\/wp-json\/wp\/v2\/posts\/110450\/revisions"}],"predecessor-version":[{"id":110452,"href":"https:\/\/lasprimeras.com.do\/index.php\/wp-json\/wp\/v2\/posts\/110450\/revisions\/110452"}],"wp:featuredmedia":[{"embeddable":true,"href":"https:\/\/lasprimeras.com.do\/index.php\/wp-json\/wp\/v2\/media\/110451"}],"wp:attachment":[{"href":"https:\/\/lasprimeras.com.do\/index.php\/wp-json\/wp\/v2\/media?parent=110450"}],"wp:term":[{"taxonomy":"category","embeddable":true,"href":"https:\/\/lasprimeras.com.do\/index.php\/wp-json\/wp\/v2\/categories?post=110450"},{"taxonomy":"post_tag","embeddable":true,"href":"https:\/\/lasprimeras.com.do\/index.php\/wp-json\/wp\/v2\/tags?post=110450"}],"curies":[{"name":"wp","href":"https:\/\/api.w.org\/{rel}","templated":true}]}}