{"id":110471,"date":"2025-09-29T08:20:49","date_gmt":"2025-09-29T12:20:49","guid":{"rendered":"https:\/\/lasprimeras.com.do\/?p=110471"},"modified":"2025-09-29T08:20:51","modified_gmt":"2025-09-29T12:20:51","slug":"el-partido-pro-ue-de-moldavia-obtiene-una-clara-mayoria-parlamentaria-derrotando-a-los-grupos-pro-rusos","status":"publish","type":"post","link":"https:\/\/lasprimeras.com.do\/index.php\/2025\/09\/29\/el-partido-pro-ue-de-moldavia-obtiene-una-clara-mayoria-parlamentaria-derrotando-a-los-grupos-pro-rusos\/","title":{"rendered":"El partido pro-UE de Moldavia obtiene una clara mayor\u00eda parlamentaria, derrotando a los grupos pro-rusos"},"content":{"rendered":"\n<p>Por STEPHEN McGRATH<\/p>\n\n\n\n<p>POR QU\u00c9 ES IMPORTANTE: Moldavia, una antigua rep\u00fablica sovi\u00e9tica, ha adoptado en los \u00faltimos a\u00f1os una clara orientaci\u00f3n hacia Occidente, convirti\u00e9ndose en un campo de batalla geopol\u00edtico entre Rusia y Europa. Tras la invasi\u00f3n a gran escala de Ucrania por parte de Rusia en 2022 , solicit\u00f3 su adhesi\u00f3n a la Uni\u00f3n Europea y obtuvo la condici\u00f3n de candidato ese mismo a\u00f1o.<\/p>\n\n\n\n<p>Las elecciones fueron consideradas ampliamente como una disyuntiva para los moldavos: un camino hacia la UE o un retorno a Mosc\u00fa.<\/p>\n\n\n\n<p>CHISINAU, Moldavia (AP) \u2014 Los moldavos dieron al partido gobernante prooccidental del pa\u00eds una clara mayor\u00eda parlamentaria en una elecci\u00f3n del fin de semana, derrotando a los grupos prorrusos en una votaci\u00f3n considerada ampliamente como una dura elecci\u00f3n entre Oriente y Occidente.<\/p>\n\n\n\n<p>El lunes, los l\u00edderes europeos elogiaron a los moldavos por reafirmar su compromiso con la v\u00eda occidental y su futura pertenencia a la Uni\u00f3n Europea ante la presunta injerencia rusa. El pa\u00eds es peque\u00f1o en tama\u00f1o y poblaci\u00f3n, pero de enorme importancia geopol\u00edtica.<\/p>\n\n\n\n<p>\u201cDejaron clara su elecci\u00f3n: Europa. Democracia. Libertad\u201d, dijo la presidenta de la Comisi\u00f3n Europea, Ursula von der Leyen, en una publicaci\u00f3n en X. \u201cNing\u00fan intento de sembrar el miedo ni la divisi\u00f3n podr\u00eda quebrantar su determinaci\u00f3n\u201d.<\/p>\n\n\n\n<p>Moldavia , situada entre Ucrania devastada por la guerra y Rumania, miembro de la UE y la OTAN, fue una rep\u00fablica sovi\u00e9tica hasta que proclam\u00f3 su independencia en 1991. En los \u00faltimos a\u00f1os ha tomado un claro camino hacia Occidente, convirtiendo al pa\u00eds en un campo de batalla geopol\u00edtico entre Rusia y Europa.<\/p>\n\n\n\n<p>El resultado de la re\u00f1ida votaci\u00f3n del domingo fue notable considerando las reiteradas afirmaciones de las autoridades moldavas de que Rusia estaba librando una vasta &#8220;guerra h\u00edbrida&#8221; para intentar influir en el resultado y tomar el poder en Chisin\u00e1u.<\/p>\n\n\n\n<p>Moldavia solicit\u00f3 su adhesi\u00f3n a la UE en 2022 tras la invasi\u00f3n a gran escala de Ucrania por parte de Rusia, y ese mismo a\u00f1o se le concedi\u00f3 el estatus de candidato. Bruselas acord\u00f3 iniciar las negociaciones de adhesi\u00f3n el a\u00f1o pasado.<\/p>\n\n\n\n<p>Los resultados de las elecciones<\/p>\n\n\n\n<p>Tras el recuento de casi todos los votos en los colegios electorales el lunes, los datos electorales mostraron que el Partido de Acci\u00f3n y Solidaridad (PAS), proeuropeo, obtuvo el 50,1% de los votos, mientras que el Bloque Electoral Patri\u00f3tico, prorruso, obtuvo el 24,2%.<\/p>\n\n\n\n<p>El Bloque Alternativa, prorruso, qued\u00f3 en tercer lugar, seguido del populista Nuestro Partido. El partido derechista Democracia en Casa tambi\u00e9n obtuvo suficientes votos para entrar en el parlamento.<\/p>\n\n\n\n<p>La tensa votaci\u00f3n del domingo enfrent\u00f3 al partido gobernante PAS con varios oponentes afines a Rusia, pero sin ning\u00fan socio proeuropeo viable. Los datos electorales indican que el partido obtendr\u00e1 una clara mayor\u00eda de aproximadamente 55 de los 101 esca\u00f1os de la legislatura.<\/p>\n\n\n\n<p>El lunes por la ma\u00f1ana, en la sede de campa\u00f1a del PAS en la capital, Chisinau, el l\u00edder del partido, Igor Grosu, describi\u00f3 la elecci\u00f3n como otra batalla contra \u201cenemigos de nuestro pa\u00eds que alguna vez parec\u00edan imposibles de derrotar\u201d, diciendo que la carrera era una \u201cbatalla final por el futuro\u201d.<\/p>\n\n\n\n<p>\u201cNo fue solo el PAS el que gan\u00f3 estas elecciones, fue el pueblo el que gan\u00f3\u201d, dijo. \u201cLa Federaci\u00f3n Rusa lanz\u00f3 a la batalla todo lo m\u00e1s vil que ten\u00eda: monta\u00f1as de dinero, monta\u00f1as de mentiras, monta\u00f1as de ilegalidades. Utiliz\u00f3 a criminales para intentar convertir nuestro pa\u00eds en un para\u00edso para el crimen. Lo llen\u00f3 todo de odio\u201d.<\/p>\n\n\n\n<p>Construyendo un nuevo gobierno<\/p>\n\n\n\n<p>Tras las elecciones legislativas, el presidente de Moldavia nombra a un primer ministro, generalmente del partido o bloque gobernante, que puede intentar formar un nuevo gobierno. El gobierno propuesto requiere entonces la aprobaci\u00f3n parlamentaria.<\/p>\n\n\n\n<p>Se considera probable que la presidenta Maia Sandu, quien fund\u00f3 el PAS en 2016, opte por cierta continuidad al nominar nuevamente al primer ministro prooccidental Dorin Recean, un economista que ha guiado al gobierno de Moldavia a trav\u00e9s de m\u00faltiples crisis desde 2023. Recean tambi\u00e9n se desempe\u00f1\u00f3 anteriormente como asesor de defensa y seguridad de Sandu.<\/p>\n\n\n\n<p>En declaraciones a los periodistas en el edificio de campa\u00f1a del PAS, Recean dijo que los moldavos \u201cdemostraron que su libertad no tiene precio y que su libertad no se puede comprar, su libertad no puede ser influenciada por la propaganda y el alarmismo de Rusia\u201d.<\/p>\n\n\n\n<p>\u201cLa principal tarea en este momento es volver a unir a la sociedad, porque lo que Rusia logr\u00f3 fue producir mucha tensi\u00f3n y divisi\u00f3n en la sociedad\u201d, a\u00f1adi\u00f3.<\/p>\n\n\n\n<p>Los presuntos planes rusos inclu\u00edan la orquestaci\u00f3n de un plan de compra de votos a gran escala, la realizaci\u00f3n de m\u00e1s de 1.000 ciberataques a infraestructura gubernamental cr\u00edtica en lo que va del a\u00f1o, un plan para incitar disturbios en torno a las elecciones del domingo y una extensa campa\u00f1a de desinformaci\u00f3n en l\u00ednea para influir en los votantes.<\/p>\n\n\n\n<p>El presidente ucraniano, Volodymyr Zelenskyy, dijo que hab\u00eda hablado por tel\u00e9fono con la presidenta Sandu y la felicit\u00f3 por lo que llam\u00f3 \u201cuna victoria muy importante\u201d para Moldavia.<\/p>\n\n\n\n<p>\u201cLa subversi\u00f3n rusa, la desinformaci\u00f3n constante: nada de esto funcion\u00f3\u201d, dijo Zelenskyy.<\/p>\n\n\n\n<p>Amenazas de bomba y ciberataques el d\u00eda de las elecciones<\/p>\n\n\n\n<p>La jornada electoral se vio afectada por una serie de incidentes, desde amenazas de bomba en varios colegios electorales en el extranjero hasta ciberataques a infraestructuras electorales y gubernamentales, votantes que fotografiaron sus papeletas y algunos fueron trasladados ilegalmente a los colegios electorales.<\/p>\n\n\n\n<p>Tres personas tambi\u00e9n fueron detenidas, sospechosas de conspirar para causar disturbios tras la votaci\u00f3n.<\/p>\n\n\n\n<p>El ex presidente y miembro del prorruso Bloque Electoral Patri\u00f3tico, Igor Dodon, convoc\u00f3 el lunes una protesta frente al edificio del Parlamento tras afirmar, sin presentar ninguna prueba, que el partido gobernante PAS intervino en la votaci\u00f3n.<\/p>\n\n\n\n<p>El PAS hizo campa\u00f1a con la promesa de continuar el camino de Moldavia hacia la membres\u00eda en la UE firmando un tratado de adhesi\u00f3n al bloque de 27 naciones para 2028, duplicando los ingresos, modernizando la infraestructura y luchando contra la corrupci\u00f3n.<\/p>\n\n\n\n<p>Una victoria inequ\u00edvoca<\/p>\n\n\n\n<p>Cristian Cantir, profesor asociado moldavo de relaciones internacionales en la Universidad de Oakland en Michigan, dijo a The Associated Press que la victoria del PAS es \u201cuna clara victoria para las fuerzas proeuropeas en Moldavia, que podr\u00e1n asegurar la continuidad en los pr\u00f3ximos a\u00f1os en la b\u00fasqueda de su objetivo final de integraci\u00f3n a la UE\u201d.<\/p>\n\n\n\n<p>\u201cUna mayor\u00eda del PAS evita que el partido tenga que formar una coalici\u00f3n que probablemente habr\u00eda sido inestable y habr\u00eda ralentizado el ritmo de las reformas para unirse a la UE\u201d, dijo, pero a\u00f1adi\u00f3: \u201cMoldavia seguir\u00e1 en un entorno geopol\u00edtico dif\u00edcil caracterizado por los intentos de Rusia de arrastrarla de nuevo a su esfera de influencia\u201d.<\/p>\n\n\n\n<p>Seg\u00fan la Comisi\u00f3n Electoral Central, alrededor de 1,6 millones de personas, o aproximadamente el 52,1% de los electores habilitados, emitieron sus votos, de los cuales 280.000 procedieron de colegios electorales situados en el extranjero.<\/p>\n\n\n\n<p>El Kremlin declar\u00f3 el lunes que cientos de miles de moldavos residentes en Rusia no pudieron votar en las elecciones debido a la presunta falta de colegios electorales establecidos en el pa\u00eds.<\/p>\n\n\n\n<p>El portavoz del Kremlin, Dmitry Peskov, afirm\u00f3 que era &#8220;evidentemente insuficiente y que no se pod\u00eda dar a todos la oportunidad de votar&#8221;, sin proporcionar m\u00e1s detalles.<\/p>\n","protected":false},"excerpt":{"rendered":"<p>Por STEPHEN McGRATH POR QU\u00c9 ES IMPORTANTE: Moldavia, una antigua rep\u00fablica sovi\u00e9tica, ha adoptado en los \u00faltimos a\u00f1os una clara orientaci\u00f3n hacia Occidente, convirti\u00e9ndose en un campo de batalla geopol\u00edtico&hellip;<\/p>\n","protected":false},"author":10,"featured_media":110472,"comment_status":"open","ping_status":"open","sticky":false,"template":"","format":"standard","meta":{"content-type":"","jetpack_post_was_ever_published":false,"_jetpack_newsletter_access":"","_jetpack_dont_email_post_to_subs":false,"_jetpack_newsletter_tier_id":0,"_jetpack_memberships_contains_paywalled_content":false,"_jetpack_memberships_contains_paid_content":false,"footnotes":""},"categories":[16289],"tags":[3708,25274,25273,25272],"class_list":["post-110471","post","type-post","status-publish","format-standard","has-post-thumbnail","hentry","category-internacionales","tag-derrota","tag-grupos-pro-rusos","tag-moldavia-obtiene-una-clara-mayoria-parlamentaria","tag-partido-pro-ue"],"jetpack_featured_media_url":"https:\/\/lasprimeras.com.do\/wp-content\/uploads\/2025\/09\/El-partido-pro-UE-de-Moldavia.jpg","jetpack-related-posts":[{"id":92285,"url":"https:\/\/lasprimeras.com.do\/index.php\/2025\/01\/01\/termina-la-era-del-gas-ruso-barato-para-la-union-europea-al-detenerse-su-transito-por-ucrania\/","url_meta":{"origin":110471,"position":0},"title":"Termina la era del gas ruso barato para la Uni\u00f3n Europea al detenerse su tr\u00e1nsito por Ucrania","author":"Nelson Feliz","date":"1 de enero de 2025","format":false,"excerpt":"Nick Thorpe y Laura GozziT\u00edtulo del autor,BBC News El gas ruso ha dejado de fluir a los estados de la Uni\u00f3n Europea a trav\u00e9s de Ucrania despu\u00e9s de que expirara un convenio de cinco a\u00f1os, lo que marca el final de un acuerdo que dur\u00f3 d\u00e9cadas. El presidente ucraniano, Volodymyr\u2026","rel":"","context":"En \u00abINTERNACIONALES\u00bb","block_context":{"text":"INTERNACIONALES","link":"https:\/\/lasprimeras.com.do\/index.php\/category\/sin-categoria\/internacionales\/"},"img":{"alt_text":"","src":"https:\/\/i0.wp.com\/lasprimeras.com.do\/wp-content\/uploads\/2025\/01\/gas-ruso.jpg?resize=350%2C200&ssl=1","width":350,"height":200,"srcset":"https:\/\/i0.wp.com\/lasprimeras.com.do\/wp-content\/uploads\/2025\/01\/gas-ruso.jpg?resize=350%2C200&ssl=1 1x, https:\/\/i0.wp.com\/lasprimeras.com.do\/wp-content\/uploads\/2025\/01\/gas-ruso.jpg?resize=525%2C300&ssl=1 1.5x"},"classes":[]},{"id":103383,"url":"https:\/\/lasprimeras.com.do\/index.php\/2025\/07\/15\/ministros-de-la-ue-discuten-un-acuerdo-con-israel-para-aumentar-la-ayuda-a-gaza\/","url_meta":{"origin":110471,"position":1},"title":"Ministros de la UE discuten un acuerdo con Israel para aumentar la ayuda a Gaza","author":"Nelson Feliz","date":"15 de julio de 2025","format":false,"excerpt":"POR SAM McNEIL BRUSELAS (AP) \u2014 La Uni\u00f3n Europea ha pedido informaci\u00f3n actualizada a Israel sobre la implementaci\u00f3n de un nuevo acuerdo para entregar ayuda humanitaria a Gaza, seg\u00fan Kaja Kallas, la jefa de pol\u00edtica exterior del bloque. Los ministros de Relaciones Exteriores de las 27 naciones miembros de la\u2026","rel":"","context":"En \u00abINTERNACIONALES\u00bb","block_context":{"text":"INTERNACIONALES","link":"https:\/\/lasprimeras.com.do\/index.php\/category\/sin-categoria\/internacionales\/"},"img":{"alt_text":"","src":"https:\/\/i0.wp.com\/lasprimeras.com.do\/wp-content\/uploads\/2025\/07\/Relaciones-Exteriores.jpg?resize=350%2C200&ssl=1","width":350,"height":200,"srcset":"https:\/\/i0.wp.com\/lasprimeras.com.do\/wp-content\/uploads\/2025\/07\/Relaciones-Exteriores.jpg?resize=350%2C200&ssl=1 1x, https:\/\/i0.wp.com\/lasprimeras.com.do\/wp-content\/uploads\/2025\/07\/Relaciones-Exteriores.jpg?resize=525%2C300&ssl=1 1.5x, https:\/\/i0.wp.com\/lasprimeras.com.do\/wp-content\/uploads\/2025\/07\/Relaciones-Exteriores.jpg?resize=700%2C400&ssl=1 2x"},"classes":[]},{"id":83486,"url":"https:\/\/lasprimeras.com.do\/index.php\/2024\/05\/18\/el-presidente-de-georgia-veta-la-ley-de-medios-que-ha-provocado-semanas-de-protestas\/","url_meta":{"origin":110471,"position":2},"title":"El presidente de Georgia veta la ley de medios que ha provocado semanas de protestas","author":"Nelson Feliz","date":"18 de mayo de 2024","format":false,"excerpt":"TBILISI, Georgia (AP) \u2014 El presidente de Georgia vet\u00f3 el s\u00e1bado la llamada \u201cley rusa\u201d dirigida a los medios de comunicaci\u00f3n y que ha provocado semanas de protestas masivas . La ley exigir\u00eda que los medios y las ONG se registren como \u201cque persiguen los intereses de una potencia extranjera\u201d\u2026","rel":"","context":"En \u00abSin categor\u00eda\u00bb","block_context":{"text":"Sin categor\u00eda","link":"https:\/\/lasprimeras.com.do\/index.php\/category\/sin-categoria\/"},"img":{"alt_text":"","src":"https:\/\/i0.wp.com\/lasprimeras.com.do\/wp-content\/uploads\/2024\/05\/Salome-Zourabichvili.jpg?resize=350%2C200&ssl=1","width":350,"height":200,"srcset":"https:\/\/i0.wp.com\/lasprimeras.com.do\/wp-content\/uploads\/2024\/05\/Salome-Zourabichvili.jpg?resize=350%2C200&ssl=1 1x, https:\/\/i0.wp.com\/lasprimeras.com.do\/wp-content\/uploads\/2024\/05\/Salome-Zourabichvili.jpg?resize=525%2C300&ssl=1 1.5x, https:\/\/i0.wp.com\/lasprimeras.com.do\/wp-content\/uploads\/2024\/05\/Salome-Zourabichvili.jpg?resize=700%2C400&ssl=1 2x"},"classes":[]},{"id":91793,"url":"https:\/\/lasprimeras.com.do\/index.php\/2024\/12\/01\/von-der-leyen-deja-la-puerta-de-la-ue-abierta-para-que-georgia-retome-la-senda-europea\/","url_meta":{"origin":110471,"position":3},"title":"Von der leyen deja la puerta de la UE &#8220;abierta&#8221; para que Georgia retome la senda europea","author":"Nelson Feliz","date":"1 de diciembre de 2024","format":false,"excerpt":"Bruselas, (EFE).- La presidenta de la Comisi\u00f3n Europea, Ursula von der Leyen, dej\u00f3 este domingo la puerta \"abierta\" a que las autoridades de Georgia retomen la senda de su camino a la Uni\u00f3n Europea, tras lamentar que el actual gobierno prorruso haya congelado hasta 2028 el comienzo de las negociaciones\u2026","rel":"","context":"En \u00abINTERNACIONALES\u00bb","block_context":{"text":"INTERNACIONALES","link":"https:\/\/lasprimeras.com.do\/index.php\/category\/sin-categoria\/internacionales\/"},"img":{"alt_text":"","src":"https:\/\/i0.wp.com\/lasprimeras.com.do\/wp-content\/uploads\/2024\/12\/Ursula-von-der-Leyen.jpg?resize=350%2C200&ssl=1","width":350,"height":200,"srcset":"https:\/\/i0.wp.com\/lasprimeras.com.do\/wp-content\/uploads\/2024\/12\/Ursula-von-der-Leyen.jpg?resize=350%2C200&ssl=1 1x, https:\/\/i0.wp.com\/lasprimeras.com.do\/wp-content\/uploads\/2024\/12\/Ursula-von-der-Leyen.jpg?resize=525%2C300&ssl=1 1.5x"},"classes":[]},{"id":111901,"url":"https:\/\/lasprimeras.com.do\/index.php\/2025\/10\/15\/la-jefa-de-la-ue-insta-a-serbia-a-avanzar-en-reformas-y-aplicar-sanciones-contra-rusia\/","url_meta":{"origin":110471,"position":4},"title":"La jefa de la UE insta a Serbia a avanzar en reformas y aplicar sanciones contra Rusia","author":"Nelson Feliz","date":"15 de octubre de 2025","format":false,"excerpt":"POR JOVANA GEC BELGRADO, Serbia (AP) \u2014 La principal funcionaria de la Uni\u00f3n Europea inst\u00f3 el mi\u00e9rcoles al l\u00edder populista de Serbia a \u201cconcretar\u201d su proclamado objetivo de unirse al bloque de 27 naciones, lo que incluir\u00eda implementar sanciones contra su aliado tradicional, Rusia. La presidenta de la Comisi\u00f3n Europea,\u2026","rel":"","context":"En \u00abINTERNACIONALES\u00bb","block_context":{"text":"INTERNACIONALES","link":"https:\/\/lasprimeras.com.do\/index.php\/category\/sin-categoria\/internacionales\/"},"img":{"alt_text":"","src":"https:\/\/i0.wp.com\/lasprimeras.com.do\/wp-content\/uploads\/2025\/10\/Ursula-von-der-Leyen.jpg?resize=350%2C200&ssl=1","width":350,"height":200,"srcset":"https:\/\/i0.wp.com\/lasprimeras.com.do\/wp-content\/uploads\/2025\/10\/Ursula-von-der-Leyen.jpg?resize=350%2C200&ssl=1 1x, https:\/\/i0.wp.com\/lasprimeras.com.do\/wp-content\/uploads\/2025\/10\/Ursula-von-der-Leyen.jpg?resize=525%2C300&ssl=1 1.5x, https:\/\/i0.wp.com\/lasprimeras.com.do\/wp-content\/uploads\/2025\/10\/Ursula-von-der-Leyen.jpg?resize=700%2C400&ssl=1 2x"},"classes":[]},{"id":84039,"url":"https:\/\/lasprimeras.com.do\/index.php\/2024\/05\/30\/blinken-ataca-desinformacion-rusa-despues-de-insinuar-que-ee-uu-permitira-que-ucrania-ataque-a-rusia\/","url_meta":{"origin":110471,"position":5},"title":"Blinken ataca desinformaci\u00f3n rusa despu\u00e9s de insinuar que EE.UU permitir\u00e1 que Ucrania ataque a Rusia","author":"Nelson Feliz","date":"30 de mayo de 2024","format":false,"excerpt":"POR MATTHEW LEE PRAGA (AP) \u2014 El secretario de Estado de Estados Unidos, Antony Blinken, atac\u00f3 el jueves los intentos rusos de sembrar discordia en las democracias con informaci\u00f3n err\u00f3nea despu\u00e9s de insinuar que la administraci\u00f3n Biden pronto podr\u00eda permitir que Ucrania use municiones suministradas por Estados Unidos para atacar\u2026","rel":"","context":"En \u00abSin categor\u00eda\u00bb","block_context":{"text":"Sin categor\u00eda","link":"https:\/\/lasprimeras.com.do\/index.php\/category\/sin-categoria\/"},"img":{"alt_text":"Antony Blinken","src":"https:\/\/i0.wp.com\/lasprimeras.com.do\/wp-content\/uploads\/2024\/05\/Antony-Blinken-1.jpg?resize=350%2C200&ssl=1","width":350,"height":200,"srcset":"https:\/\/i0.wp.com\/lasprimeras.com.do\/wp-content\/uploads\/2024\/05\/Antony-Blinken-1.jpg?resize=350%2C200&ssl=1 1x, https:\/\/i0.wp.com\/lasprimeras.com.do\/wp-content\/uploads\/2024\/05\/Antony-Blinken-1.jpg?resize=525%2C300&ssl=1 1.5x, https:\/\/i0.wp.com\/lasprimeras.com.do\/wp-content\/uploads\/2024\/05\/Antony-Blinken-1.jpg?resize=700%2C400&ssl=1 2x"},"classes":[]}],"jetpack_sharing_enabled":true,"_links":{"self":[{"href":"https:\/\/lasprimeras.com.do\/index.php\/wp-json\/wp\/v2\/posts\/110471","targetHints":{"allow":["GET"]}}],"collection":[{"href":"https:\/\/lasprimeras.com.do\/index.php\/wp-json\/wp\/v2\/posts"}],"about":[{"href":"https:\/\/lasprimeras.com.do\/index.php\/wp-json\/wp\/v2\/types\/post"}],"author":[{"embeddable":true,"href":"https:\/\/lasprimeras.com.do\/index.php\/wp-json\/wp\/v2\/users\/10"}],"replies":[{"embeddable":true,"href":"https:\/\/lasprimeras.com.do\/index.php\/wp-json\/wp\/v2\/comments?post=110471"}],"version-history":[{"count":1,"href":"https:\/\/lasprimeras.com.do\/index.php\/wp-json\/wp\/v2\/posts\/110471\/revisions"}],"predecessor-version":[{"id":110473,"href":"https:\/\/lasprimeras.com.do\/index.php\/wp-json\/wp\/v2\/posts\/110471\/revisions\/110473"}],"wp:featuredmedia":[{"embeddable":true,"href":"https:\/\/lasprimeras.com.do\/index.php\/wp-json\/wp\/v2\/media\/110472"}],"wp:attachment":[{"href":"https:\/\/lasprimeras.com.do\/index.php\/wp-json\/wp\/v2\/media?parent=110471"}],"wp:term":[{"taxonomy":"category","embeddable":true,"href":"https:\/\/lasprimeras.com.do\/index.php\/wp-json\/wp\/v2\/categories?post=110471"},{"taxonomy":"post_tag","embeddable":true,"href":"https:\/\/lasprimeras.com.do\/index.php\/wp-json\/wp\/v2\/tags?post=110471"}],"curies":[{"name":"wp","href":"https:\/\/api.w.org\/{rel}","templated":true}]}}