{"id":110482,"date":"2025-09-29T08:59:53","date_gmt":"2025-09-29T12:59:53","guid":{"rendered":"https:\/\/lasprimeras.com.do\/?p=110482"},"modified":"2025-09-29T08:59:54","modified_gmt":"2025-09-29T12:59:54","slug":"informe-mas-de-300-puentes-en-riesgo-expertos-alertan-falta-de-mantenimiento-e-intervencion","status":"publish","type":"post","link":"https:\/\/lasprimeras.com.do\/index.php\/2025\/09\/29\/informe-mas-de-300-puentes-en-riesgo-expertos-alertan-falta-de-mantenimiento-e-intervencion\/","title":{"rendered":"INFORME: M\u00e1s de 300 puentes en riesgo: expertos alertan falta de mantenimiento e intervenci\u00f3n"},"content":{"rendered":"\n<p><strong>Fallas estructurales en puentes siguen sin respuesta del Ministerio de Obras P\u00fablicas.<\/strong><\/p>\n\n\n\n<p>De los 2,664 puentes que existen en el pa\u00eds, alrededor de 300 presentan alg\u00fan tipo de irregularidad o falla estructural que demanda su intervenci\u00f3n para evitar tragedias, pero no ha sido posible que el Ministerio de Obras P\u00fablicas (MOPC) ofrezca informaci\u00f3n sobre las actuales condiciones de esas obras identificadas durante la gesti\u00f3n de Deligne Ascenci\u00f3n.<\/p>\n\n\n\n<p>Las evaluaciones fueron hechas por organismos competentes como la Oficina Nacional de Evaluaci\u00f3n S\u00edsmica y Vulnerabilidad de Infraestructura y Edificaciones (Onesvie), que dirige Leonardo Reyes Madera, y la Comisi\u00f3n de Supervisi\u00f3n de Infraestructuras P\u00fablicas ante el Cambio Clim\u00e1tico, que encabeza Osiris de Le\u00f3n.<\/p>\n\n\n\n<p>Ambos informaron que presentaron al MOPC los resultados de sus investigaciones con recomendaciones para garantizar la seguridad de las personas que utilizan, no solo los puentes, sino otro tipo de obras.<\/p>\n\n\n\n<p>Durante la pasada administraci\u00f3n del MOPC, que encabez\u00f3 Deligne Ascenci\u00f3n, se anunci\u00f3 la intervenci\u00f3n de esos puentes, luego de realizar un censo, donde se estableci\u00f3 que presentan varios niveles de deterioro y se clasificaron en \u201curgentes, m\u00e1s o menos urgentes y menos urgentes\u201d.<\/p>\n\n\n\n<p><a href=\"https:\/\/www.diariolibre.com\/actualidad\/ciudad\/2025\/09\/29\/evaluaciones-revelan-deterioro-en-infraestructura-de-puentes\/3260415\">Diario Libre<\/a> solicit\u00f3 informaci\u00f3n a la actual administraci\u00f3n sobre la situaci\u00f3n de esas obras, para determinar si se han hecho las intervenciones recomendadas por los expertos, pero no fue posible obtener un informe de la Direcci\u00f3n de Comunicaciones ni de Mantenimiento de Puentes del MOPC, que dirige R\u00f3mer P\u00e9rez.<\/p>\n\n\n\n<figure class=\"wp-block-image size-full\"><img decoding=\"async\" width=\"896\" height=\"504\" src=\"https:\/\/lasprimeras.com.do\/wp-content\/uploads\/2025\/09\/LEONARDO-REYES-MADERA.jpg\" alt=\"\" class=\"wp-image-110483\" srcset=\"https:\/\/lasprimeras.com.do\/wp-content\/uploads\/2025\/09\/LEONARDO-REYES-MADERA.jpg 896w, https:\/\/lasprimeras.com.do\/wp-content\/uploads\/2025\/09\/LEONARDO-REYES-MADERA-300x169.jpg 300w, https:\/\/lasprimeras.com.do\/wp-content\/uploads\/2025\/09\/LEONARDO-REYES-MADERA-768x432.jpg 768w\" sizes=\"(max-width: 896px) 100vw, 896px\" \/><\/figure>\n\n\n\n<p>El trabajo de Onesvie<\/p>\n\n\n\n<p>El titular de Onesvie, Leonardo Reyes Madera, inform\u00f3 que desde 2020 contribuyen con el MOPC en identificar las fallas estructurales de puentes y otras obras y han entregado informes con recomendaciones para su soluci\u00f3n, pero desconoce si se les ha dado seguimiento.<\/p>\n\n\n\n<p>Desde hace cinco a\u00f1os Onesvie ha evaluado alrededor de 400 obras que van desde puentes, presas, escuelas y edificios de uso p\u00fablico, entre otras, pero tambi\u00e9n obras del sector privado, sobre todo a partir de la tragedia de la discoteca Jet Set, informa Reyes Madera.<\/p>\n\n\n\n<p>\u201cAqu\u00ed hace m\u00e1s de 20 o 30 a\u00f1os que no se le da mantenimiento ni se hace caso ni a puentes ni a nada, o sea, que ahora toda la situaci\u00f3n de los puentes ha ca\u00eddo, en este momento, arriba del Ministerio de Obras P\u00fablicas, tampoco nos vamos a poner locos y vamos a decir que fue descuido, no, no, no, o sea, aqu\u00ed se le est\u00e1 poniendo atenci\u00f3n ahora a esas cosas. Hay que ser honestos, hay que ser claros\u201d, dijo.<\/p>\n\n\n\n<p>Entiende que lo m\u00e1s importante ahora es saber que hay un problema con los puentes, que falta darles mantenimiento, que se est\u00e1n cayendo y hay que buscar la causa por lo que esto est\u00e1 ocurriendo.<\/p>\n\n\n\n<p>Comisi\u00f3n de Supervisi\u00f3n<\/p>\n\n\n\n<figure class=\"wp-block-image size-full\"><img decoding=\"async\" width=\"896\" height=\"504\" src=\"https:\/\/lasprimeras.com.do\/wp-content\/uploads\/2025\/09\/OSIRIS-DE-LEON.jpg\" alt=\"\" class=\"wp-image-110484\" srcset=\"https:\/\/lasprimeras.com.do\/wp-content\/uploads\/2025\/09\/OSIRIS-DE-LEON.jpg 896w, https:\/\/lasprimeras.com.do\/wp-content\/uploads\/2025\/09\/OSIRIS-DE-LEON-300x169.jpg 300w, https:\/\/lasprimeras.com.do\/wp-content\/uploads\/2025\/09\/OSIRIS-DE-LEON-768x432.jpg 768w\" sizes=\"(max-width: 896px) 100vw, 896px\" \/><\/figure>\n\n\n\n<p>Osiris de Le\u00f3n, director de la Comisi\u00f3n de Supervisi\u00f3n de Infraestructuras P\u00fablicas ante el Cambio Clim\u00e1tico, creada mediante el decreto 603-23, luego del desplome de muros en el paso a desnivel de la avenida 27 de febrero con M\u00e1ximo G\u00f3mez en el que murieron nueve personas, explic\u00f3 algunas de las causas.<\/p>\n\n\n\n<p>Aclara que el mantenimiento de una obra es diferente a la intervenci\u00f3n, porque esta \u00faltima tiene que ver con la infraestructura y la primera con la est\u00e9tica como limpieza, pintura, entre otras.<\/p>\n\n\n\n<p>Explic\u00f3 que en el caso de los puentes que se desploman en la carretera Don Juan, Monte Plata, hace hoy cuatro d\u00edas y el de Pont\u00f3n, La Vega en septiembre de 2022, se debi\u00f3 a que fallaron simult\u00e1neamente las dos m\u00e9nsulas, las partes donde se apoya el tablero central y que la mejor muestra es que en ambos casos las estructuras cayeron pr\u00e1cticamente enteras.<\/p>\n\n\n\n<p>De Le\u00f3n que la comisi\u00f3 que dirige se re\u00fane cada 15 d\u00edas y han remitido una comunicaci\u00f3n al Ministerio de Obras P\u00fablicas sugiriendo descontinuar el dise\u00f1o de puentes con m\u00e9nsulas de reducida secci\u00f3n transversal.<\/p>\n\n\n\n<p>Inform\u00f3 que otras de las fallas encontradas en los m\u00e1s de 200 puentes analizados situaciones como puentes de tableros cortos, que permiten que las crecidas de los r\u00edos erosionen las orillas.<\/p>\n\n\n\n<p>Otros casos es la baja altura de los viaductos, los tableros muy bajitos, que ocasiona que con crecidas de gran magnitud las aguas corran por encima de la estructura, la debilite y destruya.<\/p>\n\n\n\n<p>Otra falla es que en algunos casos los materiales que se ponen en los aproches siempre son erosionables porque est\u00e1n construidos con arcilla, arena y grava y cuando los r\u00edos crecen se lleva ese material, Plantea que en su lugar se construyan bloques de concreto que puedan soportar la fuera de las aguas.<\/p>\n\n\n\n<figure class=\"wp-block-image size-full is-resized\"><img decoding=\"async\" width=\"546\" height=\"350\" src=\"https:\/\/lasprimeras.com.do\/wp-content\/uploads\/2023\/12\/Puente-de-la-17.jpg\" alt=\"Puente de la 17\" class=\"wp-image-69478\" style=\"width:840px;height:auto\" srcset=\"https:\/\/lasprimeras.com.do\/wp-content\/uploads\/2023\/12\/Puente-de-la-17.jpg 546w, https:\/\/lasprimeras.com.do\/wp-content\/uploads\/2023\/12\/Puente-de-la-17-300x192.jpg 300w\" sizes=\"(max-width: 546px) 100vw, 546px\" \/><figcaption class=\"wp-element-caption\">Puente de la 17<\/figcaption><\/figure>\n\n\n\n<p>Puentes con fallas<\/p>\n\n\n\n<p>Algunos de los puentes que han presentado problemas durante los \u00faltimos tiempos son: el Francisco del Rosario S\u00e1nchez o de la 17, que est\u00e1 en proceso de intervenci\u00f3n; el de la avenida H\u00edpica, sobre la Autopista Las Am\u00e9ricas, que fue redise\u00f1ado y est\u00e1 en uso; el de Los Cacaos, en San Crist\u00f3bal; de Boca de Cach\u00f3n, en la provincia Independencia y el Bayacanes, en La vega, entre otros.<\/p>\n","protected":false},"excerpt":{"rendered":"<p>Fallas estructurales en puentes siguen sin respuesta del Ministerio de Obras P\u00fablicas. De los 2,664 puentes que existen en el pa\u00eds, alrededor de 300 presentan alg\u00fan tipo de irregularidad o&hellip;<\/p>\n","protected":false},"author":10,"featured_media":110117,"comment_status":"open","ping_status":"open","sticky":false,"template":"","format":"standard","meta":{"content-type":"","jetpack_post_was_ever_published":false,"_jetpack_newsletter_access":"","_jetpack_dont_email_post_to_subs":false,"_jetpack_newsletter_tier_id":0,"_jetpack_memberships_contains_paywalled_content":false,"_jetpack_memberships_contains_paid_content":false,"footnotes":""},"categories":[35,25],"tags":[1687,1214,25279,455,164,25280,2475,3132],"class_list":["post-110482","post","type-post","status-publish","format-standard","has-post-thumbnail","hentry","category-nacionales","category-portada","tag-alertan","tag-expertos","tag-falta-de-mantenimiento","tag-informe","tag-intervencion","tag-ministerio-de-obras-publicas","tag-puentes","tag-riesgo"],"jetpack_featured_media_url":"https:\/\/lasprimeras.com.do\/wp-content\/uploads\/2025\/09\/puente.jpg","jetpack-related-posts":[{"id":122037,"url":"https:\/\/lasprimeras.com.do\/index.php\/2026\/02\/12\/osiris-de-leon-reporta-749-infraestructuras-criticas-en-todo-el-territorio\/","url_meta":{"origin":110482,"position":0},"title":"Osiris de Le\u00f3n reporta 749 infraestructuras cr\u00edticas en todo el territorio","author":"Nelson Feliz","date":"12 de febrero de 2026","format":false,"excerpt":"El ge\u00f3logo y ambientalista Osiris de Le\u00f3n present\u00f3 el informe de resultados de la Comisi\u00f3n de Supervisi\u00f3n de Infraestructuras P\u00fablicas ante el Cambio Clim\u00e1tico, destacando que en dos a\u00f1os de trabajo el organismo ha evaluado de manera exhaustiva 749 infraestructuras cr\u00edticas en todo el territorio nacional. De Le\u00f3n, manifest\u00f3 que\u2026","rel":"","context":"En \u00abNACIONALES\u00bb","block_context":{"text":"NACIONALES","link":"https:\/\/lasprimeras.com.do\/index.php\/category\/nacionales\/"},"img":{"alt_text":"Osiris de Le\u00f3n","src":"https:\/\/i0.wp.com\/lasprimeras.com.do\/wp-content\/uploads\/2026\/02\/Osiris-de-Leon.jpg?resize=350%2C200&ssl=1","width":350,"height":200,"srcset":"https:\/\/i0.wp.com\/lasprimeras.com.do\/wp-content\/uploads\/2026\/02\/Osiris-de-Leon.jpg?resize=350%2C200&ssl=1 1x, https:\/\/i0.wp.com\/lasprimeras.com.do\/wp-content\/uploads\/2026\/02\/Osiris-de-Leon.jpg?resize=525%2C300&ssl=1 1.5x, https:\/\/i0.wp.com\/lasprimeras.com.do\/wp-content\/uploads\/2026\/02\/Osiris-de-Leon.jpg?resize=700%2C400&ssl=1 2x"},"classes":[]},{"id":69477,"url":"https:\/\/lasprimeras.com.do\/index.php\/2023\/12\/03\/mopc-reparacion-del-puente-de-la-17-se-adjudico-pero-hay-que-trasladar-familias-para-su-inicio\/","url_meta":{"origin":110482,"position":1},"title":"MOPC: reparaci\u00f3n del puente de La 17 se adjudic\u00f3, pero hay que trasladar familias para su inicio","author":"Nelson Feliz","date":"3 de diciembre de 2023","format":false,"excerpt":"Obras P\u00fablicas afirma t\u00e9cnicos determinaron que la restauraci\u00f3n no es de emergencia. El ge\u00f3logo Osiris de Le\u00f3n afirm\u00f3 hoy que el hecho de que el puente Francisco del Rosario S\u00e1nchez o puente de La 17 haya cumplido su vida \u00fatil no debe implicar alarma, en lo absoluto, sino atenci\u00f3n y\u2026","rel":"","context":"En \u00abNACIONALES\u00bb","block_context":{"text":"NACIONALES","link":"https:\/\/lasprimeras.com.do\/index.php\/category\/nacionales\/"},"img":{"alt_text":"Puente de la 17","src":"https:\/\/i0.wp.com\/lasprimeras.com.do\/wp-content\/uploads\/2023\/12\/Puente-de-la-17.jpg?resize=350%2C200&ssl=1","width":350,"height":200,"srcset":"https:\/\/i0.wp.com\/lasprimeras.com.do\/wp-content\/uploads\/2023\/12\/Puente-de-la-17.jpg?resize=350%2C200&ssl=1 1x, https:\/\/i0.wp.com\/lasprimeras.com.do\/wp-content\/uploads\/2023\/12\/Puente-de-la-17.jpg?resize=525%2C300&ssl=1 1.5x"},"classes":[]},{"id":70021,"url":"https:\/\/lasprimeras.com.do\/index.php\/2023\/12\/07\/expertos-en-sembrar-cizana\/","url_meta":{"origin":110482,"position":2},"title":"Expertos en sembrar ciza\u00f1a","author":"Nelson Feliz","date":"7 de diciembre de 2023","format":false,"excerpt":"Por Nelson Feliz Hay personas que nunca han sembrado una mata de mango, ni de aguacate, porque esas plantas dan frutos buenos, pero diariamente se esfuerzan en sembrar ciza\u00f1a donde no la hay, olvidando que el Evangelio de Mateo 7:16-20, dice que por sus frutos le conocer\u00e9is. Tal es el\u2026","rel":"","context":"En \u00abOPINI\u00d3N\u00bb","block_context":{"text":"OPINI\u00d3N","link":"https:\/\/lasprimeras.com.do\/index.php\/category\/opinion\/"},"img":{"alt_text":"Nelson Feliz","src":"https:\/\/i0.wp.com\/lasprimeras.com.do\/wp-content\/uploads\/2023\/12\/Nelson-Feliz.jpg?resize=350%2C200&ssl=1","width":350,"height":200,"srcset":"https:\/\/i0.wp.com\/lasprimeras.com.do\/wp-content\/uploads\/2023\/12\/Nelson-Feliz.jpg?resize=350%2C200&ssl=1 1x, https:\/\/i0.wp.com\/lasprimeras.com.do\/wp-content\/uploads\/2023\/12\/Nelson-Feliz.jpg?resize=525%2C300&ssl=1 1.5x"},"classes":[]},{"id":106100,"url":"https:\/\/lasprimeras.com.do\/index.php\/2025\/08\/10\/osiris-de-leon-lo-observado-en-el-elevado-de-la-churchill-no-es-una-grieta-y-no-representa-peligro\/","url_meta":{"origin":110482,"position":3},"title":"Osiris de Le\u00f3n: lo observado en el elevado de la Churchill no es una grieta y no representa peligro","author":"Nelson Feliz","date":"10 de agosto de 2025","format":false,"excerpt":"Una visible separaci\u00f3n en el pavimento del elevado que conecta las avenidas Winston Churchill y John F. Kennedy ha generado inquietud entre conductores y transe\u00fantes que circulan a diario por esa v\u00eda del Distrito Nacional. Ante la preocupaci\u00f3n ciudadana, un equipo de Diario Libre se traslad\u00f3 al lugar y document\u00f3\u2026","rel":"","context":"En \u00abNACIONALES\u00bb","block_context":{"text":"NACIONALES","link":"https:\/\/lasprimeras.com.do\/index.php\/category\/nacionales\/"},"img":{"alt_text":"","src":"https:\/\/i0.wp.com\/lasprimeras.com.do\/wp-content\/uploads\/2025\/08\/Osiris-de-Leon.jpg?resize=350%2C200&ssl=1","width":350,"height":200,"srcset":"https:\/\/i0.wp.com\/lasprimeras.com.do\/wp-content\/uploads\/2025\/08\/Osiris-de-Leon.jpg?resize=350%2C200&ssl=1 1x, https:\/\/i0.wp.com\/lasprimeras.com.do\/wp-content\/uploads\/2025\/08\/Osiris-de-Leon.jpg?resize=525%2C300&ssl=1 1.5x, https:\/\/i0.wp.com\/lasprimeras.com.do\/wp-content\/uploads\/2025\/08\/Osiris-de-Leon.jpg?resize=700%2C400&ssl=1 2x"},"classes":[]},{"id":66176,"url":"https:\/\/lasprimeras.com.do\/index.php\/2023\/11\/03\/obras-publicas-cerrara-este-sabado-el-puente-flotante-por-una-hora\/","url_meta":{"origin":110482,"position":4},"title":"Obras P\u00fablicas cerrar\u00e1 este s\u00e1bado el Puente Flotante por una hora","author":"BIMARY DE JES\u00daS Matos","date":"3 de noviembre de 2023","format":false,"excerpt":"Santo Domingo.-El Puente Flotante, sobre el r\u00edo Ozama, ser\u00e1 cerrado este s\u00e1bado al tr\u00e1nsito vehicular por espacio de una hora, de 9:30 a 10:30 de la ma\u00f1ana. El cierre de la estructura, que comunica el Distrito Nacional con el municipio Santo Domingo Este por la zona de Villa Duarte, ser\u00e1\u2026","rel":"","context":"En \u00abPORTADA\u00bb","block_context":{"text":"PORTADA","link":"https:\/\/lasprimeras.com.do\/index.php\/category\/portada\/"},"img":{"alt_text":"","src":"https:\/\/i0.wp.com\/lasprimeras.com.do\/wp-content\/uploads\/2023\/11\/WhatsApp-Image-2023-11-03-at-8.28.25-AM-7.jpeg?resize=350%2C200&ssl=1","width":350,"height":200,"srcset":"https:\/\/i0.wp.com\/lasprimeras.com.do\/wp-content\/uploads\/2023\/11\/WhatsApp-Image-2023-11-03-at-8.28.25-AM-7.jpeg?resize=350%2C200&ssl=1 1x, https:\/\/i0.wp.com\/lasprimeras.com.do\/wp-content\/uploads\/2023\/11\/WhatsApp-Image-2023-11-03-at-8.28.25-AM-7.jpeg?resize=525%2C300&ssl=1 1.5x, https:\/\/i0.wp.com\/lasprimeras.com.do\/wp-content\/uploads\/2023\/11\/WhatsApp-Image-2023-11-03-at-8.28.25-AM-7.jpeg?resize=700%2C400&ssl=1 2x"},"classes":[]},{"id":99416,"url":"https:\/\/lasprimeras.com.do\/index.php\/2025\/05\/21\/fenattransc-exige-evaluacion-estructural-de-obras-viales-construidas-por-pasados-gobiernos\/","url_meta":{"origin":110482,"position":5},"title":"Fenattransc exige evaluaci\u00f3n estructural de obras viales construidas por pasados gobiernos","author":"Nelson Feliz","date":"21 de mayo de 2025","format":false,"excerpt":"La Federaci\u00f3n Nacional de Trabajadores del Transporte Social Cristianos (Fenattransc), hizo un llamado urgente al Ministerio de Obras P\u00fablicas(MOPC) para que realice una evaluaci\u00f3n estructural de todas las obras e infraestructura vial construidas durante los gobiernos del Partido de la Liberaci\u00f3n Dominicana (PLD). Seg\u00fan denunci\u00f3 el secretario general Mario D\u00edaz,\u2026","rel":"","context":"En \u00abNACIONALES\u00bb","block_context":{"text":"NACIONALES","link":"https:\/\/lasprimeras.com.do\/index.php\/category\/nacionales\/"},"img":{"alt_text":"Mario D\u00edaz","src":"https:\/\/i0.wp.com\/lasprimeras.com.do\/wp-content\/uploads\/2025\/05\/Mario-Diaz.jpg?resize=350%2C200&ssl=1","width":350,"height":200,"srcset":"https:\/\/i0.wp.com\/lasprimeras.com.do\/wp-content\/uploads\/2025\/05\/Mario-Diaz.jpg?resize=350%2C200&ssl=1 1x, https:\/\/i0.wp.com\/lasprimeras.com.do\/wp-content\/uploads\/2025\/05\/Mario-Diaz.jpg?resize=525%2C300&ssl=1 1.5x, https:\/\/i0.wp.com\/lasprimeras.com.do\/wp-content\/uploads\/2025\/05\/Mario-Diaz.jpg?resize=700%2C400&ssl=1 2x"},"classes":[]}],"jetpack_sharing_enabled":true,"_links":{"self":[{"href":"https:\/\/lasprimeras.com.do\/index.php\/wp-json\/wp\/v2\/posts\/110482","targetHints":{"allow":["GET"]}}],"collection":[{"href":"https:\/\/lasprimeras.com.do\/index.php\/wp-json\/wp\/v2\/posts"}],"about":[{"href":"https:\/\/lasprimeras.com.do\/index.php\/wp-json\/wp\/v2\/types\/post"}],"author":[{"embeddable":true,"href":"https:\/\/lasprimeras.com.do\/index.php\/wp-json\/wp\/v2\/users\/10"}],"replies":[{"embeddable":true,"href":"https:\/\/lasprimeras.com.do\/index.php\/wp-json\/wp\/v2\/comments?post=110482"}],"version-history":[{"count":1,"href":"https:\/\/lasprimeras.com.do\/index.php\/wp-json\/wp\/v2\/posts\/110482\/revisions"}],"predecessor-version":[{"id":110485,"href":"https:\/\/lasprimeras.com.do\/index.php\/wp-json\/wp\/v2\/posts\/110482\/revisions\/110485"}],"wp:featuredmedia":[{"embeddable":true,"href":"https:\/\/lasprimeras.com.do\/index.php\/wp-json\/wp\/v2\/media\/110117"}],"wp:attachment":[{"href":"https:\/\/lasprimeras.com.do\/index.php\/wp-json\/wp\/v2\/media?parent=110482"}],"wp:term":[{"taxonomy":"category","embeddable":true,"href":"https:\/\/lasprimeras.com.do\/index.php\/wp-json\/wp\/v2\/categories?post=110482"},{"taxonomy":"post_tag","embeddable":true,"href":"https:\/\/lasprimeras.com.do\/index.php\/wp-json\/wp\/v2\/tags?post=110482"}],"curies":[{"name":"wp","href":"https:\/\/api.w.org\/{rel}","templated":true}]}}