{"id":110488,"date":"2025-09-29T09:33:14","date_gmt":"2025-09-29T13:33:14","guid":{"rendered":"https:\/\/lasprimeras.com.do\/?p=110488"},"modified":"2025-09-29T09:33:16","modified_gmt":"2025-09-29T13:33:16","slug":"verdugo-del-nino-yostin-lo-engano-con-un-helado-para-raptarlo-abusarlo-y-asesinarlo","status":"publish","type":"post","link":"https:\/\/lasprimeras.com.do\/index.php\/2025\/09\/29\/verdugo-del-nino-yostin-lo-engano-con-un-helado-para-raptarlo-abusarlo-y-asesinarlo\/","title":{"rendered":"Verdugo del ni\u00f1o Yost\u00edn lo enga\u00f1\u00f3 con un helado para raptarlo, abusarlo y asesinarlo"},"content":{"rendered":"\n<p>Mayelin Peralta preparaba la tarde del s\u00e1bado la cena y un jugo que hab\u00eda comprado dos horas antes, cuando recibi\u00f3 la noticia de que un hombre se hab\u00eda llevado a Yost\u00edn Peralta, su hijo de 10 a\u00f1os, con quien viv\u00eda en el barrio Puerto Rico de Los Mina, en Santo Domingo Este.<\/p>\n\n\n\n<p>Al principio crey\u00f3 que el ni\u00f1o, quien ten\u00eda una condici\u00f3n especial, estaba jugando con sus amigos. Pero al enterarse de lo ocurrido, dej\u00f3 la cena y sali\u00f3 a alertar a los vecinos, que iniciaron de inmediato la b\u00fasqueda. Uno de ellos vio a un hombre que lo llevaba con un helado en la mano y pens\u00f3 que era un pariente.<\/p>\n\n\n\n<p>M\u00e1s tarde se confirm\u00f3 que quien lo conduc\u00eda era Jos\u00e9 Antonio Glass, un supuesto ped\u00f3filo que hab\u00eda cumplido 15 de sus 57 a\u00f1os de prisi\u00f3n por abusar sexualmente en 2009 de un menor de 15 a\u00f1os, seg\u00fan inform\u00f3 la Polic\u00eda.<\/p>\n\n\n\n<p>Por su condici\u00f3n, Yost\u00edn \u2014que cumplir\u00eda 11 a\u00f1os el pr\u00f3ximo 23 de octubre\u2014 era muy querido en el sector. &#8220;Todo el mundo lo cuidaba\u2026 yo siempre andaba con mi hijo a todos lados&#8221;, expres\u00f3 su madre, de 30 a\u00f1os.<\/p>\n\n\n\n<figure class=\"wp-block-image size-large\"><img decoding=\"async\" width=\"1024\" height=\"682\" src=\"https:\/\/lasprimeras.com.do\/wp-content\/uploads\/2025\/09\/Residentes-del-sector-estan-consternados-con-el-asesinato-del-menor-1024x682.jpg\" alt=\"\" class=\"wp-image-110490\" srcset=\"https:\/\/lasprimeras.com.do\/wp-content\/uploads\/2025\/09\/Residentes-del-sector-estan-consternados-con-el-asesinato-del-menor-1024x682.jpg 1024w, https:\/\/lasprimeras.com.do\/wp-content\/uploads\/2025\/09\/Residentes-del-sector-estan-consternados-con-el-asesinato-del-menor-300x200.jpg 300w, https:\/\/lasprimeras.com.do\/wp-content\/uploads\/2025\/09\/Residentes-del-sector-estan-consternados-con-el-asesinato-del-menor-768x512.jpg 768w, https:\/\/lasprimeras.com.do\/wp-content\/uploads\/2025\/09\/Residentes-del-sector-estan-consternados-con-el-asesinato-del-menor.jpg 1456w\" sizes=\"(max-width: 1024px) 100vw, 1024px\" \/><\/figure>\n\n\n\n<p>Luego del crimen volvi\u00f3 al sector<\/p>\n\n\n\n<p>Cerca de las 9:00 de la noche, casi tres horas despu\u00e9s del rapto, y tras supuestamente consumar el crimen, Glass regres\u00f3 al sector y se acerc\u00f3 a la esquina pr\u00f3xima a la vivienda, como si nada hubiera ocurrido. Para su desgracia, alguien lo reconoci\u00f3 como la persona que llevaba al menor horas antes.<\/p>\n\n\n\n<p>Le preguntaron d\u00f3nde estaba el peque\u00f1o, pero \u00e9l se negaba a contestar. Adem\u00e1s de los testigos, varias c\u00e1maras confirmaron que era \u00e9l con quien iba. La multitud lo entreg\u00f3 a las autoridades, confirm\u00f3 una pariente.<\/p>\n\n\n\n<p>El hallazgo<\/p>\n\n\n\n<p>La b\u00fasqueda continu\u00f3 y, lamentablemente, a la 1:00 de la tarde del domingo, la Polic\u00eda hall\u00f3 el cuerpo de Yost\u00edn en una zona boscosa del sector Los Pinos de Sabana Perdida, municipio Santo Domingo Norte.<\/p>\n\n\n\n<p>M\u00e9dico legista dice fue abusado sexualmente<\/p>\n\n\n\n<p>El informe de la Subdirecci\u00f3n de Investigaciones Criminales (Dicrim) se\u00f1al\u00f3 traumas en el cuello del menor. Mientras, el levantamiento del m\u00e9dico legista actuante indic\u00f3 un hecho a\u00fan m\u00e1s atroz: &#8220;Los golpes que presenta el hoy occiso se lo ocasion\u00f3 el detenido Jos\u00e9 Antonio Glass (Yoyon), momento que abusaba sexualmente del menor, y al este resistirse le ocasiona los golpes que le produjeron la muerte, y luego abusa sexualmente del hoy occiso&#8221;.<\/p>\n\n\n\n<p>La Polic\u00eda Cient\u00edfica recolect\u00f3 una bola de baloncesto con la que jugaba el ni\u00f1o, un pantal\u00f3n rojo, unas chancletas negras, un bol\u00edgrafo y unos pantaloncillos multicolor.<\/p>\n\n\n\n<p>El cuerpo del infante permanece en el Instituto Nacional de Ciencias Forenses (Inacif) y ser\u00eda entregado este lunes a los parientes.<\/p>\n\n\n\n<p>&#8220;Cuidado si dice que est\u00e1 loco&#8221;<\/p>\n\n\n\n<p>La noche del domingo, familiares y vecinos lamentaban la tragedia. Su madre, Mayelin Peralta, clam\u00f3 justicia.<\/p>\n\n\n\n<p>Saira Feliz, t\u00eda de la v\u00edctima, pidi\u00f3 a las autoridades que no permitan que Glass sea enjuiciado como una persona con problemas de salud mental. &#8220;\u00c9l no est\u00e1 loco, sabe muy bien lo que hizo\u2026 es un violador, un mani\u00e1tico&#8221;.<\/p>\n\n\n\n<p>En la misma l\u00ednea, otro vecino indignado expres\u00f3: &#8220;Lo que queremos es justicia, ese ni\u00f1o era muy querido aqu\u00ed en el barrio&#8221;.<\/p>\n\n\n\n<p>De acuerdo con los residentes, el hombre hab\u00eda salido de prisi\u00f3n hac\u00eda pocos meses y llevaba alrededor de tres meses viviendo en la zona. Ser\u00e1 presentado en las pr\u00f3ximas horas ante la Fiscal\u00eda de Atenci\u00f3n Permanente de Santo Domingo Este para el conocimiento de la medida de coerci\u00f3n.<\/p>\n\n\n\n<p>En un comunicado de prensa, la Polic\u00eda y el Ministerio P\u00fablico expresaron su solidaridad con los familiares de la v\u00edctima, &#8220;a la vez que reiteraron su compromiso de llevar ante la justicia a todo aquel que atente contra la vida, la integridad y la seguridad de los ni\u00f1os, ni\u00f1as y adolescentes&#8221;.<\/p>\n\n\n\n<p>Fuente Diario Libre<\/p>\n","protected":false},"excerpt":{"rendered":"<p>Mayelin Peralta preparaba la tarde del s\u00e1bado la cena y un jugo que hab\u00eda comprado dos horas antes, cuando recibi\u00f3 la noticia de que un hombre se hab\u00eda llevado a&hellip;<\/p>\n","protected":false},"author":10,"featured_media":110489,"comment_status":"open","ping_status":"open","sticky":false,"template":"","format":"standard","meta":{"content-type":"","jetpack_post_was_ever_published":false,"_jetpack_newsletter_access":"","_jetpack_dont_email_post_to_subs":false,"_jetpack_newsletter_tier_id":0,"_jetpack_memberships_contains_paywalled_content":false,"_jetpack_memberships_contains_paid_content":false,"footnotes":""},"categories":[35],"tags":[25285,15381,25288,25287,25284,25286,25289],"class_list":["post-110488","post","type-post","status-publish","format-standard","has-post-thumbnail","hentry","category-nacionales","tag-abusarlo","tag-asesinarlo","tag-engano-2","tag-helado","tag-nino-yostin","tag-raptarlo","tag-verdugo"],"jetpack_featured_media_url":"https:\/\/lasprimeras.com.do\/wp-content\/uploads\/2025\/09\/Familiares-y-vecinos-consternados-por-el-asesinato-del-nino-Yostin-Peralta-en-el-barrio-Puerto-Rico-de-Los-Mina.jpg","jetpack-related-posts":[{"id":93549,"url":"https:\/\/lasprimeras.com.do\/index.php\/2025\/02\/13\/a-prision-dos-hombres-por-rapto-y-abuso-de-dos-menores-que-contactaron-por-videojuego-en-santiago\/","url_meta":{"origin":110488,"position":0},"title":"A prisi\u00f3n dos hombres por rapto y abuso de dos menores que contactaron por videojuego en Santiago","author":"Nelson Feliz","date":"13 de febrero de 2025","format":false,"excerpt":"El tribunal de Atenci\u00f3n Permanente del distrito judicial de\u00a0Santiago\u00a0dict\u00f3 tres meses de\u00a0prisi\u00f3n\u00a0preventiva, como medida de coerci\u00f3n, contra dos hombres implicados en la\u00a0desaparici\u00f3n\u00a0de dos menores de edad, a quienes sustrajeron bajo\u00a0enga\u00f1o\u00a0y abusaron de ellas sexualmente. Adri\u00e1n\u00a0Castillo Vargas, conocido como Vitico, de 23 a\u00f1os, y Ove Emmanuel Gonz\u00e1lez Rub\u00e9n, alias Manuel, de\u2026","rel":"","context":"En \u00abJUSTICIA\u00bb","block_context":{"text":"JUSTICIA","link":"https:\/\/lasprimeras.com.do\/index.php\/category\/justicia\/"},"img":{"alt_text":"","src":"https:\/\/i0.wp.com\/lasprimeras.com.do\/wp-content\/uploads\/2025\/02\/a-prision-dos-hombres-por-rapto-y-abuso-de-dos-menores-que-contactaron-por-videojuego-en-santiago.jpg?resize=350%2C200&ssl=1","width":350,"height":200},"classes":[]},{"id":71102,"url":"https:\/\/lasprimeras.com.do\/index.php\/2023\/12\/17\/hombre-mata-mujer-y-luego-se-suicida-en-santiago\/","url_meta":{"origin":110488,"position":1},"title":"Hombre mata mujer y luego se suicida en Santiago","author":"Nelson Feliz","date":"17 de diciembre de 2023","format":false,"excerpt":"Un hombre mat\u00f3 a su pareja en el interior de la vivienda que hasta hace una semana compart\u00edan, y posteriormente se traslad\u00f3 hacia otra comunidad donde se suicid\u00f3. La v\u00edctima es Doralba Marine Peralta, de 20 a\u00f1os, y su verdugo es Angelo Jos\u00e9 Dilon\u00e9 Ventura, de 21. \"Ten\u00edan una ni\u00f1a\u2026","rel":"","context":"En \u00abNACIONALES\u00bb","block_context":{"text":"NACIONALES","link":"https:\/\/lasprimeras.com.do\/index.php\/category\/nacionales\/"},"img":{"alt_text":"Angelo Jos\u00e9 Dilon\u00e9","src":"https:\/\/i0.wp.com\/lasprimeras.com.do\/wp-content\/uploads\/2023\/12\/Angelo-Jose-Dilone.jpeg?resize=350%2C200&ssl=1","width":350,"height":200,"srcset":"https:\/\/i0.wp.com\/lasprimeras.com.do\/wp-content\/uploads\/2023\/12\/Angelo-Jose-Dilone.jpeg?resize=350%2C200&ssl=1 1x, https:\/\/i0.wp.com\/lasprimeras.com.do\/wp-content\/uploads\/2023\/12\/Angelo-Jose-Dilone.jpeg?resize=525%2C300&ssl=1 1.5x, https:\/\/i0.wp.com\/lasprimeras.com.do\/wp-content\/uploads\/2023\/12\/Angelo-Jose-Dilone.jpeg?resize=700%2C400&ssl=1 2x"},"classes":[]},{"id":95742,"url":"https:\/\/lasprimeras.com.do\/index.php\/2025\/03\/18\/condena-a-cinco-anos-de-prision-un-hombre-que-abuso-sexualmente-de-un-adolescente-en-santiago-rodriguez\/","url_meta":{"origin":110488,"position":2},"title":"Condena a cinco a\u00f1os de prisi\u00f3n un hombre que abus\u00f3 sexualmente de un adolescente en Santiago Rodr\u00edguez","author":"Nelson Feliz","date":"18 de marzo de 2025","format":false,"excerpt":"A solicitud del Ministerio P\u00fablico del Distrito Judicial de Santiago Rodr\u00edguez, el Tribunal Colegiado conden\u00f3 a cinco a\u00f1os de prisi\u00f3n a un hombre hallado culpable de abusar sexualmente de un vecino adolescente en esta localidad. La sentencia establece que el condenado cumplir\u00e1 la pena en la c\u00e1rcel p\u00fablica de Santiago\u2026","rel":"","context":"En \u00abJUSTICIA\u00bb","block_context":{"text":"JUSTICIA","link":"https:\/\/lasprimeras.com.do\/index.php\/category\/justicia\/"},"img":{"alt_text":"","src":"https:\/\/i0.wp.com\/lasprimeras.com.do\/wp-content\/uploads\/2025\/03\/PGR.jpg?resize=350%2C200&ssl=1","width":350,"height":200,"srcset":"https:\/\/i0.wp.com\/lasprimeras.com.do\/wp-content\/uploads\/2025\/03\/PGR.jpg?resize=350%2C200&ssl=1 1x, https:\/\/i0.wp.com\/lasprimeras.com.do\/wp-content\/uploads\/2025\/03\/PGR.jpg?resize=525%2C300&ssl=1 1.5x, https:\/\/i0.wp.com\/lasprimeras.com.do\/wp-content\/uploads\/2025\/03\/PGR.jpg?resize=700%2C400&ssl=1 2x"},"classes":[]},{"id":77121,"url":"https:\/\/lasprimeras.com.do\/index.php\/2024\/02\/18\/capturan-supuesto-asaltante-y-violador-mujeres-en-barahona\/","url_meta":{"origin":110488,"position":3},"title":"Capturan supuesto asaltante y violador mujeres en Barahona","author":"Nelson Feliz","date":"18 de febrero de 2024","format":false,"excerpt":"El hombre apresado enga\u00f1aba las mujeres con falsas ofertas de trabajo. Agentes policiales del Departamento de Investigaci\u00f3n de Trata y Tr\u00e1fico de Personas capturaron en la provincia de Barahona a Juan Carlos Pe\u00f1a Nin alias Greydel, quien ten\u00eda en su contra varias \u00f3rdenes de arresto acusado de rapto, estafa, maltrato,\u2026","rel":"","context":"En \u00abMILITARES\u00bb","block_context":{"text":"MILITARES","link":"https:\/\/lasprimeras.com.do\/index.php\/category\/militares\/"},"img":{"alt_text":"","src":"https:\/\/i0.wp.com\/lasprimeras.com.do\/wp-content\/uploads\/2023\/08\/Policia.jpeg?resize=350%2C200&ssl=1","width":350,"height":200,"srcset":"https:\/\/i0.wp.com\/lasprimeras.com.do\/wp-content\/uploads\/2023\/08\/Policia.jpeg?resize=350%2C200&ssl=1 1x, https:\/\/i0.wp.com\/lasprimeras.com.do\/wp-content\/uploads\/2023\/08\/Policia.jpeg?resize=525%2C300&ssl=1 1.5x, https:\/\/i0.wp.com\/lasprimeras.com.do\/wp-content\/uploads\/2023\/08\/Policia.jpeg?resize=700%2C400&ssl=1 2x"},"classes":[]},{"id":53140,"url":"https:\/\/lasprimeras.com.do\/index.php\/2023\/06\/23\/manzanillo-apresan-tres-personas-raptaron-hombre-para-llevarlos-a-puerto-rico\/","url_meta":{"origin":110488,"position":4},"title":"Manzanillo: Apresan tres personas raptaron hombre para llevarlos a Puerto Rico","author":"Nelson Feliz","date":"23 de junio de 2023","format":false,"excerpt":"Tres personas fueron detenidas en el municipio de Pepillo Salcedo (Manzanillo), a quien previamente obligaron subirse a un veh\u00edculo con el supuesto fin de cobrarle doscientos mil pesos que alegadamente le hab\u00edan pagado para llevarlos a la isla de Puerto Rico. Los detenidos son Nicol\u00e1s S\u00e1nchez Almonte, de 26 a\u00f1os;\u2026","rel":"","context":"En \u00abMILITARES\u00bb","block_context":{"text":"MILITARES","link":"https:\/\/lasprimeras.com.do\/index.php\/category\/militares\/"},"img":{"alt_text":"","src":"https:\/\/i0.wp.com\/lasprimeras.com.do\/wp-content\/uploads\/2023\/06\/presos.jpg?resize=350%2C200&ssl=1","width":350,"height":200,"srcset":"https:\/\/i0.wp.com\/lasprimeras.com.do\/wp-content\/uploads\/2023\/06\/presos.jpg?resize=350%2C200&ssl=1 1x, https:\/\/i0.wp.com\/lasprimeras.com.do\/wp-content\/uploads\/2023\/06\/presos.jpg?resize=525%2C300&ssl=1 1.5x, https:\/\/i0.wp.com\/lasprimeras.com.do\/wp-content\/uploads\/2023\/06\/presos.jpg?resize=700%2C400&ssl=1 2x"},"classes":[]},{"id":94235,"url":"https:\/\/lasprimeras.com.do\/index.php\/2025\/02\/26\/caballo-es-rescatado-tras-caer-a-un-estanque-helado-en-el-norte-de-nueva-york\/","url_meta":{"origin":110488,"position":5},"title":"Caballo es rescatado tras caer a un estanque helado en el norte de Nueva York","author":"Nelson Feliz","date":"26 de febrero de 2025","format":false,"excerpt":"POR MICHAEL HILL Un caballo que cay\u00f3 a trav\u00e9s de una capa hielo que cubr\u00eda un estanque en el norte del estado de Nueva York fue salvado por rescatistas que se unieron para liberar al animal del agua helada. Las im\u00e1genes de las c\u00e1maras corporales de los agentes que respondieron\u2026","rel":"","context":"En \u00abINTERNACIONALES\u00bb","block_context":{"text":"INTERNACIONALES","link":"https:\/\/lasprimeras.com.do\/index.php\/category\/sin-categoria\/internacionales\/"},"img":{"alt_text":"","src":"https:\/\/i0.wp.com\/lasprimeras.com.do\/wp-content\/uploads\/2025\/02\/caballo.jpg?resize=350%2C200&ssl=1","width":350,"height":200,"srcset":"https:\/\/i0.wp.com\/lasprimeras.com.do\/wp-content\/uploads\/2025\/02\/caballo.jpg?resize=350%2C200&ssl=1 1x, https:\/\/i0.wp.com\/lasprimeras.com.do\/wp-content\/uploads\/2025\/02\/caballo.jpg?resize=525%2C300&ssl=1 1.5x, https:\/\/i0.wp.com\/lasprimeras.com.do\/wp-content\/uploads\/2025\/02\/caballo.jpg?resize=700%2C400&ssl=1 2x"},"classes":[]}],"jetpack_sharing_enabled":true,"_links":{"self":[{"href":"https:\/\/lasprimeras.com.do\/index.php\/wp-json\/wp\/v2\/posts\/110488","targetHints":{"allow":["GET"]}}],"collection":[{"href":"https:\/\/lasprimeras.com.do\/index.php\/wp-json\/wp\/v2\/posts"}],"about":[{"href":"https:\/\/lasprimeras.com.do\/index.php\/wp-json\/wp\/v2\/types\/post"}],"author":[{"embeddable":true,"href":"https:\/\/lasprimeras.com.do\/index.php\/wp-json\/wp\/v2\/users\/10"}],"replies":[{"embeddable":true,"href":"https:\/\/lasprimeras.com.do\/index.php\/wp-json\/wp\/v2\/comments?post=110488"}],"version-history":[{"count":1,"href":"https:\/\/lasprimeras.com.do\/index.php\/wp-json\/wp\/v2\/posts\/110488\/revisions"}],"predecessor-version":[{"id":110491,"href":"https:\/\/lasprimeras.com.do\/index.php\/wp-json\/wp\/v2\/posts\/110488\/revisions\/110491"}],"wp:featuredmedia":[{"embeddable":true,"href":"https:\/\/lasprimeras.com.do\/index.php\/wp-json\/wp\/v2\/media\/110489"}],"wp:attachment":[{"href":"https:\/\/lasprimeras.com.do\/index.php\/wp-json\/wp\/v2\/media?parent=110488"}],"wp:term":[{"taxonomy":"category","embeddable":true,"href":"https:\/\/lasprimeras.com.do\/index.php\/wp-json\/wp\/v2\/categories?post=110488"},{"taxonomy":"post_tag","embeddable":true,"href":"https:\/\/lasprimeras.com.do\/index.php\/wp-json\/wp\/v2\/tags?post=110488"}],"curies":[{"name":"wp","href":"https:\/\/api.w.org\/{rel}","templated":true}]}}