{"id":110492,"date":"2025-09-29T09:49:49","date_gmt":"2025-09-29T13:49:49","guid":{"rendered":"https:\/\/lasprimeras.com.do\/?p=110492"},"modified":"2025-09-29T09:49:52","modified_gmt":"2025-09-29T13:49:52","slug":"una-rapaz-que-no-duda-en-devorar-a-sus-oponentes-gana-la-eleccion-anual-de-aves-de-nueva-zelanda","status":"publish","type":"post","link":"https:\/\/lasprimeras.com.do\/index.php\/2025\/09\/29\/una-rapaz-que-no-duda-en-devorar-a-sus-oponentes-gana-la-eleccion-anual-de-aves-de-nueva-zelanda\/","title":{"rendered":"Una rapaz que no duda en devorar a sus oponentes gana la elecci\u00f3n anual de aves de Nueva Zelanda"},"content":{"rendered":"\n<p>WELLINGTON, Nueva Zelanda (AP) \u2014 La elecci\u00f3n anual de aves de Nueva Zelanda se disputa entre loros traviesos, dulces p\u00e1jaros cantores y adorables petirrojos. El ganador de este a\u00f1o fue un misterioso halc\u00f3n que no dudar\u00eda en com\u00e9rselos.<\/p>\n\n\n\n<p>K\u0101rearea, el nombre maor\u00ed del halc\u00f3n neozeland\u00e9s, fue coronado Ave del A\u00f1o el lunes. Pero la encuesta anual, organizada por el grupo conservacionista Forest &amp; Bird, no es una votaci\u00f3n en l\u00ednea cualquiera.<\/p>\n\n\n\n<p>En las re\u00f1idas elecciones , los directores de campa\u00f1a voluntarios (humanos) se postulan para apoyar a su ave favorita. Los entusiastas de las aves buscan influir en el p\u00fablico mediante batallas de memes, campa\u00f1as de carteles con contenido basura y coreograf\u00edas disfrazadas de aves.<\/p>\n\n\n\n<p>\u201cEl Ave del A\u00f1o ha pasado de ser una simple encuesta por correo electr\u00f3nico en 2005 a un evento cultural muy controvertido\u201d, afirm\u00f3 Nicola Toki, directora ejecutiva de Forest &amp; Bird. \u201cDetr\u00e1s de los memes y el caos se esconde un mensaje serio\u201d.<\/p>\n\n\n\n<p><strong>Un concurso desata alegr\u00eda en una tierra de p\u00e1jaros<\/strong><\/p>\n\n\n\n<figure class=\"wp-block-image size-full\"><img decoding=\"async\" width=\"800\" height=\"533\" src=\"https:\/\/lasprimeras.com.do\/wp-content\/uploads\/2025\/09\/Karearea-el-nombre-maori-del-halcon-neozelandes-1.jpg\" alt=\"\" class=\"wp-image-110494\" srcset=\"https:\/\/lasprimeras.com.do\/wp-content\/uploads\/2025\/09\/Karearea-el-nombre-maori-del-halcon-neozelandes-1.jpg 800w, https:\/\/lasprimeras.com.do\/wp-content\/uploads\/2025\/09\/Karearea-el-nombre-maori-del-halcon-neozelandes-1-300x200.jpg 300w, https:\/\/lasprimeras.com.do\/wp-content\/uploads\/2025\/09\/Karearea-el-nombre-maori-del-halcon-neozelandes-1-768x512.jpg 768w\" sizes=\"(max-width: 800px) 100vw, 800px\" \/><\/figure>\n\n\n\n<p>El concurso destaca las especies de aves nativas de Nueva Zelanda, de las cuales el 80% se encuentran en peligro de extinci\u00f3n. Sin embargo, atrae a una afici\u00f3n apasionada porque los neozelandeses est\u00e1n obsesionados con las aves.<\/p>\n\n\n\n<p>En un pa\u00eds sin mam\u00edferos terrestres aut\u00f3ctonos, salvo dos especies de murci\u00e9lagos, las aves reinan. Aparecen en el arte, en la joyer\u00eda, en las canciones escolares y en el nombre con el que se conoce a los neozelandeses en el extranjero: &#8220;kiwis&#8221;.<\/p>\n\n\n\n<p>Entre las aves m\u00e1s apreciadas se encuentran los loros alpinos, que acosan a los turistas, y las palomas, que se emborrachan tanto con las bayas que a veces se caen de los \u00e1rboles.<\/p>\n\n\n\n<p>\u201cEsta no es tierra de leones, tigres y osos\u201d, dijo Toki. \u201cLas aves de aqu\u00ed son raras y maravillosas, y no son lo que uno esperar\u00eda ver en otros pa\u00edses\u201d.<\/p>\n\n\n\n<p><strong>El resultado sigue a una campa\u00f1a libre de esc\u00e1ndalos<\/strong><\/p>\n\n\n\n<figure class=\"wp-block-image size-full\"><img decoding=\"async\" width=\"800\" height=\"533\" src=\"https:\/\/lasprimeras.com.do\/wp-content\/uploads\/2025\/09\/Karearea-el-nombre-maori-del-halcon-neozelandes-2.jpg\" alt=\"\" class=\"wp-image-110495\" srcset=\"https:\/\/lasprimeras.com.do\/wp-content\/uploads\/2025\/09\/Karearea-el-nombre-maori-del-halcon-neozelandes-2.jpg 800w, https:\/\/lasprimeras.com.do\/wp-content\/uploads\/2025\/09\/Karearea-el-nombre-maori-del-halcon-neozelandes-2-300x200.jpg 300w, https:\/\/lasprimeras.com.do\/wp-content\/uploads\/2025\/09\/Karearea-el-nombre-maori-del-halcon-neozelandes-2-768x512.jpg 768w\" sizes=\"(max-width: 800px) 100vw, 800px\" \/><\/figure>\n\n\n\n<p>La primera contienda, hace dos d\u00e9cadas, atrajo menos de 900 votos. Este a\u00f1o, m\u00e1s de 75.000 personas en el pa\u00eds de 5 millones de habitantes emitieron su voto.<\/p>\n\n\n\n<p>Fue la mayor participaci\u00f3n electoral de la historia, salvo en un episodio en el que el presentador de Last Week Tonight, John Oliver, se ofreci\u00f3 como voluntario como jefe de campa\u00f1a en 2023 , lo que provoc\u00f3 acusaciones, en su mayor\u00eda en broma, de interferencia estadounidense por parte de los neozelandeses.<\/p>\n\n\n\n<p>Como era inevitable, el ave de Oliver, el p\u016bteketeke o somormujo lavanco australiano, gan\u00f3 con una aplastante mayor\u00eda de 290.000 votos.<\/p>\n\n\n\n<p>Otras controversias han afectado la encuesta. En 2021, hubo un leve revuelo cuando un murci\u00e9lago gan\u00f3 el t\u00edtulo, a pesar de no ser un ave.<\/p>\n\n\n\n<p>La votaci\u00f3n se vio afectada por un esc\u00e1ndalo de influencia extranjera en 2018, cuando supuestos comediantes australianos emitieron cientos de votos fraudulentos para un p\u00e1jaro que comparte nombre con un t\u00e9rmino ant\u00edpoda que significa sexo.<\/p>\n\n\n\n<p>Los votantes ahora deben verificar las direcciones de correo electr\u00f3nico utilizadas para emitir sus votos.<\/p>\n\n\n\n<p>Forest &amp; Bird afirm\u00f3 que el 87% de los votos en la encuesta de este a\u00f1o provinieron de Nueva Zelanda. Los m\u00e1s de 14.500 votos del halc\u00f3n parecieron haber sido ganados de forma justa.<\/p>\n\n\n\n<p><strong>Un ganador cr\u00edptico y misterioso<\/strong><\/p>\n\n\n\n<figure class=\"wp-block-image size-full\"><img decoding=\"async\" width=\"800\" height=\"533\" src=\"https:\/\/lasprimeras.com.do\/wp-content\/uploads\/2025\/09\/Karearea-el-nombre-maori-del-halcon-neozelandes-3.jpg\" alt=\"\" class=\"wp-image-110496\" srcset=\"https:\/\/lasprimeras.com.do\/wp-content\/uploads\/2025\/09\/Karearea-el-nombre-maori-del-halcon-neozelandes-3.jpg 800w, https:\/\/lasprimeras.com.do\/wp-content\/uploads\/2025\/09\/Karearea-el-nombre-maori-del-halcon-neozelandes-3-300x200.jpg 300w, https:\/\/lasprimeras.com.do\/wp-content\/uploads\/2025\/09\/Karearea-el-nombre-maori-del-halcon-neozelandes-3-768x512.jpg 768w\" sizes=\"(max-width: 800px) 100vw, 800px\" \/><\/figure>\n\n\n\n<p>El majestuoso k\u0101rearea puede volar a m\u00e1s de 200 km (124 millas) por hora y se lanza en picado para capturar a sus presas, a menudo aves m\u00e1s peque\u00f1as. Esta especie end\u00e9mica est\u00e1 amenazada en Nueva Zelanda, vulnerable a la electrocuci\u00f3n con cables y a la p\u00e9rdida de sus h\u00e1bitats forestales.<\/p>\n\n\n\n<p>\u201cSon aves misteriosas y eso se debe en parte a que son cr\u00edpticas y a que suelen estar bien escondidas\u201d, dijo Phil Bradfield, fideicomisario de K\u0101rearea Falcon Trust en Marlborough, en la Isla Sur de Nueva Zelanda.<\/p>\n\n\n\n<p>Las cifras oficiales sugieren que quedan entre 5.000 y 8.000 halcones neozelandeses, aunque se desconoce la cifra real. Bradfield afirm\u00f3 que esta rapaz, \u00abr\u00e1pida, escurridiza y muy especial\u00bb, merec\u00eda ser galardonada con el premio Ave del A\u00f1o.<\/p>\n\n\n\n<p><strong>Algunos celebran las campa\u00f1as de los &#8220;underbird&#8221;<\/strong><\/p>\n\n\n\n<figure class=\"wp-block-image size-full\"><img decoding=\"async\" width=\"800\" height=\"534\" src=\"https:\/\/lasprimeras.com.do\/wp-content\/uploads\/2025\/09\/Karearea-el-nombre-maori-del-halcon-neozelandes-4.jpg\" alt=\"\" class=\"wp-image-110497\" srcset=\"https:\/\/lasprimeras.com.do\/wp-content\/uploads\/2025\/09\/Karearea-el-nombre-maori-del-halcon-neozelandes-4.jpg 800w, https:\/\/lasprimeras.com.do\/wp-content\/uploads\/2025\/09\/Karearea-el-nombre-maori-del-halcon-neozelandes-4-300x200.jpg 300w, https:\/\/lasprimeras.com.do\/wp-content\/uploads\/2025\/09\/Karearea-el-nombre-maori-del-halcon-neozelandes-4-768x513.jpg 768w\" sizes=\"(max-width: 800px) 100vw, 800px\" \/><\/figure>\n\n\n\n<p>Otras campa\u00f1as sab\u00edan que la victoria del lunes requerir\u00eda un milagro. Las aves feas \u2014pero no lo suficientemente feas como para ser graciosas\u2014, desconocidas o percibidas como aburridas, se enfrentan a un camino cuesta arriba.<\/p>\n\n\n\n<p>Eso no desanima a los amantes de las aves. El a\u00f1o 2025 fue el primero en que los 73 participantes atrajeron a los directores de campa\u00f1a, y algunos optaron por apoyar a contendientes que sab\u00edan que perder\u00edan.<\/p>\n\n\n\n<p>Uno de ellos fue Marc Daalder, cuya combativa campa\u00f1a de base en favor del t\u0101kapu, o alcatraz australiano, obtuvo 962 votos, aproximadamente una quinceava parte de los del halc\u00f3n.<\/p>\n\n\n\n<p>\u201cDirigir una campa\u00f1a para una de las aves menos populares es una experiencia m\u00e1s satisfactoria porque sabes que los votos que recibi\u00f3 tu ave son el resultado de tu arduo trabajo\u201d, dijo Daalder, quien es un periodista pol\u00edtico (humano) y tres veces director de campa\u00f1a (de aves).<\/p>\n\n\n\n<p><strong>La encuesta transmite un mensaje serio<\/strong><\/p>\n\n\n\n<p>A pesar de la participaci\u00f3n electoral casi r\u00e9cord, Toki de Forest &amp; Bird dijo que tem\u00eda que los neozelandeses renunciaran a algunas de las especies m\u00e1s amenazadas a medida que se volviera m\u00e1s costoso protegerlas, particularmente de depredadores como gatos, ratas y armi\u00f1os.<\/p>\n\n\n\n<p>\u201cLos sucesivos gobiernos de Nueva Zelanda han reducido acumulativamente la inversi\u00f3n en conservaci\u00f3n, que es la piedra angular de la prosperidad econ\u00f3mica del pa\u00eds\u201d, dijo, refiri\u00e9ndose a las campa\u00f1as de turismo que promueven los paisajes esc\u00e9nicos del pa\u00eds.<\/p>\n\n\n\n<p>\u201cLa gente viene aqu\u00ed para ver nuestras aves aut\u00f3ctonas y los lugares donde viven\u201d, dijo. \u201cNo vienen a ver centros comerciales\u201d.<\/p>\n","protected":false},"excerpt":{"rendered":"<p>WELLINGTON, Nueva Zelanda (AP) \u2014 La elecci\u00f3n anual de aves de Nueva Zelanda se disputa entre loros traviesos, dulces p\u00e1jaros cantores y adorables petirrojos. El ganador de este a\u00f1o fue&hellip;<\/p>\n","protected":false},"author":10,"featured_media":110493,"comment_status":"open","ping_status":"open","sticky":false,"template":"","format":"standard","meta":{"content-type":"","jetpack_post_was_ever_published":false,"_jetpack_newsletter_access":"","_jetpack_dont_email_post_to_subs":false,"_jetpack_newsletter_tier_id":0,"_jetpack_memberships_contains_paywalled_content":false,"_jetpack_memberships_contains_paid_content":false,"footnotes":""},"categories":[16560],"tags":[11363,25291,223,25290,1605],"class_list":["post-110492","post","type-post","status-publish","format-standard","has-post-thumbnail","hentry","category-medio-ambiente","tag-aves","tag-eleccion-anual","tag-gana","tag-na-rapaz-que-no-duda-en-devorar-a-sus-oponentes","tag-nueva-zelanda"],"jetpack_featured_media_url":"https:\/\/lasprimeras.com.do\/wp-content\/uploads\/2025\/09\/Karearea-el-nombre-maori-del-halcon-neozelandes.jpg","jetpack-related-posts":[{"id":49963,"url":"https:\/\/lasprimeras.com.do\/index.php\/2023\/05\/16\/al-menos-diez-muertos-en-un-incendio-en-un-hotel-en-nueva-zelanda\/","url_meta":{"origin":110492,"position":0},"title":"Al menos diez muertos en un incendio en un hotel en Nueva Zelanda","author":"prenxa100","date":"16 de mayo de 2023","format":false,"excerpt":"Nueva Zelanzda, EUROPA PRESS.-. Al menos diez personas han muerto este lunes en un gran incendio que ha tenido lugar durante la noche en un hotel de la ciudad de Wellington, Nueva Zelanda, mientras que otras 20 personas se encuentran desaparecidas. Los servicios de emergencia acudieron al hotel antes de\u2026","rel":"","context":"En \u00abSin categor\u00eda\u00bb","block_context":{"text":"Sin categor\u00eda","link":"https:\/\/lasprimeras.com.do\/index.php\/category\/sin-categoria\/"},"img":{"alt_text":"","src":"","width":0,"height":0},"classes":[]},{"id":92163,"url":"https:\/\/lasprimeras.com.do\/index.php\/2024\/12\/31\/nueva-zelanda-inicia-las-celebraciones-de-ano-nuevo-con-fuegos-artificiales-y-espectaculos-de-luces\/","url_meta":{"origin":110492,"position":1},"title":"Nueva Zelanda inicia las celebraciones de A\u00f1o Nuevo con fuegos artificiales y espect\u00e1culos de luces","author":"Nelson Feliz","date":"31 de diciembre de 2024","format":false,"excerpt":"By CHARLOTTE GRAHAM-McLAY WELLINGTON, Nueva Zelanda (AP) \u2014 Auckland se convirti\u00f3 en la primera gran ciudad en recibir 2025, con miles de personas que hicieron la cuenta atr\u00e1s hasta el nuevo a\u00f1o y vitorearon los coloridos fuegos artificiales lanzados desde la estructura m\u00e1s alta de Nueva Zelanda, la Sky Tower,\u2026","rel":"","context":"En \u00abINTERNACIONALES\u00bb","block_context":{"text":"INTERNACIONALES","link":"https:\/\/lasprimeras.com.do\/index.php\/category\/sin-categoria\/internacionales\/"},"img":{"alt_text":"","src":"https:\/\/i0.wp.com\/lasprimeras.com.do\/wp-content\/uploads\/2024\/12\/zelanda.jpg?resize=350%2C200&ssl=1","width":350,"height":200,"srcset":"https:\/\/i0.wp.com\/lasprimeras.com.do\/wp-content\/uploads\/2024\/12\/zelanda.jpg?resize=350%2C200&ssl=1 1x, https:\/\/i0.wp.com\/lasprimeras.com.do\/wp-content\/uploads\/2024\/12\/zelanda.jpg?resize=525%2C300&ssl=1 1.5x, https:\/\/i0.wp.com\/lasprimeras.com.do\/wp-content\/uploads\/2024\/12\/zelanda.jpg?resize=700%2C400&ssl=1 2x"},"classes":[]},{"id":58654,"url":"https:\/\/lasprimeras.com.do\/index.php\/2023\/08\/26\/unade-inicia-proyecto-de-conservacion-de-aves-endemicas-dominicanas\/","url_meta":{"origin":110492,"position":2},"title":"UNADE inicia proyecto de conservaci\u00f3n de aves end\u00e9micas dominicanas","author":"Nelson Feliz","date":"26 de agosto de 2023","format":false,"excerpt":"Por Martin Restituyo El Ministerio de Defensa (MIDE) a trav\u00e9s de la Universidad Nacional para la Defensa \u201cGeneral Juan Pablo Duarte y D\u00edez\u201d (UNADE), inici\u00f3 un proyecto acad\u00e9mico-cient\u00edfico, para sembrar en los recintos militares, plantas que sirven de alimento a aves end\u00e9micas de Rep\u00fablica Dominicana y especies migratorias, para cuidar\u2026","rel":"","context":"En \u00abMILITARES\u00bb","block_context":{"text":"MILITARES","link":"https:\/\/lasprimeras.com.do\/index.php\/category\/militares\/"},"img":{"alt_text":"UNSADE","src":"https:\/\/i0.wp.com\/lasprimeras.com.do\/wp-content\/uploads\/2023\/08\/UNSADE.jpg?resize=350%2C200&ssl=1","width":350,"height":200,"srcset":"https:\/\/i0.wp.com\/lasprimeras.com.do\/wp-content\/uploads\/2023\/08\/UNSADE.jpg?resize=350%2C200&ssl=1 1x, https:\/\/i0.wp.com\/lasprimeras.com.do\/wp-content\/uploads\/2023\/08\/UNSADE.jpg?resize=525%2C300&ssl=1 1.5x"},"classes":[]},{"id":72530,"url":"https:\/\/lasprimeras.com.do\/index.php\/2023\/12\/31\/auckland-nueva-zelanda-la-primera-ciudad-importante-en-recibir-el-ano-2024\/","url_meta":{"origin":110492,"position":3},"title":"Auckland, Nueva Zelanda, la primera ciudad importante en recibir el a\u00f1o 2024","author":"BIMARY DE JES\u00daS Matos","date":"31 de diciembre de 2023","format":false,"excerpt":"Auckland se ha convertido en la primera ciudad importante en recibir el a\u00f1o 2024, con miles de personas celebrando un espect\u00e1culo de fuegos artificiales que brota de la estructura m\u00e1s alta de Nueva Zelanda, la Sky Tower, y un espect\u00e1culo de luces en el centro. Las celebraciones de Nochevieja de\u2026","rel":"","context":"En \u00abSin categor\u00eda\u00bb","block_context":{"text":"Sin categor\u00eda","link":"https:\/\/lasprimeras.com.do\/index.php\/category\/sin-categoria\/"},"img":{"alt_text":"","src":"https:\/\/i0.wp.com\/lasprimeras.com.do\/wp-content\/uploads\/2023\/12\/Noticias-de-energia-2023-12-30T231339.083.jpg?resize=350%2C200&ssl=1","width":350,"height":200,"srcset":"https:\/\/i0.wp.com\/lasprimeras.com.do\/wp-content\/uploads\/2023\/12\/Noticias-de-energia-2023-12-30T231339.083.jpg?resize=350%2C200&ssl=1 1x, https:\/\/i0.wp.com\/lasprimeras.com.do\/wp-content\/uploads\/2023\/12\/Noticias-de-energia-2023-12-30T231339.083.jpg?resize=525%2C300&ssl=1 1.5x"},"classes":[]},{"id":55351,"url":"https:\/\/lasprimeras.com.do\/index.php\/2023\/07\/20\/visa-lanza-campana-para-copa-mundial-femenina-de-la-fifa\/","url_meta":{"origin":110492,"position":4},"title":"VISA lanza campa\u00f1a para Copa Mundial Femenina de la FIFA","author":"Nelson Feliz","date":"20 de julio de 2023","format":false,"excerpt":"A solo unos d\u00edas para el inicio de la Copa Mundial Femenina de la FIFA Australia y Nueva Zelanda 2023, Visa, el Socio Global del F\u00fatbol Femenino de la FIFA, reafirma su compromiso con promover el empoderamiento de las mujeres con su campa\u00f1a de marketing m\u00e1s extensa hasta la fecha\u2026","rel":"","context":"En \u00abSin categor\u00eda\u00bb","block_context":{"text":"Sin categor\u00eda","link":"https:\/\/lasprimeras.com.do\/index.php\/category\/sin-categoria\/"},"img":{"alt_text":"","src":"https:\/\/i0.wp.com\/lasprimeras.com.do\/wp-content\/uploads\/2023\/07\/fifa.jpg?resize=350%2C200&ssl=1","width":350,"height":200,"srcset":"https:\/\/i0.wp.com\/lasprimeras.com.do\/wp-content\/uploads\/2023\/07\/fifa.jpg?resize=350%2C200&ssl=1 1x, https:\/\/i0.wp.com\/lasprimeras.com.do\/wp-content\/uploads\/2023\/07\/fifa.jpg?resize=525%2C300&ssl=1 1.5x, https:\/\/i0.wp.com\/lasprimeras.com.do\/wp-content\/uploads\/2023\/07\/fifa.jpg?resize=700%2C400&ssl=1 2x"},"classes":[]},{"id":86454,"url":"https:\/\/lasprimeras.com.do\/index.php\/2024\/07\/25\/francia-derrota-3-2-a-colombia-en-futbol-olimpico-femenino\/","url_meta":{"origin":110492,"position":5},"title":"Francia derrota 3-2 a Colombia en f\u00fatbol ol\u00edmpico femenino","author":"Nelson Feliz","date":"25 de julio de 2024","format":false,"excerpt":"BY ANNE M. PETERSON NIZA, Francia (AP) \u2014 Colombia se sacudi\u00f3 tras encajar tres goles en el primer tiempo contra Francia, pero la reacci\u00f3n se qued\u00f3 corta y sucumbi\u00f3 el jueves 3-2 ante las anfitrionas en el arranque del torneo de f\u00fatbol femenino de los Juegos Ol\u00edmpicos. Marie-Antoinette Katoto factur\u00f3\u2026","rel":"","context":"En \u00abSin categor\u00eda\u00bb","block_context":{"text":"Sin categor\u00eda","link":"https:\/\/lasprimeras.com.do\/index.php\/category\/sin-categoria\/"},"img":{"alt_text":"","src":"https:\/\/i0.wp.com\/lasprimeras.com.do\/wp-content\/uploads\/2024\/07\/GANA.png?resize=350%2C200&ssl=1","width":350,"height":200,"srcset":"https:\/\/i0.wp.com\/lasprimeras.com.do\/wp-content\/uploads\/2024\/07\/GANA.png?resize=350%2C200&ssl=1 1x, https:\/\/i0.wp.com\/lasprimeras.com.do\/wp-content\/uploads\/2024\/07\/GANA.png?resize=525%2C300&ssl=1 1.5x, https:\/\/i0.wp.com\/lasprimeras.com.do\/wp-content\/uploads\/2024\/07\/GANA.png?resize=700%2C400&ssl=1 2x"},"classes":[]}],"jetpack_sharing_enabled":true,"_links":{"self":[{"href":"https:\/\/lasprimeras.com.do\/index.php\/wp-json\/wp\/v2\/posts\/110492","targetHints":{"allow":["GET"]}}],"collection":[{"href":"https:\/\/lasprimeras.com.do\/index.php\/wp-json\/wp\/v2\/posts"}],"about":[{"href":"https:\/\/lasprimeras.com.do\/index.php\/wp-json\/wp\/v2\/types\/post"}],"author":[{"embeddable":true,"href":"https:\/\/lasprimeras.com.do\/index.php\/wp-json\/wp\/v2\/users\/10"}],"replies":[{"embeddable":true,"href":"https:\/\/lasprimeras.com.do\/index.php\/wp-json\/wp\/v2\/comments?post=110492"}],"version-history":[{"count":1,"href":"https:\/\/lasprimeras.com.do\/index.php\/wp-json\/wp\/v2\/posts\/110492\/revisions"}],"predecessor-version":[{"id":110498,"href":"https:\/\/lasprimeras.com.do\/index.php\/wp-json\/wp\/v2\/posts\/110492\/revisions\/110498"}],"wp:featuredmedia":[{"embeddable":true,"href":"https:\/\/lasprimeras.com.do\/index.php\/wp-json\/wp\/v2\/media\/110493"}],"wp:attachment":[{"href":"https:\/\/lasprimeras.com.do\/index.php\/wp-json\/wp\/v2\/media?parent=110492"}],"wp:term":[{"taxonomy":"category","embeddable":true,"href":"https:\/\/lasprimeras.com.do\/index.php\/wp-json\/wp\/v2\/categories?post=110492"},{"taxonomy":"post_tag","embeddable":true,"href":"https:\/\/lasprimeras.com.do\/index.php\/wp-json\/wp\/v2\/tags?post=110492"}],"curies":[{"name":"wp","href":"https:\/\/api.w.org\/{rel}","templated":true}]}}