{"id":110502,"date":"2025-09-29T11:16:26","date_gmt":"2025-09-29T15:16:26","guid":{"rendered":"https:\/\/lasprimeras.com.do\/?p=110502"},"modified":"2025-09-29T11:16:28","modified_gmt":"2025-09-29T15:16:28","slug":"fallece-russell-m-nelson-el-presidente-de-mayor-edad-de-la-iglesia-de-jesucristo-de-los-santos-de-los-ultimos-dias","status":"publish","type":"post","link":"https:\/\/lasprimeras.com.do\/index.php\/2025\/09\/29\/fallece-russell-m-nelson-el-presidente-de-mayor-edad-de-la-iglesia-de-jesucristo-de-los-santos-de-los-ultimos-dias\/","title":{"rendered":"Fallece Russell M. Nelson, el presidente de mayor edad de La Iglesia de Jesucristo de los Santos de los \u00daltimos D\u00edas"},"content":{"rendered":"\n<p>SALT LAKE CITY (AP) \u2014 Russell M. Nelson, el presidente de mayor edad de La Iglesia de Jesucristo de los Santos de los \u00daltimos D\u00edas, muri\u00f3 el s\u00e1bado por la noche a la edad de 101 a\u00f1os, anunciaron funcionarios de la iglesia.<\/p>\n\n\n\n<p>Nelson muri\u00f3 en su casa en Salt Lake City, anunci\u00f3 la iglesia.<\/p>\n\n\n\n<p>Nelson, excirujano card\u00edaco, ocup\u00f3 durante cuatro d\u00e9cadas los m\u00e1s altos cargos de la Iglesia tras ser seleccionado en 1984 para unirse al principal \u00f3rgano rector de la Iglesia, el Cu\u00f3rum de los Doce Ap\u00f3stoles.<\/p>\n\n\n\n<p>Ascendi\u00f3 a la presidencia en enero de 2018 tras el fallecimiento de Thomas S. Monson, y en 2024 se convirti\u00f3 en el primer presidente de la Iglesia en cumplir cien a\u00f1os.<\/p>\n\n\n\n<p>El pr\u00f3ximo presidente de la fe, conocida ampliamente como la Iglesia Mormona, no fue nombrado de inmediato, pero se espera que sea Dallin H. Oaks, seg\u00fan el protocolo de la iglesia. Es el siguiente miembro con mayor permanencia en el Cu\u00f3rum de los Doce Ap\u00f3stoles, que gobierna la iglesia.<\/p>\n\n\n\n<p>El senador Mike Lee de Utah public\u00f3 un c\u00e1lido homenaje a Nelson en las redes sociales poco despu\u00e9s del anuncio.<\/p>\n\n\n\n<p>\u201cDesde que lo conozco, \u00e9l ha irradiado \u2014y para m\u00ed, ha llegado a personificar\u2014 el tipo de fe, humildad y confianza tranquila que suele ser la compa\u00f1era constante de un siervo devoto y seguidor de Jesucristo\u201d, escribi\u00f3 Lee.<\/p>\n\n\n\n<p>Nelson hizo cambios significativos en la iglesia<\/p>\n\n\n\n<p>El ex cirujano card\u00edaco tuvo un mandato vibrante y transformador, especialmente en 2018, su primer a\u00f1o , cuando hizo un anuncio sorprendente pidiendo a las personas que dejaran de usar los nombres abreviados &#8220;Morm\u00f3n&#8221; y &#8220;LDS&#8221; como sustitutos del nombre completo de la religi\u00f3n, un cambio brusco despu\u00e9s de que los l\u00edderes anteriores de la iglesia gastaran millones para promover el apodo durante d\u00e9cadas.<\/p>\n\n\n\n<p>Nelson tambi\u00e9n fue noticia al a\u00f1o siguiente cuando derog\u00f3 las normas que prohib\u00edan el bautismo de hijos de padres homosexuales y catalogaban a las parejas del mismo sexo como pecadores susceptibles de expulsi\u00f3n. Esas pol\u00edticas de 2015 generaron una reacci\u00f3n generalizada.<\/p>\n\n\n\n<p>Pero aunque la administraci\u00f3n de Nelson fue m\u00e1s amable y receptiva con las personas LGBTQ+ que la de presidentes anteriores, la postura de la iglesia sobre el matrimonio igualitario no cambi\u00f3.<\/p>\n\n\n\n<p>Su administraci\u00f3n tambi\u00e9n endureci\u00f3 las normas que limitan la participaci\u00f3n de los miembros que se someten a procedimientos m\u00e9dicos de afirmaci\u00f3n de g\u00e9nero o cambian de nombre, pronombres o vestimenta, lo que gener\u00f3 cr\u00edticas de que marginar\u00eda a los miembros transg\u00e9nero.<\/p>\n\n\n\n<p>Nelson y uno de sus principales consejeros describieron su enfoque hacia los miembros LGBTQ+ como un intento de equilibrar el \u201camor del Se\u00f1or y la ley del Se\u00f1or\u201d.<\/p>\n\n\n\n<p>Los presidentes de la fe con sede en Utah son considerados profetas que dirigen la Iglesia a trav\u00e9s de revelaciones de Dios en colaboraci\u00f3n con dos consejeros principales y miembros del Qu\u00f3rum de los Doce.<\/p>\n\n\n\n<p>Nelson fue conocido por liderar a la iglesia durante la pandemia de COVID-19 y cortar los lazos de un siglo de la fe con los Boy Scouts of America , creando el propio programa juvenil de la iglesia que tambi\u00e9n pod\u00eda servir a m\u00e1s de la mitad de sus 17 millones de miembros que viven fuera de los EE. UU. y Canad\u00e1.<\/p>\n\n\n\n<p>La disociaci\u00f3n se produjo despu\u00e9s de que los Boy Scouts of America decidieran permitir que miembros j\u00f3venes LGBTQ+ y voluntarios adultos se unieran.<\/p>\n\n\n\n<p>La permanencia en el cargo incluy\u00f3 el escrutinio de los informes de abuso<\/p>\n\n\n\n<p>Durante su mandato, se intensific\u00f3 el escrutinio, que se ven\u00eda gestando desde hac\u00eda tiempo, sobre la forma en que la fe gestiona las denuncias de abuso sexual presentadas ante los l\u00edderes locales.<\/p>\n\n\n\n<p>Una investigaci\u00f3n de Associated Press descubri\u00f3 que la l\u00ednea directa de denuncia de abuso sexual de la religi\u00f3n puede ser utilizada indebidamente por sus l\u00edderes para desviar las acusaciones de abuso de las fuerzas del orden y dirigirlas a los abogados de la iglesia, quienes pueden ocultar el problema, dejando a las v\u00edctimas en una situaci\u00f3n de riesgo.<\/p>\n\n\n\n<p>Nelson y los l\u00edderes de la iglesia defendieron sus pr\u00e1cticas, diciendo que la l\u00ednea directa \u201ctiene todo que ver con proteger a los ni\u00f1os y no tiene nada que ver con encubrimiento\u201d.<\/p>\n\n\n\n<p>La iglesia tambi\u00e9n enfrent\u00f3 un escrutinio sobre las entrevistas a puerta cerrada, individuales, entre j\u00f3venes y l\u00edderes adultos locales en las que pod\u00edan surgir preguntas sobre la identidad y la sexualidad.<\/p>\n\n\n\n<p>La fe cambi\u00f3 sus directrices para instruir a los l\u00edderes laicos a nunca ignorar una denuncia de abuso, una instrucci\u00f3n m\u00e1s directa que las directrices anteriores. Tambi\u00e9n permiti\u00f3 que los ni\u00f1os estuvieran acompa\u00f1ados por uno de sus padres o un adulto durante las entrevistas individuales con los l\u00edderes de la iglesia local, conocidos como obispos.<\/p>\n\n\n\n<p>Nelson ampli\u00f3 su liderazgo y forj\u00f3 alianzas<\/p>\n\n\n\n<p>Nelson tambi\u00e9n nombr\u00f3 l\u00edderes no estadounidenses para el m\u00e1ximo \u00f3rgano de gobierno, compuesto exclusivamente por blancos y mayoritariamente estadounidenses, e presion\u00f3 para publicar himnarios regionales que celebren la m\u00fasica y la cultura locales en todo el mundo.<\/p>\n\n\n\n<p>El presidente acort\u00f3 los servicios dominicales y aceler\u00f3 un esfuerzo de larga data para construir m\u00e1s templos, llenando el mundo con las lujosas casas de culto de la fe a pesar de la resistencia en algunas partes de Estados Unidos.<\/p>\n\n\n\n<p>Tambi\u00e9n forj\u00f3 una alianza formal con la NAACP. Hasta 1978, la iglesia prohibi\u00f3 a los hombres negros ejercer el sacerdocio laico, una pol\u00edtica arraigada en la creencia racista de que la piel negra era una maldici\u00f3n.<\/p>\n\n\n\n<p>La iglesia desminti\u00f3 las razones de la prohibici\u00f3n en un ensayo de 2013, pero nunca emiti\u00f3 una disculpa formal. Sigue siendo uno de los temas m\u00e1s sensibles para la iglesia.<\/p>\n\n\n\n<p>Nacido en Salt Lake City en 1924, Nelson se uni\u00f3 a la religi\u00f3n siendo a\u00fan joven. A los 22 a\u00f1os se convirti\u00f3 en m\u00e9dico y cumpli\u00f3 dos a\u00f1os de servicio militar durante la Guerra de Corea antes de retomar su carrera m\u00e9dica, que incluy\u00f3 la direcci\u00f3n de la residencia de cirug\u00eda tor\u00e1cica en la Universidad de Utah.<\/p>\n\n\n\n<p>Nelson era conocido por su precisi\u00f3n, lo que lo convirti\u00f3 en un cirujano exitoso durante su etapa como l\u00edder de la iglesia.<\/p>\n\n\n\n<p>Ten\u00eda fama de enfatizar la obediencia a la ley y a lo que \u00e9l llamaba la &#8220;senda del convenio&#8221;, la serie de ordenanzas y pr\u00e1cticas que definen una vida en la fe, seg\u00fan el erudito morm\u00f3n Matthew Bowman, profesor de religi\u00f3n en las Universidades de Posgrado de Claremont.<\/p>\n\n\n\n<p>Nelson y su primera esposa, Dantzel White, tuvieron diez hijos. Tras su fallecimiento en 2005, Nelson se cas\u00f3 con Wendy Watson en 2006.<\/p>\n","protected":false},"excerpt":{"rendered":"<p>SALT LAKE CITY (AP) \u2014 Russell M. Nelson, el presidente de mayor edad de La Iglesia de Jesucristo de los Santos de los \u00daltimos D\u00edas, muri\u00f3 el s\u00e1bado por la&hellip;<\/p>\n","protected":false},"author":10,"featured_media":110503,"comment_status":"open","ping_status":"open","sticky":false,"template":"","format":"standard","meta":{"content-type":"","jetpack_post_was_ever_published":false,"_jetpack_newsletter_access":"","_jetpack_dont_email_post_to_subs":false,"_jetpack_newsletter_tier_id":0,"_jetpack_memberships_contains_paywalled_content":false,"_jetpack_memberships_contains_paid_content":false,"footnotes":""},"categories":[16289],"tags":[1423,25296,25294,25295],"class_list":["post-110502","post","type-post","status-publish","format-standard","has-post-thumbnail","hentry","category-internacionales","tag-fallece","tag-la-iglesia-de-jesucristo-de-los-santos-de-los-ultimos-dias","tag-presidente-de-mayor-edad","tag-russell-m-nelson"],"jetpack_featured_media_url":"https:\/\/lasprimeras.com.do\/wp-content\/uploads\/2025\/09\/Russell-M.-Nelson.jpg","jetpack-related-posts":[{"id":110499,"url":"https:\/\/lasprimeras.com.do\/index.php\/2025\/09\/29\/un-hombre-armado-abre-fuego-en-una-iglesia-de-michigan-y-la-incendia-matando-al-menos-a-4-personas-e-hiriendo-a-8\/","url_meta":{"origin":110502,"position":0},"title":"Un hombre armado abre fuego en una iglesia de Michigan y la incendia, matando al menos a 4 personas e hiriendo a 8","author":"Nelson Feliz","date":"29 de septiembre de 2025","format":false,"excerpt":"Por ISABELLA VOLMERT y COREY WILLIAMS MUNICIPIO DE GRAND BLANC, Michigan (AP) \u2014 Un exmarine estrell\u00f3 su camioneta contra una iglesia de la Iglesia de Jesucristo de los Santos de los \u00daltimos D\u00edas en Michigan, abri\u00f3 fuego e incendi\u00f3 el edificio durante un concurrido servicio dominical y luego fue asesinado\u2026","rel":"","context":"En \u00abINTERNACIONALES\u00bb","block_context":{"text":"INTERNACIONALES","link":"https:\/\/lasprimeras.com.do\/index.php\/category\/sin-categoria\/internacionales\/"},"img":{"alt_text":"","src":"https:\/\/i0.wp.com\/lasprimeras.com.do\/wp-content\/uploads\/2025\/09\/IGLESIA.jpg?resize=350%2C200&ssl=1","width":350,"height":200,"srcset":"https:\/\/i0.wp.com\/lasprimeras.com.do\/wp-content\/uploads\/2025\/09\/IGLESIA.jpg?resize=350%2C200&ssl=1 1x, https:\/\/i0.wp.com\/lasprimeras.com.do\/wp-content\/uploads\/2025\/09\/IGLESIA.jpg?resize=525%2C300&ssl=1 1.5x, https:\/\/i0.wp.com\/lasprimeras.com.do\/wp-content\/uploads\/2025\/09\/IGLESIA.jpg?resize=700%2C400&ssl=1 2x"},"classes":[]},{"id":129184,"url":"https:\/\/lasprimeras.com.do\/index.php\/2026\/04\/30\/iglesia-de-jesucristo-entrega-kits-de-higiene-en-hospital-materno-infantil-de-los-mina\/","url_meta":{"origin":110502,"position":1},"title":"Iglesia de Jesucristo entrega kits de higiene en hospital materno infantil de Los Mina","author":"Nelson Feliz","date":"30 de abril de 2026","format":false,"excerpt":"La Iglesia de Jesucristo de los Santos de los \u00daltimos D\u00edas entreg\u00f3 un total de 200 kits de higiene personal a ni\u00f1os hospitalizados y sus familias en el Hospital Materno Infantil San Lorenzo de Los Mina, del municipio Santo Domingo Este. La iniciativa cont\u00f3 con la participaci\u00f3n de 13 hermanas,\u2026","rel":"","context":"En \u00abSALUD\u00bb","block_context":{"text":"SALUD","link":"https:\/\/lasprimeras.com.do\/index.php\/category\/salud\/"},"img":{"alt_text":"","src":"https:\/\/i0.wp.com\/lasprimeras.com.do\/wp-content\/uploads\/2025\/11\/Maternidad-San-Lorenzo-de-Los-Mina.jpg?resize=350%2C200&ssl=1","width":350,"height":200,"srcset":"https:\/\/i0.wp.com\/lasprimeras.com.do\/wp-content\/uploads\/2025\/11\/Maternidad-San-Lorenzo-de-Los-Mina.jpg?resize=350%2C200&ssl=1 1x, https:\/\/i0.wp.com\/lasprimeras.com.do\/wp-content\/uploads\/2025\/11\/Maternidad-San-Lorenzo-de-Los-Mina.jpg?resize=525%2C300&ssl=1 1.5x, https:\/\/i0.wp.com\/lasprimeras.com.do\/wp-content\/uploads\/2025\/11\/Maternidad-San-Lorenzo-de-Los-Mina.jpg?resize=700%2C400&ssl=1 2x"},"classes":[]},{"id":81214,"url":"https:\/\/lasprimeras.com.do\/index.php\/2024\/04\/18\/iglesia-de-jesucristo-de-los-santos-de-los-ultimos-dias-reconocio-la-labor-y-trayectoria-periodistica-de-fausto-rosario\/","url_meta":{"origin":110502,"position":2},"title":"Iglesia reconoce la labor y trayectoria period\u00edstica de Fausto Rosario","author":"BIMARY DE JES\u00daS Matos","date":"18 de abril de 2024","format":false,"excerpt":"La Iglesia de Jesucristo de los Santos de los \u00daltimos D\u00edas reconoci\u00f3 la labor y trayectoria period\u00edstica de Fausto Rosario, director del peri\u00f3dico \"Acento\" El reconocimiento fue entregado por el \u00e9lder Mois\u00e9s Villanueva, Setenta Autoridad General y segundo consejero de la Presidencia del \u00c1rea del Caribe, durante la tercera edici\u00f3n\u2026","rel":"","context":"En \u00abNACIONALES\u00bb","block_context":{"text":"NACIONALES","link":"https:\/\/lasprimeras.com.do\/index.php\/category\/nacionales\/"},"img":{"alt_text":"","src":"https:\/\/i0.wp.com\/lasprimeras.com.do\/wp-content\/uploads\/2024\/04\/IMG-20240418-WA0028.jpg?resize=350%2C200&ssl=1","width":350,"height":200,"srcset":"https:\/\/i0.wp.com\/lasprimeras.com.do\/wp-content\/uploads\/2024\/04\/IMG-20240418-WA0028.jpg?resize=350%2C200&ssl=1 1x, https:\/\/i0.wp.com\/lasprimeras.com.do\/wp-content\/uploads\/2024\/04\/IMG-20240418-WA0028.jpg?resize=525%2C300&ssl=1 1.5x, https:\/\/i0.wp.com\/lasprimeras.com.do\/wp-content\/uploads\/2024\/04\/IMG-20240418-WA0028.jpg?resize=700%2C400&ssl=1 2x, https:\/\/i0.wp.com\/lasprimeras.com.do\/wp-content\/uploads\/2024\/04\/IMG-20240418-WA0028.jpg?resize=1050%2C600&ssl=1 3x"},"classes":[]},{"id":65506,"url":"https:\/\/lasprimeras.com.do\/index.php\/2023\/10\/29\/voluntarios-de-la-iglesia-de-jesucristo-ayudan-prevenir-dengue-en-sectores-de-villa-mella\/","url_meta":{"origin":110502,"position":3},"title":"Voluntarios de la Iglesia de Jesucristo ayudan prevenir dengue en sectores de Villa Mella","author":"Nelson Feliz","date":"29 de octubre de 2023","format":false,"excerpt":"Junto a la ASDN impactan a m\u00e1s de 2 mil ciudadanos con labores de descacharrizaci\u00f3n, colocaci\u00f3n de abate para eliminar el mosquito, recolectan miles de toneladas de residuos s\u00f3lidos y concientizan a ciudadanos sobre la prevenci\u00f3n de la enfermedad. Miles de voluntarios que pertenecen a la Estaca Villa Mella de\u2026","rel":"","context":"En \u00abNACIONALES\u00bb","block_context":{"text":"NACIONALES","link":"https:\/\/lasprimeras.com.do\/index.php\/category\/nacionales\/"},"img":{"alt_text":"Voluntarios de la Iglesia de Jesucristo","src":"https:\/\/i0.wp.com\/lasprimeras.com.do\/wp-content\/uploads\/2023\/10\/Voluntarios-de-la-Iglesia-de-Jesucristo-1.jpg?resize=350%2C200&ssl=1","width":350,"height":200,"srcset":"https:\/\/i0.wp.com\/lasprimeras.com.do\/wp-content\/uploads\/2023\/10\/Voluntarios-de-la-Iglesia-de-Jesucristo-1.jpg?resize=350%2C200&ssl=1 1x, https:\/\/i0.wp.com\/lasprimeras.com.do\/wp-content\/uploads\/2023\/10\/Voluntarios-de-la-Iglesia-de-Jesucristo-1.jpg?resize=525%2C300&ssl=1 1.5x"},"classes":[]},{"id":61761,"url":"https:\/\/lasprimeras.com.do\/index.php\/2023\/09\/30\/la-iglesia-de-jesucristo-celebra-tercera-edicion-del-premio-de-valores-familiares-2023\/","url_meta":{"origin":110502,"position":4},"title":"La Iglesia de Jesucristo celebra tercera edici\u00f3n del Premio de Valores Familiares 2023","author":"Nelson Feliz","date":"30 de septiembre de 2023","format":false,"excerpt":"La Iglesia de Jesucristo de los Santos de los \u00daltimos D\u00edas en Rep\u00fablica Dominicana llev\u00f3 a cabo la tercera edici\u00f3n del Premio de Valores Familiares 2023. Un evento que honra a aquellos que, a trav\u00e9s de sus vidas y contribuciones, han desempe\u00f1ado un papel fundamental en la promoci\u00f3n de la\u2026","rel":"","context":"En \u00abENTRETENIMIENTO\u00bb","block_context":{"text":"ENTRETENIMIENTO","link":"https:\/\/lasprimeras.com.do\/index.php\/category\/entretenimiento\/"},"img":{"alt_text":"La Iglesia de Jesucristo de los Santos de los \u00daltimos D\u00edas","src":"https:\/\/i0.wp.com\/lasprimeras.com.do\/wp-content\/uploads\/2023\/09\/Iglesia.jpg?resize=350%2C200&ssl=1","width":350,"height":200,"srcset":"https:\/\/i0.wp.com\/lasprimeras.com.do\/wp-content\/uploads\/2023\/09\/Iglesia.jpg?resize=350%2C200&ssl=1 1x, https:\/\/i0.wp.com\/lasprimeras.com.do\/wp-content\/uploads\/2023\/09\/Iglesia.jpg?resize=525%2C300&ssl=1 1.5x, https:\/\/i0.wp.com\/lasprimeras.com.do\/wp-content\/uploads\/2023\/09\/Iglesia.jpg?resize=700%2C400&ssl=1 2x"},"classes":[]},{"id":92440,"url":"https:\/\/lasprimeras.com.do\/index.php\/2025\/01\/04\/la-iglesia-de-jesucristo-sud-deja-iniciada-la-construccion-de-una-capilla-en-punta-de-villa-mella\/","url_meta":{"origin":110502,"position":5},"title":"La Iglesia de Jesucristo SUD deja iniciada la construcci\u00f3n de una capilla en Punta de Villa Mella","author":"Nelson Feliz","date":"4 de enero de 2025","format":false,"excerpt":"Dicha capilla fue dedicada como un espacio de adoraci\u00f3n a Dios, refugio, amor, paz, armon\u00eda y espiritualidad. Con la presencia de gran parte de sus miembros, l\u00edderes comunitarios y pol\u00edticos del municipio, La Iglesia de Jesucristo de los Santos de los \u00daltimos D\u00edas dej\u00f3 iniciado este s\u00e1bado los trabajos de\u2026","rel":"","context":"En \u00abNACIONALES\u00bb","block_context":{"text":"NACIONALES","link":"https:\/\/lasprimeras.com.do\/index.php\/category\/nacionales\/"},"img":{"alt_text":"","src":"https:\/\/i0.wp.com\/lasprimeras.com.do\/wp-content\/uploads\/2025\/01\/capilla.jpg?resize=350%2C200&ssl=1","width":350,"height":200,"srcset":"https:\/\/i0.wp.com\/lasprimeras.com.do\/wp-content\/uploads\/2025\/01\/capilla.jpg?resize=350%2C200&ssl=1 1x, https:\/\/i0.wp.com\/lasprimeras.com.do\/wp-content\/uploads\/2025\/01\/capilla.jpg?resize=525%2C300&ssl=1 1.5x, https:\/\/i0.wp.com\/lasprimeras.com.do\/wp-content\/uploads\/2025\/01\/capilla.jpg?resize=700%2C400&ssl=1 2x"},"classes":[]}],"jetpack_sharing_enabled":true,"_links":{"self":[{"href":"https:\/\/lasprimeras.com.do\/index.php\/wp-json\/wp\/v2\/posts\/110502","targetHints":{"allow":["GET"]}}],"collection":[{"href":"https:\/\/lasprimeras.com.do\/index.php\/wp-json\/wp\/v2\/posts"}],"about":[{"href":"https:\/\/lasprimeras.com.do\/index.php\/wp-json\/wp\/v2\/types\/post"}],"author":[{"embeddable":true,"href":"https:\/\/lasprimeras.com.do\/index.php\/wp-json\/wp\/v2\/users\/10"}],"replies":[{"embeddable":true,"href":"https:\/\/lasprimeras.com.do\/index.php\/wp-json\/wp\/v2\/comments?post=110502"}],"version-history":[{"count":1,"href":"https:\/\/lasprimeras.com.do\/index.php\/wp-json\/wp\/v2\/posts\/110502\/revisions"}],"predecessor-version":[{"id":110504,"href":"https:\/\/lasprimeras.com.do\/index.php\/wp-json\/wp\/v2\/posts\/110502\/revisions\/110504"}],"wp:featuredmedia":[{"embeddable":true,"href":"https:\/\/lasprimeras.com.do\/index.php\/wp-json\/wp\/v2\/media\/110503"}],"wp:attachment":[{"href":"https:\/\/lasprimeras.com.do\/index.php\/wp-json\/wp\/v2\/media?parent=110502"}],"wp:term":[{"taxonomy":"category","embeddable":true,"href":"https:\/\/lasprimeras.com.do\/index.php\/wp-json\/wp\/v2\/categories?post=110502"},{"taxonomy":"post_tag","embeddable":true,"href":"https:\/\/lasprimeras.com.do\/index.php\/wp-json\/wp\/v2\/tags?post=110502"}],"curies":[{"name":"wp","href":"https:\/\/api.w.org\/{rel}","templated":true}]}}