{"id":110511,"date":"2025-09-29T12:20:15","date_gmt":"2025-09-29T16:20:15","guid":{"rendered":"https:\/\/lasprimeras.com.do\/?p=110511"},"modified":"2025-09-29T12:20:18","modified_gmt":"2025-09-29T16:20:18","slug":"anpa-inaugura-este-martes-su-ix-congreso-nacional-hipolito-mejia","status":"publish","type":"post","link":"https:\/\/lasprimeras.com.do\/index.php\/2025\/09\/29\/anpa-inaugura-este-martes-su-ix-congreso-nacional-hipolito-mejia\/","title":{"rendered":"ANPA inaugura este martes su IX Congreso Nacional \u201cHip\u00f3lito Mej\u00eda\u201d"},"content":{"rendered":"\n<p>La Asociaci\u00f3n Nacional de Profesionales Agropecuarios (ANPA) dejar\u00e1 inaugurado este martes su IX Congreso Nacional \u201cHip\u00f3lito Mej\u00eda\u201d, a celebrarse en el Hotel Coopmarena de Juan Dolio, provincia San Pedro de Macor\u00eds, los d\u00edas 30 de septiembre, 1 y 2 de octubre de 2025.<\/p>\n\n\n\n<p>Con el lema \u201cEl agr\u00f3nomo como garante de la seguridad alimentaria\u201d, este magno evento reunir\u00e1 a cientos de profesionales agropecuarios de todo el pa\u00eds en un espacio de an\u00e1lisis, debate y propuestas orientadas a fortalecer el papel del sector en la producci\u00f3n de alimentos, la soberan\u00eda y seguridad alimentaria de la Rep\u00fablica Dominicana.<\/p>\n\n\n\n<p>El congreso, dedicado al expresidente de la Rep\u00fablica Hip\u00f3lito Mej\u00eda, resalta su trayectoria, sus aportes al sector agropecuario y su condici\u00f3n de aliado permanente de los profesionales del \u00e1rea.<\/p>\n\n\n\n<p>Durante los tres d\u00edas de jornadas, se desarrollar\u00e1n ponencias, paneles y mesas de trabajo<\/p>\n\n\n\n<p>El presidente de la ANPA, Tito Hern\u00e1ndez, expres\u00f3 que este congreso constituye un escenario hist\u00f3rico para reafirmar el compromiso del gremio con la naci\u00f3n.<\/p>\n","protected":false},"excerpt":{"rendered":"<p>La Asociaci\u00f3n Nacional de Profesionales Agropecuarios (ANPA) dejar\u00e1 inaugurado este martes su IX Congreso Nacional \u201cHip\u00f3lito Mej\u00eda\u201d, a celebrarse en el Hotel Coopmarena de Juan Dolio, provincia San Pedro de&hellip;<\/p>\n","protected":false},"author":10,"featured_media":110512,"comment_status":"open","ping_status":"open","sticky":false,"template":"","format":"standard","meta":{"content-type":"","jetpack_post_was_ever_published":false,"_jetpack_newsletter_access":"","_jetpack_dont_email_post_to_subs":false,"_jetpack_newsletter_tier_id":0,"_jetpack_memberships_contains_paywalled_content":false,"_jetpack_memberships_contains_paid_content":false,"footnotes":""},"categories":[35],"tags":[6561,442,1073],"class_list":["post-110511","post","type-post","status-publish","format-standard","has-post-thumbnail","hentry","category-nacionales","tag-anpa","tag-congreso-nacional","tag-hipolito-mejia"],"jetpack_featured_media_url":"https:\/\/lasprimeras.com.do\/wp-content\/uploads\/2025\/09\/Hipolito-Mejia-1.jpg","jetpack-related-posts":[{"id":106707,"url":"https:\/\/lasprimeras.com.do\/index.php\/2025\/08\/18\/hipolito-mejia-agradece-la-dedicatoria-del-ix-congreso-nacional-de-la-anpa\/","url_meta":{"origin":110511,"position":0},"title":"Hip\u00f3lito Mej\u00eda agradece la dedicatoria del IX Congreso Nacional de la ANPA","author":"Nelson Feliz","date":"18 de agosto de 2025","format":false,"excerpt":"El expresidente de la Rep\u00fablica Dominicana, agr\u00f3nomo Hip\u00f3lito Mej\u00eda, expres\u00f3 su gratitud a la Asociaci\u00f3n Nacional de Profesionales Agropecuarios (ANPA) por dedicarle el IX Congreso Nacional, el cual se realizar\u00e1 los d\u00edas 23, 24 y 25 de septiembre del presente a\u00f1o. Con una mezcla de nostalgia y orgullo, Mej\u00eda expres\u00f3\u2026","rel":"","context":"En \u00abPOLITICA\u00bb","block_context":{"text":"POLITICA","link":"https:\/\/lasprimeras.com.do\/index.php\/category\/politica\/"},"img":{"alt_text":"","src":"https:\/\/i0.wp.com\/lasprimeras.com.do\/wp-content\/uploads\/2025\/08\/Hipolito-Mejia.jpg?resize=350%2C200&ssl=1","width":350,"height":200,"srcset":"https:\/\/i0.wp.com\/lasprimeras.com.do\/wp-content\/uploads\/2025\/08\/Hipolito-Mejia.jpg?resize=350%2C200&ssl=1 1x, https:\/\/i0.wp.com\/lasprimeras.com.do\/wp-content\/uploads\/2025\/08\/Hipolito-Mejia.jpg?resize=525%2C300&ssl=1 1.5x, https:\/\/i0.wp.com\/lasprimeras.com.do\/wp-content\/uploads\/2025\/08\/Hipolito-Mejia.jpg?resize=700%2C400&ssl=1 2x"},"classes":[]},{"id":103649,"url":"https:\/\/lasprimeras.com.do\/index.php\/2025\/07\/17\/anpa-dedicara-su-9no-congreso-al-expresidente-hipolito-mejia\/","url_meta":{"origin":110511,"position":1},"title":"ANPA dedicar\u00e1 su 9no Congreso al expresidente Hip\u00f3lito Mej\u00eda","author":"Nelson Feliz","date":"17 de julio de 2025","format":false,"excerpt":"La Asamblea Nacional de Dirigentes de la Asociaci\u00f3n Nacional de Profesionales Agropecuarios, dedicar\u00e1n 9no Congreso Nacional de la ANPA al expresidente Rep\u00fablica Hip\u00f3lito Mej\u00eda, en reconocimiento a su trayectoria como fundador del gremio y exministro de Agricultura. El presidente de la ANPA, Tito Hern\u00e1ndez, expres\u00f3 que la vida acrisolada de\u2026","rel":"","context":"En \u00abNACIONALES\u00bb","block_context":{"text":"NACIONALES","link":"https:\/\/lasprimeras.com.do\/index.php\/category\/nacionales\/"},"img":{"alt_text":"Tito Hern\u00e1ndez","src":"https:\/\/i0.wp.com\/lasprimeras.com.do\/wp-content\/uploads\/2025\/07\/Tito-Hernandez.jpg?resize=350%2C200&ssl=1","width":350,"height":200,"srcset":"https:\/\/i0.wp.com\/lasprimeras.com.do\/wp-content\/uploads\/2025\/07\/Tito-Hernandez.jpg?resize=350%2C200&ssl=1 1x, https:\/\/i0.wp.com\/lasprimeras.com.do\/wp-content\/uploads\/2025\/07\/Tito-Hernandez.jpg?resize=525%2C300&ssl=1 1.5x, https:\/\/i0.wp.com\/lasprimeras.com.do\/wp-content\/uploads\/2025\/07\/Tito-Hernandez.jpg?resize=700%2C400&ssl=1 2x"},"classes":[]},{"id":122902,"url":"https:\/\/lasprimeras.com.do\/index.php\/2026\/02\/23\/hipolito-mejia-apoya-las-demandas-de-los-profesionales-agropecuarios\/","url_meta":{"origin":110511,"position":2},"title":"Hip\u00f3lito Mej\u00eda apoya las demandas de los profesionales agropecuarios","author":"Nelson Feliz","date":"23 de febrero de 2026","format":false,"excerpt":"Mej\u00eda se compromete a transmitirlas al presidente Luis Abinader. El expresidente de la Rep\u00fablica, Hip\u00f3lito Mej\u00eda, expres\u00f3 este lunes su respaldo a las demandas de los profesionales agropecuarios dominicanos y se comprometi\u00f3 a transmitirlas personalmente al presidente de la Rep\u00fablica, Luis Abinader. La afirmaci\u00f3n fue realizada por el Pleno Nacional\u2026","rel":"","context":"En \u00abPOLITICA\u00bb","block_context":{"text":"POLITICA","link":"https:\/\/lasprimeras.com.do\/index.php\/category\/politica\/"},"img":{"alt_text":"Tito Hern\u00e1ndez","src":"https:\/\/i0.wp.com\/lasprimeras.com.do\/wp-content\/uploads\/2026\/02\/Tito-Hernandez.jpg?resize=350%2C200&ssl=1","width":350,"height":200,"srcset":"https:\/\/i0.wp.com\/lasprimeras.com.do\/wp-content\/uploads\/2026\/02\/Tito-Hernandez.jpg?resize=350%2C200&ssl=1 1x, https:\/\/i0.wp.com\/lasprimeras.com.do\/wp-content\/uploads\/2026\/02\/Tito-Hernandez.jpg?resize=525%2C300&ssl=1 1.5x, https:\/\/i0.wp.com\/lasprimeras.com.do\/wp-content\/uploads\/2026\/02\/Tito-Hernandez.jpg?resize=700%2C400&ssl=1 2x"},"classes":[]},{"id":111876,"url":"https:\/\/lasprimeras.com.do\/index.php\/2025\/10\/14\/anpa-pospone-paro-de-labores-tras-intervencion-del-expresidente-hipolito-mejia\/","url_meta":{"origin":110511,"position":3},"title":"ANPA pospone paro de labores tras intervenci\u00f3n del expresidente Hip\u00f3lito Mej\u00eda","author":"Nelson Feliz","date":"14 de octubre de 2025","format":false,"excerpt":"La Asociaci\u00f3n Nacional de Profesionales Agropecuarios (ANPA) inform\u00f3 hoy que ten\u00eda previsto anunciar un paro nacional de labores por 48 horas en todo el sector agropecuario, sin embargo, el anuncio ha sido pospuesto luego de que el expresidente de la Rep\u00fablica, ingeniero Hip\u00f3lito Mej\u00eda, aceptara la solicitud de la ANPA\u2026","rel":"","context":"En \u00abNACIONALES\u00bb","block_context":{"text":"NACIONALES","link":"https:\/\/lasprimeras.com.do\/index.php\/category\/nacionales\/"},"img":{"alt_text":"","src":"https:\/\/i0.wp.com\/lasprimeras.com.do\/wp-content\/uploads\/2025\/10\/Victor-Hugo-Tito-Hernandez.jpg?resize=350%2C200&ssl=1","width":350,"height":200,"srcset":"https:\/\/i0.wp.com\/lasprimeras.com.do\/wp-content\/uploads\/2025\/10\/Victor-Hugo-Tito-Hernandez.jpg?resize=350%2C200&ssl=1 1x, https:\/\/i0.wp.com\/lasprimeras.com.do\/wp-content\/uploads\/2025\/10\/Victor-Hugo-Tito-Hernandez.jpg?resize=525%2C300&ssl=1 1.5x, https:\/\/i0.wp.com\/lasprimeras.com.do\/wp-content\/uploads\/2025\/10\/Victor-Hugo-Tito-Hernandez.jpg?resize=700%2C400&ssl=1 2x"},"classes":[]},{"id":111195,"url":"https:\/\/lasprimeras.com.do\/index.php\/2025\/10\/06\/celebran-eucaristia-y-ofrenda-floral-por-el-dia-del-profesional-agropecuario-y-su-55-aniversario\/","url_meta":{"origin":110511,"position":4},"title":"Celebran Eucarist\u00eda y Ofrenda Floral por el d\u00eda del Profesional Agropecuario y su 55 aniversario","author":"Nelson Feliz","date":"6 de octubre de 2025","format":false,"excerpt":"El presidente de la Asociaci\u00f3n Nacional de Profesionales Agropecuarios (ANPA) Agr\u00f3nomo V\u00edctor Hugo Hern\u00e1ndez, asegur\u00f3 que continuar\u00e1 en pie de lucha hasta lograr las reivindicaciones planteadas en su discurso cuando asumi\u00f3 la presidencia del gremio, a favor de los agr\u00f3nomos. Hugo Hern\u00e1ndez, cito, entre las reivindicaciones, pensiones dignas, aumento salarial,\u2026","rel":"","context":"En \u00abNACIONALES\u00bb","block_context":{"text":"NACIONALES","link":"https:\/\/lasprimeras.com.do\/index.php\/category\/nacionales\/"},"img":{"alt_text":"V\u00edctor Hugo Hern\u00e1ndez","src":"https:\/\/i0.wp.com\/lasprimeras.com.do\/wp-content\/uploads\/2025\/10\/Victor-Hugo-Hernandez.jpg?resize=350%2C200&ssl=1","width":350,"height":200,"srcset":"https:\/\/i0.wp.com\/lasprimeras.com.do\/wp-content\/uploads\/2025\/10\/Victor-Hugo-Hernandez.jpg?resize=350%2C200&ssl=1 1x, https:\/\/i0.wp.com\/lasprimeras.com.do\/wp-content\/uploads\/2025\/10\/Victor-Hugo-Hernandez.jpg?resize=525%2C300&ssl=1 1.5x, https:\/\/i0.wp.com\/lasprimeras.com.do\/wp-content\/uploads\/2025\/10\/Victor-Hugo-Hernandez.jpg?resize=700%2C400&ssl=1 2x"},"classes":[]},{"id":122495,"url":"https:\/\/lasprimeras.com.do\/index.php\/2026\/02\/18\/anpa-anuncia-marcha-al-congreso-nacional-el-27-de-febrero\/","url_meta":{"origin":110511,"position":5},"title":"ANPA anuncia marcha al Congreso Nacional el 27 de febrero","author":"Nelson Feliz","date":"18 de febrero de 2026","format":false,"excerpt":"En ocasi\u00f3n de conmemorarse el 182 aniversario de la Independencia Nacional, el Comit\u00e9 Ejecutivo Nacional de la Asociaci\u00f3n Nacional de Profesionales Agropecuarios (ANPA) deposit\u00f3 una ofrenda floral en el Altar de la Patria, en un acto solemne encabezado por su presidente, Tito Hern\u00e1ndez, acompa\u00f1ado de directivos, t\u00e9cnicos y miembros del\u2026","rel":"","context":"En \u00abNACIONALES\u00bb","block_context":{"text":"NACIONALES","link":"https:\/\/lasprimeras.com.do\/index.php\/category\/nacionales\/"},"img":{"alt_text":"","src":"https:\/\/i0.wp.com\/lasprimeras.com.do\/wp-content\/uploads\/2026\/02\/IMG-20260218-WA0288-scaled.jpg?resize=350%2C200&ssl=1","width":350,"height":200,"srcset":"https:\/\/i0.wp.com\/lasprimeras.com.do\/wp-content\/uploads\/2026\/02\/IMG-20260218-WA0288-scaled.jpg?resize=350%2C200&ssl=1 1x, https:\/\/i0.wp.com\/lasprimeras.com.do\/wp-content\/uploads\/2026\/02\/IMG-20260218-WA0288-scaled.jpg?resize=525%2C300&ssl=1 1.5x, https:\/\/i0.wp.com\/lasprimeras.com.do\/wp-content\/uploads\/2026\/02\/IMG-20260218-WA0288-scaled.jpg?resize=700%2C400&ssl=1 2x, https:\/\/i0.wp.com\/lasprimeras.com.do\/wp-content\/uploads\/2026\/02\/IMG-20260218-WA0288-scaled.jpg?resize=1050%2C600&ssl=1 3x, https:\/\/i0.wp.com\/lasprimeras.com.do\/wp-content\/uploads\/2026\/02\/IMG-20260218-WA0288-scaled.jpg?resize=1400%2C800&ssl=1 4x"},"classes":[]}],"jetpack_sharing_enabled":true,"_links":{"self":[{"href":"https:\/\/lasprimeras.com.do\/index.php\/wp-json\/wp\/v2\/posts\/110511","targetHints":{"allow":["GET"]}}],"collection":[{"href":"https:\/\/lasprimeras.com.do\/index.php\/wp-json\/wp\/v2\/posts"}],"about":[{"href":"https:\/\/lasprimeras.com.do\/index.php\/wp-json\/wp\/v2\/types\/post"}],"author":[{"embeddable":true,"href":"https:\/\/lasprimeras.com.do\/index.php\/wp-json\/wp\/v2\/users\/10"}],"replies":[{"embeddable":true,"href":"https:\/\/lasprimeras.com.do\/index.php\/wp-json\/wp\/v2\/comments?post=110511"}],"version-history":[{"count":1,"href":"https:\/\/lasprimeras.com.do\/index.php\/wp-json\/wp\/v2\/posts\/110511\/revisions"}],"predecessor-version":[{"id":110513,"href":"https:\/\/lasprimeras.com.do\/index.php\/wp-json\/wp\/v2\/posts\/110511\/revisions\/110513"}],"wp:featuredmedia":[{"embeddable":true,"href":"https:\/\/lasprimeras.com.do\/index.php\/wp-json\/wp\/v2\/media\/110512"}],"wp:attachment":[{"href":"https:\/\/lasprimeras.com.do\/index.php\/wp-json\/wp\/v2\/media?parent=110511"}],"wp:term":[{"taxonomy":"category","embeddable":true,"href":"https:\/\/lasprimeras.com.do\/index.php\/wp-json\/wp\/v2\/categories?post=110511"},{"taxonomy":"post_tag","embeddable":true,"href":"https:\/\/lasprimeras.com.do\/index.php\/wp-json\/wp\/v2\/tags?post=110511"}],"curies":[{"name":"wp","href":"https:\/\/api.w.org\/{rel}","templated":true}]}}