{"id":110537,"date":"2025-09-29T18:14:20","date_gmt":"2025-09-29T22:14:20","guid":{"rendered":"https:\/\/lasprimeras.com.do\/?p=110537"},"modified":"2025-09-29T18:14:22","modified_gmt":"2025-09-29T22:14:22","slug":"pld-exige-gobierno-explique-en-que-gasto-775-millones-dolares-que-le-adelanto-aerodom","status":"publish","type":"post","link":"https:\/\/lasprimeras.com.do\/index.php\/2025\/09\/29\/pld-exige-gobierno-explique-en-que-gasto-775-millones-dolares-que-le-adelanto-aerodom\/","title":{"rendered":"PLD exige Gobierno explique en qu\u00e9 gast\u00f3 775 millones d\u00f3lares que le adelant\u00f3 AERODOM"},"content":{"rendered":"\n<p>El opositor Partido de la Liberaci\u00f3n Dominicana (PLD) exigi\u00f3 al Gobierno una explicaci\u00f3n sobre el uso de 775 millones de d\u00f3lares que, como parte de la renegociaci\u00f3n del contrato de concesi\u00f3n para administrar seis aeropuertos del Estado, le adelant\u00f3 la firma Aeropuertos Dominicanos (AERODOM) para obras de infraestructura.<\/p>\n\n\n\n<p>El secretario de Administraci\u00f3n P\u00fablica, Carlos Manzano, se\u00f1al\u00f3 que estas obras no han sido realizadas, a pesar de que el presidente de la Rep\u00fablica, Luis Abinader, inform\u00f3 p\u00fablicamente que dichos fondos ser\u00edan destinados a obras transformadoras de la vida de la gente.<\/p>\n\n\n\n<p>En la rueda de prensa Manzano estuvo acompa\u00f1ado del vicepresidente del PLD, Yv\u00e1n Lorenzo, y del miembro del Comit\u00e9 Pol\u00edtico de este partido, Domingo Jim\u00e9nez, entre otros directivos.<\/p>\n\n\n\n<p><strong>LEY\u00d3 DOCUMENTO<\/strong><\/p>\n\n\n\n<p><strong>Durante la misma ley\u00f3 un documento cuyo texto es el siguiente:<\/strong><\/p>\n\n\n\n<p>\u00abEn noviembre de 2023, en plena campa\u00f1a electoral, el gobierno del PRM anunci\u00f3 la renegociaci\u00f3n del contrato de concesi\u00f3n de Aeropuertos Dominicanos (AERODOM), y el adelanto de recursos por US$ 775 millones, equivalentes a RD$44,592 millones, comprometiendo al pa\u00eds hasta el a\u00f1o 2060.<\/p>\n\n\n\n<p>El presidente de la Rep\u00fablica inform\u00f3 p\u00fablicamente que esos fondos ser\u00edan destinados a obras de infraestructura que transformar\u00edan la vida de la gente.<\/p>\n\n\n\n<p>Dos a\u00f1os despu\u00e9s, la realidad es otra: las obras prometidas no existen, y el dinero ya se gast\u00f3.<\/p>\n\n\n\n<p><strong>Entre los proyectos anunciados y a\u00fan no iniciados se encuentran:<\/strong><\/p>\n\n\n\n<p>La construcci\u00f3n del puente levadizo que sustituir\u00e1 al puente flotante del r\u00edo Ozama, con 50 millones de d\u00f3lares equivalentes a RD$3,000 millones de pesos dominicanos, que ya fueron gastados.<\/p>\n\n\n\n<p>El puente paralelo al Jacinto Peynado que une la avenida M\u00e1ximo G\u00f3mez con las Hermanas Mirabal en Santo Domingo Norte, con una inversi\u00f3n propuesta de 56 millones de d\u00f3lares correspondientes a RD$3,360 millones de pesos, que igualmente no ha iniciado y se usaron los recursos.<\/p>\n\n\n\n<p>El paso a desnivel de la carretera Sabana Perdida \u2013 La Victoria, con intersecci\u00f3n de la avenida Charles de Gaulle, con un anuncio de US$30 millones de d\u00f3lares, correspondientes a RD$1,800 millones de pesos, y se gastaron los recursos sin iniciar la obra.<\/p>\n\n\n\n<p>La \u201cUnidad Traumatol\u00f3gica del hospital de San Crist\u00f3bal\u201d, que recibir\u00eda una partida RD$ 900 millones de pesos.<\/p>\n\n\n\n<p>La soluci\u00f3n vial de la Rep\u00fablica de Colombia con avenida de Los Pr\u00f3ceres, un expreso hasta la avenida Jacobo Majluta, que prometieron unos RD$6,480 millones de pesos y no se evidencia la asignaci\u00f3n de fondos de AERODOM.<\/p>\n\n\n\n<p>Mientras que el asfaltado en La Caleta, Boca Chica y zonas aleda\u00f1as al Aeropuerto Las Am\u00e9ricas, con m\u00e1s de RD$21 mil millones de pesos prometidos; apenas se ejecutaron RD$276 millones en Boca Chica.<\/p>\n\n\n\n<p>Y la construcci\u00f3n de la v\u00eda expresa de la Plaza de la Bandera, pasando por la avenida Isabel Aguiar, conectando a la autopista 6 de noviembre, en la que se invertir\u00edan RD$8, mil millones 880 pesos, de los cuales se ejecutaron apenas RD$1 millones 265 con estos recursos.<\/p>\n\n\n\n<p>Seg\u00fan los propios registros del Sistema Integrado de Informaci\u00f3n de la Gesti\u00f3n Financiera (SIGEF), durante el a\u00f1o 2024, cerca del 90 % de los recursos recibidos, correspondientes a RD$40,132 millones de pesos fueron usados en gasto corriente, subsidios, programas sociales, y otros programas no planificados, incluyendo que se destinaron RD$1,000 millones a instituciones p\u00fablicas para el r\u00e9gimen subsidiado (SENASA), entidad que hoy est\u00e1 envuelta en un esc\u00e1ndalo de corrupci\u00f3n y d\u00e9ficit sin precedentes.<\/p>\n\n\n\n<p>Este manejo de los recursos p\u00fablicos es inaceptable. Se evidencia de manera clara la improvisaci\u00f3n, la falta de transparencia, la ausencia de planes de trabajo estructurado para solucionar los problemas estructurales de la naci\u00f3n y la inconsistencia entre lo anunciado ejecutado.<\/p>\n\n\n\n<p>En este caso, somos testigos de c\u00f3mo se hipotec\u00f3 el futuro con una renegociaci\u00f3n anticipada por 37 a\u00f1os, mientras el pueblo sigue esperando hospitales, puentes y carreteras que nunca comenzaron.<\/p>\n\n\n\n<p>Cada peso malgastado es un accidentado que no encuentra atenci\u00f3n en un hospital que pudo construirse; es un conductor atrapado en tapones interminables en Sabana Perdida; es un estudiante que sigue recorriendo calles intransitables para llegar a la universidad.<\/p>\n\n\n\n<p>Son vidas enteras afectadas por la irresponsabilidad de un gobierno que prefiri\u00f3 gastar en lo inmediato y abandonar el futuro y el desarrollo de la naci\u00f3n.<\/p>\n\n\n\n<p><strong>Desde el Partido de la Liberaci\u00f3n Dominicana requerimos al Gobierno responder con claridad:<\/strong><\/p>\n\n\n\n<p>\uf0b7 \u00bfCu\u00e1ndo se ejecutar\u00e1n las obras anunciadas con los recursos recibidos y que ya fueron gastados?<\/p>\n\n\n\n<p>\uf0b7 \u00bfSer\u00e1 con nuevos pr\u00e9stamos que el pueblo tendr\u00e1 que pagar lo que ya se le cobr\u00f3?<\/p>\n\n\n\n<p>Los dominicanos y las dominicanas esperan respuestas, transparencia y un rumbo de desarrollo verdadero. No m\u00e1s anuncios y publicidad; necesitan obras reales que transformen sus vidas. Y en esa lucha por la verdad y el progreso, el Partido de la Liberaci\u00f3n Dominicana estar\u00e1 siempre al lado de la gente.<\/p>\n\n\n\n<p>Santo Domingo, D.N.<br>29 de septiembre de 2025.<\/p>\n","protected":false},"excerpt":{"rendered":"<p>El opositor Partido de la Liberaci\u00f3n Dominicana (PLD) exigi\u00f3 al Gobierno una explicaci\u00f3n sobre el uso de 775 millones de d\u00f3lares que, como parte de la renegociaci\u00f3n del contrato de&hellip;<\/p>\n","protected":false},"author":10,"featured_media":110538,"comment_status":"open","ping_status":"open","sticky":false,"template":"","format":"standard","meta":{"content-type":"","jetpack_post_was_ever_published":false,"_jetpack_newsletter_access":"","_jetpack_dont_email_post_to_subs":false,"_jetpack_newsletter_tier_id":0,"_jetpack_memberships_contains_paywalled_content":false,"_jetpack_memberships_contains_paid_content":false,"footnotes":""},"categories":[16559,25],"tags":[25306,5960,9057,25305,171,269],"class_list":["post-110537","post","type-post","status-publish","format-standard","has-post-thumbnail","hentry","category-politica","category-portada","tag-775-millones-dolares","tag-aerodom","tag-contrato","tag-en-que-gasto","tag-gobierno","tag-pld"],"jetpack_featured_media_url":"https:\/\/lasprimeras.com.do\/wp-content\/uploads\/2025\/09\/Carlos-Manzano-1.jpg","jetpack-related-posts":[{"id":111032,"url":"https:\/\/lasprimeras.com.do\/index.php\/2025\/10\/03\/el-gran-fraude-de-aerodom-dinero-gastado-sin-una-obra-que-exhibir\/","url_meta":{"origin":110537,"position":0},"title":"El Gran Fraude de AERODOM: Dinero Gastado sin una Obra que Exhibir","author":"Nelson Feliz","date":"3 de octubre de 2025","format":false,"excerpt":"Por: Carlos Manzano En el mes de noviembre de 2023, el Presidente de la Rep\u00fablica, Lic. Luis Abinader Corona, en medio de la campa\u00f1a electoral, anunci\u00f3, con bombas y platillos, la renegociaci\u00f3n del contrato de concesi\u00f3n de Aeropuertos Dominicanos (AERODOM), y el adelanto de recursos de esa empresa ascendentes a\u2026","rel":"","context":"En \u00abOPINI\u00d3N\u00bb","block_context":{"text":"OPINI\u00d3N","link":"https:\/\/lasprimeras.com.do\/index.php\/category\/opinion\/"},"img":{"alt_text":"Carlos Manzano","src":"https:\/\/i0.wp.com\/lasprimeras.com.do\/wp-content\/uploads\/2025\/07\/Carlos-Manzano.jpg?resize=350%2C200&ssl=1","width":350,"height":200,"srcset":"https:\/\/i0.wp.com\/lasprimeras.com.do\/wp-content\/uploads\/2025\/07\/Carlos-Manzano.jpg?resize=350%2C200&ssl=1 1x, https:\/\/i0.wp.com\/lasprimeras.com.do\/wp-content\/uploads\/2025\/07\/Carlos-Manzano.jpg?resize=525%2C300&ssl=1 1.5x, https:\/\/i0.wp.com\/lasprimeras.com.do\/wp-content\/uploads\/2025\/07\/Carlos-Manzano.jpg?resize=700%2C400&ssl=1 2x"},"classes":[]},{"id":105735,"url":"https:\/\/lasprimeras.com.do\/index.php\/2025\/08\/06\/economista-luis-reyes-denuncia-el-deficiente-gasto-de-inversion-del-gobierno\/","url_meta":{"origin":110537,"position":1},"title":"Economista Luis Reyes denuncia el deficiente gasto de inversi\u00f3n del Gobierno","author":"Nelson Feliz","date":"6 de agosto de 2025","format":false,"excerpt":"Economista Luis Reyes denuncia que Gobierno del PRM ha comprometido el gasto corriente y eso se refleja en el aumento la n\u00f3mina, y el endeudamiento. El secretario de Asuntos Econ\u00f3micos del Partido de la Liberaci\u00f3n Dominicana (PLD), Luis Reyes, afirma que el gobierno no utiliz\u00f3 los 775 millones de d\u00f3lares\u2026","rel":"","context":"En \u00abECONOM\u00cdA\u00bb","block_context":{"text":"ECONOM\u00cdA","link":"https:\/\/lasprimeras.com.do\/index.php\/category\/economia\/"},"img":{"alt_text":"","src":"https:\/\/i0.wp.com\/lasprimeras.com.do\/wp-content\/uploads\/2025\/05\/Luis-Reyes.png?resize=350%2C200&ssl=1","width":350,"height":200},"classes":[]},{"id":68918,"url":"https:\/\/lasprimeras.com.do\/index.php\/2023\/11\/28\/senadores-discuten-por-adenda-de-aerodom-que-suma-us775-millones-al-presupuesto-2024\/","url_meta":{"origin":110537,"position":2},"title":"Senadores discuten por adenda de Aerodom que suma US$775 millones al Presupuesto 2024","author":"Nelson Feliz","date":"28 de noviembre de 2023","format":false,"excerpt":"El escenario del Senado de la Rep\u00fablica fue centro de debate entre congresistas oficialistas y opositores por la adenda que hizo el Poder Ejecutivo al Proyecto de Ley de Presupuesto General del Estado 2024, en donde contempla ingresos adicionales por US$775 millones procedentes de la extensi\u00f3n por adelantado del contrato\u2026","rel":"","context":"En \u00abECONOM\u00cdA\u00bb","block_context":{"text":"ECONOM\u00cdA","link":"https:\/\/lasprimeras.com.do\/index.php\/category\/economia\/"},"img":{"alt_text":"SENADO","src":"https:\/\/i0.wp.com\/lasprimeras.com.do\/wp-content\/uploads\/2023\/11\/SENADO-3.jpg?resize=350%2C200&ssl=1","width":350,"height":200,"srcset":"https:\/\/i0.wp.com\/lasprimeras.com.do\/wp-content\/uploads\/2023\/11\/SENADO-3.jpg?resize=350%2C200&ssl=1 1x, https:\/\/i0.wp.com\/lasprimeras.com.do\/wp-content\/uploads\/2023\/11\/SENADO-3.jpg?resize=525%2C300&ssl=1 1.5x, https:\/\/i0.wp.com\/lasprimeras.com.do\/wp-content\/uploads\/2023\/11\/SENADO-3.jpg?resize=700%2C400&ssl=1 2x"},"classes":[]},{"id":67327,"url":"https:\/\/lasprimeras.com.do\/index.php\/2023\/11\/15\/abinader-negocio-el-contrato-de-los-aeropuertos-por-otros-treinta-anos\/","url_meta":{"origin":110537,"position":3},"title":"Abinader negoci\u00f3 el contrato de los aeropuertos por otros treinta a\u00f1os","author":"BIMARY DE JES\u00daS Matos","date":"15 de noviembre de 2023","format":false,"excerpt":"Santo Domingo.-El presidente Luis Abinader anunci\u00f3 que la renegociaci\u00f3n del contrato de concesi\u00f3n con la empresa Aeropuertos Dominicanos Siglo XXI (Aerodom) dejar\u00e1 beneficios para el pa\u00eds de entre 1,905 y 2,155 millones de d\u00f3lares los cuales ser\u00e1n reinvertidos en la ejecuci\u00f3n de varias obras del Estado dominicano. Mediante una alocuci\u00f3n\u2026","rel":"","context":"En \u00abNACIONALES\u00bb","block_context":{"text":"NACIONALES","link":"https:\/\/lasprimeras.com.do\/index.php\/category\/nacionales\/"},"img":{"alt_text":"","src":"https:\/\/i0.wp.com\/lasprimeras.com.do\/wp-content\/uploads\/2023\/11\/WhatsApp-Image-2023-11-14-at-10.40.46-PM-2.jpeg?resize=350%2C200&ssl=1","width":350,"height":200,"srcset":"https:\/\/i0.wp.com\/lasprimeras.com.do\/wp-content\/uploads\/2023\/11\/WhatsApp-Image-2023-11-14-at-10.40.46-PM-2.jpeg?resize=350%2C200&ssl=1 1x, https:\/\/i0.wp.com\/lasprimeras.com.do\/wp-content\/uploads\/2023\/11\/WhatsApp-Image-2023-11-14-at-10.40.46-PM-2.jpeg?resize=525%2C300&ssl=1 1.5x"},"classes":[]},{"id":110633,"url":"https:\/\/lasprimeras.com.do\/index.php\/2025\/09\/30\/yvan-lorenzo-emplaza-al-gobierno-a-explicar-contrato-millonario-con-aerodom\/","url_meta":{"origin":110537,"position":4},"title":"Yvan Lorenzo emplaza al gobierno a explicar contrato millonario con AERODOM","author":"Nelson Feliz","date":"30 de septiembre de 2025","format":false,"excerpt":"El vicepresidente del Partido de la Liberaci\u00f3n Dominicana (PLD) Yv\u00e1n Lorenzo, emplaz\u00f3 al gobierno a explicar el destino de 16 millones de pesos que involucra el nuevo contrato con la empresa Aeropuertos Dominicanos Siglo XXI (Aerodom) y el Aeropuerto Internacional de Las Am\u00e9ricas. \u00abPrecisamente en el d\u00eda de hoy empieza\u2026","rel":"","context":"En \u00abPOLITICA\u00bb","block_context":{"text":"POLITICA","link":"https:\/\/lasprimeras.com.do\/index.php\/category\/politica\/"},"img":{"alt_text":"","src":"https:\/\/i0.wp.com\/lasprimeras.com.do\/wp-content\/uploads\/2025\/09\/Yvan-Lorenzo-2.jpg?resize=350%2C200&ssl=1","width":350,"height":200,"srcset":"https:\/\/i0.wp.com\/lasprimeras.com.do\/wp-content\/uploads\/2025\/09\/Yvan-Lorenzo-2.jpg?resize=350%2C200&ssl=1 1x, https:\/\/i0.wp.com\/lasprimeras.com.do\/wp-content\/uploads\/2025\/09\/Yvan-Lorenzo-2.jpg?resize=525%2C300&ssl=1 1.5x, https:\/\/i0.wp.com\/lasprimeras.com.do\/wp-content\/uploads\/2025\/09\/Yvan-Lorenzo-2.jpg?resize=700%2C400&ssl=1 2x"},"classes":[]},{"id":70635,"url":"https:\/\/lasprimeras.com.do\/index.php\/2023\/12\/12\/comision-del-pld-expresa-preocupacion-por-opaco-contrato-con-aerodom\/","url_meta":{"origin":110537,"position":5},"title":"Comisi\u00f3n del PLD expresa preocupaci\u00f3n por opaco contrato con Aerodom","author":"Nelson Feliz","date":"12 de diciembre de 2023","format":false,"excerpt":"El vicepresidente del Partido de la Liberaci\u00f3n Dominicana (PLD), Juan Ariel Jim\u00e9nez y el exvicepresidente de la Rep\u00fablica, Jaime David Fern\u00e1ndez Mirabal, ambos miembros del Comit\u00e9 Pol\u00edtico del PLD, realizaron la tarde del martes una visita de cortes\u00eda al embajador de Francia en Rep\u00fablica Dominicana, Eric Fournier, para expresarle su\u2026","rel":"","context":"En \u00abSin categor\u00eda\u00bb","block_context":{"text":"Sin categor\u00eda","link":"https:\/\/lasprimeras.com.do\/index.php\/category\/sin-categoria\/"},"img":{"alt_text":"JAIME FERNANDEZ","src":"https:\/\/i0.wp.com\/lasprimeras.com.do\/wp-content\/uploads\/2023\/12\/JAIME-FERNANDEZ.jpg?resize=350%2C200&ssl=1","width":350,"height":200,"srcset":"https:\/\/i0.wp.com\/lasprimeras.com.do\/wp-content\/uploads\/2023\/12\/JAIME-FERNANDEZ.jpg?resize=350%2C200&ssl=1 1x, https:\/\/i0.wp.com\/lasprimeras.com.do\/wp-content\/uploads\/2023\/12\/JAIME-FERNANDEZ.jpg?resize=525%2C300&ssl=1 1.5x, https:\/\/i0.wp.com\/lasprimeras.com.do\/wp-content\/uploads\/2023\/12\/JAIME-FERNANDEZ.jpg?resize=700%2C400&ssl=1 2x"},"classes":[]}],"jetpack_sharing_enabled":true,"_links":{"self":[{"href":"https:\/\/lasprimeras.com.do\/index.php\/wp-json\/wp\/v2\/posts\/110537","targetHints":{"allow":["GET"]}}],"collection":[{"href":"https:\/\/lasprimeras.com.do\/index.php\/wp-json\/wp\/v2\/posts"}],"about":[{"href":"https:\/\/lasprimeras.com.do\/index.php\/wp-json\/wp\/v2\/types\/post"}],"author":[{"embeddable":true,"href":"https:\/\/lasprimeras.com.do\/index.php\/wp-json\/wp\/v2\/users\/10"}],"replies":[{"embeddable":true,"href":"https:\/\/lasprimeras.com.do\/index.php\/wp-json\/wp\/v2\/comments?post=110537"}],"version-history":[{"count":1,"href":"https:\/\/lasprimeras.com.do\/index.php\/wp-json\/wp\/v2\/posts\/110537\/revisions"}],"predecessor-version":[{"id":110539,"href":"https:\/\/lasprimeras.com.do\/index.php\/wp-json\/wp\/v2\/posts\/110537\/revisions\/110539"}],"wp:featuredmedia":[{"embeddable":true,"href":"https:\/\/lasprimeras.com.do\/index.php\/wp-json\/wp\/v2\/media\/110538"}],"wp:attachment":[{"href":"https:\/\/lasprimeras.com.do\/index.php\/wp-json\/wp\/v2\/media?parent=110537"}],"wp:term":[{"taxonomy":"category","embeddable":true,"href":"https:\/\/lasprimeras.com.do\/index.php\/wp-json\/wp\/v2\/categories?post=110537"},{"taxonomy":"post_tag","embeddable":true,"href":"https:\/\/lasprimeras.com.do\/index.php\/wp-json\/wp\/v2\/tags?post=110537"}],"curies":[{"name":"wp","href":"https:\/\/api.w.org\/{rel}","templated":true}]}}