{"id":110540,"date":"2025-09-29T18:31:41","date_gmt":"2025-09-29T22:31:41","guid":{"rendered":"https:\/\/lasprimeras.com.do\/?p=110540"},"modified":"2025-09-29T18:31:43","modified_gmt":"2025-09-29T22:31:43","slug":"presidente-abinader-presenta-avances-del-saneamiento-del-arroyo-gurabo","status":"publish","type":"post","link":"https:\/\/lasprimeras.com.do\/index.php\/2025\/09\/29\/presidente-abinader-presenta-avances-del-saneamiento-del-arroyo-gurabo\/","title":{"rendered":"Presidente Abinader presenta avances del saneamiento del Arroyo Gurabo"},"content":{"rendered":"\n<p><strong>Director de INAPA, Wellington Arnaud, afirma que esta obra es la de mayor impacto social y medioambiental que se ha realizado en la Rep\u00fablica Dominicana.<\/strong><\/p>\n\n\n\n<p><strong>La intervenci\u00f3n abarca 19 comunidades a lo largo de 2.6 kil\u00f3metros de canal y m\u00e1s de 8 kil\u00f3metros de redes de saneamiento de aguas residuales.<\/strong><\/p>\n\n\n\n<p>El presidente Luis Abinader present\u00f3 este lunes la presentaci\u00f3n de los avances del proyecto de saneamiento y readecuaci\u00f3n ambiental del Arroyo Gurabo, que hasta la fecha registra una inversi\u00f3n superior a los RD$3,265 millones y un 80% de ejecuci\u00f3n.<\/p>\n\n\n\n<p>La obra ha beneficiado de manera directa a m\u00e1s de 12 mil familias e indirectamente a m\u00e1s de 900 mil personas, adem\u00e1s de haber logrado la reubicaci\u00f3n ordenada de m\u00e1s de 1,200 familias en el proyecto habitacional Hato del Yaque.<\/p>\n\n\n\n<p>Estas informaciones las ofreci\u00f3 el mandatario durante LA Semanal con la Prensa que fue realizada en esta ocasi\u00f3n desde el Arroyo de Gurabo, antiguo Hoyo de Bartola.<\/p>\n\n\n\n<p>La intervenci\u00f3n abarca 19 comunidades a lo largo de 2.6 kil\u00f3metros de canal y m\u00e1s de 8 kil\u00f3metros de redes de saneamiento de aguas residuales.<\/p>\n\n\n\n<p>Entre los logros alcanzados figuran la reducci\u00f3n del 25% en la contaminaci\u00f3n que el r\u00edo Gurabo vert\u00eda al Yaque del Norte, la disminuci\u00f3n en un 80% de las inundaciones en la zona y la recuperaci\u00f3n de la secci\u00f3n hidr\u00e1ulica, reduciendo el riesgo de desbordamientos.<\/p>\n\n\n\n<p>El mandatario destac\u00f3 que este proyecto no solo transforma la infraestructura urbana, sino que tambi\u00e9n mejora la calidad de vida de los residentes al eliminar cerca de 30 puntos de droga, disminuir la violencia, aumentar la asistencia escolar y crear espacios p\u00fablicos, parques lineales y un parque ecol\u00f3gico urbano.<\/p>\n\n\n\n<p>Asimismo, contempla la instalaci\u00f3n de redes de agua potable, alcantarillado sanitario, electricidad y telecomunicaciones.<\/p>\n\n\n\n<p>Con miras a garantizar su sostenibilidad, Abinader inform\u00f3 que se ha creado un organismo de gesti\u00f3n del proyecto, integrado por instituciones p\u00fablicas, sector privado, juntas de vecinos y el sector acad\u00e9mico.<\/p>\n\n\n\n<p>Adem\u00e1s, el Gobierno destinar\u00e1 fondos anuales espec\u00edficos para consolidar esta obra como un modelo replicable de intervenci\u00f3n urbana sostenible alineado con los Objetivos de Desarrollo Sostenible de la Agenda 2030.<\/p>\n\n\n\n<p><strong>La obra de mayor impacto social y medioambiental<\/strong><\/p>\n\n\n\n<figure class=\"wp-block-image size-large\"><img decoding=\"async\" width=\"1024\" height=\"683\" src=\"https:\/\/lasprimeras.com.do\/wp-content\/uploads\/2025\/09\/Wellington-Arnaud-1024x683.jpg\" alt=\"\" class=\"wp-image-110542\" srcset=\"https:\/\/lasprimeras.com.do\/wp-content\/uploads\/2025\/09\/Wellington-Arnaud-1024x683.jpg 1024w, https:\/\/lasprimeras.com.do\/wp-content\/uploads\/2025\/09\/Wellington-Arnaud-300x200.jpg 300w, https:\/\/lasprimeras.com.do\/wp-content\/uploads\/2025\/09\/Wellington-Arnaud-768x512.jpg 768w, https:\/\/lasprimeras.com.do\/wp-content\/uploads\/2025\/09\/Wellington-Arnaud-1536x1024.jpg 1536w, https:\/\/lasprimeras.com.do\/wp-content\/uploads\/2025\/09\/Wellington-Arnaud-2048x1365.jpg 2048w\" sizes=\"(max-width: 1024px) 100vw, 1024px\" \/><\/figure>\n\n\n\n<p>De su lado, el director del Instituto Nacional de Aguas Potables y Alcantarillados (INAPA), Wellington Arnaud, afirm\u00f3 que esta obra es la de mayor impacto social y medioambiental que se ha realizado en la Rep\u00fablica Dominicana y que esta intervenci\u00f3n demuestra una visi\u00f3n transformadora del presidente Abinader, porque no solo transforma el entorno f\u00edsico, sino tambi\u00e9n la vida de miles de familias que antes viv\u00edan en hacinamiento y extrema pobreza.<\/p>\n\n\n\n<p>Arnaud se\u00f1al\u00f3 que por m\u00e1s de seis d\u00e9cadas esta situaci\u00f3n fue ignorada por gestiones de gobierno anteriores, pero el presidente Abinader tom\u00f3 la decisi\u00f3n hist\u00f3rica, en plena pandemia, de intervenir esta zona, desviar y sanear el r\u00edo y reubicar a las familias para levantar una obra sin precedentes que contribuye con la protecci\u00f3n del medioambiente y crea un espacio seguro, verde y digno para el disfrute de la comunidad.<\/p>\n","protected":false},"excerpt":{"rendered":"<p>Director de INAPA, Wellington Arnaud, afirma que esta obra es la de mayor impacto social y medioambiental que se ha realizado en la Rep\u00fablica Dominicana. La intervenci\u00f3n abarca 19 comunidades&hellip;<\/p>\n","protected":false},"author":10,"featured_media":110541,"comment_status":"open","ping_status":"open","sticky":false,"template":"","format":"standard","meta":{"content-type":"","jetpack_post_was_ever_published":false,"_jetpack_newsletter_access":"","_jetpack_dont_email_post_to_subs":false,"_jetpack_newsletter_tier_id":0,"_jetpack_memberships_contains_paywalled_content":false,"_jetpack_memberships_contains_paid_content":false,"footnotes":""},"categories":[39,25],"tags":[25307,1192,6670,67,1226,3628,23710],"class_list":["post-110540","post","type-post","status-publish","format-standard","has-post-thumbnail","hentry","category-economia","category-portada","tag-arroyo-gurabo","tag-avances","tag-inapa","tag-luis-abinader","tag-republica-dominicana","tag-saneamiento","tag-wellington-arnaud"],"jetpack_featured_media_url":"https:\/\/lasprimeras.com.do\/wp-content\/uploads\/2025\/09\/Luis-Abinader-4-2.jpg","jetpack-related-posts":[{"id":107411,"url":"https:\/\/lasprimeras.com.do\/index.php\/2025\/08\/26\/tejada-destaca-logros-de-arnaud-al-frente-del-inapa\/","url_meta":{"origin":110540,"position":0},"title":"Tejada destaca logros de Arnaud al frente del INAPA","author":"Nelson Feliz","date":"26 de agosto de 2025","format":false,"excerpt":"El ex presidente del Colegio de Ingenieros, Arquitectos y Agrimensores (CODIA) ingeniero Teodoro Tejada destac\u00f3 los significativos logros alcanzados por el ingeniero Wellington Arnaud durante su gesti\u00f3n al frente del Instituto Nacional de Aguas Potables y Alcantarillados (INAPA) en los \u00faltimos cinco a\u00f1os. Tejada se\u00f1al\u00f3 que Arnaud ha impulsado una\u2026","rel":"","context":"En \u00abNACIONALES\u00bb","block_context":{"text":"NACIONALES","link":"https:\/\/lasprimeras.com.do\/index.php\/category\/nacionales\/"},"img":{"alt_text":"Teodoro Tejada","src":"https:\/\/i0.wp.com\/lasprimeras.com.do\/wp-content\/uploads\/2024\/08\/Teodoro-Tejada.jpg?resize=350%2C200&ssl=1","width":350,"height":200,"srcset":"https:\/\/i0.wp.com\/lasprimeras.com.do\/wp-content\/uploads\/2024\/08\/Teodoro-Tejada.jpg?resize=350%2C200&ssl=1 1x, https:\/\/i0.wp.com\/lasprimeras.com.do\/wp-content\/uploads\/2024\/08\/Teodoro-Tejada.jpg?resize=525%2C300&ssl=1 1.5x, https:\/\/i0.wp.com\/lasprimeras.com.do\/wp-content\/uploads\/2024\/08\/Teodoro-Tejada.jpg?resize=700%2C400&ssl=1 2x"},"classes":[]},{"id":69167,"url":"https:\/\/lasprimeras.com.do\/index.php\/2023\/11\/30\/tejada-insta-al-presidente-abinader-que-asigne-inapa-al-saneamiento-de-canadas-y-canales-de-riego\/","url_meta":{"origin":110540,"position":1},"title":"Tejada insta al presidente Abinader que asigne INAPA al saneamiento de ca\u00f1adas y canales de riego","author":"Nelson Feliz","date":"30 de noviembre de 2023","format":false,"excerpt":"El ingeniero Teodoro Tejada exhort\u00f3 al presidente Luis Abinader que asigne al Instituto Nacional de Agua Potable el saneamiento de las ca\u00f1adas y el mantenimiento de los canales de riego, porque ha demostrado una mayor eficiencia en esas labores. El ex presidente del Colegio Dominicano Ingenieros consider\u00f3 que las coras\u2026","rel":"","context":"En \u00abNACIONALES\u00bb","block_context":{"text":"NACIONALES","link":"https:\/\/lasprimeras.com.do\/index.php\/category\/nacionales\/"},"img":{"alt_text":"Teodoro Tejada","src":"https:\/\/i0.wp.com\/lasprimeras.com.do\/wp-content\/uploads\/2023\/07\/Teodoro-Tejada.jpg?resize=350%2C200&ssl=1","width":350,"height":200,"srcset":"https:\/\/i0.wp.com\/lasprimeras.com.do\/wp-content\/uploads\/2023\/07\/Teodoro-Tejada.jpg?resize=350%2C200&ssl=1 1x, https:\/\/i0.wp.com\/lasprimeras.com.do\/wp-content\/uploads\/2023\/07\/Teodoro-Tejada.jpg?resize=525%2C300&ssl=1 1.5x, https:\/\/i0.wp.com\/lasprimeras.com.do\/wp-content\/uploads\/2023\/07\/Teodoro-Tejada.jpg?resize=700%2C400&ssl=1 2x"},"classes":[]},{"id":103613,"url":"https:\/\/lasprimeras.com.do\/index.php\/2025\/07\/17\/gobierno-supera-los-rd-4000-millones-en-inversion-directa-para-agua-y-saneamiento-en-santiago\/","url_meta":{"origin":110540,"position":2},"title":"Gobierno supera los RD$ 4,000 millones en inversi\u00f3n directa para agua y saneamiento en Santiago","author":"Nelson Feliz","date":"17 de julio de 2025","format":false,"excerpt":"El presidente Luis Abinader, afirm\u00f3 que su gobierno ha destinado m\u00e1s de 4,000 millones de pesos en obras para agua potable y saneamiento en la provincia de Santiago, como respuesta al crecimiento acelerado de la ciudad y a d\u00e9cadas de rezago de inversi\u00f3n en el sector. Durante una visita a\u2026","rel":"","context":"En \u00abECONOM\u00cdA\u00bb","block_context":{"text":"ECONOM\u00cdA","link":"https:\/\/lasprimeras.com.do\/index.php\/category\/economia\/"},"img":{"alt_text":"Luis Abinader","src":"https:\/\/i0.wp.com\/lasprimeras.com.do\/wp-content\/uploads\/2025\/07\/Luis-Abinader-1-3.jpg?resize=350%2C200&ssl=1","width":350,"height":200,"srcset":"https:\/\/i0.wp.com\/lasprimeras.com.do\/wp-content\/uploads\/2025\/07\/Luis-Abinader-1-3.jpg?resize=350%2C200&ssl=1 1x, https:\/\/i0.wp.com\/lasprimeras.com.do\/wp-content\/uploads\/2025\/07\/Luis-Abinader-1-3.jpg?resize=525%2C300&ssl=1 1.5x, https:\/\/i0.wp.com\/lasprimeras.com.do\/wp-content\/uploads\/2025\/07\/Luis-Abinader-1-3.jpg?resize=700%2C400&ssl=1 2x"},"classes":[]},{"id":74635,"url":"https:\/\/lasprimeras.com.do\/index.php\/2024\/01\/25\/inapa-presenta-proyecto-de-saneamiento-de-la-canada-la-pava\/","url_meta":{"origin":110540,"position":3},"title":"Inapa presenta proyecto de saneamiento de la ca\u00f1ada La Pava","author":"BIMARY DE JES\u00daS Matos","date":"25 de enero de 2024","format":false,"excerpt":"Santo Domingo.-El director ejecutivo del Instituto Nacional de Aguas Potables y Alcantarillados (Inapa), Wellington Arnaud, present\u00f3 ayer mi\u00e9rcoles el proyecto de saneamiento de la ca\u00f1ada La Pava, a los mun\u00edcipes, empresarios y autoridades del municipio Nizao, provincia Peravia. El funcionario detall\u00f3 que, gracias a la solicitud del alcalde de Nizao,\u2026","rel":"","context":"En \u00abPORTADA\u00bb","block_context":{"text":"PORTADA","link":"https:\/\/lasprimeras.com.do\/index.php\/category\/portada\/"},"img":{"alt_text":"","src":"https:\/\/i0.wp.com\/lasprimeras.com.do\/wp-content\/uploads\/2024\/01\/Diseno-sin-titulo-7.jpg?resize=350%2C200&ssl=1","width":350,"height":200,"srcset":"https:\/\/i0.wp.com\/lasprimeras.com.do\/wp-content\/uploads\/2024\/01\/Diseno-sin-titulo-7.jpg?resize=350%2C200&ssl=1 1x, https:\/\/i0.wp.com\/lasprimeras.com.do\/wp-content\/uploads\/2024\/01\/Diseno-sin-titulo-7.jpg?resize=525%2C300&ssl=1 1.5x"},"classes":[]},{"id":74659,"url":"https:\/\/lasprimeras.com.do\/index.php\/2024\/01\/25\/inapa-presenta-proyecto-de-saneamiento-de-la-canada-la-pava-2\/","url_meta":{"origin":110540,"position":4},"title":"Inapa presenta proyecto de saneamiento de la ca\u00f1ada La Pava","author":"BIMARY DE JES\u00daS Matos","date":"25 de enero de 2024","format":false,"excerpt":"Santo Domingo.-El director ejecutivo del Instituto Nacional de Aguas Potables y Alcantarillados (Inapa), Wellington Arnaud, present\u00f3 ayer mi\u00e9rcoles el proyecto de saneamiento de la ca\u00f1ada La Pava, a los mun\u00edcipes, empresarios y autoridades del municipio Nizao, provincia Peravia. El funcionario detall\u00f3 que, gracias a la solicitud del alcalde de Nizao,\u2026","rel":"","context":"En \u00abPORTADA\u00bb","block_context":{"text":"PORTADA","link":"https:\/\/lasprimeras.com.do\/index.php\/category\/portada\/"},"img":{"alt_text":"","src":"https:\/\/i0.wp.com\/lasprimeras.com.do\/wp-content\/uploads\/2024\/01\/WhatsApp-Image-2024-01-25-at-1.42.51-PM-3.jpeg?resize=350%2C200&ssl=1","width":350,"height":200,"srcset":"https:\/\/i0.wp.com\/lasprimeras.com.do\/wp-content\/uploads\/2024\/01\/WhatsApp-Image-2024-01-25-at-1.42.51-PM-3.jpeg?resize=350%2C200&ssl=1 1x, https:\/\/i0.wp.com\/lasprimeras.com.do\/wp-content\/uploads\/2024\/01\/WhatsApp-Image-2024-01-25-at-1.42.51-PM-3.jpeg?resize=525%2C300&ssl=1 1.5x"},"classes":[]},{"id":110247,"url":"https:\/\/lasprimeras.com.do\/index.php\/2025\/09\/26\/abinader-encabezara-mesa-de-trabajo-en-sd-norte-y-anunciara-importantes-obras-en-santiago\/","url_meta":{"origin":110540,"position":5},"title":"Abinader encabezar\u00e1 mesa de trabajo en SD-Norte y anunciar\u00e1 importantes obras en Santiago","author":"Nelson Feliz","date":"26 de septiembre de 2025","format":false,"excerpt":"Adem\u00e1s, encabezar\u00e1 La Semanal desde Arroyo Gurabo, en Santiago. El presidente Luis Abinader continuar\u00e1 este fin de semana su agenda de acercamiento comunitario, con una mesa de trabajo el s\u00e1bado en Santo Domingo Norte y diversas actividades el domingo en Santiago, donde anunciar\u00e1 obras como el remozamiento del hospedaje Yaque,\u2026","rel":"","context":"En \u00abNACIONALES\u00bb","block_context":{"text":"NACIONALES","link":"https:\/\/lasprimeras.com.do\/index.php\/category\/nacionales\/"},"img":{"alt_text":"","src":"https:\/\/i0.wp.com\/lasprimeras.com.do\/wp-content\/uploads\/2025\/09\/Luis-Abinader-7.jpg?resize=350%2C200&ssl=1","width":350,"height":200,"srcset":"https:\/\/i0.wp.com\/lasprimeras.com.do\/wp-content\/uploads\/2025\/09\/Luis-Abinader-7.jpg?resize=350%2C200&ssl=1 1x, https:\/\/i0.wp.com\/lasprimeras.com.do\/wp-content\/uploads\/2025\/09\/Luis-Abinader-7.jpg?resize=525%2C300&ssl=1 1.5x"},"classes":[]}],"jetpack_sharing_enabled":true,"_links":{"self":[{"href":"https:\/\/lasprimeras.com.do\/index.php\/wp-json\/wp\/v2\/posts\/110540","targetHints":{"allow":["GET"]}}],"collection":[{"href":"https:\/\/lasprimeras.com.do\/index.php\/wp-json\/wp\/v2\/posts"}],"about":[{"href":"https:\/\/lasprimeras.com.do\/index.php\/wp-json\/wp\/v2\/types\/post"}],"author":[{"embeddable":true,"href":"https:\/\/lasprimeras.com.do\/index.php\/wp-json\/wp\/v2\/users\/10"}],"replies":[{"embeddable":true,"href":"https:\/\/lasprimeras.com.do\/index.php\/wp-json\/wp\/v2\/comments?post=110540"}],"version-history":[{"count":1,"href":"https:\/\/lasprimeras.com.do\/index.php\/wp-json\/wp\/v2\/posts\/110540\/revisions"}],"predecessor-version":[{"id":110543,"href":"https:\/\/lasprimeras.com.do\/index.php\/wp-json\/wp\/v2\/posts\/110540\/revisions\/110543"}],"wp:featuredmedia":[{"embeddable":true,"href":"https:\/\/lasprimeras.com.do\/index.php\/wp-json\/wp\/v2\/media\/110541"}],"wp:attachment":[{"href":"https:\/\/lasprimeras.com.do\/index.php\/wp-json\/wp\/v2\/media?parent=110540"}],"wp:term":[{"taxonomy":"category","embeddable":true,"href":"https:\/\/lasprimeras.com.do\/index.php\/wp-json\/wp\/v2\/categories?post=110540"},{"taxonomy":"post_tag","embeddable":true,"href":"https:\/\/lasprimeras.com.do\/index.php\/wp-json\/wp\/v2\/tags?post=110540"}],"curies":[{"name":"wp","href":"https:\/\/api.w.org\/{rel}","templated":true}]}}