{"id":110544,"date":"2025-09-29T18:41:39","date_gmt":"2025-09-29T22:41:39","guid":{"rendered":"https:\/\/lasprimeras.com.do\/?p=110544"},"modified":"2025-09-29T18:41:40","modified_gmt":"2025-09-29T22:41:40","slug":"dominicanos-designados-entre-selecto-ranking-de-lideres-innovadores-2025","status":"publish","type":"post","link":"https:\/\/lasprimeras.com.do\/index.php\/2025\/09\/29\/dominicanos-designados-entre-selecto-ranking-de-lideres-innovadores-2025\/","title":{"rendered":"Dominicanos designados entre selecto Ranking de L\u00edderes Innovadores 2025"},"content":{"rendered":"\n<p><strong>Como un hito educativo en este encuentro trascendental en este sector, el doctor Jos\u00e9 Ram\u00f3n Holgu\u00edn Brito, presidente de la Asociaci\u00f3n de Rectores del Caribe y las Am\u00e9ricas junto al canciller de UNICARIBE, doctor Jos\u00e9 Alejandro Aybar M., recibieron sendos galardones.<\/strong><\/p>\n\n\n\n<p><strong>Guayaquil, Ecuador \u2014<\/strong>En el marco del\u202fEncuentro Internacional INNOVATEC de L\u00edderes Innovadores 2025, celebrado en la Universidad ECOTEC aqu\u00ed en Guayaquil, el Dr. Josu G\u00f3mez Barrutia reconoci\u00f3 a dos dominicanos vinculados al \u00e1mbito de la educaci\u00f3n.<\/p>\n\n\n\n<p>El reconocimiento recay\u00f3 sobre los doctores Jos\u00e9 Ram\u00f3n Holgu\u00edn Brito, Presidente de Asociaci\u00f3n de Rectores del Caribe y las Am\u00e9ricas &#8211; ARCA y rector del ITSC, y Jos\u00e9 Alejandro Aybar M., canciller de UNICARIBE, y presidente de la Asociaci\u00f3n de Universidades Privadas \u2013 AUPRI, quienes recibieron sendas placas que los acreditan como parte del selecto\u202fRanking de L\u00edderes Innovadores 2025.<\/p>\n\n\n\n<p>El evento reuni\u00f3 a cientos de participantes provenientes de m\u00e1s de 26 pa\u00edses.<\/p>\n\n\n\n<p>Durante su segundo d\u00eda, se desarrollaron conferencias y paneles de alto nivel que abordaron el futuro de la educaci\u00f3n y los desaf\u00edos que enfrenta la educaci\u00f3n superior.<\/p>\n\n\n\n<p>Entre las conferencias destac\u00f3 la participaci\u00f3n del\u202fDr. Jos\u00e9 Ram\u00f3n Holgu\u00edn Brito, quien disert\u00f3 sobre\u202f\u201cLos desaf\u00edos de la educaci\u00f3n superior ante la necesidad de la formaci\u00f3n t\u00e9cnico-profesional\u201d.<\/p>\n\n\n\n<p>Por su parte, el\u202fDr. Jos\u00e9 Alejandro Aybar M., canciller de UNICARIBE,\u202fmoder\u00f3 el \u201cPanel: Empleabilidad, Horizontes y Realidad\u201d, en el que intervinieron, Esteban Veintimilla, Director de Producto y Empleabilidad en QS, Joaqu\u00edn Gonz\u00e1lez del Pino, Presidente de Quixote Innovation y Pablo Arosemena, Director General de EUREKA, el centro de emprendimiento e innovaci\u00f3n de la Universidad Esp\u00edritu Santo (UEES).<\/p>\n\n\n\n<p>El panel debati\u00f3 sobre los retos que plantea la inteligencia artificial, las carreras del futuro y el rol de las universidades en la adaptaci\u00f3n a las demandas cambiantes de la sociedad.<\/p>\n\n\n\n<figure class=\"wp-block-image size-large\"><img decoding=\"async\" width=\"831\" height=\"1024\" src=\"https:\/\/lasprimeras.com.do\/wp-content\/uploads\/2025\/09\/INNOVATEC-2-831x1024.jpg\" alt=\"\" class=\"wp-image-110546\" srcset=\"https:\/\/lasprimeras.com.do\/wp-content\/uploads\/2025\/09\/INNOVATEC-2-831x1024.jpg 831w, https:\/\/lasprimeras.com.do\/wp-content\/uploads\/2025\/09\/INNOVATEC-2-243x300.jpg 243w, https:\/\/lasprimeras.com.do\/wp-content\/uploads\/2025\/09\/INNOVATEC-2-768x946.jpg 768w, https:\/\/lasprimeras.com.do\/wp-content\/uploads\/2025\/09\/INNOVATEC-2.jpg 900w\" sizes=\"(max-width: 831px) 100vw, 831px\" \/><\/figure>\n\n\n\n<p>Asimismo, se resalt\u00f3 la responsabilidad de las instituciones de educaci\u00f3n superior de garantizar a los estudiantes una formaci\u00f3n que les brinde oportunidades reales de desarrollo, incluso en los sectores informales que impulsan econom\u00edas emergentes, as\u00ed como la importancia de la integraci\u00f3n de los sectores productivos en el debate acad\u00e9mico.<\/p>\n\n\n\n<p>El ranking tambi\u00e9n incluy\u00f3 participaci\u00f3n de destacadas personalidades del sector educativo, entre ellos a Carlos Ortega Maldonado, Canciller de la Universidad UEES, Paloma Cabello, Global Advisory Board del MIT, Isabel Noboa, Presidenta del Grupo Nobis y de Unidos por la Educaci\u00f3n.<\/p>\n\n\n\n<p>Adem\u00e1s, a Francisco Abedabroo, Presidente de Oracle para Desarrollo de Negocios en LATAM, Teodoro Ribera, Rector de la Universidad Aut\u00f3noma de Chile y Laura G\u00e1mez, Doctora e Investigadora en Medicina Cu\u00e1ntica, entre otras grandes figuras que, con su trabajo y talento, realizan valiosas contribuciones a la humanidad.<\/p>\n\n\n\n<p>El encuentro se desarroll\u00f3 en dos jornadas: En el primer d\u00eda estuvo a cargo de la Universidad UEES, dedicado al an\u00e1lisis de los\u202fRankings de Universidades de Iberoam\u00e9rica. Mientras que el Segundo d\u00eda, fue encabezado por la Universidad ECOTEC, enfocado en el reconocimiento de los\u202fL\u00edderes Innovadores.<\/p>\n\n\n\n<p>Se recuerda que, en este marco, la\u202fUniversidad del Caribe (UNICARIBE), de la Rep\u00fablica Dominicana, obtuvo la posici\u00f3n\u202fNo. 27 entre las 30 universidades m\u00e1s innovadoras de Iberoam\u00e9rica.<\/p>\n\n\n\n<p>Tambi\u00e9n cabe destacar la participaron en el evento del\u202fDr. Jos\u00e9 Hazim III, rector de la UCE y presidente de la Asociaci\u00f3n de Universidades Aut\u00f3nomas; el\u202fDr. Wady Ram\u00edrez, rector de UNIREMHOS y presidente de la Asociaci\u00f3n Dominicana de Universidades (ADOU); y el Sr.\u202fWinter, en representaci\u00f3n de UPID.<\/p>\n","protected":false},"excerpt":{"rendered":"<p>Como un hito educativo en este encuentro trascendental en este sector, el doctor Jos\u00e9 Ram\u00f3n Holgu\u00edn Brito, presidente de la Asociaci\u00f3n de Rectores del Caribe y las Am\u00e9ricas junto al&hellip;<\/p>\n","protected":false},"author":10,"featured_media":110545,"comment_status":"open","ping_status":"open","sticky":false,"template":"","format":"standard","meta":{"content-type":"","jetpack_post_was_ever_published":false,"_jetpack_newsletter_access":"","_jetpack_dont_email_post_to_subs":false,"_jetpack_newsletter_tier_id":0,"_jetpack_memberships_contains_paywalled_content":false,"_jetpack_memberships_contains_paid_content":false,"footnotes":""},"categories":[16289,25],"tags":[2186,487,25308],"class_list":["post-110544","post","type-post","status-publish","format-standard","has-post-thumbnail","hentry","category-internacionales","category-portada","tag-designados","tag-dominicanos","tag-ranking-de-lideres-innovadores-2025"],"jetpack_featured_media_url":"https:\/\/lasprimeras.com.do\/wp-content\/uploads\/2025\/09\/INNOVATEC-1.jpg","jetpack-related-posts":[{"id":110041,"url":"https:\/\/lasprimeras.com.do\/index.php\/2025\/09\/25\/innovatec-entrega-el-premio-ranking-educativo-innovatec-2025-excelencia-educativa-e-innovadora-a-la-universidad-del-caribe-en-rd\/","url_meta":{"origin":110544,"position":0},"title":"Innovatec entrega el Premio \u201cRanking Educativo Innovatec 2025 \u2014 Excelencia Educativa e Innovadora\u201d a la Universidad del Caribe en RD","author":"Nelson Feliz","date":"25 de septiembre de 2025","format":false,"excerpt":"El galard\u00f3n fue recibido por el canciller, Dr. Jos\u00e9 Alejandro Aybar, y la vicerrectora administrativa, Shahily Pimentel, quienes manifestaron su regocijo, reiterando el compromiso con mantener la calidad acad\u00e9mica de UNICARIBE. Por Nelson Feliz Guayaquil, Ecuador \u2014 En el marco del Encuentro Internacional Innovatec y L\u00edderes Innovadores 2025, celebrado en\u2026","rel":"","context":"En \u00abNACIONALES\u00bb","block_context":{"text":"NACIONALES","link":"https:\/\/lasprimeras.com.do\/index.php\/category\/nacionales\/"},"img":{"alt_text":"UNICARIBE","src":"https:\/\/i0.wp.com\/lasprimeras.com.do\/wp-content\/uploads\/2025\/09\/UNICARIBE-2.jpg?resize=350%2C200&ssl=1","width":350,"height":200,"srcset":"https:\/\/i0.wp.com\/lasprimeras.com.do\/wp-content\/uploads\/2025\/09\/UNICARIBE-2.jpg?resize=350%2C200&ssl=1 1x, https:\/\/i0.wp.com\/lasprimeras.com.do\/wp-content\/uploads\/2025\/09\/UNICARIBE-2.jpg?resize=525%2C300&ssl=1 1.5x, https:\/\/i0.wp.com\/lasprimeras.com.do\/wp-content\/uploads\/2025\/09\/UNICARIBE-2.jpg?resize=700%2C400&ssl=1 2x"},"classes":[]},{"id":114845,"url":"https:\/\/lasprimeras.com.do\/index.php\/2025\/11\/17\/unicaribe-presenta-nuevo-rector-2025-2027-y-reafirma-su-compromiso-con-la-innovacion-educativa\/","url_meta":{"origin":110544,"position":1},"title":"UNICARIBE presenta nuevo Rector 2025\u20132027 y reafirma su compromiso con la innovaci\u00f3n educativa","author":"Nelson Feliz","date":"17 de noviembre de 2025","format":false,"excerpt":"Durante el acto se reconoci\u00f3 la trayectoria del rector saliente, Dr. Emilio M\u00ednguez, destacando sus 50 a\u00f1os de experiencia docente y liderazgo acad\u00e9mico, y se ofreci\u00f3 la bienvenida al Dr. Ricardo A. Ram\u00edrez Mendoza como nuevo rector. La Universidad del Caribe (UNICARIBE) realiz\u00f3 un acto solemne, acompa\u00f1ado de autoridades acad\u00e9micas,\u2026","rel":"","context":"En \u00abNACIONALES\u00bb","block_context":{"text":"NACIONALES","link":"https:\/\/lasprimeras.com.do\/index.php\/category\/nacionales\/"},"img":{"alt_text":"","src":"https:\/\/i0.wp.com\/lasprimeras.com.do\/wp-content\/uploads\/2025\/11\/Ricardo-A.-Ramirez-Mendoza.jpg?resize=350%2C200&ssl=1","width":350,"height":200,"srcset":"https:\/\/i0.wp.com\/lasprimeras.com.do\/wp-content\/uploads\/2025\/11\/Ricardo-A.-Ramirez-Mendoza.jpg?resize=350%2C200&ssl=1 1x, https:\/\/i0.wp.com\/lasprimeras.com.do\/wp-content\/uploads\/2025\/11\/Ricardo-A.-Ramirez-Mendoza.jpg?resize=525%2C300&ssl=1 1.5x, https:\/\/i0.wp.com\/lasprimeras.com.do\/wp-content\/uploads\/2025\/11\/Ricardo-A.-Ramirez-Mendoza.jpg?resize=700%2C400&ssl=1 2x"},"classes":[]},{"id":106717,"url":"https:\/\/lasprimeras.com.do\/index.php\/2025\/08\/18\/unicaribe-entre-las-top-30-universidades-mas-innovadoras-de-iberoamerica\/","url_meta":{"origin":110544,"position":2},"title":"UNICARIBE entre las Top 30 Universidades m\u00e1s innovadoras de Iberoam\u00e9rica","author":"Nelson Feliz","date":"18 de agosto de 2025","format":false,"excerpt":"-Ello ha sido determinado por el Ranking Educativo Innovatec de Iberoam\u00e9rica -Adem\u00e1s de la calidad educativa online, ello eval\u00faa, la propuesta de Responsabilidad Social Corporativa y Sostenible entre otros indicadores del Ranking Educativo Innovatec. El Ranking Educativo Innovatec, entre cuyos objetivos est\u00e1n estudio y an\u00e1lisis de la calidad de la\u2026","rel":"","context":"En \u00abNACIONALES\u00bb","block_context":{"text":"NACIONALES","link":"https:\/\/lasprimeras.com.do\/index.php\/category\/nacionales\/"},"img":{"alt_text":"","src":"https:\/\/i0.wp.com\/lasprimeras.com.do\/wp-content\/uploads\/2025\/08\/unicaribe.jpg?resize=350%2C200&ssl=1","width":350,"height":200,"srcset":"https:\/\/i0.wp.com\/lasprimeras.com.do\/wp-content\/uploads\/2025\/08\/unicaribe.jpg?resize=350%2C200&ssl=1 1x, https:\/\/i0.wp.com\/lasprimeras.com.do\/wp-content\/uploads\/2025\/08\/unicaribe.jpg?resize=525%2C300&ssl=1 1.5x, https:\/\/i0.wp.com\/lasprimeras.com.do\/wp-content\/uploads\/2025\/08\/unicaribe.jpg?resize=700%2C400&ssl=1 2x"},"classes":[]},{"id":88795,"url":"https:\/\/lasprimeras.com.do\/index.php\/2024\/09\/07\/realizan-exitosa-presentacion-programa-formacion-semiconductores-en-republica-dominicana\/","url_meta":{"origin":110544,"position":3},"title":"Realizan exitosa presentaci\u00f3n Programa Formaci\u00f3n Semiconductores en Rep\u00fablica Dominicana","author":"Nelson Feliz","date":"7 de septiembre de 2024","format":false,"excerpt":"El Programa explora aspectos claves de la integraci\u00f3n, empaque y ensamblaje de dispositivos semiconductores, incluyendo materiales, tecnolog\u00edas y m\u00e9todos de fabricaci\u00f3n, mediante un recorrido que incluye aplicaciones pr\u00e1cticas Marcando un hito en el desarrollo de la industria tecnol\u00f3gica en el pa\u00eds, UNICARIBE junto con los ministerios de Industria, Comercio y\u2026","rel":"","context":"En \u00abNACIONALES\u00bb","block_context":{"text":"NACIONALES","link":"https:\/\/lasprimeras.com.do\/index.php\/category\/nacionales\/"},"img":{"alt_text":"En la gr\u00e1fica, el canciller de UNICARIBE, doctor Jos\u00e9 Alejandro Aybar M., adjunto al ministro del MIC, V\u00edctor -Ito-Bison\u00f3, quienes dieron apertura a la exitosa presentaci\u00f3n de formaci\u00f3n educativa, hist\u00f3rico para el pa\u00eds en el \u00e1mbito tecnol\u00f3gico educativo en Am\u00e9rica Latina y el Caribe.","src":"https:\/\/i0.wp.com\/lasprimeras.com.do\/wp-content\/uploads\/2024\/09\/Jose-Alejandro-Aybar-M.jpg?resize=350%2C200&ssl=1","width":350,"height":200,"srcset":"https:\/\/i0.wp.com\/lasprimeras.com.do\/wp-content\/uploads\/2024\/09\/Jose-Alejandro-Aybar-M.jpg?resize=350%2C200&ssl=1 1x, https:\/\/i0.wp.com\/lasprimeras.com.do\/wp-content\/uploads\/2024\/09\/Jose-Alejandro-Aybar-M.jpg?resize=525%2C300&ssl=1 1.5x, https:\/\/i0.wp.com\/lasprimeras.com.do\/wp-content\/uploads\/2024\/09\/Jose-Alejandro-Aybar-M.jpg?resize=700%2C400&ssl=1 2x"},"classes":[]},{"id":125810,"url":"https:\/\/lasprimeras.com.do\/index.php\/2026\/03\/26\/unicaribe-consolida-posicionamiento-internacional-de-rd-en-el-world-skills-week-2026\/","url_meta":{"origin":110544,"position":4},"title":"UNICARIBE consolida posicionamiento internacional de RD en el World Skills Week 2026","author":"Nelson Feliz","date":"26 de marzo de 2026","format":false,"excerpt":"Una delegaci\u00f3n encabezada por el doctor Jos\u00e9 Alejandro Aybar M., canciller de UNICARIBE adjunto a la licenciada Shahily Pimentel, vicepresidenta del Consejo de la Fundaci\u00f3n Educativa del Caribe, participan en el magno encuentro en la capital de los Estados Unidos, donde se analizan las tendencias emergentes en la transformaci\u00f3n de\u2026","rel":"","context":"En \u00abINTERNACIONALES\u00bb","block_context":{"text":"INTERNACIONALES","link":"https:\/\/lasprimeras.com.do\/index.php\/category\/sin-categoria\/internacionales\/"},"img":{"alt_text":"","src":"https:\/\/i0.wp.com\/lasprimeras.com.do\/wp-content\/uploads\/2026\/03\/IMG-20260326-WA0440.jpg?resize=350%2C200&ssl=1","width":350,"height":200,"srcset":"https:\/\/i0.wp.com\/lasprimeras.com.do\/wp-content\/uploads\/2026\/03\/IMG-20260326-WA0440.jpg?resize=350%2C200&ssl=1 1x, https:\/\/i0.wp.com\/lasprimeras.com.do\/wp-content\/uploads\/2026\/03\/IMG-20260326-WA0440.jpg?resize=525%2C300&ssl=1 1.5x, https:\/\/i0.wp.com\/lasprimeras.com.do\/wp-content\/uploads\/2026\/03\/IMG-20260326-WA0440.jpg?resize=700%2C400&ssl=1 2x"},"classes":[]},{"id":86790,"url":"https:\/\/lasprimeras.com.do\/index.php\/2024\/08\/01\/jose-ramon-holguin-brito-asume-como-nuevo-rector-del-itsc\/","url_meta":{"origin":110544,"position":5},"title":"Jos\u00e9 Ram\u00f3n Holgu\u00edn Brito asume como nuevo rector del ITSC","author":"Nelson Feliz","date":"1 de agosto de 2024","format":false,"excerpt":"El doctor Jos\u00e9 Ram\u00f3n Holgu\u00edn Brito, tom\u00f3 posesi\u00f3n como nuevo rector del Instituto T\u00e9cnico Superior Comunitario (ITSC), sustituyendo al Lic. Pedro Antonio Quezada Cepeda, resultado del decreto n\u00famero 405-24, emitido por el presidente Luis Abinader. Durante el acto protocolar, realizado en el Sal\u00f3n de Juntas del primer y \u00fanico community\u2026","rel":"","context":"En \u00abNACIONALES\u00bb","block_context":{"text":"NACIONALES","link":"https:\/\/lasprimeras.com.do\/index.php\/category\/nacionales\/"},"img":{"alt_text":"Jos\u00e9 Ram\u00f3n Holgu\u00edn Brito","src":"https:\/\/i0.wp.com\/lasprimeras.com.do\/wp-content\/uploads\/2024\/08\/Jose-Ramon-Holguin-Brito-1.jpg?resize=350%2C200&ssl=1","width":350,"height":200,"srcset":"https:\/\/i0.wp.com\/lasprimeras.com.do\/wp-content\/uploads\/2024\/08\/Jose-Ramon-Holguin-Brito-1.jpg?resize=350%2C200&ssl=1 1x, https:\/\/i0.wp.com\/lasprimeras.com.do\/wp-content\/uploads\/2024\/08\/Jose-Ramon-Holguin-Brito-1.jpg?resize=525%2C300&ssl=1 1.5x"},"classes":[]}],"jetpack_sharing_enabled":true,"_links":{"self":[{"href":"https:\/\/lasprimeras.com.do\/index.php\/wp-json\/wp\/v2\/posts\/110544","targetHints":{"allow":["GET"]}}],"collection":[{"href":"https:\/\/lasprimeras.com.do\/index.php\/wp-json\/wp\/v2\/posts"}],"about":[{"href":"https:\/\/lasprimeras.com.do\/index.php\/wp-json\/wp\/v2\/types\/post"}],"author":[{"embeddable":true,"href":"https:\/\/lasprimeras.com.do\/index.php\/wp-json\/wp\/v2\/users\/10"}],"replies":[{"embeddable":true,"href":"https:\/\/lasprimeras.com.do\/index.php\/wp-json\/wp\/v2\/comments?post=110544"}],"version-history":[{"count":1,"href":"https:\/\/lasprimeras.com.do\/index.php\/wp-json\/wp\/v2\/posts\/110544\/revisions"}],"predecessor-version":[{"id":110547,"href":"https:\/\/lasprimeras.com.do\/index.php\/wp-json\/wp\/v2\/posts\/110544\/revisions\/110547"}],"wp:featuredmedia":[{"embeddable":true,"href":"https:\/\/lasprimeras.com.do\/index.php\/wp-json\/wp\/v2\/media\/110545"}],"wp:attachment":[{"href":"https:\/\/lasprimeras.com.do\/index.php\/wp-json\/wp\/v2\/media?parent=110544"}],"wp:term":[{"taxonomy":"category","embeddable":true,"href":"https:\/\/lasprimeras.com.do\/index.php\/wp-json\/wp\/v2\/categories?post=110544"},{"taxonomy":"post_tag","embeddable":true,"href":"https:\/\/lasprimeras.com.do\/index.php\/wp-json\/wp\/v2\/tags?post=110544"}],"curies":[{"name":"wp","href":"https:\/\/api.w.org\/{rel}","templated":true}]}}