{"id":110551,"date":"2025-09-29T19:04:35","date_gmt":"2025-09-29T23:04:35","guid":{"rendered":"https:\/\/lasprimeras.com.do\/?p=110551"},"modified":"2025-09-29T19:04:37","modified_gmt":"2025-09-29T23:04:37","slug":"senasa-publica-licitacion-de-rd198-millones-en-medio-de-investigacion","status":"publish","type":"post","link":"https:\/\/lasprimeras.com.do\/index.php\/2025\/09\/29\/senasa-publica-licitacion-de-rd198-millones-en-medio-de-investigacion\/","title":{"rendered":"Senasa publica licitaci\u00f3n de RD$198 millones en medio de investigaci\u00f3n"},"content":{"rendered":"\n<p><strong>La convocatoria busca contratar una plataforma tecnol\u00f3gica para autorizaciones de medicamentos.<\/strong><\/p>\n\n\n\n<p>El Seguro Nacional de Salud (Senasa) public\u00f3 este lunes en el portal de Compras y Contrataciones P\u00fablicas una convocatoria para contratar una plataforma tecnol\u00f3gica destinada a gestionar las autorizaciones de medicamentos de sus afiliados, con un presupuesto estimado de 198 millones de pesos.<\/p>\n\n\n\n<p>La licitaci\u00f3n, identificada con la referencia ARS Senasa-CCC-PEEX-2025-0004, se realiza en momentos en que la entidad est\u00e1 bajo una crisis institucional y en medio de un proceso de investigaci\u00f3n por parte del Ministerio P\u00fablico por irregularidades detectadas en la instituci\u00f3n.<\/p>\n\n\n\n<p>La referencia indica que las propuestas podr\u00e1n recibirse desde este lunes 29 de septiembre, a partir de las dos de la tarde, hasta el lunes 20 de octubre a las nueve de la ma\u00f1ana.<\/p>\n\n\n\n<p>Ese mismo d\u00eda, a las diez de la ma\u00f1ana, se proceder\u00e1 a la apertura de las ofertas t\u00e9cnicas y econ\u00f3micas en el sal\u00f3n Cosenasa, ubicado en la sede administrativa y financiera de la instituci\u00f3n, en el ensanche Naco.<\/p>\n\n\n\n<p>De acuerdo con los documentos de la convocatoria, el presupuesto base para esta contrataci\u00f3n asciende a 66 millones de pesos anuales (unos 5.5 millones mensuales), con una duraci\u00f3n de 36 meses, que totalizan los 198 millones.<\/p>\n\n\n\n<p>El criterio de adjudicaci\u00f3n podr\u00e1 ser por menor precio, siempre que la propuesta cumpla con las especificaciones t\u00e9cnicas establecidas en el pliego de condiciones.<\/p>\n\n\n\n<p>La adjudicaci\u00f3n se har\u00e1 por la totalidad de los servicios solicitados. La plataforma deber\u00e1 supervisar la dispensaci\u00f3n de medicamentos, registrar la facturaci\u00f3n de los prestadores farmac\u00e9uticos, auditar reclamaciones y garantizar la interoperabilidad entre Senasa, su red de farmacias y los afiliados.<\/p>\n\n\n\n<p><strong>Bajo investigaci\u00f3n<\/strong><\/p>\n\n\n\n<p>Senasa est\u00e1 bajo la lupa del Ministerio P\u00fablico y la C\u00e1mara de Cuentas por un d\u00e9ficit financiero millonario y denuncias de contratos irregulares. La investigaci\u00f3n incluye el an\u00e1lisis de contratos otorgados a prestadores privados, con sospechas de privatizaci\u00f3n encubierta de servicios del r\u00e9gimen subsidiado.<\/p>\n\n\n\n<p>El Ministerio P\u00fablico asegura que avanza en las investigaciones sobre un presunto fraude millonario, cuyo monto no se ha estimado todav\u00eda, operado a trav\u00e9s de autorizaciones m\u00e9dicas ficticias y un &#8220;call center paralelo&#8221; que gestionaba tr\u00e1mites fuera de los canales oficiales.<\/p>\n\n\n\n<p><strong>Exigencias de esclarecimiento<\/strong><\/p>\n\n\n\n<p>Organismos de la sociedad civil han pedido que la investigaci\u00f3n sea &#8220;completa, profunda y transparente&#8221;, advirtiendo que las irregularidades denunciadas podr\u00edan comprometer la sostenibilidad del sistema de salud.<\/p>\n\n\n\n<p>La Fundaci\u00f3n \u00c9tikos tambi\u00e9n exigi\u00f3 sanciones ejemplares y mayor escrutinio sobre la gesti\u00f3n de recursos p\u00fablicos en el sector salud.<\/p>\n\n\n\n<p>Por su parte, la l\u00ednea de investigaci\u00f3n abierta en la Procuradur\u00eda revisa contratos millonarios que Senasa habr\u00eda firmado sin suficiente control ni verificaci\u00f3n de los servicios prestados.<\/p>\n\n\n\n<p>El informe del programa de televisi\u00f3n &#8220;N Investiga&#8221; ha sido citado como evidencia de pagos efectuados a entidades privadas sin certeza de que los servicios convenidos se hubiesen cumplido.<\/p>\n","protected":false},"excerpt":{"rendered":"<p>La convocatoria busca contratar una plataforma tecnol\u00f3gica para autorizaciones de medicamentos. El Seguro Nacional de Salud (Senasa) public\u00f3 este lunes en el portal de Compras y Contrataciones P\u00fablicas una convocatoria&hellip;<\/p>\n","protected":false},"author":10,"featured_media":94333,"comment_status":"open","ping_status":"open","sticky":false,"template":"","format":"standard","meta":{"content-type":"","jetpack_post_was_ever_published":false,"_jetpack_newsletter_access":"","_jetpack_dont_email_post_to_subs":false,"_jetpack_newsletter_tier_id":0,"_jetpack_memberships_contains_paywalled_content":false,"_jetpack_memberships_contains_paid_content":false,"footnotes":""},"categories":[39,25],"tags":[2388,9209,15768,7440,25311,25310,2456],"class_list":["post-110551","post","type-post","status-publish","format-standard","has-post-thumbnail","hentry","category-economia","category-portada","tag-investigacion","tag-licitacion","tag-medio","tag-plataforma","tag-rd198-millones","tag-senasa-publica","tag-tecnologica"],"jetpack_featured_media_url":"https:\/\/lasprimeras.com.do\/wp-content\/uploads\/2025\/02\/SeNaSa.jpg","jetpack-related-posts":[{"id":98860,"url":"https:\/\/lasprimeras.com.do\/index.php\/2025\/05\/13\/senasa-responde-a-quejas-y-promete-mejoras-en-el-acceso-a-medicamentos-en-farmacias\/","url_meta":{"origin":110551,"position":0},"title":"Senasa responde a quejas y promete mejoras en el acceso a medicamentos en farmacias","author":"Nelson Feliz","date":"13 de mayo de 2025","format":false,"excerpt":"Se espera que dentro de los pr\u00f3ximos 10 d\u00edas la situaci\u00f3n quede solucionada. El Seguro Nacional de Salud (Senasa) asegur\u00f3 que los servicios como autorizaciones m\u00e9dicas y las atenciones generales se desarrollan con normalidad y que, tras la implementaci\u00f3n de mejoras en su plataforma tecnol\u00f3gica, se ha registrado una disminuci\u00f3n\u2026","rel":"","context":"En \u00abSALUD\u00bb","block_context":{"text":"SALUD","link":"https:\/\/lasprimeras.com.do\/index.php\/category\/salud\/"},"img":{"alt_text":"","src":"https:\/\/i0.wp.com\/lasprimeras.com.do\/wp-content\/uploads\/2025\/02\/SeNaSa.jpg?resize=350%2C200&ssl=1","width":350,"height":200,"srcset":"https:\/\/i0.wp.com\/lasprimeras.com.do\/wp-content\/uploads\/2025\/02\/SeNaSa.jpg?resize=350%2C200&ssl=1 1x, https:\/\/i0.wp.com\/lasprimeras.com.do\/wp-content\/uploads\/2025\/02\/SeNaSa.jpg?resize=525%2C300&ssl=1 1.5x, https:\/\/i0.wp.com\/lasprimeras.com.do\/wp-content\/uploads\/2025\/02\/SeNaSa.jpg?resize=700%2C400&ssl=1 2x"},"classes":[]},{"id":120784,"url":"https:\/\/lasprimeras.com.do\/index.php\/2026\/01\/27\/senasa-cierra-2025-con-balance-positivo-preliminar-de-rd1034-millones\/","url_meta":{"origin":110551,"position":1},"title":"SeNaSa cierra 2025 con balance positivo preliminar de RD$1,034 millones","author":"Nelson Feliz","date":"27 de enero de 2026","format":false,"excerpt":"Guzm\u00e1n destaca avances financieros, depuraci\u00f3n de prestadores y fortalecimiento de la red p\u00fablica El director ejecutivo del Seguro Nacional de Salud (SeNaSa), doctor Edward Guzm\u00e1n, inform\u00f3 que preliminarmente, durante el a\u00f1o 2025, la instituci\u00f3n logr\u00f3 reducir en RD$1,034 millones el d\u00e9ficit acumulado, como resultado de un proceso de revisi\u00f3n financiera,\u2026","rel":"","context":"En \u00abECONOM\u00cdA\u00bb","block_context":{"text":"ECONOM\u00cdA","link":"https:\/\/lasprimeras.com.do\/index.php\/category\/economia\/"},"img":{"alt_text":"","src":"https:\/\/i0.wp.com\/lasprimeras.com.do\/wp-content\/uploads\/2025\/02\/SeNaSa.jpg?resize=350%2C200&ssl=1","width":350,"height":200,"srcset":"https:\/\/i0.wp.com\/lasprimeras.com.do\/wp-content\/uploads\/2025\/02\/SeNaSa.jpg?resize=350%2C200&ssl=1 1x, https:\/\/i0.wp.com\/lasprimeras.com.do\/wp-content\/uploads\/2025\/02\/SeNaSa.jpg?resize=525%2C300&ssl=1 1.5x, https:\/\/i0.wp.com\/lasprimeras.com.do\/wp-content\/uploads\/2025\/02\/SeNaSa.jpg?resize=700%2C400&ssl=1 2x"},"classes":[]},{"id":109424,"url":"https:\/\/lasprimeras.com.do\/index.php\/2025\/09\/14\/senasa-aprueba-auditoria-para-evaluacion-financiera-y-cumplimiento-de-normativas-desde-2018-al-2024\/","url_meta":{"origin":110551,"position":2},"title":"Senasa aprueba auditor\u00eda para evaluaci\u00f3n financiera y cumplimiento de normativas desde 2018 al 2024","author":"Nelson Feliz","date":"14 de septiembre de 2025","format":false,"excerpt":"Los departamentos que tendr\u00e1 que auditar la empresa ganadora son: Tesorer\u00eda; Cobros y recaudos; Contabilidad; Ejecuci\u00f3n Presupuestaria; Bienes Patrimoniales; Auditoria M\u00e9dica; Autorizaciones M\u00e9dicas; gesti\u00f3n y relaci\u00f3n de Red de SS; Programas Especiales, planificaci\u00f3n; presupuesto institucional; desarrollo Organizacional; infraestructura; seguridad de la informaci\u00f3n. El pasado 11 de septiembre el Comit\u00e9 de\u2026","rel":"","context":"En \u00abECONOM\u00cdA\u00bb","block_context":{"text":"ECONOM\u00cdA","link":"https:\/\/lasprimeras.com.do\/index.php\/category\/economia\/"},"img":{"alt_text":"SeNaSa","src":"https:\/\/i0.wp.com\/lasprimeras.com.do\/wp-content\/uploads\/2025\/07\/Fachada-SeNaSa.jpg?resize=350%2C200&ssl=1","width":350,"height":200,"srcset":"https:\/\/i0.wp.com\/lasprimeras.com.do\/wp-content\/uploads\/2025\/07\/Fachada-SeNaSa.jpg?resize=350%2C200&ssl=1 1x, https:\/\/i0.wp.com\/lasprimeras.com.do\/wp-content\/uploads\/2025\/07\/Fachada-SeNaSa.jpg?resize=525%2C300&ssl=1 1.5x, https:\/\/i0.wp.com\/lasprimeras.com.do\/wp-content\/uploads\/2025\/07\/Fachada-SeNaSa.jpg?resize=700%2C400&ssl=1 2x"},"classes":[]},{"id":110702,"url":"https:\/\/lasprimeras.com.do\/index.php\/2025\/09\/30\/bloque-diputados-del-pld-advierte-el-deficit-en-senasa-supera-los-rd20000-millones\/","url_meta":{"origin":110551,"position":3},"title":"Bloque diputados del PLD advierte el d\u00e9ficit en SeNaSa supera los RD$20,000 millones","author":"Nelson Feliz","date":"30 de septiembre de 2025","format":false,"excerpt":"La bancada en el Congreso del PLD propone hacer auditorias y enviar informe peri\u00f3dico al Congreso Nacional sobre la situaci\u00f3n del Seguro Nacional de Salud (SeNaSa) El Bloque de Diputados del Partido de la Liberaci\u00f3n Dominicana fij\u00f3 posici\u00f3n ante la grave situaci\u00f3n por la que atraviesa el Seguro Nacional de\u2026","rel":"","context":"En \u00abPOLITICA\u00bb","block_context":{"text":"POLITICA","link":"https:\/\/lasprimeras.com.do\/index.php\/category\/politica\/"},"img":{"alt_text":"","src":"https:\/\/i0.wp.com\/lasprimeras.com.do\/wp-content\/uploads\/2025\/09\/PLD-4.jpg?resize=350%2C200&ssl=1","width":350,"height":200,"srcset":"https:\/\/i0.wp.com\/lasprimeras.com.do\/wp-content\/uploads\/2025\/09\/PLD-4.jpg?resize=350%2C200&ssl=1 1x, https:\/\/i0.wp.com\/lasprimeras.com.do\/wp-content\/uploads\/2025\/09\/PLD-4.jpg?resize=525%2C300&ssl=1 1.5x, https:\/\/i0.wp.com\/lasprimeras.com.do\/wp-content\/uploads\/2025\/09\/PLD-4.jpg?resize=700%2C400&ssl=1 2x"},"classes":[]},{"id":121566,"url":"https:\/\/lasprimeras.com.do\/index.php\/2026\/02\/06\/promese-cal-lanza-licitacion-por-rd2485-millones-para-adquirir-medicamentos\/","url_meta":{"origin":110551,"position":4},"title":"PROMESE\/CAL lanza licitaci\u00f3n por RD$2,485 millones para adquirir medicamentos","author":"Nelson Feliz","date":"6 de febrero de 2026","format":false,"excerpt":"Inversi\u00f3n suplir\u00e1 demanda del Servicio Nacional de Salud y Farmacias del Pueblo hasta abril de 2027 El Programa de Medicamentos Esenciales y Central de Apoyo Log\u00edstico (PROMESE\/CAL) lanz\u00f3 el proceso de Licitaci\u00f3n P\u00fablica Nacional referencia PROMESECAL-CCC-LPN-2026-0001 con el cual se cubrir\u00e1n las demandas del Sistema P\u00fablico Nacional de Salud entre\u2026","rel":"","context":"En \u00abECONOM\u00cdA\u00bb","block_context":{"text":"ECONOM\u00cdA","link":"https:\/\/lasprimeras.com.do\/index.php\/category\/economia\/"},"img":{"alt_text":"","src":"https:\/\/i0.wp.com\/lasprimeras.com.do\/wp-content\/uploads\/2026\/02\/PROMESE.jpg?resize=350%2C200&ssl=1","width":350,"height":200,"srcset":"https:\/\/i0.wp.com\/lasprimeras.com.do\/wp-content\/uploads\/2026\/02\/PROMESE.jpg?resize=350%2C200&ssl=1 1x, https:\/\/i0.wp.com\/lasprimeras.com.do\/wp-content\/uploads\/2026\/02\/PROMESE.jpg?resize=525%2C300&ssl=1 1.5x"},"classes":[]},{"id":117157,"url":"https:\/\/lasprimeras.com.do\/index.php\/2025\/12\/08\/senasa-reafirma-continuidad-y-estabilidad-de-sus-servicios-para-mas-de-7-4-millones-de-afiliados\/","url_meta":{"origin":110551,"position":5},"title":"SeNaSa reafirma continuidad y estabilidad de sus servicios para m\u00e1s de 7.4 millones de afiliados","author":"Nelson Feliz","date":"8 de diciembre de 2025","format":false,"excerpt":"El Seguro Nacional de Salud (SeNaSa) inform\u00f3 que contin\u00faa garantizando, sin interrupciones, todos los servicios de salud a los m\u00e1s de 7.4 millones de afiliados que conforman sus distintos reg\u00edmenes, a trav\u00e9s de una amplia y fortalecida red de prestadores en todo el territorio nacional. La instituci\u00f3n explic\u00f3 que la\u2026","rel":"","context":"En \u00abPORTADA\u00bb","block_context":{"text":"PORTADA","link":"https:\/\/lasprimeras.com.do\/index.php\/category\/portada\/"},"img":{"alt_text":"SeNaSa","src":"https:\/\/i0.wp.com\/lasprimeras.com.do\/wp-content\/uploads\/2025\/07\/Fachada-SeNaSa.jpg?resize=350%2C200&ssl=1","width":350,"height":200,"srcset":"https:\/\/i0.wp.com\/lasprimeras.com.do\/wp-content\/uploads\/2025\/07\/Fachada-SeNaSa.jpg?resize=350%2C200&ssl=1 1x, https:\/\/i0.wp.com\/lasprimeras.com.do\/wp-content\/uploads\/2025\/07\/Fachada-SeNaSa.jpg?resize=525%2C300&ssl=1 1.5x, https:\/\/i0.wp.com\/lasprimeras.com.do\/wp-content\/uploads\/2025\/07\/Fachada-SeNaSa.jpg?resize=700%2C400&ssl=1 2x"},"classes":[]}],"jetpack_sharing_enabled":true,"_links":{"self":[{"href":"https:\/\/lasprimeras.com.do\/index.php\/wp-json\/wp\/v2\/posts\/110551","targetHints":{"allow":["GET"]}}],"collection":[{"href":"https:\/\/lasprimeras.com.do\/index.php\/wp-json\/wp\/v2\/posts"}],"about":[{"href":"https:\/\/lasprimeras.com.do\/index.php\/wp-json\/wp\/v2\/types\/post"}],"author":[{"embeddable":true,"href":"https:\/\/lasprimeras.com.do\/index.php\/wp-json\/wp\/v2\/users\/10"}],"replies":[{"embeddable":true,"href":"https:\/\/lasprimeras.com.do\/index.php\/wp-json\/wp\/v2\/comments?post=110551"}],"version-history":[{"count":1,"href":"https:\/\/lasprimeras.com.do\/index.php\/wp-json\/wp\/v2\/posts\/110551\/revisions"}],"predecessor-version":[{"id":110552,"href":"https:\/\/lasprimeras.com.do\/index.php\/wp-json\/wp\/v2\/posts\/110551\/revisions\/110552"}],"wp:featuredmedia":[{"embeddable":true,"href":"https:\/\/lasprimeras.com.do\/index.php\/wp-json\/wp\/v2\/media\/94333"}],"wp:attachment":[{"href":"https:\/\/lasprimeras.com.do\/index.php\/wp-json\/wp\/v2\/media?parent=110551"}],"wp:term":[{"taxonomy":"category","embeddable":true,"href":"https:\/\/lasprimeras.com.do\/index.php\/wp-json\/wp\/v2\/categories?post=110551"},{"taxonomy":"post_tag","embeddable":true,"href":"https:\/\/lasprimeras.com.do\/index.php\/wp-json\/wp\/v2\/tags?post=110551"}],"curies":[{"name":"wp","href":"https:\/\/api.w.org\/{rel}","templated":true}]}}