{"id":110553,"date":"2025-09-29T19:07:36","date_gmt":"2025-09-29T23:07:36","guid":{"rendered":"https:\/\/lasprimeras.com.do\/?p=110553"},"modified":"2025-09-29T19:07:39","modified_gmt":"2025-09-29T23:07:39","slug":"el-poder-ejecutivo-concede-a-don-frank-rainieri-la-orden-del-merito-de-duarte-sanchez-y-mella","status":"publish","type":"post","link":"https:\/\/lasprimeras.com.do\/index.php\/2025\/09\/29\/el-poder-ejecutivo-concede-a-don-frank-rainieri-la-orden-del-merito-de-duarte-sanchez-y-mella\/","title":{"rendered":"El Poder Ejecutivo concede a Don Frank Rainieri la Orden del M\u00e9rito de Duarte, S\u00e1nchez y Mella"},"content":{"rendered":"\n<p>El presidente de la Rep\u00fablica, Luis Abinader, concedi\u00f3 al destacado empresario del sector tur\u00edstico, Frank Rainieri Marranzini, la condecoraci\u00f3n de la Orden del M\u00e9rito de Duarte, S\u00e1nchez y Mella, en el Grado de Gran Cruz Placa de Plata.<\/p>\n\n\n\n<p>La decisi\u00f3n, contenida en el decreto 489-25 del pasado 29 de agosto, fue adoptada por su desempe\u00f1o como embajador extraordinario y plenipotenciario de la Soberana y Militar Orden Hospitalaria de San Juan de Jerusal\u00e9n, de Rodas y de Malta en la Rep\u00fablica Dominicana.<\/p>\n\n\n\n<p>La disposici\u00f3n justifica que don Frank Rainieri &#8220;durante el desempe\u00f1o de sus funciones, contribuy\u00f3 al fortalecimiento de las relaciones bilaterales entre nuestra naci\u00f3n y esa representaci\u00f3n diplom\u00e1tica&#8221;.<\/p>\n\n\n\n<p>La entrega de la condecoraci\u00f3n no se ha hecho efectiva a\u00fan, pero el mismo decreto ordena, en el art\u00edculo 2, que se env\u00ede al Ministerio de Relaciones Exteriores, para su &#8220;conocimiento y ejecuci\u00f3n&#8221;.<\/p>\n\n\n\n<p>Frank Rainieri plantea diversificar la oferta tur\u00edstica y regular hospedaje de renta corta<br>La decisi\u00f3n presidencial se bas\u00f3 en los m\u00e9ritos acumulados por Don Frank Rainieri en su papel, adem\u00e1s del parecer favorable del Consejo de la Orden del M\u00e9rito de Duarte, S\u00e1nchez y Mella.<\/p>\n\n\n\n<p>Condecoraci\u00f3n de &#8220;Comendador&#8221;<\/p>\n\n\n\n<p>El 31 de enero de 2024, el embajador de Italia en Rep\u00fablica Dominicana, Stefano Queirolo Palmas, hizo entrega de la condecoraci\u00f3n honor\u00edfica de &#8220;Comendador&#8221; a Frank Rainieri Marranzini, la cual es concedida por la Orden de la Estrella de la Rep\u00fablica de Italia.<\/p>\n\n\n\n<p>El acto se desarroll\u00f3 en Casa de Italia en la Ciudad Colonial y el Fundador del Grupo Puntacana se hizo acompa\u00f1ar de su esposa, do\u00f1a Hayd\u00e9e, sus hijos: Paola, Francesca y Frank El\u00edas; y sus nietos.<\/p>\n\n\n\n<p>El presidente de la Casa de Italia, Renzo Serravalle, destac\u00f3 los logros e historia que envuelven a don Frank Rainieri e introdujo el discurso formal de Queirolo Palmas.<\/p>\n\n\n\n<p>Explic\u00f3 que la condecoraci\u00f3n tiene el prop\u00f3sito de reconocer a quienes hayan alcanzado m\u00e9ritos particulares en la promoci\u00f3n de las relaciones de amistad y cooperaci\u00f3n entre Italia y otros pa\u00edses, y en el fomento de los v\u00ednculos con Italia, como lo es el caso de Rainieri Marranzini.<\/p>\n\n\n\n<p>Frank Rafael Rainieri Marranzini naci\u00f3 en la Rep\u00fablica Dominicana, en el seno de una familia con tradici\u00f3n en la hospitalidad.<\/p>\n\n\n\n<p>Sus abuelos paternos, Isidoro Rainieri y Bianca Franceschini, emigraron desde Bolonia, en el norte de Italia, hacia el norte de la Rep\u00fablica Dominicana, donde establecieron dos hoteles: uno en Puerto Plata y otro en Santiago. Tuvieron m\u00e1s de diez hijos.<\/p>\n\n\n\n<p>Sus padres fueron Francisco Rainieri Franceschini y Venecia Marranzini Lepore, hija de los inmigrantes italianos Orazio Michelo Marranzini Inginio e Inmaccolatta Lepore Rodia. Ambos emigraron de ni\u00f1os junto con sus respectivas familias, oriundas de Santa Lucia di Serino, en el sur de Italia.<\/p>\n\n\n\n<p>Curs\u00f3 estudios universitarios en Saint Joseph&#8217;s College (actual Saint Joseph&#8217;s University), en Filadelfia, y los finaliz\u00f3 en la Universidad APEC, en Santo Domingo.<\/p>\n\n\n\n<p>Est\u00e1 casado con Hayd\u00e9e Modesta Kuret Pacheco, hija de padre liban\u00e9s inmigrante y madre dominicana. Ella fue concursante en el certamen Miss Mundo 1971 representando a la Rep\u00fablica Dominicana. La pareja tiene tres hijos.<\/p>\n\n\n\n<p>En 1969, junto al abogado estadounidense Theodore Kheel, Rainieri adquiri\u00f3 un terreno de 58 millones de metros cuadrados en el extremo oriental del pa\u00eds, cubierto de selva y con seis millas de playa. Su primer proyecto fue el Punta Cana Club, un hotel con capacidad para 40 hu\u00e9spedes, que fue inaugurado dos a\u00f1os despu\u00e9s.<\/p>\n\n\n\n<p>En 1979 construyeron el Hotel Punta Cana, y en 1984 se inaugur\u00f3 el Aeropuerto Internacional de Punta Cana. En 1997, Rainieri y Kheel se asociaron con Oscar de la Renta y Julio Iglesias para desarrollar la Marina de Punta Cana y otros proyectos inmobiliarios en la zona.<\/p>\n","protected":false},"excerpt":{"rendered":"<p>El presidente de la Rep\u00fablica, Luis Abinader, concedi\u00f3 al destacado empresario del sector tur\u00edstico, Frank Rainieri Marranzini, la condecoraci\u00f3n de la Orden del M\u00e9rito de Duarte, S\u00e1nchez y Mella, en&hellip;<\/p>\n","protected":false},"author":10,"featured_media":110554,"comment_status":"open","ping_status":"open","sticky":false,"template":"","format":"standard","meta":{"content-type":"","jetpack_post_was_ever_published":false,"_jetpack_newsletter_access":"","_jetpack_dont_email_post_to_subs":false,"_jetpack_newsletter_tier_id":0,"_jetpack_memberships_contains_paywalled_content":false,"_jetpack_memberships_contains_paid_content":false,"footnotes":""},"categories":[35,25],"tags":[25312,25313,4578,445,4581],"class_list":["post-110553","post","type-post","status-publish","format-standard","has-post-thumbnail","hentry","category-nacionales","category-portada","tag-concede","tag-don-frank-rainieri","tag-orden-del-merito-de-duarte","tag-poder-ejecutivo","tag-sanchez-y-mella"],"jetpack_featured_media_url":"https:\/\/lasprimeras.com.do\/wp-content\/uploads\/2025\/09\/Frank-Rainieri-1.jpg","jetpack-related-posts":[{"id":50458,"url":"https:\/\/lasprimeras.com.do\/index.php\/2023\/05\/21\/frank-rainieri-la-confianza-es-clave-para-los-gobiernos-en-rd\/","url_meta":{"origin":110553,"position":0},"title":"Frank Rainieri: \u201cLa confianza es clave para los gobiernos en RD\u201d","author":"prenxa100","date":"21 de mayo de 2023","format":false,"excerpt":"-\u00a0Agradece a la OMT realizar Consejo Ejecutivo en RD. - Resalta importancia de que periodistas conozcan nuevas narrativas del turismo. Punta Cana.- \u00a0El fundador del Grupo Punta Cana, Frank Rainieri afirm\u00f3 que la confianza es factor clave para los gobiernos de la Rep\u00fablica Dominicana ya que contribuye a la paz\u2026","rel":"","context":"En \u00abPORTADA\u00bb","block_context":{"text":"PORTADA","link":"https:\/\/lasprimeras.com.do\/index.php\/category\/portada\/"},"img":{"alt_text":"","src":"https:\/\/i0.wp.com\/img.youtube.com\/vi\/OJV44V3wBck\/0.jpg?resize=350%2C200","width":350,"height":200},"classes":[]},{"id":114351,"url":"https:\/\/lasprimeras.com.do\/index.php\/2025\/11\/11\/reconocen-a-pepin-corripio-frank-rainieri-y-ligia-bonetti-por-sus-aportes-al-desarrollo-nacional\/","url_meta":{"origin":110553,"position":1},"title":"Reconocen a Pep\u00edn Corripio, Frank Rainieri y Ligia Bonetti por sus aportes al desarrollo nacional","author":"Nelson Feliz","date":"11 de noviembre de 2025","format":false,"excerpt":"El presidente de la Feria Emprendedores, David Collado, asegura que el legado de los tres empresarios es una fuente de inspiraci\u00f3n para miles de j\u00f3venes. En el marco del D\u00eda Nacional del Emprendedor, la organizaci\u00f3n de la Feria Emprendedores junto a las universidades PUCMM, INTEC, UNIBE, APEC y UNPHU reconocieron\u2026","rel":"","context":"En \u00abECONOM\u00cdA\u00bb","block_context":{"text":"ECONOM\u00cdA","link":"https:\/\/lasprimeras.com.do\/index.php\/category\/economia\/"},"img":{"alt_text":"","src":"https:\/\/i0.wp.com\/lasprimeras.com.do\/wp-content\/uploads\/2025\/11\/Feria-Emprendedores-y-Universidades.jpg?resize=350%2C200&ssl=1","width":350,"height":200,"srcset":"https:\/\/i0.wp.com\/lasprimeras.com.do\/wp-content\/uploads\/2025\/11\/Feria-Emprendedores-y-Universidades.jpg?resize=350%2C200&ssl=1 1x, https:\/\/i0.wp.com\/lasprimeras.com.do\/wp-content\/uploads\/2025\/11\/Feria-Emprendedores-y-Universidades.jpg?resize=525%2C300&ssl=1 1.5x, https:\/\/i0.wp.com\/lasprimeras.com.do\/wp-content\/uploads\/2025\/11\/Feria-Emprendedores-y-Universidades.jpg?resize=700%2C400&ssl=1 2x"},"classes":[]},{"id":93268,"url":"https:\/\/lasprimeras.com.do\/index.php\/2025\/02\/05\/senado-reconoce-a-frank-rainieri-por-su-impulso-al-desarrollo-empresarial-y-turistico\/","url_meta":{"origin":110553,"position":2},"title":"Senado reconoce a Frank Rainieri por su impulso al desarrollo empresarial y tur\u00edstico","author":"Nelson Feliz","date":"5 de febrero de 2025","format":false,"excerpt":"El Senado de la Rep\u00fablica Dominicana reconoci\u00f3 al fundador de Grupo Puntacana, Frank Rainieri, por su impulso al desarrollo empresarial y tur\u00edstico del pa\u00eds. Francesca Rainieri, en nombre de su padre, quien no asisti\u00f3 por razones ajenas a su voluntad, agradeci\u00f3 este reconocimiento. \"Que llegue de este lugar ese reconocimiento,\u2026","rel":"","context":"En \u00abNACIONALES\u00bb","block_context":{"text":"NACIONALES","link":"https:\/\/lasprimeras.com.do\/index.php\/category\/nacionales\/"},"img":{"alt_text":"","src":"https:\/\/i0.wp.com\/lasprimeras.com.do\/wp-content\/uploads\/2025\/02\/ricardo-dl-santos-scaled.jpg?resize=350%2C200&ssl=1","width":350,"height":200,"srcset":"https:\/\/i0.wp.com\/lasprimeras.com.do\/wp-content\/uploads\/2025\/02\/ricardo-dl-santos-scaled.jpg?resize=350%2C200&ssl=1 1x, https:\/\/i0.wp.com\/lasprimeras.com.do\/wp-content\/uploads\/2025\/02\/ricardo-dl-santos-scaled.jpg?resize=525%2C300&ssl=1 1.5x, https:\/\/i0.wp.com\/lasprimeras.com.do\/wp-content\/uploads\/2025\/02\/ricardo-dl-santos-scaled.jpg?resize=700%2C400&ssl=1 2x, https:\/\/i0.wp.com\/lasprimeras.com.do\/wp-content\/uploads\/2025\/02\/ricardo-dl-santos-scaled.jpg?resize=1050%2C600&ssl=1 3x, https:\/\/i0.wp.com\/lasprimeras.com.do\/wp-content\/uploads\/2025\/02\/ricardo-dl-santos-scaled.jpg?resize=1400%2C800&ssl=1 4x"},"classes":[]},{"id":74927,"url":"https:\/\/lasprimeras.com.do\/index.php\/2024\/01\/27\/frank-elias-rainieri-da-forma-a-un-epicentro-de-lujo-en-miches-con-el-hotel-zemi\/","url_meta":{"origin":110553,"position":3},"title":"Frank El\u00edas Rainieri da forma a un Epicentro de Lujo en Miches con el Hotel Zemi","author":"Nelson Feliz","date":"27 de enero de 2024","format":false,"excerpt":"Madrid, Espa\u00f1a.-.En la pr\u00f3spera costa de Miches, la visi\u00f3n innovadora de Frank El\u00edas Rainieri, CEO del Grupo Punta Cana, toma forma con el ambicioso proyecto hotelero e inmobiliario, el hotel Zemi. Con una inversi\u00f3n colosal que supera los US$181 millones, este enclave excepcional se presenta como un hito en el\u2026","rel":"","context":"En \u00abPORTADA\u00bb","block_context":{"text":"PORTADA","link":"https:\/\/lasprimeras.com.do\/index.php\/category\/portada\/"},"img":{"alt_text":"Frank El\u00edas Rainieri","src":"https:\/\/i0.wp.com\/lasprimeras.com.do\/wp-content\/uploads\/2024\/01\/Frank-Elias-Rainieri.jpg?resize=350%2C200&ssl=1","width":350,"height":200,"srcset":"https:\/\/i0.wp.com\/lasprimeras.com.do\/wp-content\/uploads\/2024\/01\/Frank-Elias-Rainieri.jpg?resize=350%2C200&ssl=1 1x, https:\/\/i0.wp.com\/lasprimeras.com.do\/wp-content\/uploads\/2024\/01\/Frank-Elias-Rainieri.jpg?resize=525%2C300&ssl=1 1.5x, https:\/\/i0.wp.com\/lasprimeras.com.do\/wp-content\/uploads\/2024\/01\/Frank-Elias-Rainieri.jpg?resize=700%2C400&ssl=1 2x"},"classes":[]},{"id":120322,"url":"https:\/\/lasprimeras.com.do\/index.php\/2026\/01\/22\/frank-elias-rainieri-destaca-la-calidad-del-servicio-en-el-aeropuerto-internacional-de-punta-cana\/","url_meta":{"origin":110553,"position":4},"title":"Frank El\u00edas Rainieri destaca la calidad del servicio en el Aeropuerto Internacional de Punta Cana","author":"Nelson Feliz","date":"22 de enero de 2026","format":false,"excerpt":"Frank El\u00edas Rainieri","rel":"","context":"En \u00abNACIONALES\u00bb","block_context":{"text":"NACIONALES","link":"https:\/\/lasprimeras.com.do\/index.php\/category\/nacionales\/"},"img":{"alt_text":"Frank El\u00edas Rainieri","src":"https:\/\/i0.wp.com\/lasprimeras.com.do\/wp-content\/uploads\/2026\/01\/Frank-Elias-Rainieri.jpg?resize=350%2C200&ssl=1","width":350,"height":200,"srcset":"https:\/\/i0.wp.com\/lasprimeras.com.do\/wp-content\/uploads\/2026\/01\/Frank-Elias-Rainieri.jpg?resize=350%2C200&ssl=1 1x, https:\/\/i0.wp.com\/lasprimeras.com.do\/wp-content\/uploads\/2026\/01\/Frank-Elias-Rainieri.jpg?resize=525%2C300&ssl=1 1.5x, https:\/\/i0.wp.com\/lasprimeras.com.do\/wp-content\/uploads\/2026\/01\/Frank-Elias-Rainieri.jpg?resize=700%2C400&ssl=1 2x"},"classes":[]},{"id":82421,"url":"https:\/\/lasprimeras.com.do\/index.php\/2024\/05\/02\/alvarez-impone-condecoracion-a-19-embajadores-dominicanos-por-su-trayectoria-diplomatica\/","url_meta":{"origin":110553,"position":5},"title":"\u00c1lvarez impone condecoraci\u00f3n a 19 embajadores dominicanos por su trayectoria diplom\u00e1tica","author":"Nelson Feliz","date":"2 de mayo de 2024","format":false,"excerpt":"En presencia del presidente Luis Abinader, el ministro de Relaciones Exteriores, Roberto \u00c1lvarez impuso las condecoraciones de la Orden del M\u00e9rito de Duarte, S\u00e1nchez y Mella; y la Orden Her\u00e1ldica de Crist\u00f3bal Col\u00f3n, a 19 embajadores dominicanos quienes se han desempe\u00f1ado como diplom\u00e1ticos por hasta 65 a\u00f1os, sirviendo a los\u2026","rel":"","context":"En \u00abNACIONALES\u00bb","block_context":{"text":"NACIONALES","link":"https:\/\/lasprimeras.com.do\/index.php\/category\/nacionales\/"},"img":{"alt_text":"Roberto \u00c1lvarez","src":"https:\/\/i0.wp.com\/lasprimeras.com.do\/wp-content\/uploads\/2024\/05\/Roberto-Alvarez.jpg?resize=350%2C200&ssl=1","width":350,"height":200,"srcset":"https:\/\/i0.wp.com\/lasprimeras.com.do\/wp-content\/uploads\/2024\/05\/Roberto-Alvarez.jpg?resize=350%2C200&ssl=1 1x, https:\/\/i0.wp.com\/lasprimeras.com.do\/wp-content\/uploads\/2024\/05\/Roberto-Alvarez.jpg?resize=525%2C300&ssl=1 1.5x, https:\/\/i0.wp.com\/lasprimeras.com.do\/wp-content\/uploads\/2024\/05\/Roberto-Alvarez.jpg?resize=700%2C400&ssl=1 2x"},"classes":[]}],"jetpack_sharing_enabled":true,"_links":{"self":[{"href":"https:\/\/lasprimeras.com.do\/index.php\/wp-json\/wp\/v2\/posts\/110553","targetHints":{"allow":["GET"]}}],"collection":[{"href":"https:\/\/lasprimeras.com.do\/index.php\/wp-json\/wp\/v2\/posts"}],"about":[{"href":"https:\/\/lasprimeras.com.do\/index.php\/wp-json\/wp\/v2\/types\/post"}],"author":[{"embeddable":true,"href":"https:\/\/lasprimeras.com.do\/index.php\/wp-json\/wp\/v2\/users\/10"}],"replies":[{"embeddable":true,"href":"https:\/\/lasprimeras.com.do\/index.php\/wp-json\/wp\/v2\/comments?post=110553"}],"version-history":[{"count":1,"href":"https:\/\/lasprimeras.com.do\/index.php\/wp-json\/wp\/v2\/posts\/110553\/revisions"}],"predecessor-version":[{"id":110555,"href":"https:\/\/lasprimeras.com.do\/index.php\/wp-json\/wp\/v2\/posts\/110553\/revisions\/110555"}],"wp:featuredmedia":[{"embeddable":true,"href":"https:\/\/lasprimeras.com.do\/index.php\/wp-json\/wp\/v2\/media\/110554"}],"wp:attachment":[{"href":"https:\/\/lasprimeras.com.do\/index.php\/wp-json\/wp\/v2\/media?parent=110553"}],"wp:term":[{"taxonomy":"category","embeddable":true,"href":"https:\/\/lasprimeras.com.do\/index.php\/wp-json\/wp\/v2\/categories?post=110553"},{"taxonomy":"post_tag","embeddable":true,"href":"https:\/\/lasprimeras.com.do\/index.php\/wp-json\/wp\/v2\/tags?post=110553"}],"curies":[{"name":"wp","href":"https:\/\/api.w.org\/{rel}","templated":true}]}}