{"id":110556,"date":"2025-09-29T19:13:20","date_gmt":"2025-09-29T23:13:20","guid":{"rendered":"https:\/\/lasprimeras.com.do\/?p=110556"},"modified":"2025-09-29T19:13:21","modified_gmt":"2025-09-29T23:13:21","slug":"embajada-ee-uu-en-rd-cancelaria-visas-a-quienes-paguen-para-adelantar-citas","status":"publish","type":"post","link":"https:\/\/lasprimeras.com.do\/index.php\/2025\/09\/29\/embajada-ee-uu-en-rd-cancelaria-visas-a-quienes-paguen-para-adelantar-citas\/","title":{"rendered":"Embajada EE.UU. en RD cancelar\u00eda visas a quienes paguen para adelantar citas"},"content":{"rendered":"\n<p><strong>La Embajada de Estados Unidos en Rep\u00fablica Dominicana emite advertencia a solicitantes de visa sobre adelanto de citas.<\/strong><\/p>\n\n\n\n<p>La Embajada de Estados Unidos en Rep\u00fablica Dominicana pidi\u00f3 este lunes a los solicitantes de visa no recurrir a personas que ofrecen adelantar las citas consulares.<\/p>\n\n\n\n<p>La misi\u00f3n diplom\u00e1tica advirti\u00f3 que pagar a terceros para obtener una cita m\u00e1s r\u00e1pida pone en riesgo el proceso del solicitante y constituye una pr\u00e1ctica injusta para los dem\u00e1s usuarios.<\/p>\n\n\n\n<p>&#8220;Las posibles consecuencias incluyen la cancelaci\u00f3n de citas, la negaci\u00f3n de visas y la anulaci\u00f3n de visas ya otorgadas&#8221;, se\u00f1al\u00f3 la embajada.<\/p>\n\n\n\n<p>En su columna semanal &#8220;Preg\u00fantale al c\u00f3nsul&#8221;, la instituci\u00f3n explic\u00f3 que, gracias a denuncias an\u00f3nimas del p\u00fablico, han detectado individuos que intentan manipular el sistema de citas de visas mediante bots y otros m\u00e9todos no autorizados.<\/p>\n\n\n\n<p>Ante esta situaci\u00f3n, informaron que est\u00e1n implementando medidas t\u00e9cnicas adicionales para contrarrestar esas pr\u00e1cticas.<\/p>\n\n\n\n<p>&#8220;Todo solicitante que intente manipular el sistema de citas enfrentar\u00e1 consecuencias. Los solicitantes son responsables de sus solicitudes de visa&#8221;, puntualizaron.<\/p>\n\n\n\n<p><strong>Citas presenciales obligatorias<\/strong><\/p>\n\n\n\n<p>La semana pasada, la embajada anunci\u00f3 que, a partir del pr\u00f3ximo 1 de octubre, todos los solicitantes de visa \u2014incluidos quienes buscan renovaci\u00f3n\u2014 deber\u00e1n asistir de manera presencial a una cita consular.<\/p>\n\n\n\n<p>Esta nueva normativa incrementar\u00e1 los tiempos de espera y generar\u00e1 una mayor afluencia de personas en la sede consular.<\/p>\n","protected":false},"excerpt":{"rendered":"<p>La Embajada de Estados Unidos en Rep\u00fablica Dominicana emite advertencia a solicitantes de visa sobre adelanto de citas. La Embajada de Estados Unidos en Rep\u00fablica Dominicana pidi\u00f3 este lunes a&hellip;<\/p>\n","protected":false},"author":10,"featured_media":92239,"comment_status":"open","ping_status":"open","sticky":false,"template":"","format":"standard","meta":{"content-type":"","jetpack_post_was_ever_published":false,"_jetpack_newsletter_access":"","_jetpack_dont_email_post_to_subs":false,"_jetpack_newsletter_tier_id":0,"_jetpack_memberships_contains_paywalled_content":false,"_jetpack_memberships_contains_paid_content":false,"footnotes":""},"categories":[35],"tags":[25314,25315,1836,127,100],"class_list":["post-110556","post","type-post","status-publish","format-standard","has-post-thumbnail","hentry","category-nacionales","tag-cancelaria","tag-citas","tag-embajada-ee-uu","tag-rd","tag-visas"],"jetpack_featured_media_url":"https:\/\/lasprimeras.com.do\/wp-content\/uploads\/2025\/01\/Embajada-de-EE.UU_.-en-RD.jpg","jetpack-related-posts":[{"id":122530,"url":"https:\/\/lasprimeras.com.do\/index.php\/2026\/02\/18\/embajada-de-ee-uu-en-rd-detalla-como-solicitar-una-cita-de-emergencia-para-visa\/","url_meta":{"origin":110556,"position":0},"title":"Embajada de EE. UU. en RD detalla c\u00f3mo solicitar una cita de emergencia para visa","author":"Nelson Feliz","date":"18 de febrero de 2026","format":false,"excerpt":"Los solicitantes deben completar el formulario DS-160 y pagar la tarifa de visa antes de solicitar una cita de emergencia, seg\u00fan indica la embajada. La Embajada de los Estados Unidos en Santo Domingo explic\u00f3 este mi\u00e9rcoles los pasos que deben seguir los solicitantes que necesiten una cita de visa de\u2026","rel":"","context":"En \u00abNACIONALES\u00bb","block_context":{"text":"NACIONALES","link":"https:\/\/lasprimeras.com.do\/index.php\/category\/nacionales\/"},"img":{"alt_text":"","src":"https:\/\/i0.wp.com\/lasprimeras.com.do\/wp-content\/uploads\/2025\/01\/Embajada-de-EE.UU_.-en-RD.jpg?resize=350%2C200&ssl=1","width":350,"height":200,"srcset":"https:\/\/i0.wp.com\/lasprimeras.com.do\/wp-content\/uploads\/2025\/01\/Embajada-de-EE.UU_.-en-RD.jpg?resize=350%2C200&ssl=1 1x, https:\/\/i0.wp.com\/lasprimeras.com.do\/wp-content\/uploads\/2025\/01\/Embajada-de-EE.UU_.-en-RD.jpg?resize=525%2C300&ssl=1 1.5x"},"classes":[]},{"id":87974,"url":"https:\/\/lasprimeras.com.do\/index.php\/2024\/08\/20\/la-embajada-de-ee-uu-en-rd-anuncia-cambio-de-proveedor-para-visas\/","url_meta":{"origin":110556,"position":1},"title":"La Embajada de EE. UU. en RD anuncia cambio de proveedor para visas","author":"Nelson Feliz","date":"20 de agosto de 2024","format":false,"excerpt":"Para cambiar la cita, la entidad solicita al usuario acceder al sistema de programaci\u00f3n. La Embajada de los Estados Unidos en Santo Domingo anunci\u00f3 que cambiar\u00e1 de proveedor de servicios de visas a partir del 23 de septiembre de 2024. Sin embargo, las citas de visas de inmigrante y no\u2026","rel":"","context":"En \u00abNACIONALES\u00bb","block_context":{"text":"NACIONALES","link":"https:\/\/lasprimeras.com.do\/index.php\/category\/nacionales\/"},"img":{"alt_text":"Embajada de los Estados Unidos en Santo Domingo","src":"https:\/\/i0.wp.com\/lasprimeras.com.do\/wp-content\/uploads\/2024\/08\/Embajada-de-los-Estados-Unidos-en-Santo-Domingo.jpg?resize=350%2C200&ssl=1","width":350,"height":200,"srcset":"https:\/\/i0.wp.com\/lasprimeras.com.do\/wp-content\/uploads\/2024\/08\/Embajada-de-los-Estados-Unidos-en-Santo-Domingo.jpg?resize=350%2C200&ssl=1 1x, https:\/\/i0.wp.com\/lasprimeras.com.do\/wp-content\/uploads\/2024\/08\/Embajada-de-los-Estados-Unidos-en-Santo-Domingo.jpg?resize=525%2C300&ssl=1 1.5x, https:\/\/i0.wp.com\/lasprimeras.com.do\/wp-content\/uploads\/2024\/08\/Embajada-de-los-Estados-Unidos-en-Santo-Domingo.jpg?resize=700%2C400&ssl=1 2x"},"classes":[]},{"id":71972,"url":"https:\/\/lasprimeras.com.do\/index.php\/2023\/12\/25\/la-pregunta-que-debes-responder-para-solicitar-una-visa-de-paseo-a-ee-uu-tras-un-rechazo\/","url_meta":{"origin":110556,"position":2},"title":"La pregunta que debes responder para solicitar una visa de paseo a EE.UU. tras un rechazo","author":"Nelson Feliz","date":"25 de diciembre de 2023","format":false,"excerpt":"La Embajada de EE.UU. ha insistido en resaltar los cambios entre una solicitud y otra. Al recibir un rechazo por un oficial de la secci\u00f3n consular estadounidense tras llenar un formulario, pagar unos miles de pesos y asistir a la entrevista con la esperanza a cuestas, resulta frustrante y la\u2026","rel":"","context":"En \u00abNACIONALES\u00bb","block_context":{"text":"NACIONALES","link":"https:\/\/lasprimeras.com.do\/index.php\/category\/nacionales\/"},"img":{"alt_text":"Visa","src":"https:\/\/i0.wp.com\/lasprimeras.com.do\/wp-content\/uploads\/2023\/12\/Visa.jpg?resize=350%2C200&ssl=1","width":350,"height":200,"srcset":"https:\/\/i0.wp.com\/lasprimeras.com.do\/wp-content\/uploads\/2023\/12\/Visa.jpg?resize=350%2C200&ssl=1 1x, https:\/\/i0.wp.com\/lasprimeras.com.do\/wp-content\/uploads\/2023\/12\/Visa.jpg?resize=525%2C300&ssl=1 1.5x, https:\/\/i0.wp.com\/lasprimeras.com.do\/wp-content\/uploads\/2023\/12\/Visa.jpg?resize=700%2C400&ssl=1 2x"},"classes":[]},{"id":105227,"url":"https:\/\/lasprimeras.com.do\/index.php\/2025\/07\/31\/embajada-de-ee-uu-en-rd-reanuda-entrevistas-para-visas-de-estudiante-y-endurece-revision-de-redes-sociales\/","url_meta":{"origin":110556,"position":3},"title":"Embajada de EE. UU. en RD reanuda entrevistas para visas de estudiante y endurece revisi\u00f3n de redes sociales","author":"Nelson Feliz","date":"31 de julio de 2025","format":false,"excerpt":"Embajada de Estados Unidos en Rep\u00fablica Dominicana implementa medidas de seguridad en procesos de visas estudiantiles. La Embajada de Estados Unidos en la Rep\u00fablica Dominicana anunci\u00f3 a trav\u00e9s de sus redes sociales, la reanudaci\u00f3n de las entrevistas para las visas de estudiante y de intercambio F, M y J. En\u2026","rel":"","context":"En \u00abNACIONALES\u00bb","block_context":{"text":"NACIONALES","link":"https:\/\/lasprimeras.com.do\/index.php\/category\/nacionales\/"},"img":{"alt_text":"","src":"https:\/\/i0.wp.com\/lasprimeras.com.do\/wp-content\/uploads\/2025\/07\/embajada-ee.uu_.-en-rd.jpg?resize=350%2C200&ssl=1","width":350,"height":200,"srcset":"https:\/\/i0.wp.com\/lasprimeras.com.do\/wp-content\/uploads\/2025\/07\/embajada-ee.uu_.-en-rd.jpg?resize=350%2C200&ssl=1 1x, https:\/\/i0.wp.com\/lasprimeras.com.do\/wp-content\/uploads\/2025\/07\/embajada-ee.uu_.-en-rd.jpg?resize=525%2C300&ssl=1 1.5x, https:\/\/i0.wp.com\/lasprimeras.com.do\/wp-content\/uploads\/2025\/07\/embajada-ee.uu_.-en-rd.jpg?resize=700%2C400&ssl=1 2x"},"classes":[]},{"id":108323,"url":"https:\/\/lasprimeras.com.do\/index.php\/2025\/09\/04\/embajada-de-rd-en-londres-ofrece-servicios-de-visas-y-renovacion-de-pasaportes\/","url_meta":{"origin":110556,"position":4},"title":"Embajada de RD en Londres ofrece servicios de visas y renovaci\u00f3n de pasaportes","author":"Nelson Feliz","date":"4 de septiembre de 2025","format":false,"excerpt":"La embajadora Rosa Hern\u00e1ndez de Grull\u00f3n hizo entrega formal de la primera visa emitida por la secci\u00f3n consular. La Embajada de la Rep\u00fablica Dominicana en Londres inform\u00f3 hoy que, a partir de este mes, su secci\u00f3n consular ofrecer\u00e1 servicios de visado y renovaci\u00f3n de pasaportes. Como parte de este nuevo\u2026","rel":"","context":"En \u00abNACIONALES\u00bb","block_context":{"text":"NACIONALES","link":"https:\/\/lasprimeras.com.do\/index.php\/category\/nacionales\/"},"img":{"alt_text":"","src":"https:\/\/i0.wp.com\/lasprimeras.com.do\/wp-content\/uploads\/2025\/09\/Rosa-Hernandez-de-Grullon.jpg?resize=350%2C200&ssl=1","width":350,"height":200,"srcset":"https:\/\/i0.wp.com\/lasprimeras.com.do\/wp-content\/uploads\/2025\/09\/Rosa-Hernandez-de-Grullon.jpg?resize=350%2C200&ssl=1 1x, https:\/\/i0.wp.com\/lasprimeras.com.do\/wp-content\/uploads\/2025\/09\/Rosa-Hernandez-de-Grullon.jpg?resize=525%2C300&ssl=1 1.5x, https:\/\/i0.wp.com\/lasprimeras.com.do\/wp-content\/uploads\/2025\/09\/Rosa-Hernandez-de-Grullon.jpg?resize=700%2C400&ssl=1 2x"},"classes":[]},{"id":89354,"url":"https:\/\/lasprimeras.com.do\/index.php\/2024\/09\/22\/centro-de-atencion-de-visas-de-eeuu-estara-disponible-en-sambil-a-partir-de-este-lunes\/","url_meta":{"origin":110556,"position":5},"title":"Centro de atenci\u00f3n de visas de EEUU estar\u00e1 disponible en Sambil a partir de este lunes","author":"Nelson Feliz","date":"22 de septiembre de 2024","format":false,"excerpt":"El Centro de Atenci\u00f3n de Visas (VAC) de la Embajada de los Estados Unidos estar\u00e1 disponible a partir de ma\u00f1ana lunes en la plaza comercial Sambil, en el primer piso. La embajada record\u00f3 a las personas que tienen cita a partir de este 23 de septiembre que deben visitar la\u2026","rel":"","context":"En \u00abNACIONALES\u00bb","block_context":{"text":"NACIONALES","link":"https:\/\/lasprimeras.com.do\/index.php\/category\/nacionales\/"},"img":{"alt_text":"Centro de Atenci\u00f3n de Visado (VAC) de la Embajada de EEUU","src":"https:\/\/i0.wp.com\/lasprimeras.com.do\/wp-content\/uploads\/2024\/09\/Centro-de-Atencion-de-Visado-VAC-de-la-Embajada-de-EEUU.jpg?resize=350%2C200&ssl=1","width":350,"height":200,"srcset":"https:\/\/i0.wp.com\/lasprimeras.com.do\/wp-content\/uploads\/2024\/09\/Centro-de-Atencion-de-Visado-VAC-de-la-Embajada-de-EEUU.jpg?resize=350%2C200&ssl=1 1x, https:\/\/i0.wp.com\/lasprimeras.com.do\/wp-content\/uploads\/2024\/09\/Centro-de-Atencion-de-Visado-VAC-de-la-Embajada-de-EEUU.jpg?resize=525%2C300&ssl=1 1.5x, https:\/\/i0.wp.com\/lasprimeras.com.do\/wp-content\/uploads\/2024\/09\/Centro-de-Atencion-de-Visado-VAC-de-la-Embajada-de-EEUU.jpg?resize=700%2C400&ssl=1 2x"},"classes":[]}],"jetpack_sharing_enabled":true,"_links":{"self":[{"href":"https:\/\/lasprimeras.com.do\/index.php\/wp-json\/wp\/v2\/posts\/110556","targetHints":{"allow":["GET"]}}],"collection":[{"href":"https:\/\/lasprimeras.com.do\/index.php\/wp-json\/wp\/v2\/posts"}],"about":[{"href":"https:\/\/lasprimeras.com.do\/index.php\/wp-json\/wp\/v2\/types\/post"}],"author":[{"embeddable":true,"href":"https:\/\/lasprimeras.com.do\/index.php\/wp-json\/wp\/v2\/users\/10"}],"replies":[{"embeddable":true,"href":"https:\/\/lasprimeras.com.do\/index.php\/wp-json\/wp\/v2\/comments?post=110556"}],"version-history":[{"count":1,"href":"https:\/\/lasprimeras.com.do\/index.php\/wp-json\/wp\/v2\/posts\/110556\/revisions"}],"predecessor-version":[{"id":110557,"href":"https:\/\/lasprimeras.com.do\/index.php\/wp-json\/wp\/v2\/posts\/110556\/revisions\/110557"}],"wp:featuredmedia":[{"embeddable":true,"href":"https:\/\/lasprimeras.com.do\/index.php\/wp-json\/wp\/v2\/media\/92239"}],"wp:attachment":[{"href":"https:\/\/lasprimeras.com.do\/index.php\/wp-json\/wp\/v2\/media?parent=110556"}],"wp:term":[{"taxonomy":"category","embeddable":true,"href":"https:\/\/lasprimeras.com.do\/index.php\/wp-json\/wp\/v2\/categories?post=110556"},{"taxonomy":"post_tag","embeddable":true,"href":"https:\/\/lasprimeras.com.do\/index.php\/wp-json\/wp\/v2\/tags?post=110556"}],"curies":[{"name":"wp","href":"https:\/\/api.w.org\/{rel}","templated":true}]}}