{"id":110610,"date":"2025-09-30T08:52:55","date_gmt":"2025-09-30T12:52:55","guid":{"rendered":"https:\/\/lasprimeras.com.do\/?p=110610"},"modified":"2025-09-30T08:52:56","modified_gmt":"2025-09-30T12:52:56","slug":"fray-jose-y-fundacion-futuro-cierto-entregaran-seis-nuevas-viviendas-dignas","status":"publish","type":"post","link":"https:\/\/lasprimeras.com.do\/index.php\/2025\/09\/30\/fray-jose-y-fundacion-futuro-cierto-entregaran-seis-nuevas-viviendas-dignas\/","title":{"rendered":"Fray Jos\u00e9 y Fundaci\u00f3n Futuro Cierto entregar\u00e1n seis nuevas viviendas dignas"},"content":{"rendered":"\n<p><strong>Solicitan apoyo de cada dominicano donando 50 pesos por cada miembro de su familia, en esta gran colecta anual 2025.<\/strong><\/p>\n\n\n\n<p>La Fundaci\u00f3n Futuro Cierto (FFC) anunci\u00f3 que en el pr\u00f3ximo mes de octubre entregar\u00e1 seis nuevas casas para igual n\u00famero de familias carenciadas de Rancho La Guardia, provincia El\u00edas Pi\u00f1a, al tiempo de dar a conocer los detalles de su campa\u00f1a \u201c50 pesos para 50 casas: colecta anual 2025\u201d, con la cual busca lograr los recursos para la construcci\u00f3n de m\u00e1s viviendas.<\/p>\n\n\n\n<p>\u201cCon estas ya ser\u00edan 32 las casas que la Fundaci\u00f3n Futuro Cierto construye, y apelamos a la solidaridad y decisiva colaboraci\u00f3n de la poblaci\u00f3n dominicana, tanto en el pa\u00eds como en el exterior. Queremos motivarles a integrarse a la iniciativa de cambiar la vida de tantas familias, que debido a su posici\u00f3n econ\u00f3mica no pueden vivir en condiciones \u00f3ptimas. Esa transformaci\u00f3n social s\u00f3lo es posible con una gran cruzada de amor, una revoluci\u00f3n\u201d, indic\u00f3 Fray Jos\u00e9 Mar\u00eda Guerrero, presidente-fundador de esta organizaci\u00f3n.<\/p>\n\n\n\n<p>As\u00ed mismo, el sacerdote franciscano detall\u00f3 que no s\u00f3lo construyen casas, sino que se preocupan por el desarrollo integral de la comunidad, y dentro de ese trabajo est\u00e1 el que realiza para erradicar el analfabetismo en Rancho La Guardia, y continuar este proceso hacia Hondo Valle.<\/p>\n\n\n\n<p>\u201cPara ello mantiene todo el a\u00f1o un proyecto de alfabetizaci\u00f3n de los ni\u00f1os en edades de 7 a 14 a\u00f1os, incluidos los que cursan la escuela primaria. Por otro lado, desarrollamos un innovador m\u00e9todo que hemos llamado \u201cLa Mini-Facultad\u201d, para elevar el nivel de cultura general de la poblaci\u00f3n juvenil entre los 10 y 18 a\u00f1os, con el apoyo del Museo Nacional de Historia Natural\u201d, manifest\u00f3.<\/p>\n\n\n\n<p>Fray Jos\u00e9 considera que si cada dominicano residente en el pa\u00eds coopera anualmente con un m\u00ednimo de RD$50 pesos por cada miembro de su familia, como los que est\u00e1n en el exterior con 20 d\u00f3lares o 20 euros, seguiremos sacando este proyecto adelante.<\/p>\n\n\n\n<p>Cuentas para donaciones: Popular: 793290594 \/ BanReservas: 320001751 \/ BHDLe\u00f3n: 14765620011 \/ ScotiaBank: 7075515569 \/ CoopCentral: 113313<\/p>\n\n\n\n<p>Antecedentes<\/p>\n\n\n\n<p>La Fundaci\u00f3n Futuro Cierto, instituida en el a\u00f1o 2013, ya ha entregado 26 viviendas a igual n\u00famero de familias de Rancho La Guardia, municipio Hondo Valle, El\u00edas Pi\u00f1a, provincia en la que se concentra el mayor \u00edndice de pobreza en el pa\u00eds.<\/p>\n\n\n\n<p>Las mismas cuentan con cuatro habitaciones e iniciaron con un valor aproximado de RD$1,200,000 y son de resistencia antis\u00edsmica y anticicl\u00f3nica.<\/p>\n","protected":false},"excerpt":{"rendered":"<p>Solicitan apoyo de cada dominicano donando 50 pesos por cada miembro de su familia, en esta gran colecta anual 2025. La Fundaci\u00f3n Futuro Cierto (FFC) anunci\u00f3 que en el pr\u00f3ximo&hellip;<\/p>\n","protected":false},"author":10,"featured_media":110611,"comment_status":"open","ping_status":"open","sticky":false,"template":"","format":"standard","meta":{"content-type":"","jetpack_post_was_ever_published":false,"_jetpack_newsletter_access":"","_jetpack_dont_email_post_to_subs":false,"_jetpack_newsletter_tier_id":0,"_jetpack_memberships_contains_paywalled_content":false,"_jetpack_memberships_contains_paid_content":false,"footnotes":""},"categories":[35],"tags":[25341,25340,25343,25342,25339],"class_list":["post-110610","post","type-post","status-publish","format-standard","has-post-thumbnail","hentry","category-nacionales","tag-colecta-anual","tag-fray-jose","tag-fundacion-futuro-cierto","tag-lanzan-campana","tag-viviendas-dignas"],"jetpack_featured_media_url":"https:\/\/lasprimeras.com.do\/wp-content\/uploads\/2025\/09\/Fundacion-Futuro-Cierto-1.jpg","jetpack-related-posts":[{"id":118481,"url":"https:\/\/lasprimeras.com.do\/index.php\/2025\/12\/30\/fundacion-soln-reafirma-su-compromiso-en-2026-por-el-bien-comun-y-quienes-mas-lo-necesitan\/","url_meta":{"origin":110610,"position":0},"title":"Fundaci\u00f3n SOLN reafirma su compromiso en 2026 por el bien com\u00fan y quienes m\u00e1s lo necesitan","author":"Nelson Feliz","date":"30 de diciembre de 2025","format":false,"excerpt":"Por Ram\u00f3n Mercedes NUEVA YORK.- El presidente de la Fundaci\u00f3n Soluci\u00f3n Nacional (SOLN), organizaci\u00f3n sin fines de lucro en esta ciudad y la Rep\u00fablica Dominicana, que dirige el empresario Roberto Rojas, durante su acostumbrado mensaje de cierre de a\u00f1o proclam\u00f3: \u00abReafirmamos nuestro compromiso para el 2026 por el bien com\u00fan\u2026","rel":"","context":"En \u00abINTERNACIONALES\u00bb","block_context":{"text":"INTERNACIONALES","link":"https:\/\/lasprimeras.com.do\/index.php\/category\/sin-categoria\/internacionales\/"},"img":{"alt_text":"","src":"https:\/\/i0.wp.com\/lasprimeras.com.do\/wp-content\/uploads\/2025\/12\/IMG-20251229-WA0080.jpg?resize=350%2C200&ssl=1","width":350,"height":200,"srcset":"https:\/\/i0.wp.com\/lasprimeras.com.do\/wp-content\/uploads\/2025\/12\/IMG-20251229-WA0080.jpg?resize=350%2C200&ssl=1 1x, https:\/\/i0.wp.com\/lasprimeras.com.do\/wp-content\/uploads\/2025\/12\/IMG-20251229-WA0080.jpg?resize=525%2C300&ssl=1 1.5x"},"classes":[]},{"id":118485,"url":"https:\/\/lasprimeras.com.do\/index.php\/2025\/12\/30\/fundacion-soln-reafirma-su-compromiso-en-2026-por-el-bien-comun-y-quienes-mas-lo-necesitan-2\/","url_meta":{"origin":110610,"position":1},"title":"Fundaci\u00f3n SOLN reafirma su compromiso en 2026 por el bien com\u00fan y quienes m\u00e1s lo necesitan","author":"Nelson Feliz","date":"30 de diciembre de 2025","format":false,"excerpt":"Por Ram\u00f3n Mercedes NUEVA YORK.- El presidente de la Fundaci\u00f3n Soluci\u00f3n Nacional (SOLN), organizaci\u00f3n sin fines de lucro en esta ciudad y la Rep\u00fablica Dominicana, que dirige el empresario Roberto Rojas, durante su acostumbrado mensaje de cierre de a\u00f1o proclam\u00f3: \u00abReafirmamos nuestro compromiso para el 2026 por el bien com\u00fan\u2026","rel":"","context":"En \u00abINTERNACIONALES\u00bb","block_context":{"text":"INTERNACIONALES","link":"https:\/\/lasprimeras.com.do\/index.php\/category\/sin-categoria\/internacionales\/"},"img":{"alt_text":"","src":"https:\/\/i0.wp.com\/lasprimeras.com.do\/wp-content\/uploads\/2025\/12\/IMG-20251229-WA0080-1.jpg?resize=350%2C200&ssl=1","width":350,"height":200,"srcset":"https:\/\/i0.wp.com\/lasprimeras.com.do\/wp-content\/uploads\/2025\/12\/IMG-20251229-WA0080-1.jpg?resize=350%2C200&ssl=1 1x, https:\/\/i0.wp.com\/lasprimeras.com.do\/wp-content\/uploads\/2025\/12\/IMG-20251229-WA0080-1.jpg?resize=525%2C300&ssl=1 1.5x"},"classes":[]},{"id":121569,"url":"https:\/\/lasprimeras.com.do\/index.php\/2026\/02\/06\/dasac-eted-y-fundacion-del-padre-rogelio-cruz-transforman-vidas-en-varias-comunidades-del-sur\/","url_meta":{"origin":110610,"position":2},"title":"DASAC, ETED y Fundaci\u00f3n del Padre Rogelio Cruz transforman vidas en varias comunidades del sur","author":"Nelson Feliz","date":"6 de febrero de 2026","format":false,"excerpt":"16 viviendas fueron entregadas a familias vulnerables, las cuales fueron totalmente amuebladas por la instituci\u00f3n que dirige Edgar Augusto Feliz Arbona. La Direcci\u00f3n de Asistencia Social y Alimentaci\u00f3n Comunitaria (DASAC), contin\u00faa llevando esperanza y dignidad a familias vulnerables, en esta ocasi\u00f3n amuebl\u00f3 un total 16 viviendas que fueron entregadas por\u2026","rel":"","context":"En \u00abNACIONALES\u00bb","block_context":{"text":"NACIONALES","link":"https:\/\/lasprimeras.com.do\/index.php\/category\/nacionales\/"},"img":{"alt_text":"","src":"https:\/\/i0.wp.com\/lasprimeras.com.do\/wp-content\/uploads\/2026\/02\/DASAC-780x400-1.jpg?resize=350%2C200&ssl=1","width":350,"height":200,"srcset":"https:\/\/i0.wp.com\/lasprimeras.com.do\/wp-content\/uploads\/2026\/02\/DASAC-780x400-1.jpg?resize=350%2C200&ssl=1 1x, https:\/\/i0.wp.com\/lasprimeras.com.do\/wp-content\/uploads\/2026\/02\/DASAC-780x400-1.jpg?resize=525%2C300&ssl=1 1.5x, https:\/\/i0.wp.com\/lasprimeras.com.do\/wp-content\/uploads\/2026\/02\/DASAC-780x400-1.jpg?resize=700%2C400&ssl=1 2x"},"classes":[]},{"id":108407,"url":"https:\/\/lasprimeras.com.do\/index.php\/2025\/09\/05\/skyhigh-dominicana-y-la-fundacion-risa-entregan-kits-escolares-a-ninos-y-ninas-de-capotillo\/","url_meta":{"origin":110610,"position":3},"title":"SkyHigh Dominicana y la Fundaci\u00f3n RISA entregan kits escolares a ni\u00f1os y ni\u00f1as de Capotillo","author":"Nelson Feliz","date":"5 de septiembre de 2025","format":false,"excerpt":"La educaci\u00f3n es la llave que abre las puertas del futuro, y en un pa\u00eds donde la ni\u00f1ez representa el mayor potencial de desarrollo, cada aporte cuenta. Con esa convicci\u00f3n, SkyHigh Dominicana, en alianza con la Fundaci\u00f3n RISA, realizaron la entrega de cientos de kits escolares a ni\u00f1os y ni\u00f1as\u2026","rel":"","context":"En \u00abNACIONALES\u00bb","block_context":{"text":"NACIONALES","link":"https:\/\/lasprimeras.com.do\/index.php\/category\/nacionales\/"},"img":{"alt_text":"","src":"https:\/\/i0.wp.com\/lasprimeras.com.do\/wp-content\/uploads\/2025\/09\/mochilas.jpg?resize=350%2C200&ssl=1","width":350,"height":200,"srcset":"https:\/\/i0.wp.com\/lasprimeras.com.do\/wp-content\/uploads\/2025\/09\/mochilas.jpg?resize=350%2C200&ssl=1 1x, https:\/\/i0.wp.com\/lasprimeras.com.do\/wp-content\/uploads\/2025\/09\/mochilas.jpg?resize=525%2C300&ssl=1 1.5x, https:\/\/i0.wp.com\/lasprimeras.com.do\/wp-content\/uploads\/2025\/09\/mochilas.jpg?resize=700%2C400&ssl=1 2x"},"classes":[]},{"id":102707,"url":"https:\/\/lasprimeras.com.do\/index.php\/2025\/07\/07\/presidente-abinader-dona-su-sueldo-completo-a-causas-sociales\/","url_meta":{"origin":110610,"position":4},"title":"Presidente Abinader dona su sueldo completo a causas sociales","author":"Nelson Feliz","date":"7 de julio de 2025","format":false,"excerpt":"La donaci\u00f3n fue entregada a 18 fundaciones en \u00e1reas como salud infantil, apoyo a envejecientes, educaci\u00f3n y asistencia comunitaria, beneficiando a comunidades en varias provincias del pa\u00eds. En un hecho sin precedentes en la pol\u00edtica dominicana, el presidente Luis Abinader don\u00f3 la totalidad de su salario anual, m\u00e1s de RD$6\u2026","rel":"","context":"En \u00abECONOM\u00cdA\u00bb","block_context":{"text":"ECONOM\u00cdA","link":"https:\/\/lasprimeras.com.do\/index.php\/category\/economia\/"},"img":{"alt_text":"","src":"https:\/\/i0.wp.com\/lasprimeras.com.do\/wp-content\/uploads\/2025\/07\/Luis-Abinader-2-1.jpg?resize=350%2C200&ssl=1","width":350,"height":200,"srcset":"https:\/\/i0.wp.com\/lasprimeras.com.do\/wp-content\/uploads\/2025\/07\/Luis-Abinader-2-1.jpg?resize=350%2C200&ssl=1 1x, https:\/\/i0.wp.com\/lasprimeras.com.do\/wp-content\/uploads\/2025\/07\/Luis-Abinader-2-1.jpg?resize=525%2C300&ssl=1 1.5x, https:\/\/i0.wp.com\/lasprimeras.com.do\/wp-content\/uploads\/2025\/07\/Luis-Abinader-2-1.jpg?resize=700%2C400&ssl=1 2x"},"classes":[]},{"id":111916,"url":"https:\/\/lasprimeras.com.do\/index.php\/2025\/10\/15\/raquel-pena-junto-a-acoprovi-reafirma-el-compromiso-del-gobierno-con-el-sector-construccion\/","url_meta":{"origin":110610,"position":5},"title":"Raquel Pe\u00f1a junto a ACOPROVI reafirma el compromiso del Gobierno con el sector construcci\u00f3n","author":"Nelson Feliz","date":"15 de octubre de 2025","format":false,"excerpt":"La vicepresidenta destac\u00f3 que la colaboraci\u00f3n p\u00fablico-privada es clave para garantizar viviendas dignas, fortalecer el empleo y dinamizar la econom\u00eda nacional. La vicepresidenta de la Rep\u00fablica, Raquel Pe\u00f1a, encabez\u00f3 este martes la 9na Mesa Nacional de la Vivienda, organizada por la Asociaci\u00f3n Dominicana de Constructores y Promotores de la Vivienda\u2026","rel":"","context":"En \u00abECONOM\u00cdA\u00bb","block_context":{"text":"ECONOM\u00cdA","link":"https:\/\/lasprimeras.com.do\/index.php\/category\/economia\/"},"img":{"alt_text":"","src":"https:\/\/i0.wp.com\/lasprimeras.com.do\/wp-content\/uploads\/2025\/10\/acoprovi.jpg?resize=350%2C200&ssl=1","width":350,"height":200,"srcset":"https:\/\/i0.wp.com\/lasprimeras.com.do\/wp-content\/uploads\/2025\/10\/acoprovi.jpg?resize=350%2C200&ssl=1 1x, https:\/\/i0.wp.com\/lasprimeras.com.do\/wp-content\/uploads\/2025\/10\/acoprovi.jpg?resize=525%2C300&ssl=1 1.5x, https:\/\/i0.wp.com\/lasprimeras.com.do\/wp-content\/uploads\/2025\/10\/acoprovi.jpg?resize=700%2C400&ssl=1 2x"},"classes":[]}],"jetpack_sharing_enabled":true,"_links":{"self":[{"href":"https:\/\/lasprimeras.com.do\/index.php\/wp-json\/wp\/v2\/posts\/110610","targetHints":{"allow":["GET"]}}],"collection":[{"href":"https:\/\/lasprimeras.com.do\/index.php\/wp-json\/wp\/v2\/posts"}],"about":[{"href":"https:\/\/lasprimeras.com.do\/index.php\/wp-json\/wp\/v2\/types\/post"}],"author":[{"embeddable":true,"href":"https:\/\/lasprimeras.com.do\/index.php\/wp-json\/wp\/v2\/users\/10"}],"replies":[{"embeddable":true,"href":"https:\/\/lasprimeras.com.do\/index.php\/wp-json\/wp\/v2\/comments?post=110610"}],"version-history":[{"count":1,"href":"https:\/\/lasprimeras.com.do\/index.php\/wp-json\/wp\/v2\/posts\/110610\/revisions"}],"predecessor-version":[{"id":110612,"href":"https:\/\/lasprimeras.com.do\/index.php\/wp-json\/wp\/v2\/posts\/110610\/revisions\/110612"}],"wp:featuredmedia":[{"embeddable":true,"href":"https:\/\/lasprimeras.com.do\/index.php\/wp-json\/wp\/v2\/media\/110611"}],"wp:attachment":[{"href":"https:\/\/lasprimeras.com.do\/index.php\/wp-json\/wp\/v2\/media?parent=110610"}],"wp:term":[{"taxonomy":"category","embeddable":true,"href":"https:\/\/lasprimeras.com.do\/index.php\/wp-json\/wp\/v2\/categories?post=110610"},{"taxonomy":"post_tag","embeddable":true,"href":"https:\/\/lasprimeras.com.do\/index.php\/wp-json\/wp\/v2\/tags?post=110610"}],"curies":[{"name":"wp","href":"https:\/\/api.w.org\/{rel}","templated":true}]}}