{"id":110621,"date":"2025-09-30T09:48:59","date_gmt":"2025-09-30T13:48:59","guid":{"rendered":"https:\/\/lasprimeras.com.do\/?p=110621"},"modified":"2025-09-30T09:49:01","modified_gmt":"2025-09-30T13:49:01","slug":"sufre-accidente-de-transito-el-hombre-que-socorrio-al-big-papi-tras-atentado","status":"publish","type":"post","link":"https:\/\/lasprimeras.com.do\/index.php\/2025\/09\/30\/sufre-accidente-de-transito-el-hombre-que-socorrio-al-big-papi-tras-atentado\/","title":{"rendered":"Sufre accidente de tr\u00e1nsito el hombre que socorri\u00f3 al Big Papi tras atentado"},"content":{"rendered":"\n<p><strong>A tempranas horas de este martes, en la acera solo quedaban peque\u00f1os trozos del veh\u00edculo accidentado.<\/strong><\/p>\n\n\n\n<p>El propietario de las bancas de loter\u00eda Presidente Sports, Eliezer Salvador, result\u00f3 involucrado en un accidente de tr\u00e1nsito ocurrido la noche del lunes en la intersecci\u00f3n de la avenida Winston Churchill con la calle \u00c1ngel Cabral, en el Distrito Nacional.<\/p>\n\n\n\n<p>El hecho, que a\u00fan est\u00e1 bajo investigaci\u00f3n por parte de las autoridades, ha sido manejado preliminarmente como un accidente de tr\u00e1nsito, sin que hasta el momento se hayan ofrecido mayores detalles oficiales.<\/p>\n\n\n\n<p>Sin embargo, versiones preliminares dan cuenta de que hubo una persecuci\u00f3n previo a la colisi\u00f3n.<\/p>\n\n\n\n<p>Salvador fue la persona que socorri\u00f3 al expelotero de Grandes Ligas David Ortiz, el Big Papi, en su traslado desde el centro de entretenimiento Dial Bar and Lounge al Centro de Medicina Avanzada Dr. Abel Gonz\u00e1lez, luego de que este fuera herido de bala en un atentado en su contra ocurrido, en junio de 2019.<\/p>\n\n\n\n<p><strong>Escena del accidente<\/strong><\/p>\n\n\n\n<p>A tempranas horas de este martes, en la acera solo quedaban peque\u00f1os trozos del veh\u00edculo accidentado, as\u00ed como un \u00e1rbol derribado producto del choque.<\/p>\n\n\n\n<p>Un equipo de Diario Libre se present\u00f3 en el lugar en busca de m\u00e1s informaci\u00f3n, pero tanto trabajadores como transe\u00fantes afirmaron no haber presenciado lo ocurrido.<\/p>\n\n\n\n<p>Hasta el momento, no se ha informado oficialmente sobre el estado de salud de Eliezer Salvador ni si otras personas resultaron heridas en el incidente.<\/p>\n\n\n\n<p>La Polic\u00eda Nacional se encuentra realizando las investigaciones correspondientes, incluyendo el levantamiento de c\u00e1maras de seguridad en la zona.<\/p>\n","protected":false},"excerpt":{"rendered":"<p>A tempranas horas de este martes, en la acera solo quedaban peque\u00f1os trozos del veh\u00edculo accidentado. El propietario de las bancas de loter\u00eda Presidente Sports, Eliezer Salvador, result\u00f3 involucrado en&hellip;<\/p>\n","protected":false},"author":10,"featured_media":110622,"comment_status":"open","ping_status":"open","sticky":false,"template":"","format":"standard","meta":{"content-type":"","jetpack_post_was_ever_published":false,"_jetpack_newsletter_access":"","_jetpack_dont_email_post_to_subs":false,"_jetpack_newsletter_tier_id":0,"_jetpack_memberships_contains_paywalled_content":false,"_jetpack_memberships_contains_paid_content":false,"footnotes":""},"categories":[35],"tags":[621,6259,14620,46,25350,6184],"class_list":["post-110621","post","type-post","status-publish","format-standard","has-post-thumbnail","hentry","category-nacionales","tag-accidente-de-transito","tag-atentado","tag-big-papi","tag-hombre","tag-socorrio","tag-sufre"],"jetpack_featured_media_url":"https:\/\/lasprimeras.com.do\/wp-content\/uploads\/2025\/09\/accidente-de-transito-1.jpeg","jetpack-related-posts":[{"id":87539,"url":"https:\/\/lasprimeras.com.do\/index.php\/2024\/08\/13\/aumentan-a-3-los-muertos-por-accidente-de-transito-en-veron\/","url_meta":{"origin":110621,"position":0},"title":"Aumentan a 3 los muertos por accidente de tr\u00e1nsito en Ver\u00f3n","author":"Nelson Feliz","date":"13 de agosto de 2024","format":false,"excerpt":"M\u00e1s de 20 personas resultaron heridas y suben a tres los muertos, tras un accidente registrado este lunes en la Circunvalaci\u00f3n Ver\u00f3n-B\u00e1varo, provincia La Altagracia. Seg\u00fan informes preliminares, el Sistema Nacional de Atenci\u00f3n a Emergencias y Seguridad 911 gestion\u00f3 el despliegue de 31 unidades de emergencias. Los heridos fueron trasladados\u2026","rel":"","context":"En \u00abNACIONALES\u00bb","block_context":{"text":"NACIONALES","link":"https:\/\/lasprimeras.com.do\/index.php\/category\/nacionales\/"},"img":{"alt_text":"EMERGENCIA","src":"https:\/\/i0.wp.com\/lasprimeras.com.do\/wp-content\/uploads\/2024\/08\/EMERGENCIA.jpg?resize=350%2C200&ssl=1","width":350,"height":200,"srcset":"https:\/\/i0.wp.com\/lasprimeras.com.do\/wp-content\/uploads\/2024\/08\/EMERGENCIA.jpg?resize=350%2C200&ssl=1 1x, https:\/\/i0.wp.com\/lasprimeras.com.do\/wp-content\/uploads\/2024\/08\/EMERGENCIA.jpg?resize=525%2C300&ssl=1 1.5x"},"classes":[]},{"id":59462,"url":"https:\/\/lasprimeras.com.do\/index.php\/2023\/09\/04\/yvan-lorenzo-senador-de-elias-pina-sufre-accidente-de-transito\/","url_meta":{"origin":110621,"position":1},"title":"Yv\u00e1n Lorenzo, senador de El\u00edas Pi\u00f1a, sufre accidente de tr\u00e1nsito","author":"Nelson Feliz","date":"4 de septiembre de 2023","format":false,"excerpt":"El legislador sali\u00f3 ileso del evento y a trav\u00e9s de su cuenta de Twitter manifest\u00f3 su agradecimiento a todas las personas que le manifestaron apoyo ante la situaci\u00f3n. El senador de la provincia El\u00edas Pi\u00f1a, Aris Yv\u00e1n Lorenzo, sufri\u00f3 un accidente de tr\u00e1nsito la noche del domingo en la avenida\u2026","rel":"","context":"En \u00abNACIONALES\u00bb","block_context":{"text":"NACIONALES","link":"https:\/\/lasprimeras.com.do\/index.php\/category\/nacionales\/"},"img":{"alt_text":"Yv\u00e1n Lorenzo","src":"https:\/\/i0.wp.com\/lasprimeras.com.do\/wp-content\/uploads\/2023\/09\/Yvan-Lorenzo.jpg?resize=350%2C200&ssl=1","width":350,"height":200,"srcset":"https:\/\/i0.wp.com\/lasprimeras.com.do\/wp-content\/uploads\/2023\/09\/Yvan-Lorenzo.jpg?resize=350%2C200&ssl=1 1x, https:\/\/i0.wp.com\/lasprimeras.com.do\/wp-content\/uploads\/2023\/09\/Yvan-Lorenzo.jpg?resize=525%2C300&ssl=1 1.5x"},"classes":[]},{"id":71951,"url":"https:\/\/lasprimeras.com.do\/index.php\/2023\/12\/25\/coe-reporta-nueve-muertos-en-accidentes-de-transito-en-nochebuena\/","url_meta":{"origin":110621,"position":2},"title":"COE reporta nueve muertos en accidentes de tr\u00e1nsito en Nochebuena","author":"Nelson Feliz","date":"25 de diciembre de 2023","format":false,"excerpt":"Intoxicaci\u00f3n y fiscalizaci\u00f3n fueron temas destacados en Nochebuena. El director del Centro de Operaciones de Emergencia (COE), Juan Manuel M\u00e9ndez, inform\u00f3 este lunes que nueve personas fallecieron en accidentes de tr\u00e1nsito durante la celebraci\u00f3n de la Nochebuena. M\u00e9ndez explic\u00f3 que el domingo se registraron 58 accidentes de tr\u00e1nsito, de los\u2026","rel":"","context":"En \u00abNACIONALES\u00bb","block_context":{"text":"NACIONALES","link":"https:\/\/lasprimeras.com.do\/index.php\/category\/nacionales\/"},"img":{"alt_text":"COE","src":"https:\/\/i0.wp.com\/lasprimeras.com.do\/wp-content\/uploads\/2023\/12\/COE-2.jpg?resize=350%2C200&ssl=1","width":350,"height":200,"srcset":"https:\/\/i0.wp.com\/lasprimeras.com.do\/wp-content\/uploads\/2023\/12\/COE-2.jpg?resize=350%2C200&ssl=1 1x, https:\/\/i0.wp.com\/lasprimeras.com.do\/wp-content\/uploads\/2023\/12\/COE-2.jpg?resize=525%2C300&ssl=1 1.5x, https:\/\/i0.wp.com\/lasprimeras.com.do\/wp-content\/uploads\/2023\/12\/COE-2.jpg?resize=700%2C400&ssl=1 2x"},"classes":[]},{"id":69034,"url":"https:\/\/lasprimeras.com.do\/index.php\/2023\/11\/29\/dos-ninas-se-salvan-del-accidente-de-transito-en-haina\/","url_meta":{"origin":110621,"position":3},"title":"Dos ni\u00f1as se salvan del accidente de tr\u00e1nsito en Haina","author":"Nelson Feliz","date":"29 de noviembre de 2023","format":false,"excerpt":"Dos ni\u00f1as fueron rescatadas con vida del accidente de tr\u00e1nsito ocurrido este mi\u00e9rcoles en la carretera S\u00e1nchez, Quita Sue\u00f1o, provincia San Crist\u00f3bal, entre una patana y un autob\u00fas. La gobernadora de la provincia San Crist\u00f3bal, Pura Casilla, inform\u00f3 que en total han sido rescatadas 17 personas, dos de ellas son\u2026","rel":"","context":"En \u00abNACIONALES\u00bb","block_context":{"text":"NACIONALES","link":"https:\/\/lasprimeras.com.do\/index.php\/category\/nacionales\/"},"img":{"alt_text":"","src":"https:\/\/i0.wp.com\/lasprimeras.com.do\/wp-content\/uploads\/2023\/11\/Noticias-de-energia-44-1.jpg?resize=350%2C200&ssl=1","width":350,"height":200,"srcset":"https:\/\/i0.wp.com\/lasprimeras.com.do\/wp-content\/uploads\/2023\/11\/Noticias-de-energia-44-1.jpg?resize=350%2C200&ssl=1 1x, https:\/\/i0.wp.com\/lasprimeras.com.do\/wp-content\/uploads\/2023\/11\/Noticias-de-energia-44-1.jpg?resize=525%2C300&ssl=1 1.5x"},"classes":[]},{"id":50728,"url":"https:\/\/lasprimeras.com.do\/index.php\/2023\/05\/23\/hombre-muere-y-su-hija-resulta-herida-en-accidente-transito\/","url_meta":{"origin":110621,"position":4},"title":"Hombre muere y su hija resulta herida en accidente tr\u00e1nsito","author":"prenxa100","date":"23 de mayo de 2023","format":false,"excerpt":"DUVERGE.- Un hombre muri\u00f3 y su hija result\u00f3 herida la ma\u00f1ana del martes luego de impactar la motocicleta que viajaban con una vaca en el tramo carretero que comunica a La Colonia Mixta del municipio de Duverg\u00e9 de la provincia Independencia. El occiso respond\u00eda al nombre de Milquian de la\u2026","rel":"","context":"En \u00abNACIONALES\u00bb","block_context":{"text":"NACIONALES","link":"https:\/\/lasprimeras.com.do\/index.php\/category\/nacionales\/"},"img":{"alt_text":"","src":"","width":0,"height":0},"classes":[]},{"id":61898,"url":"https:\/\/lasprimeras.com.do\/index.php\/2023\/10\/01\/sufre-accidente-de-transito-equipo-de-prensa-del-canal-teleuniverso-de-santiago\/","url_meta":{"origin":110621,"position":5},"title":"Sufre accidente de tr\u00e1nsito equipo de prensa del canal Teleuniverso de Santiago","author":"Nelson Feliz","date":"1 de octubre de 2023","format":false,"excerpt":"El suceso ocurri\u00f3 en la autopista Duarte mientras se trasladaban a realizar la cobertura de las primarias del PRM. Un equipo de prensa del canal de televisi\u00f3n Teleuniverso, que se transmite por el canal 29, sufri\u00f3 un accidente de tr\u00e1nsito en la ma\u00f1ana de hoy en la autopista Duarte, en\u2026","rel":"","context":"En \u00abNACIONALES\u00bb","block_context":{"text":"NACIONALES","link":"https:\/\/lasprimeras.com.do\/index.php\/category\/nacionales\/"},"img":{"alt_text":"El periodista y el chofer de Teleuniverso resultaron ilesos tras accidente de tr\u00e1nsito en el Cibao.","src":"https:\/\/i0.wp.com\/lasprimeras.com.do\/wp-content\/uploads\/2023\/10\/Teleuniverso.jpg?resize=350%2C200&ssl=1","width":350,"height":200,"srcset":"https:\/\/i0.wp.com\/lasprimeras.com.do\/wp-content\/uploads\/2023\/10\/Teleuniverso.jpg?resize=350%2C200&ssl=1 1x, https:\/\/i0.wp.com\/lasprimeras.com.do\/wp-content\/uploads\/2023\/10\/Teleuniverso.jpg?resize=525%2C300&ssl=1 1.5x, https:\/\/i0.wp.com\/lasprimeras.com.do\/wp-content\/uploads\/2023\/10\/Teleuniverso.jpg?resize=700%2C400&ssl=1 2x"},"classes":[]}],"jetpack_sharing_enabled":true,"_links":{"self":[{"href":"https:\/\/lasprimeras.com.do\/index.php\/wp-json\/wp\/v2\/posts\/110621","targetHints":{"allow":["GET"]}}],"collection":[{"href":"https:\/\/lasprimeras.com.do\/index.php\/wp-json\/wp\/v2\/posts"}],"about":[{"href":"https:\/\/lasprimeras.com.do\/index.php\/wp-json\/wp\/v2\/types\/post"}],"author":[{"embeddable":true,"href":"https:\/\/lasprimeras.com.do\/index.php\/wp-json\/wp\/v2\/users\/10"}],"replies":[{"embeddable":true,"href":"https:\/\/lasprimeras.com.do\/index.php\/wp-json\/wp\/v2\/comments?post=110621"}],"version-history":[{"count":1,"href":"https:\/\/lasprimeras.com.do\/index.php\/wp-json\/wp\/v2\/posts\/110621\/revisions"}],"predecessor-version":[{"id":110623,"href":"https:\/\/lasprimeras.com.do\/index.php\/wp-json\/wp\/v2\/posts\/110621\/revisions\/110623"}],"wp:featuredmedia":[{"embeddable":true,"href":"https:\/\/lasprimeras.com.do\/index.php\/wp-json\/wp\/v2\/media\/110622"}],"wp:attachment":[{"href":"https:\/\/lasprimeras.com.do\/index.php\/wp-json\/wp\/v2\/media?parent=110621"}],"wp:term":[{"taxonomy":"category","embeddable":true,"href":"https:\/\/lasprimeras.com.do\/index.php\/wp-json\/wp\/v2\/categories?post=110621"},{"taxonomy":"post_tag","embeddable":true,"href":"https:\/\/lasprimeras.com.do\/index.php\/wp-json\/wp\/v2\/tags?post=110621"}],"curies":[{"name":"wp","href":"https:\/\/api.w.org\/{rel}","templated":true}]}}