{"id":110628,"date":"2025-09-30T10:13:22","date_gmt":"2025-09-30T14:13:22","guid":{"rendered":"https:\/\/lasprimeras.com.do\/?p=110628"},"modified":"2025-09-30T10:13:24","modified_gmt":"2025-09-30T14:13:24","slug":"tejada-respalda-inspecciones-de-edificaciones-del-mivhed","status":"publish","type":"post","link":"https:\/\/lasprimeras.com.do\/index.php\/2025\/09\/30\/tejada-respalda-inspecciones-de-edificaciones-del-mivhed\/","title":{"rendered":"Tejada respalda inspecciones de edificaciones del MIVHED"},"content":{"rendered":"\n<p>El ex presidente del Colegio de Ingenieros, Arquitectos y Agrimensores (CODIA) ingeniero Teodoro Tejada expres\u00f3 su respaldo a las inspecciones de edificaciones que realiza el Ministerio de Vivienda, H\u00e1bitat y Edificaciones (MIVHED), liderado por el ministro Carlos Bonilla, porque son necesarias para garantizar la calidad y seguridad de las obras, y prevenir tragedias que puedan poner en peligro la vida de los ciudadanos.<\/p>\n\n\n\n<p>Tejada destac\u00f3 que la ley obliga al MIVHED a garantizar la seguridad de los ciudadanos y el cumplimiento de la normativa urban\u00edstica.<\/p>\n\n\n\n<p>&#8220;La clausura de algunas edificaciones obedece a los riesgos inminentes que evidenciaron tanto los t\u00e9cnicos del MIVHED como los expertos independientes contratados para esos fines&#8221;, afirm\u00f3.<\/p>\n\n\n\n<p>El ex presidente del CODIA detall\u00f3 algunos de los hallazgos estructurales cr\u00edticos encontrados en las inspecciones, como deficiencias en la transferencia de cargas, uniones mal construidas y falta de redundancia estructural.<\/p>\n\n\n\n<p>&#8220;Estos hallazgos demuestran la importancia de las inspecciones y la necesidad de garantizar la calidad de las obras&#8221;, subray\u00f3.<\/p>\n\n\n\n<p>Tejada coincidi\u00f3 con la posici\u00f3n del ministro Bonilla de que &#8220;la vida est\u00e1 por encima de lo econ\u00f3mico&#8221; y que las edificaciones que no cumplan con los est\u00e1ndares de seguridad deben ser clausuradas.<\/p>\n\n\n\n<p>&#8220;No se puede hablar de nacionalidad o intereses econ\u00f3micos cuando se trata de garantizar la seguridad de los ciudadanos&#8221;, enfatiz\u00f3.<\/p>\n\n\n\n<p>El ex presidente del CODIA destac\u00f3 que el MIVHED ha seguido un protocolo t\u00e9cnico riguroso para minimizar riesgos y proteger el entorno, trabajando de manera conjunta con t\u00e9cnicos del CODIA y otros organismos especializados.<\/p>\n\n\n\n<p>&#8220;Esto garantiza que las inspecciones se realicen conforme a las normativas de ley y que se priorice la seguridad de los ciudadanos&#8221;, concluy\u00f3 Teodoro Tejada.<\/p>\n","protected":false},"excerpt":{"rendered":"<p>El ex presidente del Colegio de Ingenieros, Arquitectos y Agrimensores (CODIA) ingeniero Teodoro Tejada expres\u00f3 su respaldo a las inspecciones de edificaciones que realiza el Ministerio de Vivienda, H\u00e1bitat y&hellip;<\/p>\n","protected":false},"author":10,"featured_media":110629,"comment_status":"open","ping_status":"open","sticky":false,"template":"","format":"standard","meta":{"content-type":"","jetpack_post_was_ever_published":false,"_jetpack_newsletter_access":"","_jetpack_dont_email_post_to_subs":false,"_jetpack_newsletter_tier_id":0,"_jetpack_memberships_contains_paywalled_content":false,"_jetpack_memberships_contains_paid_content":false,"footnotes":""},"categories":[35,25],"tags":[6535,17878,22412,4059],"class_list":["post-110628","post","type-post","status-publish","format-standard","has-post-thumbnail","hentry","category-nacionales","category-portada","tag-edificaciones","tag-inspecciones","tag-mivhed","tag-teodoro-tejada"],"jetpack_featured_media_url":"https:\/\/lasprimeras.com.do\/wp-content\/uploads\/2025\/09\/Teodoro-Tejada-1.jpg","jetpack-related-posts":[{"id":109916,"url":"https:\/\/lasprimeras.com.do\/index.php\/2025\/09\/23\/tejada-denuncia-practicas-excluyentes-en-licitaciones-del-mivhed\/","url_meta":{"origin":110628,"position":0},"title":"Tejada denuncia pr\u00e1cticas excluyentes en licitaciones del MIVHED","author":"Nelson Feliz","date":"23 de septiembre de 2025","format":false,"excerpt":"El ex presidente del Colegio de Ingenieros, Arquitectos y Agrimensores (CODIA), ingeniero Teodoro Tejada, denunci\u00f3 que el ministro de la Vivienda, H\u00e1bitat y Edificaciones (MIVHED), Carlos Bonilla, contin\u00faa con pr\u00e1cticas nocivas en los procesos de licitaci\u00f3n p\u00fablica para la construcci\u00f3n de obras. El ex presidente del CODIA advirti\u00f3 que esas\u2026","rel":"","context":"En \u00abECONOM\u00cdA\u00bb","block_context":{"text":"ECONOM\u00cdA","link":"https:\/\/lasprimeras.com.do\/index.php\/category\/economia\/"},"img":{"alt_text":"Teodoro Tejada","src":"https:\/\/i0.wp.com\/lasprimeras.com.do\/wp-content\/uploads\/2025\/09\/Teodoro-Tejada.jpg?resize=350%2C200&ssl=1","width":350,"height":200,"srcset":"https:\/\/i0.wp.com\/lasprimeras.com.do\/wp-content\/uploads\/2025\/09\/Teodoro-Tejada.jpg?resize=350%2C200&ssl=1 1x, https:\/\/i0.wp.com\/lasprimeras.com.do\/wp-content\/uploads\/2025\/09\/Teodoro-Tejada.jpg?resize=525%2C300&ssl=1 1.5x, https:\/\/i0.wp.com\/lasprimeras.com.do\/wp-content\/uploads\/2025\/09\/Teodoro-Tejada.jpg?resize=700%2C400&ssl=1 2x"},"classes":[]},{"id":119157,"url":"https:\/\/lasprimeras.com.do\/index.php\/2026\/01\/07\/tejada-destaca-gobierno-presidente-abinader-ha-cumplido-con-la-promesa-de-viviendas\/","url_meta":{"origin":110628,"position":1},"title":"Tejada destaca gobierno presidente Abinader ha cumplido con la promesa de viviendas","author":"Nelson Feliz","date":"7 de enero de 2026","format":false,"excerpt":"Teodoro Tejada","rel":"","context":"En \u00abNACIONALES\u00bb","block_context":{"text":"NACIONALES","link":"https:\/\/lasprimeras.com.do\/index.php\/category\/nacionales\/"},"img":{"alt_text":"Teodoro Tejada","src":"https:\/\/i0.wp.com\/lasprimeras.com.do\/wp-content\/uploads\/2026\/01\/Teodoro-Tejada.jpg?resize=350%2C200&ssl=1","width":350,"height":200,"srcset":"https:\/\/i0.wp.com\/lasprimeras.com.do\/wp-content\/uploads\/2026\/01\/Teodoro-Tejada.jpg?resize=350%2C200&ssl=1 1x, https:\/\/i0.wp.com\/lasprimeras.com.do\/wp-content\/uploads\/2026\/01\/Teodoro-Tejada.jpg?resize=525%2C300&ssl=1 1.5x, https:\/\/i0.wp.com\/lasprimeras.com.do\/wp-content\/uploads\/2026\/01\/Teodoro-Tejada.jpg?resize=700%2C400&ssl=1 2x"},"classes":[]},{"id":104962,"url":"https:\/\/lasprimeras.com.do\/index.php\/2025\/07\/29\/auditoria-de-la-camara-de-cuentas-certifica-transparencia-del-mivhed\/","url_meta":{"origin":110628,"position":2},"title":"Auditor\u00eda de la C\u00e1mara de Cuentas certifica transparencia del MIVHED","author":"Nelson Feliz","date":"29 de julio de 2025","format":false,"excerpt":"Bajo la direcci\u00f3n de Carlos Bonilla, la instituci\u00f3n multiplic\u00f3 por cinco su patrimonio en apenas dos a\u00f1os La C\u00e1mara de Cuentas public\u00f3 un informe de la auditor\u00eda practicada a los estados financieros del Ministerio de la Vivienda, H\u00e1bitat y Edificaciones (MIVHED) durante los a\u00f1os 2022 y 2023, lo que significa\u2026","rel":"","context":"En \u00abECONOM\u00cdA\u00bb","block_context":{"text":"ECONOM\u00cdA","link":"https:\/\/lasprimeras.com.do\/index.php\/category\/economia\/"},"img":{"alt_text":"","src":"https:\/\/i0.wp.com\/lasprimeras.com.do\/wp-content\/uploads\/2025\/07\/MIVHED.jpg?resize=350%2C200&ssl=1","width":350,"height":200,"srcset":"https:\/\/i0.wp.com\/lasprimeras.com.do\/wp-content\/uploads\/2025\/07\/MIVHED.jpg?resize=350%2C200&ssl=1 1x, https:\/\/i0.wp.com\/lasprimeras.com.do\/wp-content\/uploads\/2025\/07\/MIVHED.jpg?resize=525%2C300&ssl=1 1.5x"},"classes":[]},{"id":83505,"url":"https:\/\/lasprimeras.com.do\/index.php\/2024\/05\/18\/tejada-estima-sectores-vinculados-construccion-estan-al-lado-del-presidente-abinader\/","url_meta":{"origin":110628,"position":3},"title":"Tejada estima sectores vinculados construcci\u00f3n est\u00e1n al lado del presidente Abinader","author":"Nelson Feliz","date":"18 de mayo de 2024","format":false,"excerpt":"El ex presidente del Colegio de Ingenieros, Arquitectos y Agrimensores \u2013CODIA-, Teodoro Tejada estim\u00f3 que los diversos sectores vinculados al sector construcci\u00f3n agradecen al presidente Luis Abinader que los ha respetado, dinamizado y manejado con transparencia las grandes obras que se han levantado en su administraci\u00f3n. Tejada destac\u00f3 que por\u2026","rel":"","context":"En \u00abPORTADA\u00bb","block_context":{"text":"PORTADA","link":"https:\/\/lasprimeras.com.do\/index.php\/category\/portada\/"},"img":{"alt_text":"Teodoro Tejada","src":"https:\/\/i0.wp.com\/lasprimeras.com.do\/wp-content\/uploads\/2024\/05\/Teodoro-Tejada-1.jpg?resize=350%2C200&ssl=1","width":350,"height":200,"srcset":"https:\/\/i0.wp.com\/lasprimeras.com.do\/wp-content\/uploads\/2024\/05\/Teodoro-Tejada-1.jpg?resize=350%2C200&ssl=1 1x, https:\/\/i0.wp.com\/lasprimeras.com.do\/wp-content\/uploads\/2024\/05\/Teodoro-Tejada-1.jpg?resize=525%2C300&ssl=1 1.5x, https:\/\/i0.wp.com\/lasprimeras.com.do\/wp-content\/uploads\/2024\/05\/Teodoro-Tejada-1.jpg?resize=700%2C400&ssl=1 2x"},"classes":[]},{"id":122049,"url":"https:\/\/lasprimeras.com.do\/index.php\/2026\/02\/12\/tejada-asegura-linea-2c-del-metro-santo-domingo-es-una-obra-de-alta-calidad\/","url_meta":{"origin":110628,"position":4},"title":"Tejada asegura L\u00ednea 2C del Metro Santo Domingo es una obra de alta calidad","author":"Nelson Feliz","date":"12 de febrero de 2026","format":false,"excerpt":"El expresidente del Colegio de Ingenieros, Arquitectos y Agrimensores. Ing. Teodoro Tejada ofreci\u00f3 garant\u00edas de que la L\u00ednea 2C del Metro de Santo Domingo, que conecta la Estaci\u00f3n Mar\u00eda Mont\u00e9s del km 9 de la Autopista Duarte con Los Alcarrizos, es una obra de transporte masivo robusta estructuralmente y con\u2026","rel":"","context":"En \u00abNACIONALES\u00bb","block_context":{"text":"NACIONALES","link":"https:\/\/lasprimeras.com.do\/index.php\/category\/nacionales\/"},"img":{"alt_text":"Teodoro Tejada","src":"https:\/\/i0.wp.com\/lasprimeras.com.do\/wp-content\/uploads\/2025\/09\/Teodoro-Tejada.jpg?resize=350%2C200&ssl=1","width":350,"height":200,"srcset":"https:\/\/i0.wp.com\/lasprimeras.com.do\/wp-content\/uploads\/2025\/09\/Teodoro-Tejada.jpg?resize=350%2C200&ssl=1 1x, https:\/\/i0.wp.com\/lasprimeras.com.do\/wp-content\/uploads\/2025\/09\/Teodoro-Tejada.jpg?resize=525%2C300&ssl=1 1.5x, https:\/\/i0.wp.com\/lasprimeras.com.do\/wp-content\/uploads\/2025\/09\/Teodoro-Tejada.jpg?resize=700%2C400&ssl=1 2x"},"classes":[]},{"id":55145,"url":"https:\/\/lasprimeras.com.do\/index.php\/2023\/07\/18\/tejada-reclama-instituciones-publicas-se-acojan-equilibrio-economico-dispuso-abinader\/","url_meta":{"origin":110628,"position":5},"title":"Tejada reclama instituciones p\u00fablicas se acojan equilibrio econ\u00f3mico dispuso Abinader","author":"Nelson Feliz","date":"18 de julio de 2023","format":false,"excerpt":"El expresidente del Colegio de Ingenieros, Arquitectos y Agrimensores \u2013CODIA-, Teodoro Tejada favoreci\u00f3 las declaraciones del actual presidente del CODIA, en cuanto a que la mayor\u00eda de las obras del estado est\u00e1n paralizadas, porque a\u00fan no se ha realizado el equilibrio econ\u00f3mico frente al alza que han sufrido los materiales\u2026","rel":"","context":"En \u00abECONOM\u00cdA\u00bb","block_context":{"text":"ECONOM\u00cdA","link":"https:\/\/lasprimeras.com.do\/index.php\/category\/economia\/"},"img":{"alt_text":"Teodoro Tejada","src":"https:\/\/i0.wp.com\/lasprimeras.com.do\/wp-content\/uploads\/2023\/07\/Teodoro-Tejada.jpg?resize=350%2C200&ssl=1","width":350,"height":200,"srcset":"https:\/\/i0.wp.com\/lasprimeras.com.do\/wp-content\/uploads\/2023\/07\/Teodoro-Tejada.jpg?resize=350%2C200&ssl=1 1x, https:\/\/i0.wp.com\/lasprimeras.com.do\/wp-content\/uploads\/2023\/07\/Teodoro-Tejada.jpg?resize=525%2C300&ssl=1 1.5x, https:\/\/i0.wp.com\/lasprimeras.com.do\/wp-content\/uploads\/2023\/07\/Teodoro-Tejada.jpg?resize=700%2C400&ssl=1 2x"},"classes":[]}],"jetpack_sharing_enabled":true,"_links":{"self":[{"href":"https:\/\/lasprimeras.com.do\/index.php\/wp-json\/wp\/v2\/posts\/110628","targetHints":{"allow":["GET"]}}],"collection":[{"href":"https:\/\/lasprimeras.com.do\/index.php\/wp-json\/wp\/v2\/posts"}],"about":[{"href":"https:\/\/lasprimeras.com.do\/index.php\/wp-json\/wp\/v2\/types\/post"}],"author":[{"embeddable":true,"href":"https:\/\/lasprimeras.com.do\/index.php\/wp-json\/wp\/v2\/users\/10"}],"replies":[{"embeddable":true,"href":"https:\/\/lasprimeras.com.do\/index.php\/wp-json\/wp\/v2\/comments?post=110628"}],"version-history":[{"count":1,"href":"https:\/\/lasprimeras.com.do\/index.php\/wp-json\/wp\/v2\/posts\/110628\/revisions"}],"predecessor-version":[{"id":110630,"href":"https:\/\/lasprimeras.com.do\/index.php\/wp-json\/wp\/v2\/posts\/110628\/revisions\/110630"}],"wp:featuredmedia":[{"embeddable":true,"href":"https:\/\/lasprimeras.com.do\/index.php\/wp-json\/wp\/v2\/media\/110629"}],"wp:attachment":[{"href":"https:\/\/lasprimeras.com.do\/index.php\/wp-json\/wp\/v2\/media?parent=110628"}],"wp:term":[{"taxonomy":"category","embeddable":true,"href":"https:\/\/lasprimeras.com.do\/index.php\/wp-json\/wp\/v2\/categories?post=110628"},{"taxonomy":"post_tag","embeddable":true,"href":"https:\/\/lasprimeras.com.do\/index.php\/wp-json\/wp\/v2\/tags?post=110628"}],"curies":[{"name":"wp","href":"https:\/\/api.w.org\/{rel}","templated":true}]}}