{"id":110631,"date":"2025-09-30T11:22:56","date_gmt":"2025-09-30T15:22:56","guid":{"rendered":"https:\/\/lasprimeras.com.do\/?p=110631"},"modified":"2025-09-30T11:22:58","modified_gmt":"2025-09-30T15:22:58","slug":"juan-ariel-jimenez-deterioro-de-senasa-apunta-tanto-a-la-salud-como-a-las-finanzas","status":"publish","type":"post","link":"https:\/\/lasprimeras.com.do\/index.php\/2025\/09\/30\/juan-ariel-jimenez-deterioro-de-senasa-apunta-tanto-a-la-salud-como-a-las-finanzas\/","title":{"rendered":"Juan Ariel Jim\u00e9nez: Deterioro de SeNaSa apunta tanto a la salud como a las finanzas"},"content":{"rendered":"\n<p><strong>Jim\u00e9nez advierte la baja en los indicadores de salud a la par con el deterioro del SeNaSa.<\/strong><\/p>\n\n\n\n<p>El miembro del Comit\u00e9 Pol\u00edtico del Partido de la Liberaci\u00f3n Dominicana (PLD), economista Juan Ariel Jim\u00e9nez, razona que el deterioro del Seguro Nacional de Salud (SeNaSa) no es solo un problema financiero; lo considera como un preocupante s\u00edntoma de deterioro de la salud del pueblo dominicano.<\/p>\n\n\n\n<p>\u201cNo es solo un problema financiero; es un s\u00edntoma de un deterioro m\u00e1s profundo: la visi\u00f3n de que la salud es un negocio para unos cuantos, y no un derecho fundamental que se garantiza con adecuadas pol\u00edticas p\u00fablicas. Y ese, quiz\u00e1s, sea el mayor costo que la sociedad tendr\u00e1 que asumir\u201d afirma Jim\u00e9nez en un art\u00edculo publicado en el List\u00edn Diario y Vanguardia del Pueblo.<\/p>\n\n\n\n<p>Al calificar de grave el deterioro financiero de SeNaSa, opina que lo peor es que todo esto ha ocurrido al tiempo que se deterioraba la calidad y eficacia de los servicios de salud.<\/p>\n\n\n\n<p>En esa direcci\u00f3n, Juan Ariel Jim\u00e9nez cit\u00f3 estad\u00edsticas del sistema de salud del propio gobierno, entre ellos, la mortalidad materna subi\u00f3 de 91 a 125, con lo cual se vuelve a los niveles del a\u00f1o 2010, para un deterioro de 15 a\u00f1os, la mortalidad neonatal pas\u00f3 de 12 a 13.1, lo cual deja a la Rep\u00fablica Dominicana como uno de los pocos pa\u00edses de Am\u00e9rica Latina donde empeor\u00f3 la mortalidad neonatal.<\/p>\n\n\n\n<p>Tambi\u00e9n la incidencia de tuberculosis por cada 100,000 habitantes aument\u00f3 de 34.4 a 40.8, con la terrible coincidencia de que la cobertura de la estrategia \u201cAlto a la Tuberculosis\u201d baj\u00f3 de 94% a 90%., por igual el porcentaje de casos tratados de VIH en poblaci\u00f3n menor de 14 a\u00f1os cay\u00f3 de 48.5% a apenas 15%. Hay menos casos tratados de VIH a pesar de que la poblaci\u00f3n menor de edad con dicha enfermedad.<\/p>\n\n\n\n<p>Jim\u00e9nez cita tambi\u00e9n la cobertura de vacunaci\u00f3n de sarampi\u00f3n que descendi\u00f3 de 96.2% a 94.8% y la de la poliomielitis que baj\u00f3 de 92.0% a 85.3% y la cobertura inmunitaria con DPT\/PENTA que retrocedi\u00f3 de 89.1% a 83.3%.<\/p>\n\n\n\n<p>A las estad\u00edsticas agreg\u00f3 el desabastecimiento en las Farmacias del Pueblo y el abandono del programa de Alto Costo, que ha dejado a muchos pacientes sin acceso a los medicamentos que necesitan.<\/p>\n\n\n\n<p>\u201cSi en lugar de despilfarrar los recursos p\u00fablicos en el \u201cpeque\u00f1o BANINTER\u201d de SENASA, se hubiesen dedicado esos recursos a fortalecer la atenci\u00f3n primaria mediante la construcci\u00f3n y fortalecimiento del primer nivel de atenci\u00f3n (tanto los centros de servicios como el personal necesario), hoy en d\u00eda los indicadores de salud estuvieran mejorando, no empeorando\u201d concluye.<\/p>\n","protected":false},"excerpt":{"rendered":"<p>Jim\u00e9nez advierte la baja en los indicadores de salud a la par con el deterioro del SeNaSa. El miembro del Comit\u00e9 Pol\u00edtico del Partido de la Liberaci\u00f3n Dominicana (PLD), economista&hellip;<\/p>\n","protected":false},"author":10,"featured_media":106311,"comment_status":"open","ping_status":"open","sticky":false,"template":"","format":"standard","meta":{"content-type":"","jetpack_post_was_ever_published":false,"_jetpack_newsletter_access":"","_jetpack_dont_email_post_to_subs":false,"_jetpack_newsletter_tier_id":0,"_jetpack_memberships_contains_paywalled_content":false,"_jetpack_memberships_contains_paid_content":false,"footnotes":""},"categories":[39,25],"tags":[3916,4113,2951,11483,813,580],"class_list":["post-110631","post","type-post","status-publish","format-standard","has-post-thumbnail","hentry","category-economia","category-portada","tag-deterioro","tag-finanzas","tag-juan-ariel-jimenez","tag-pueblo-dominicano","tag-salud","tag-senasa"],"jetpack_featured_media_url":"https:\/\/lasprimeras.com.do\/wp-content\/uploads\/2025\/08\/Juan-Ariel-Jimenez.jpg","jetpack-related-posts":[{"id":87781,"url":"https:\/\/lasprimeras.com.do\/index.php\/2024\/08\/17\/juan-ariel-jimenez-el-deterioro-del-poder-adquisitivo-genera-aumento-de-la-pobreza\/","url_meta":{"origin":110631,"position":0},"title":"Juan Ariel Jim\u00e9nez: El deterioro del poder adquisitivo genera aumento de la pobreza","author":"Nelson Feliz","date":"17 de agosto de 2024","format":false,"excerpt":"El vicepresidente del Partido de la Liberaci\u00f3n Dominicana (PLD), Juan Ariel Jim\u00e9nez, declar\u00f3 que el Presidente Luis Abinader en lugar de presentar una visi\u00f3n de pa\u00eds, lo que se hizo en el acto de toma de posesi\u00f3n fue mostrar una serie de relatos. \u201cQuiz\u00e1s aprovechando el escenario que fue el\u2026","rel":"","context":"En \u00abECONOM\u00cdA\u00bb","block_context":{"text":"ECONOM\u00cdA","link":"https:\/\/lasprimeras.com.do\/index.php\/category\/economia\/"},"img":{"alt_text":"Juan Ariel Jim\u00e9nez","src":"https:\/\/i0.wp.com\/lasprimeras.com.do\/wp-content\/uploads\/2023\/12\/Juan-Ariel-Jimenez.jpg?resize=350%2C200&ssl=1","width":350,"height":200},"classes":[]},{"id":108007,"url":"https:\/\/lasprimeras.com.do\/index.php\/2025\/09\/02\/juan-ariel-jimenez-gobierno-sustituye-politicas-publicas-por-clientelismo\/","url_meta":{"origin":110631,"position":1},"title":"Juan Ariel Jim\u00e9nez: Gobierno sustituye pol\u00edticas p\u00fablicas por clientelismo","author":"Nelson Feliz","date":"2 de septiembre de 2025","format":false,"excerpt":"Jim\u00e9nez : \u201cEl Gobierno est\u00e1 confundiendo desarrollo con dependencia\u201d. El miembro del Comit\u00e9 Pol\u00edtico del Partido de la Liberaci\u00f3n Dominicana (PLD), economista Juan Ariel Jim\u00e9nez, reiter\u00f3 este d\u00eda que el progreso de un pa\u00eds est\u00e1 fundamentado en la \u201cinversi\u00f3n en infraestructura, en servicios p\u00fablicos de calidad, en pol\u00edticas que fortalezcan\u2026","rel":"","context":"En \u00abPOLITICA\u00bb","block_context":{"text":"POLITICA","link":"https:\/\/lasprimeras.com.do\/index.php\/category\/politica\/"},"img":{"alt_text":"","src":"https:\/\/i0.wp.com\/lasprimeras.com.do\/wp-content\/uploads\/2025\/09\/Juan-Ariel.jpg?resize=350%2C200&ssl=1","width":350,"height":200,"srcset":"https:\/\/i0.wp.com\/lasprimeras.com.do\/wp-content\/uploads\/2025\/09\/Juan-Ariel.jpg?resize=350%2C200&ssl=1 1x, https:\/\/i0.wp.com\/lasprimeras.com.do\/wp-content\/uploads\/2025\/09\/Juan-Ariel.jpg?resize=525%2C300&ssl=1 1.5x, https:\/\/i0.wp.com\/lasprimeras.com.do\/wp-content\/uploads\/2025\/09\/Juan-Ariel.jpg?resize=700%2C400&ssl=1 2x"},"classes":[]},{"id":110762,"url":"https:\/\/lasprimeras.com.do\/index.php\/2025\/10\/01\/domingo-jimenez-considera-como-una-falla-del-gobierno-del-prm-que-no-planifica\/","url_meta":{"origin":110631,"position":2},"title":"Domingo Jim\u00e9nez considera como una falla del Gobierno del PRM, que no planifica","author":"Nelson Feliz","date":"1 de octubre de 2025","format":false,"excerpt":"El titular de la Secretar\u00eda de Tecnolog\u00eda de la Informaci\u00f3n del Partido de la Liberaci\u00f3n Dominicana (PLD), Domingo Jim\u00e9nez, cuestion\u00f3 la planificaci\u00f3n del Gobierno culp\u00e1ndolo de la crisis del sector el\u00e9ctrico que afecta al pa\u00eds. \u201cEs un panorama sombr\u00edo. Uno no quiere que la situaci\u00f3n empeore, pero este gobierno no\u2026","rel":"","context":"En \u00abPOLITICA\u00bb","block_context":{"text":"POLITICA","link":"https:\/\/lasprimeras.com.do\/index.php\/category\/politica\/"},"img":{"alt_text":"","src":"https:\/\/i0.wp.com\/lasprimeras.com.do\/wp-content\/uploads\/2025\/10\/Domingo-Jimenez.jpg?resize=350%2C200&ssl=1","width":350,"height":200,"srcset":"https:\/\/i0.wp.com\/lasprimeras.com.do\/wp-content\/uploads\/2025\/10\/Domingo-Jimenez.jpg?resize=350%2C200&ssl=1 1x, https:\/\/i0.wp.com\/lasprimeras.com.do\/wp-content\/uploads\/2025\/10\/Domingo-Jimenez.jpg?resize=525%2C300&ssl=1 1.5x, https:\/\/i0.wp.com\/lasprimeras.com.do\/wp-content\/uploads\/2025\/10\/Domingo-Jimenez.jpg?resize=700%2C400&ssl=1 2x"},"classes":[]},{"id":109850,"url":"https:\/\/lasprimeras.com.do\/index.php\/2025\/09\/22\/senasa-en-el-gobierno-del-prm-venia-dando-muestras-de-deterioro\/","url_meta":{"origin":110631,"position":3},"title":"SeNaSa en el gobierno del PRM ven\u00eda dando muestras de deterioro","author":"Nelson Feliz","date":"22 de septiembre de 2025","format":false,"excerpt":"Ex directores del SeNaSa lamentan d\u00e9ficit del Seguro Nacional de Salud. Abogan por su rescate Los ex directores del Seguro Nacional de Salud (SeNaSa) Chanel Rosa Chupany y Mercedes Rodr\u00edguez, miembros del Comit\u00e9 Central del Partido de la Liberaci\u00f3n Dominicana (PLD), coincidieron en destacar lo lamentable para la salud de\u2026","rel":"","context":"En \u00abSALUD\u00bb","block_context":{"text":"SALUD","link":"https:\/\/lasprimeras.com.do\/index.php\/category\/salud\/"},"img":{"alt_text":"","src":"https:\/\/i0.wp.com\/lasprimeras.com.do\/wp-content\/uploads\/2025\/09\/senasa-1.jpg?resize=350%2C200&ssl=1","width":350,"height":200,"srcset":"https:\/\/i0.wp.com\/lasprimeras.com.do\/wp-content\/uploads\/2025\/09\/senasa-1.jpg?resize=350%2C200&ssl=1 1x, https:\/\/i0.wp.com\/lasprimeras.com.do\/wp-content\/uploads\/2025\/09\/senasa-1.jpg?resize=525%2C300&ssl=1 1.5x, https:\/\/i0.wp.com\/lasprimeras.com.do\/wp-content\/uploads\/2025\/09\/senasa-1.jpg?resize=700%2C400&ssl=1 2x"},"classes":[]},{"id":106310,"url":"https:\/\/lasprimeras.com.do\/index.php\/2025\/08\/13\/juan-ariel-jimenez-marcada-desaceleracion-economica\/","url_meta":{"origin":110631,"position":4},"title":"Juan Ariel Jim\u00e9nez : Marcada desaceleraci\u00f3n econ\u00f3mica","author":"Nelson Feliz","date":"13 de agosto de 2025","format":false,"excerpt":"Jim\u00e9nez sugiere una serie de medidas prioritarias para reactivar la actividad econ\u00f3mica y fortalecer el poder adquisitivo. El miembro del Comit\u00e9 Pol\u00edtico del Partido de la Liberaci\u00f3n Dominicana (PLD), economista Juan Ariel Jim\u00e9nez, al describir como muy marcada la desaceleraci\u00f3n que afecta la econom\u00eda dominicana, est\u00e1 sugiriendo una serie de\u2026","rel":"","context":"En \u00abECONOM\u00cdA\u00bb","block_context":{"text":"ECONOM\u00cdA","link":"https:\/\/lasprimeras.com.do\/index.php\/category\/economia\/"},"img":{"alt_text":"","src":"https:\/\/i0.wp.com\/lasprimeras.com.do\/wp-content\/uploads\/2025\/08\/Juan-Ariel-Jimenez.jpg?resize=350%2C200&ssl=1","width":350,"height":200,"srcset":"https:\/\/i0.wp.com\/lasprimeras.com.do\/wp-content\/uploads\/2025\/08\/Juan-Ariel-Jimenez.jpg?resize=350%2C200&ssl=1 1x, https:\/\/i0.wp.com\/lasprimeras.com.do\/wp-content\/uploads\/2025\/08\/Juan-Ariel-Jimenez.jpg?resize=525%2C300&ssl=1 1.5x, https:\/\/i0.wp.com\/lasprimeras.com.do\/wp-content\/uploads\/2025\/08\/Juan-Ariel-Jimenez.jpg?resize=700%2C400&ssl=1 2x"},"classes":[]},{"id":102277,"url":"https:\/\/lasprimeras.com.do\/index.php\/2025\/07\/02\/ante-situacion-de-senasa-francisco-javier-afirma-que-el-prm-dejara-el-pais-en-cuatro-blocks\/","url_meta":{"origin":110631,"position":5},"title":"Ante situaci\u00f3n de Senasa, Francisco Javier afirma que el PRM dejar\u00e1 el pa\u00eds &#8220;en cuatro blocks&#8221;","author":"Nelson Feliz","date":"2 de julio de 2025","format":false,"excerpt":"El aspirante presidencial del Partido de la Liberaci\u00f3n Dominicana (PLD), Francisco Javier Garc\u00eda, expres\u00f3 su profunda preocupaci\u00f3n por lo que considera un deterioro progresivo de los servicios p\u00fablicos b\u00e1sicos en el pa\u00eds, citando el caso del Seguro Nacional de Salud (Senasa), que seg\u00fan denuncias de la oposici\u00f3n estar\u00eda en crisis.\u2026","rel":"","context":"En \u00abPOLITICA\u00bb","block_context":{"text":"POLITICA","link":"https:\/\/lasprimeras.com.do\/index.php\/category\/politica\/"},"img":{"alt_text":"","src":"https:\/\/i0.wp.com\/lasprimeras.com.do\/wp-content\/uploads\/2025\/04\/Francisco-Javier-Garcia.jpg?resize=350%2C200&ssl=1","width":350,"height":200,"srcset":"https:\/\/i0.wp.com\/lasprimeras.com.do\/wp-content\/uploads\/2025\/04\/Francisco-Javier-Garcia.jpg?resize=350%2C200&ssl=1 1x, https:\/\/i0.wp.com\/lasprimeras.com.do\/wp-content\/uploads\/2025\/04\/Francisco-Javier-Garcia.jpg?resize=525%2C300&ssl=1 1.5x, https:\/\/i0.wp.com\/lasprimeras.com.do\/wp-content\/uploads\/2025\/04\/Francisco-Javier-Garcia.jpg?resize=700%2C400&ssl=1 2x"},"classes":[]}],"jetpack_sharing_enabled":true,"_links":{"self":[{"href":"https:\/\/lasprimeras.com.do\/index.php\/wp-json\/wp\/v2\/posts\/110631","targetHints":{"allow":["GET"]}}],"collection":[{"href":"https:\/\/lasprimeras.com.do\/index.php\/wp-json\/wp\/v2\/posts"}],"about":[{"href":"https:\/\/lasprimeras.com.do\/index.php\/wp-json\/wp\/v2\/types\/post"}],"author":[{"embeddable":true,"href":"https:\/\/lasprimeras.com.do\/index.php\/wp-json\/wp\/v2\/users\/10"}],"replies":[{"embeddable":true,"href":"https:\/\/lasprimeras.com.do\/index.php\/wp-json\/wp\/v2\/comments?post=110631"}],"version-history":[{"count":1,"href":"https:\/\/lasprimeras.com.do\/index.php\/wp-json\/wp\/v2\/posts\/110631\/revisions"}],"predecessor-version":[{"id":110632,"href":"https:\/\/lasprimeras.com.do\/index.php\/wp-json\/wp\/v2\/posts\/110631\/revisions\/110632"}],"wp:featuredmedia":[{"embeddable":true,"href":"https:\/\/lasprimeras.com.do\/index.php\/wp-json\/wp\/v2\/media\/106311"}],"wp:attachment":[{"href":"https:\/\/lasprimeras.com.do\/index.php\/wp-json\/wp\/v2\/media?parent=110631"}],"wp:term":[{"taxonomy":"category","embeddable":true,"href":"https:\/\/lasprimeras.com.do\/index.php\/wp-json\/wp\/v2\/categories?post=110631"},{"taxonomy":"post_tag","embeddable":true,"href":"https:\/\/lasprimeras.com.do\/index.php\/wp-json\/wp\/v2\/tags?post=110631"}],"curies":[{"name":"wp","href":"https:\/\/api.w.org\/{rel}","templated":true}]}}