{"id":110636,"date":"2025-09-30T11:42:27","date_gmt":"2025-09-30T15:42:27","guid":{"rendered":"https:\/\/lasprimeras.com.do\/?p=110636"},"modified":"2025-09-30T11:42:29","modified_gmt":"2025-09-30T15:42:29","slug":"abinader-informa-gobierno-aun-evalua-perfiles-de-candidatos-para-dirigir-el-unodc","status":"publish","type":"post","link":"https:\/\/lasprimeras.com.do\/index.php\/2025\/09\/30\/abinader-informa-gobierno-aun-evalua-perfiles-de-candidatos-para-dirigir-el-unodc\/","title":{"rendered":"Abinader informa gobierno a\u00fan eval\u00faa perfiles de candidatos para dirigir el UNODC"},"content":{"rendered":"\n<p><strong>Asegura que con apoyo de Estados Unidos y otros pa\u00edses aliados, buscan proponer al mejor candidato por la importancia que tiene para la lucha contra el narcotr\u00e1fico, el crimen y el delito.<\/strong><\/p>\n\n\n\n<p>El presidente Luis Abinader inform\u00f3 que el gobierno dominicano a\u00fan est\u00e1 estudiando perfiles para posteriormente someter un candidato que dirija la Oficina de las Naciones Unidas contra la Droga y el Delito (UNODC), dejando claro la intenci\u00f3n de proponer un experto en la materia que cuente con la experiencia necesaria para luchar contra un crimen como el narcotr\u00e1fico.<\/p>\n\n\n\n<p>Al respecto, agreg\u00f3 que est\u00e1n consultando tanto a Estados Unidos como a otros pa\u00edses aliados \u201cpor la importancia que tiene para la lucha contra el narcotr\u00e1fico, el crimen y el delito\u201d.<\/p>\n\n\n\n<p>Adem\u00e1s, indic\u00f3 que Estados Unidos apoyar\u00e1 al candidato que proponga Rep\u00fablica Dominicana para la UNODC, entidad que consider\u00f3 como la mayor direcci\u00f3n en este tema a nivel mundial.<\/p>\n\n\n\n<p><strong>Solicitud de Estados Unidos<\/strong><\/p>\n\n\n\n<p>Se recuerda que fue durante LA Semanal la Prensa del pasado lunes 15 de septiembre, que Rebecca M\u00e1rquez, directora de la Oficina de Asuntos Internacionales Antinarc\u00f3ticos y Aplicaci\u00f3n de la Ley en el Departamento de Estado de Estados Unidos, propuso que la Rep\u00fablica Dominicana presente un candidato para dirigir la Oficina de las Naciones Unidas contra la Droga y el Delito (UNODC).<\/p>\n\n\n\n<p>Esta decisi\u00f3n responde al reconocimiento que hace ese gobierno al pa\u00eds por su destacada trayectoria e inquebrantable compromiso en materia de control de drogas y lucha contra el crimen organizado, demostrando buenas pr\u00e1cticas en la aplicaci\u00f3n de pol\u00edticas contra estos delitos.<\/p>\n\n\n\n<p>La actual directora ejecutiva de la UNODC, Ghada Waly, dejar\u00e1 su cargo en noviembre de 2025.<\/p>\n","protected":false},"excerpt":{"rendered":"<p>Asegura que con apoyo de Estados Unidos y otros pa\u00edses aliados, buscan proponer al mejor candidato por la importancia que tiene para la lucha contra el narcotr\u00e1fico, el crimen y&hellip;<\/p>\n","protected":false},"author":10,"featured_media":104287,"comment_status":"open","ping_status":"open","sticky":false,"template":"","format":"standard","meta":{"content-type":"","jetpack_post_was_ever_published":false,"_jetpack_newsletter_access":"","_jetpack_dont_email_post_to_subs":false,"_jetpack_newsletter_tier_id":0,"_jetpack_memberships_contains_paywalled_content":false,"_jetpack_memberships_contains_paid_content":false,"footnotes":""},"categories":[35,25],"tags":[2621,4683,4831,67,365,1785,25356,25357],"class_list":["post-110636","post","type-post","status-publish","format-standard","has-post-thumbnail","hentry","category-nacionales","category-portada","tag-candidatos","tag-delito","tag-droga","tag-luis-abinader","tag-naciones-unidas","tag-oficina","tag-perfiles","tag-unodc"],"jetpack_featured_media_url":"https:\/\/lasprimeras.com.do\/wp-content\/uploads\/2025\/07\/Luis-Abinader-9.jpg","jetpack-related-posts":[{"id":111913,"url":"https:\/\/lasprimeras.com.do\/index.php\/2025\/10\/15\/abinader-postula-a-leandro-jose-villanueva-para-dirigir-lucha-antidrogas-de-la-onu\/","url_meta":{"origin":110636,"position":0},"title":"Abinader postul\u00e1 a Leandro Jos\u00e9 Villanueva para dirigir lucha antidrogas de la ONU","author":"Nelson Feliz","date":"15 de octubre de 2025","format":false,"excerpt":"El presidente Lu\u00eds Abinader postular\u00e1 al Licenciado Leandro Jos\u00e9 Villanueva Acebal como candidato para dirigir la Oficina de la Organizaci\u00f3n de Naciones Unidas-ONUDC- contra la Droga y el Delito, en representaci\u00f3n del gobierno de la Rep\u00fablica Dominicana. De esta manera el Presidente Abinader acoge una sugerencia del Gobierno de Estados\u2026","rel":"","context":"En \u00abNACIONALES\u00bb","block_context":{"text":"NACIONALES","link":"https:\/\/lasprimeras.com.do\/index.php\/category\/nacionales\/"},"img":{"alt_text":"","src":"https:\/\/i0.wp.com\/lasprimeras.com.do\/wp-content\/uploads\/2025\/10\/Leandro-Jose-Villanueva-Acebal.jpg?resize=350%2C200&ssl=1","width":350,"height":200,"srcset":"https:\/\/i0.wp.com\/lasprimeras.com.do\/wp-content\/uploads\/2025\/10\/Leandro-Jose-Villanueva-Acebal.jpg?resize=350%2C200&ssl=1 1x, https:\/\/i0.wp.com\/lasprimeras.com.do\/wp-content\/uploads\/2025\/10\/Leandro-Jose-Villanueva-Acebal.jpg?resize=525%2C300&ssl=1 1.5x, https:\/\/i0.wp.com\/lasprimeras.com.do\/wp-content\/uploads\/2025\/10\/Leandro-Jose-Villanueva-Acebal.jpg?resize=700%2C400&ssl=1 2x"},"classes":[]},{"id":109239,"url":"https:\/\/lasprimeras.com.do\/index.php\/2025\/09\/15\/abinader-presenta-resultados-del-combate-al-narco-226-mil-kilos-de-drogas-incautados-en-cinco-anos\/","url_meta":{"origin":110636,"position":1},"title":"Abinader presenta resultados del combate al narco: 226 mil kilos de drogas incautados en cinco a\u00f1os","author":"Nelson Feliz","date":"15 de septiembre de 2025","format":false,"excerpt":"Tambi\u00e9n inform\u00f3 que se han detenido a m\u00e1s de 182 mil personas en ese periodo. El presidente Luis Abinader resalt\u00f3 este lunes los avances alcanzados en la lucha contra el narcotr\u00e1fico durante los cinco a\u00f1os de su gesti\u00f3n, al presentar estad\u00edsticas oficiales que reflejan los esfuerzos realizados por su Gobierno\u2026","rel":"","context":"En \u00abNACIONALES\u00bb","block_context":{"text":"NACIONALES","link":"https:\/\/lasprimeras.com.do\/index.php\/category\/nacionales\/"},"img":{"alt_text":"","src":"https:\/\/i0.wp.com\/lasprimeras.com.do\/wp-content\/uploads\/2025\/09\/DROGAS.jpg?resize=350%2C200&ssl=1","width":350,"height":200,"srcset":"https:\/\/i0.wp.com\/lasprimeras.com.do\/wp-content\/uploads\/2025\/09\/DROGAS.jpg?resize=350%2C200&ssl=1 1x, https:\/\/i0.wp.com\/lasprimeras.com.do\/wp-content\/uploads\/2025\/09\/DROGAS.jpg?resize=525%2C300&ssl=1 1.5x, https:\/\/i0.wp.com\/lasprimeras.com.do\/wp-content\/uploads\/2025\/09\/DROGAS.jpg?resize=700%2C400&ssl=1 2x"},"classes":[]},{"id":116068,"url":"https:\/\/lasprimeras.com.do\/index.php\/2025\/11\/27\/pete-hegseth-asegura-respaldo-de-ee-uu-a-la-rd-reconoce-liderazgo-del-presidente-abinader-contra-el-narcotrafico\/","url_meta":{"origin":110636,"position":2},"title":"Pete Hegseth asegura respaldo de EE.UU. a la RD; reconoce liderazgo del presidente Abinader contra el narcotr\u00e1fico","author":"Nelson Feliz","date":"27 de noviembre de 2025","format":false,"excerpt":"El alto funcionario dice que EE. UU. reconoce que RD y el presidente Abinader son l\u00edderes regionales en la lucha contra el narcotr\u00e1fico y asegur\u00f3 que la colaboraci\u00f3n con el pa\u00eds se ampliar\u00e1 siempre con pleno respeto a las leyes y a la soberan\u00eda dominicana El secretario de Defensa de\u2026","rel":"","context":"En \u00abNACIONALES\u00bb","block_context":{"text":"NACIONALES","link":"https:\/\/lasprimeras.com.do\/index.php\/category\/nacionales\/"},"img":{"alt_text":"","src":"https:\/\/i0.wp.com\/lasprimeras.com.do\/wp-content\/uploads\/2025\/11\/Luis-Abinader-8.jpg?resize=350%2C200&ssl=1","width":350,"height":200,"srcset":"https:\/\/i0.wp.com\/lasprimeras.com.do\/wp-content\/uploads\/2025\/11\/Luis-Abinader-8.jpg?resize=350%2C200&ssl=1 1x, https:\/\/i0.wp.com\/lasprimeras.com.do\/wp-content\/uploads\/2025\/11\/Luis-Abinader-8.jpg?resize=525%2C300&ssl=1 1.5x, https:\/\/i0.wp.com\/lasprimeras.com.do\/wp-content\/uploads\/2025\/11\/Luis-Abinader-8.jpg?resize=700%2C400&ssl=1 2x"},"classes":[]},{"id":116498,"url":"https:\/\/lasprimeras.com.do\/index.php\/2025\/12\/01\/abinader-confirma-que-es-hasta-abril-de-2026-el-acuerdo-del-pais-con-ee-uu-para-uso-de-aeropuertos\/","url_meta":{"origin":110636,"position":3},"title":"Abinader confirma que es hasta abril de 2026 el acuerdo del pa\u00eds con EE. UU. para uso de aeropuertos","author":"Nelson Feliz","date":"1 de diciembre de 2025","format":false,"excerpt":"El mandatario no especific\u00f3 el d\u00eda exacto en que vence el permiso otorgado a la naci\u00f3n estadounidense. El presidente Luis Abinader confirm\u00f3 este lunes que el acuerdo firmado entre la Rep\u00fablica Dominicana y Estados Unidos, que permitir\u00e1 a personal estadounidense utilizar de manera temporal \u00e1reas restringidas de la Base A\u00e9rea\u2026","rel":"","context":"En \u00abNACIONALES\u00bb","block_context":{"text":"NACIONALES","link":"https:\/\/lasprimeras.com.do\/index.php\/category\/nacionales\/"},"img":{"alt_text":"","src":"https:\/\/i0.wp.com\/lasprimeras.com.do\/wp-content\/uploads\/2025\/11\/Luis-Abinader-7-1.jpg?resize=350%2C200&ssl=1","width":350,"height":200,"srcset":"https:\/\/i0.wp.com\/lasprimeras.com.do\/wp-content\/uploads\/2025\/11\/Luis-Abinader-7-1.jpg?resize=350%2C200&ssl=1 1x, https:\/\/i0.wp.com\/lasprimeras.com.do\/wp-content\/uploads\/2025\/11\/Luis-Abinader-7-1.jpg?resize=525%2C300&ssl=1 1.5x, https:\/\/i0.wp.com\/lasprimeras.com.do\/wp-content\/uploads\/2025\/11\/Luis-Abinader-7-1.jpg?resize=700%2C400&ssl=1 2x"},"classes":[]},{"id":61259,"url":"https:\/\/lasprimeras.com.do\/index.php\/2023\/09\/24\/rd-participa-en-37a-conferencia-internacional-de-drogas-en-montego-bay-jamaica\/","url_meta":{"origin":110636,"position":4},"title":"RD participa en 37\u00aa Conferencia Internacional de drogas en Montego Bay, Jamaica","author":"Nelson Feliz","date":"24 de septiembre de 2023","format":false,"excerpt":"Por Martin Restituyo La Rep\u00fablica Dominicana fortalece sus lazos de cooperaci\u00f3n en la lucha y persecuci\u00f3n en contra del narcotr\u00e1fico y la criminalidad organizada, con su participaci\u00f3n en la Trig\u00e9sima S\u00e9ptima Conferencia Internacional para el Control de Drogas, (IDEC), que re\u00fane a jefes y jefas antinarc\u00f3ticos de 135 pa\u00edses. El\u2026","rel":"","context":"En \u00abMILITARES\u00bb","block_context":{"text":"MILITARES","link":"https:\/\/lasprimeras.com.do\/index.php\/category\/militares\/"},"img":{"alt_text":"DNCD","src":"https:\/\/i0.wp.com\/lasprimeras.com.do\/wp-content\/uploads\/2023\/09\/DNCD-3.jpg?resize=350%2C200&ssl=1","width":350,"height":200,"srcset":"https:\/\/i0.wp.com\/lasprimeras.com.do\/wp-content\/uploads\/2023\/09\/DNCD-3.jpg?resize=350%2C200&ssl=1 1x, https:\/\/i0.wp.com\/lasprimeras.com.do\/wp-content\/uploads\/2023\/09\/DNCD-3.jpg?resize=525%2C300&ssl=1 1.5x, https:\/\/i0.wp.com\/lasprimeras.com.do\/wp-content\/uploads\/2023\/09\/DNCD-3.jpg?resize=700%2C400&ssl=1 2x"},"classes":[]},{"id":115978,"url":"https:\/\/lasprimeras.com.do\/index.php\/2025\/11\/26\/rd-permitira-a-ee-uu-usar-aeropuertos-de-san-isidro-y-las-americas-para-combatir-el-narco\/","url_meta":{"origin":110636,"position":5},"title":"RD permitir\u00e1 a EE. UU. usar aeropuertos de San Isidro y Las Am\u00e9ricas para combatir el narco","author":"Nelson Feliz","date":"26 de noviembre de 2025","format":false,"excerpt":"Avi\u00f3n de las fuerzas militares de los Estados Unidos en el Aeropuerto Internacional de Las Am\u00e9ricas. (NEAL CRUZ.)","rel":"","context":"En \u00abNACIONALES\u00bb","block_context":{"text":"NACIONALES","link":"https:\/\/lasprimeras.com.do\/index.php\/category\/nacionales\/"},"img":{"alt_text":"Avi\u00f3n de las fuerzas militares de los Estados Unidos en el Aeropuerto Internacional de Las Am\u00e9ricas. (NEAL CRUZ.)","src":"https:\/\/i0.wp.com\/lasprimeras.com.do\/wp-content\/uploads\/2025\/11\/Avion-de-las-fuerzas-militares-de-los-Estados-Unidos.jpg?resize=350%2C200&ssl=1","width":350,"height":200,"srcset":"https:\/\/i0.wp.com\/lasprimeras.com.do\/wp-content\/uploads\/2025\/11\/Avion-de-las-fuerzas-militares-de-los-Estados-Unidos.jpg?resize=350%2C200&ssl=1 1x, https:\/\/i0.wp.com\/lasprimeras.com.do\/wp-content\/uploads\/2025\/11\/Avion-de-las-fuerzas-militares-de-los-Estados-Unidos.jpg?resize=525%2C300&ssl=1 1.5x, https:\/\/i0.wp.com\/lasprimeras.com.do\/wp-content\/uploads\/2025\/11\/Avion-de-las-fuerzas-militares-de-los-Estados-Unidos.jpg?resize=700%2C400&ssl=1 2x"},"classes":[]}],"jetpack_sharing_enabled":true,"_links":{"self":[{"href":"https:\/\/lasprimeras.com.do\/index.php\/wp-json\/wp\/v2\/posts\/110636","targetHints":{"allow":["GET"]}}],"collection":[{"href":"https:\/\/lasprimeras.com.do\/index.php\/wp-json\/wp\/v2\/posts"}],"about":[{"href":"https:\/\/lasprimeras.com.do\/index.php\/wp-json\/wp\/v2\/types\/post"}],"author":[{"embeddable":true,"href":"https:\/\/lasprimeras.com.do\/index.php\/wp-json\/wp\/v2\/users\/10"}],"replies":[{"embeddable":true,"href":"https:\/\/lasprimeras.com.do\/index.php\/wp-json\/wp\/v2\/comments?post=110636"}],"version-history":[{"count":1,"href":"https:\/\/lasprimeras.com.do\/index.php\/wp-json\/wp\/v2\/posts\/110636\/revisions"}],"predecessor-version":[{"id":110637,"href":"https:\/\/lasprimeras.com.do\/index.php\/wp-json\/wp\/v2\/posts\/110636\/revisions\/110637"}],"wp:featuredmedia":[{"embeddable":true,"href":"https:\/\/lasprimeras.com.do\/index.php\/wp-json\/wp\/v2\/media\/104287"}],"wp:attachment":[{"href":"https:\/\/lasprimeras.com.do\/index.php\/wp-json\/wp\/v2\/media?parent=110636"}],"wp:term":[{"taxonomy":"category","embeddable":true,"href":"https:\/\/lasprimeras.com.do\/index.php\/wp-json\/wp\/v2\/categories?post=110636"},{"taxonomy":"post_tag","embeddable":true,"href":"https:\/\/lasprimeras.com.do\/index.php\/wp-json\/wp\/v2\/tags?post=110636"}],"curies":[{"name":"wp","href":"https:\/\/api.w.org\/{rel}","templated":true}]}}