{"id":110734,"date":"2025-10-01T09:09:57","date_gmt":"2025-10-01T13:09:57","guid":{"rendered":"https:\/\/lasprimeras.com.do\/?p=110734"},"modified":"2025-10-01T09:09:58","modified_gmt":"2025-10-01T13:09:58","slug":"cientificos-advierten-debilitamiento-de-los-rios-voladores-podria-llevar-a-la-amazonia-a-un-punto-critico","status":"publish","type":"post","link":"https:\/\/lasprimeras.com.do\/index.php\/2025\/10\/01\/cientificos-advierten-debilitamiento-de-los-rios-voladores-podria-llevar-a-la-amazonia-a-un-punto-critico\/","title":{"rendered":"Cient\u00edficos advierten debilitamiento de los &#8220;r\u00edos voladores&#8221; podr\u00eda llevar a la Amazonia a un punto cr\u00edtico"},"content":{"rendered":"\n<p>Por Steven Grattan<\/p>\n\n\n\n<p>BOGOT\u00c1, Colombia (AP) \u2014 Las sequ\u00edas han marchitado los cultivos en Per\u00fa, los incendios han arrasado la Amazon\u00eda y las represas hidroel\u00e9ctricas en Ecuador han tenido dificultades para mantener el suministro el\u00e9ctrico mientras los r\u00edos se secan.<\/p>\n\n\n\n<p>Los cient\u00edficos afirman que la causa podr\u00eda estar en las alturas de la selva tropical, donde invisibles &#8220;r\u00edos voladores&#8221; transportan la lluvia del oc\u00e9ano Atl\u00e1ntico a trav\u00e9s de Sudam\u00e9rica.<\/p>\n\n\n\n<p>Un nuevo an\u00e1lisis advierte que la deforestaci\u00f3n incesante est\u00e1 alterando ese flujo de agua y sugiere que la continua p\u00e9rdida de \u00e1rboles empeorar\u00e1 las sequ\u00edas en el suroeste de la Amazonia y podr\u00eda eventualmente provocar que esas regiones pasen de ser selvas tropicales a sabanas m\u00e1s secas (pastizal con muchos menos \u00e1rboles).<\/p>\n\n\n\n<p>\u201cEstas son las fuerzas que realmente crean y sostienen la selva amaz\u00f3nica\u201d, dijo Matt Finer, investigador principal del Proyecto de Monitoreo de la Amazon\u00eda Andina (MAAP) de Amazon Conservation, que rastrea la deforestaci\u00f3n y las amenazas clim\u00e1ticas en toda la cuenca y llev\u00f3 a cabo el an\u00e1lisis.<\/p>\n\n\n\n<p>\u201cSi se rompe esa bomba talando demasiado bosque, las lluvias dejan de llegar a donde deben llegar\u201d.<\/p>\n\n\n\n<p>\u00bfQu\u00e9 son los r\u00edos voladores y c\u00f3mo funcionan?<\/p>\n\n\n\n<p>La mayor parte de las precipitaciones de la Amazonia se originan en el oc\u00e9ano Atl\u00e1ntico. El aire h\u00famedo es impulsado tierra adentro por los vientos constantes que soplan hacia el oeste a lo largo del ecuador, conocidos como vientos alisios.<\/p>\n\n\n\n<p>El bosque act\u00faa entonces como una bomba, retransmitiendo eficazmente el agua miles de kil\u00f3metros hacia el oeste a medida que los \u00e1rboles absorben el agua y luego la liberan de nuevo al aire.<\/p>\n\n\n\n<p>El climat\u00f3logo brasile\u00f1o Carlos Nobre fue uno de los primeros investigadores que calcularon la cantidad de vapor de agua del Atl\u00e1ntico que atravesar\u00eda y eventualmente abandonar\u00eda la cuenca amaz\u00f3nica.<\/p>\n\n\n\n<p>\u00c9l y sus colegas acu\u00f1aron el t\u00e9rmino &#8220;r\u00edos voladores&#8221; en una reuni\u00f3n cient\u00edfica de 2006, y el inter\u00e9s creci\u00f3 a medida que los cient\u00edficos advert\u00edan que el debilitamiento de los r\u00edos podr\u00eda llevar a la Amazonia a un punto cr\u00edtico donde la selva tropical se convertir\u00eda en sabana.<\/p>\n\n\n\n<p>Esto es importante porque la selva amaz\u00f3nica es un vasto almac\u00e9n de di\u00f3xido de carbono, que en gran medida impulsa el calentamiento global. Tal cambio devastar\u00eda la vida silvestre y las comunidades ind\u00edgenas, y amenazar\u00eda la agricultura, el suministro de agua y la estabilidad clim\u00e1tica mucho m\u00e1s all\u00e1 de la regi\u00f3n.<\/p>\n\n\n\n<p>Se\u00f1ales de alerta en Per\u00fa y Bolivia<\/p>\n\n\n\n<p>El an\u00e1lisis del grupo de Finer revel\u00f3 que el sur de Per\u00fa y el norte de Bolivia son especialmente vulnerables. Durante la estaci\u00f3n seca, r\u00edos caudalosos atraviesan el sur de Brasil antes de llegar a los Andes, precisamente donde la deforestaci\u00f3n es m\u00e1s intensa.<\/p>\n\n\n\n<p>La p\u00e9rdida de \u00e1rboles implica un menor transporte de vapor de agua hacia el oeste, lo que aumenta el riesgo de sequ\u00eda en \u00e1reas protegidas emblem\u00e1ticas como el Parque Nacional del Manu en Per\u00fa.<\/p>\n\n\n\n<p>\u201cPer\u00fa puede hacer todo lo posible para proteger un lugar como Manu\u201d, dijo Finer. \u201cPero si la deforestaci\u00f3n sigue socavando el suministro de agua en Brasil, las lluvias que lo sustentan podr\u00edan no llegar nunca\u201d.<\/p>\n\n\n\n<p>Nobre dijo que hasta el 50% de las precipitaciones en la Amazonia occidental, cerca de los Andes, depende de los r\u00edos caudalosos.<\/p>\n\n\n\n<figure class=\"wp-block-image size-full\"><img decoding=\"async\" width=\"800\" height=\"533\" src=\"https:\/\/lasprimeras.com.do\/wp-content\/uploads\/2025\/10\/arboles-talados.jpg\" alt=\"\" class=\"wp-image-110736\" srcset=\"https:\/\/lasprimeras.com.do\/wp-content\/uploads\/2025\/10\/arboles-talados.jpg 800w, https:\/\/lasprimeras.com.do\/wp-content\/uploads\/2025\/10\/arboles-talados-300x200.jpg 300w, https:\/\/lasprimeras.com.do\/wp-content\/uploads\/2025\/10\/arboles-talados-768x512.jpg 768w\" sizes=\"(max-width: 800px) 100vw, 800px\" \/><\/figure>\n\n\n\n<p>Corine Vriesendorp, directora cient\u00edfica de Conservaci\u00f3n Amaz\u00f3nica, con sede en Cusco, Per\u00fa, dijo que los cambios ya son visibles.<\/p>\n\n\n\n<p>\u201cLos \u00faltimos dos a\u00f1os han tra\u00eddo las condiciones m\u00e1s secas que la Amazon\u00eda haya visto jam\u00e1s\u201d, dijo Vriesendorp. \u201cLos calendarios ecol\u00f3gicos que usan las comunidades ind\u00edgenas \u2014cu\u00e1ndo plantar, cu\u00e1ndo pescar, cu\u00e1ndo reproducirse los animales\u2014 est\u00e1n cada vez m\u00e1s desfasados.<\/p>\n\n\n\n<p>La disminuci\u00f3n y la imprevisibilidad de las lluvias tendr\u00e1n un impacto a\u00fan mayor en sus vidas que el que ya est\u00e1 teniendo el cambio clim\u00e1tico\u201d.<\/p>\n\n\n\n<p>Los agricultores se enfrentan a cosechas fallidas , las familias ind\u00edgenas luchan con temporadas de pesca y caza interrumpidas y las ciudades que dependen de la energ\u00eda hidroel\u00e9ctrica sufren cortes a medida que los r\u00edos que proporcionan energ\u00eda se secan.<\/p>\n\n\n\n<p>El bosque fabrica una bomba fr\u00e1gil<\/p>\n\n\n\n<p>Los investigadores del MAAP descubrieron que los patrones de lluvia dependen de cu\u00e1ndo y d\u00f3nde los r\u00edos que fluyen cruzan la cuenca.<\/p>\n\n\n\n<p>Durante la temporada de lluvias, su ruta norte fluye principalmente sobre bosques intactos en Guyana, Surinam y el norte de Brasil, lo que mantiene el sistema fluvial vigoroso.<\/p>\n\n\n\n<p>Pero en la estaci\u00f3n seca, cuando los bosques ya est\u00e1n estresados \u200b\u200bpor el calor, los r\u00edos a\u00e9reos atraviesan el sur de Brasil, donde los frentes de deforestaci\u00f3n se extienden a lo largo de carreteras y granjas y simplemente hay menos \u00e1rboles para ayudar a mover la humedad.<\/p>\n\n\n\n<p>\u201cEs durante los meses secos, cuando el bosque m\u00e1s necesita agua, que los r\u00edos fluviales sufren mayores perturbaciones\u201d, afirm\u00f3 Finer.<\/p>\n\n\n\n<p>Finer se\u00f1al\u00f3 las carreteras que pueden acelerar la deforestaci\u00f3n, y destac\u00f3 que la controvertida carretera BR-319 en Brasil (un proyecto para pavimentar una carretera a trav\u00e9s de una de las \u00faltimas partes intactas del sur de la Amazonia) podr\u00eda crear un frente de deforestaci\u00f3n completamente nuevo.<\/p>\n\n\n\n<p>El debate sobre el punto de inflexi\u00f3n<\/p>\n\n\n\n<p>Durante a\u00f1os, los cient\u00edficos han advertido sobre la posible conversi\u00f3n de la Amazonia en sabana. Finer afirm\u00f3 que el nuevo estudio complica ese panorama.<\/p>\n\n\n\n<p>\u201cNo se trata de un colapso \u00fanico e inmediato\u201d, dijo. \u201cCiertas zonas, como el suroeste de la Amazonia, son m\u00e1s vulnerables y ser\u00e1n las primeras en sentir los impactos. Y ya estamos viendo indicios tempranos de una reducci\u00f3n de las precipitaciones a sotavento de las zonas deforestadas\u201d.<\/p>\n\n\n\n<p>Nobre afirm\u00f3 que los riesgos son graves. Los bosques amaz\u00f3nicos ya han perdido alrededor del 17% de su cobertura, principalmente debido al ganado y la soja. Estos ecosistemas reciclan mucha menos agua.<\/p>\n\n\n\n<p>\u201cLa temporada seca ahora dura cinco semanas m\u00e1s que hace 45 a\u00f1os, con entre un 20 % y un 30 % menos de lluvia\u201d, afirm\u00f3. \u201cSi la deforestaci\u00f3n supera el 20 % o el 25 % y el calentamiento alcanza los 2 \u00b0C, no habr\u00e1 forma de evitar que la Amazonia alcance el punto cr\u00edtico\u201d.<\/p>\n\n\n\n<p>\u00bfQu\u00e9 se puede hacer?<\/p>\n\n\n\n<p>Los investigadores afirman que los caminos m\u00e1s claros a seguir son proteger los bosques intactos, apoyar los derechos territoriales de los ind\u00edgenas y restaurar las \u00e1reas deforestadas.<\/p>\n\n\n\n<p>\u201cPara evitar el colapso, necesitamos cero deforestaci\u00f3n, degradaci\u00f3n e incendios, de inmediato\u201d, dijo Nobre. \u201cY debemos iniciar la restauraci\u00f3n forestal a gran escala, de no menos de medio mill\u00f3n de kil\u00f3metros cuadrados. Si lo logramos y mantenemos el calentamiento global por debajo de los 2 grados, a\u00fan podemos salvar la Amazonia\u201d.<\/p>\n\n\n\n<p>Finer dijo que los gobiernos deber\u00edan considerar nuevas categor\u00edas de conservaci\u00f3n dise\u00f1adas espec\u00edficamente para proteger los r\u00edos flotantes, salvaguardando no s\u00f3lo la tierra sino tambi\u00e9n los flujos atmosf\u00e9ricos que hacen posible la selva tropical.<\/p>\n\n\n\n<p>Para Vriesendorp, eso significa cooperaci\u00f3n regional. Elogi\u00f3 a Per\u00fa por crear vastos parques y reservas ind\u00edgenas en el sureste, incluido el Parque Nacional del Manu.<\/p>\n\n\n\n<p>Sin embargo, afirm\u00f3: \u00abEsto no puede ser resuelto por un solo pa\u00eds. Per\u00fa depende de Brasil, y Brasil depende de sus vecinos. Necesitamos soluciones que abarquen toda la cuenca\u00bb.<\/p>\n","protected":false},"excerpt":{"rendered":"<p>Por Steven Grattan BOGOT\u00c1, Colombia (AP) \u2014 Las sequ\u00edas han marchitado los cultivos en Per\u00fa, los incendios han arrasado la Amazon\u00eda y las represas hidroel\u00e9ctricas en Ecuador han tenido dificultades&hellip;<\/p>\n","protected":false},"author":10,"featured_media":110735,"comment_status":"open","ping_status":"open","sticky":false,"template":"","format":"standard","meta":{"content-type":"","jetpack_post_was_ever_published":false,"_jetpack_newsletter_access":"","_jetpack_dont_email_post_to_subs":false,"_jetpack_newsletter_tier_id":0,"_jetpack_memberships_contains_paywalled_content":false,"_jetpack_memberships_contains_paid_content":false,"footnotes":""},"categories":[16560],"tags":[25419,8169,3081,25421,25418,25420],"class_list":["post-110734","post","type-post","status-publish","format-standard","has-post-thumbnail","hentry","category-medio-ambiente","tag-amazonia-2","tag-cientificos","tag-debilitamiento","tag-perdida-de-arboles","tag-punto-critico","tag-rios-voladores"],"jetpack_featured_media_url":"https:\/\/lasprimeras.com.do\/wp-content\/uploads\/2025\/10\/rios-voladores.jpg","jetpack-related-posts":[{"id":56056,"url":"https:\/\/lasprimeras.com.do\/index.php\/2023\/07\/27\/los-municipios-de-la-amazonia-que-mas-desforestan-son-los-de-peor-desarrollo-social\/","url_meta":{"origin":110734,"position":0},"title":"Los municipios de la Amazon\u00eda que m\u00e1s desforestan son los de peor desarrollo social","author":"Nelson Feliz","date":"27 de julio de 2023","format":false,"excerpt":"Los municipios brasile\u00f1os en la Amazon\u00eda que m\u00e1s devastaron la mayor selva tropical del mundo en los \u00faltimos tres a\u00f1os destacan entre los que cuentan con peor \u00edndice de desarrollo social, seg\u00fan un estudio divulgado este jueves por la organizaci\u00f3n no gubernamental Imazon. \"Los municipios amaz\u00f3nicos con las mayores tasas\u2026","rel":"","context":"En \u00abSin categor\u00eda\u00bb","block_context":{"text":"Sin categor\u00eda","link":"https:\/\/lasprimeras.com.do\/index.php\/category\/sin-categoria\/"},"img":{"alt_text":"","src":"https:\/\/i0.wp.com\/lasprimeras.com.do\/wp-content\/uploads\/2023\/07\/Amazonia.jpg?resize=350%2C200&ssl=1","width":350,"height":200,"srcset":"https:\/\/i0.wp.com\/lasprimeras.com.do\/wp-content\/uploads\/2023\/07\/Amazonia.jpg?resize=350%2C200&ssl=1 1x, https:\/\/i0.wp.com\/lasprimeras.com.do\/wp-content\/uploads\/2023\/07\/Amazonia.jpg?resize=525%2C300&ssl=1 1.5x, https:\/\/i0.wp.com\/lasprimeras.com.do\/wp-content\/uploads\/2023\/07\/Amazonia.jpg?resize=700%2C400&ssl=1 2x"},"classes":[]},{"id":113550,"url":"https:\/\/lasprimeras.com.do\/index.php\/2025\/11\/03\/brasil-desmantela-cientos-de-dragas-ilegales-en-una-importante-ofensiva-contra-la-mineria-en-la-amazonia\/","url_meta":{"origin":110734,"position":1},"title":"Brasil desmantela cientos de dragas ilegales en una importante ofensiva contra la miner\u00eda en la Amazon\u00eda","author":"Nelson Feliz","date":"3 de noviembre de 2025","format":false,"excerpt":"Por Steven Grattan BOGOT\u00c1, Colombia (AP) \u2014 La polic\u00eda brasile\u00f1a, con el apoyo de la Interpol, destruy\u00f3 cientos de dragas utilizadas en la miner\u00eda ilegal de oro a lo largo del r\u00edo Madeira, en una de las mayores operaciones coordinadas hasta la fecha contra las redes criminales que operan en\u2026","rel":"","context":"En \u00abINTERNACIONALES\u00bb","block_context":{"text":"INTERNACIONALES","link":"https:\/\/lasprimeras.com.do\/index.php\/category\/sin-categoria\/internacionales\/"},"img":{"alt_text":"","src":"https:\/\/i0.wp.com\/lasprimeras.com.do\/wp-content\/uploads\/2025\/11\/AMAZONIA.webp?resize=350%2C200&ssl=1","width":350,"height":200,"srcset":"https:\/\/i0.wp.com\/lasprimeras.com.do\/wp-content\/uploads\/2025\/11\/AMAZONIA.webp?resize=350%2C200&ssl=1 1x, https:\/\/i0.wp.com\/lasprimeras.com.do\/wp-content\/uploads\/2025\/11\/AMAZONIA.webp?resize=525%2C300&ssl=1 1.5x, https:\/\/i0.wp.com\/lasprimeras.com.do\/wp-content\/uploads\/2025\/11\/AMAZONIA.webp?resize=700%2C400&ssl=1 2x"},"classes":[]},{"id":69053,"url":"https:\/\/lasprimeras.com.do\/index.php\/2023\/11\/29\/america-latina-y-el-caribe-en-un-momento-crucial-ante-la-cop28\/","url_meta":{"origin":110734,"position":2},"title":"Am\u00e9rica Latina y el Caribe en un momento crucial ante la COP28","author":"BIMARY DE JES\u00daS Matos","date":"29 de noviembre de 2023","format":false,"excerpt":"EFE.-La COP 28, como nos referimos a la cumbre de las Naciones Unidas para acciones de mitigaci\u00f3n y adaptaci\u00f3n al cambio clim\u00e1tico, llega en un momento cr\u00edtico para Am\u00e9rica Latina y el Caribe. En los \u00faltimos meses hemos visto un cicl\u00f3n en el sur de Brasil, una sequ\u00eda hist\u00f3rica en\u2026","rel":"","context":"En \u00abSin categor\u00eda\u00bb","block_context":{"text":"Sin categor\u00eda","link":"https:\/\/lasprimeras.com.do\/index.php\/category\/sin-categoria\/"},"img":{"alt_text":"","src":"https:\/\/i0.wp.com\/lasprimeras.com.do\/wp-content\/uploads\/2023\/11\/Hidrocarburos-5.jpg?resize=350%2C200&ssl=1","width":350,"height":200,"srcset":"https:\/\/i0.wp.com\/lasprimeras.com.do\/wp-content\/uploads\/2023\/11\/Hidrocarburos-5.jpg?resize=350%2C200&ssl=1 1x, https:\/\/i0.wp.com\/lasprimeras.com.do\/wp-content\/uploads\/2023\/11\/Hidrocarburos-5.jpg?resize=525%2C300&ssl=1 1.5x"},"classes":[]},{"id":85583,"url":"https:\/\/lasprimeras.com.do\/index.php\/2024\/07\/03\/migrantes-hacen-una-pausa-en-la-amazonia-ahora-que-llegar-a-estados-unidos-es-mas-complicado\/","url_meta":{"origin":110734,"position":3},"title":"Migrantes hacen una pausa en la Amazon\u00eda ahora que llegar a Estados Unidos es m\u00e1s complicado","author":"Nelson Feliz","date":"3 de julio de 2024","format":false,"excerpt":"BY MAURICIO SAVARESE ASSIS BRASIL, Brasil (AP) \u2014 Docenas de migrantes duermen en un refugio de madera de seis habitaciones infestado de mosquitos en la Amazon\u00eda brasile\u00f1a, con sus sue\u00f1os de una vida mejor en Estados Unidos en suspenso debido a las nuevas normas de asilo del presidente Joe Biden.\u2026","rel":"","context":"En \u00abSin categor\u00eda\u00bb","block_context":{"text":"Sin categor\u00eda","link":"https:\/\/lasprimeras.com.do\/index.php\/category\/sin-categoria\/"},"img":{"alt_text":"","src":"https:\/\/i0.wp.com\/lasprimeras.com.do\/wp-content\/uploads\/2024\/07\/migrantes.jpg?resize=350%2C200&ssl=1","width":350,"height":200,"srcset":"https:\/\/i0.wp.com\/lasprimeras.com.do\/wp-content\/uploads\/2024\/07\/migrantes.jpg?resize=350%2C200&ssl=1 1x, https:\/\/i0.wp.com\/lasprimeras.com.do\/wp-content\/uploads\/2024\/07\/migrantes.jpg?resize=525%2C300&ssl=1 1.5x, https:\/\/i0.wp.com\/lasprimeras.com.do\/wp-content\/uploads\/2024\/07\/migrantes.jpg?resize=700%2C400&ssl=1 2x"},"classes":[]},{"id":120745,"url":"https:\/\/lasprimeras.com.do\/index.php\/2026\/01\/27\/peru-y-colombia-destruyen-mas-de-2-toneladas-de-pasta-base-de-cocaina-en-aldea-de-amazonia-peruana\/","url_meta":{"origin":110734,"position":4},"title":"Per\u00fa y Colombia destruyen m\u00e1s de 2 toneladas de pasta base de coca\u00edna en aldea de Amazon\u00eda peruana","author":"Nelson Feliz","date":"27 de enero de 2026","format":false,"excerpt":"LIMA (AP) \u2014 Las fuerzas de seguridad de Per\u00fa y Colombia incautaron y quemaron en un operativo conjunto m\u00e1s de 2,6 toneladas de pasta base de coca\u00edna en el bosque de una remota comunidad ind\u00edgena cercana a una isla rodeada por el r\u00edo Amazonas que es reclamada por ambos pa\u00edses.\u2026","rel":"","context":"En \u00abINTERNACIONALES\u00bb","block_context":{"text":"INTERNACIONALES","link":"https:\/\/lasprimeras.com.do\/index.php\/category\/sin-categoria\/internacionales\/"},"img":{"alt_text":"","src":"","width":0,"height":0},"classes":[]},{"id":81657,"url":"https:\/\/lasprimeras.com.do\/index.php\/2024\/04\/23\/ecuador-evalua-mas-canjes-de-deuda-por-naturaleza-vinculados-a-la-amazonia-y-el-oceano\/","url_meta":{"origin":110734,"position":5},"title":"Ecuador eval\u00faa m\u00e1s canjes de deuda por naturaleza vinculados a la Amazon\u00eda y el oc\u00e9ano","author":"Nelson Feliz","date":"23 de abril de 2024","format":false,"excerpt":"Por Marc Jones LONDRES, (Reuters) - Ecuador est\u00e1 estudiando nuevos canjes de deuda por naturaleza, uno para canalizar fondos hacia la selva amaz\u00f3nica y otro para una gigantesca zona de protecci\u00f3n del oc\u00e9ano respaldada por la estrella de Hollywood Leonardo DiCaprio, dijeron a Reuters fuentes cercanas al asunto. El pa\u00eds\u2026","rel":"","context":"En \u00abSin categor\u00eda\u00bb","block_context":{"text":"Sin categor\u00eda","link":"https:\/\/lasprimeras.com.do\/index.php\/category\/sin-categoria\/"},"img":{"alt_text":"OCEANO","src":"https:\/\/i0.wp.com\/lasprimeras.com.do\/wp-content\/uploads\/2024\/04\/OCEANO.jpg?resize=350%2C200&ssl=1","width":350,"height":200,"srcset":"https:\/\/i0.wp.com\/lasprimeras.com.do\/wp-content\/uploads\/2024\/04\/OCEANO.jpg?resize=350%2C200&ssl=1 1x, https:\/\/i0.wp.com\/lasprimeras.com.do\/wp-content\/uploads\/2024\/04\/OCEANO.jpg?resize=525%2C300&ssl=1 1.5x, https:\/\/i0.wp.com\/lasprimeras.com.do\/wp-content\/uploads\/2024\/04\/OCEANO.jpg?resize=700%2C400&ssl=1 2x"},"classes":[]}],"jetpack_sharing_enabled":true,"_links":{"self":[{"href":"https:\/\/lasprimeras.com.do\/index.php\/wp-json\/wp\/v2\/posts\/110734","targetHints":{"allow":["GET"]}}],"collection":[{"href":"https:\/\/lasprimeras.com.do\/index.php\/wp-json\/wp\/v2\/posts"}],"about":[{"href":"https:\/\/lasprimeras.com.do\/index.php\/wp-json\/wp\/v2\/types\/post"}],"author":[{"embeddable":true,"href":"https:\/\/lasprimeras.com.do\/index.php\/wp-json\/wp\/v2\/users\/10"}],"replies":[{"embeddable":true,"href":"https:\/\/lasprimeras.com.do\/index.php\/wp-json\/wp\/v2\/comments?post=110734"}],"version-history":[{"count":1,"href":"https:\/\/lasprimeras.com.do\/index.php\/wp-json\/wp\/v2\/posts\/110734\/revisions"}],"predecessor-version":[{"id":110737,"href":"https:\/\/lasprimeras.com.do\/index.php\/wp-json\/wp\/v2\/posts\/110734\/revisions\/110737"}],"wp:featuredmedia":[{"embeddable":true,"href":"https:\/\/lasprimeras.com.do\/index.php\/wp-json\/wp\/v2\/media\/110735"}],"wp:attachment":[{"href":"https:\/\/lasprimeras.com.do\/index.php\/wp-json\/wp\/v2\/media?parent=110734"}],"wp:term":[{"taxonomy":"category","embeddable":true,"href":"https:\/\/lasprimeras.com.do\/index.php\/wp-json\/wp\/v2\/categories?post=110734"},{"taxonomy":"post_tag","embeddable":true,"href":"https:\/\/lasprimeras.com.do\/index.php\/wp-json\/wp\/v2\/tags?post=110734"}],"curies":[{"name":"wp","href":"https:\/\/api.w.org\/{rel}","templated":true}]}}