{"id":110793,"date":"2025-09-30T13:04:00","date_gmt":"2025-09-30T17:04:00","guid":{"rendered":"https:\/\/lasprimeras.com.do\/?p=110793"},"modified":"2025-10-01T13:14:01","modified_gmt":"2025-10-01T17:14:01","slug":"garcia-fermin-propone-pautas-para-consolidar-cooperacion-cientifica-entre-ue-y-celac","status":"publish","type":"post","link":"https:\/\/lasprimeras.com.do\/index.php\/2025\/09\/30\/garcia-fermin-propone-pautas-para-consolidar-cooperacion-cientifica-entre-ue-y-celac\/","title":{"rendered":"Garc\u00eda Ferm\u00edn propone pautas para consolidar cooperaci\u00f3n cient\u00edfica entre UE y CELAC"},"content":{"rendered":"\n<p><strong>Garc\u00eda Ferm\u00edn afirma IA es clave en el desarrollo.<\/strong><\/p>\n\n\n\n<p><strong>BRUSELAS, B\u00e9lgica. \u2013 <\/strong>El ministro de Educaci\u00f3n Superior, Ciencia y Tecnolog\u00eda (MESCyT), doctor Franklin Garc\u00eda Ferm\u00edn, destac\u00f3 este martes en el marco de la Cumbre de la Comunidad de Estados Latinoamericanos y Caribe\u00f1os (CELAC) y la Uni\u00f3n Europea (UE), la importancia de fortalecer la cooperaci\u00f3n cient\u00edfica birregional en \u00e1reas estrat\u00e9gicas como el cambio clim\u00e1tico, la salud y la Inteligencia Artificial (IA), aplicada a la ciencia digital.<\/p>\n\n\n\n<p>Durante su intervenci\u00f3n, el funcionario asegur\u00f3 que \u201cla cooperaci\u00f3n cient\u00edfica entre la Uni\u00f3n Europea y la Comunidad de Estados Latinoamericanos y Caribe\u00f1os tiene hoy una oportunidad estrat\u00e9gica: transformar nuestras agendas en resultados tangibles para la gente en tres campos decisivos: clima y energ\u00eda, salud, e inteligencia artificial aplicada a la ciencia digital\u201d.<\/p>\n\n\n\n<p>Garc\u00eda Ferm\u00edn propuso la creaci\u00f3n de una hoja de ruta concreta que inicie con \u201cestablecer unidades t\u00e9cnicas conjuntas por tem\u00e1tica, energ\u00eda y clima, salud, IA, dentro del Consejo UE del CELAC de Ciencia e Innovaci\u00f3n, con responsabilidades claras de gobiernos, agencias cient\u00edficas, sector privado y sociedad civil\u201d.<\/p>\n\n\n\n<p>El titular del MESCyT tambi\u00e9n plante\u00f3 la necesidad de contar con herramientas s\u00f3lidas de evaluaci\u00f3n y seguimiento que garanticen transparencia y rendici\u00f3n de cuentas.<\/p>\n\n\n\n<p>En este sentido, se\u00f1al\u00f3 que se debe crear \u201cun Observatorio de la Uni\u00f3n Europea y la Comunidad de Estados Latinoamericanos y Caribe\u00f1os de Ciencia, Tecnolog\u00eda e Innovaci\u00f3n, digital y abierto, que recopile y difunda informaci\u00f3n sobre proyectos, niveles de inversi\u00f3n, producci\u00f3n cient\u00edfica, transferencia tecnol\u00f3gica y su impacto social y econ\u00f3mico\u201d.<\/p>\n\n\n\n<p>Abog\u00f3, asimismo, por la implementaci\u00f3n de indicadores comunes y comparables, informes peri\u00f3dicos, evaluaciones externas y la apertura de espacios de participaci\u00f3n para universidades, centros de investigaci\u00f3n, empresas y sociedad civil.<\/p>\n\n\n\n<p>\u201cEl \u00e9xito de nuestra agenda depender\u00e1 de contar con un observatorio birregional, indicadores comunes, informes transparentes, evaluaciones externas y mecanismos de retroalimentaci\u00f3n inclusivos\u201d, afirm\u00f3.<\/p>\n\n\n\n<p>Garc\u00eda Ferm\u00edn enfatiz\u00f3 que estas medidas no s\u00f3lo fortalecer\u00e1n la rendici\u00f3n de cuentas, sino que adem\u00e1s consolidar\u00e1n la cooperaci\u00f3n cient\u00edfica entre Europa y Am\u00e9rica Latina como \u201cun modelo global de colaboraci\u00f3n estrat\u00e9gica en investigaci\u00f3n, desarrollo e innovaci\u00f3n.<\/p>\n\n\n\n<p>Al finalizar, el ministro del MESCyT subrayo que la ciencia abierta, con \u00e9nfasis en la gesti\u00f3n responsable de los datos de investigaci\u00f3n e innovaci\u00f3n, promueve la transparencia, \u201cel acceso equitativo a los recursos, la infraestructura de investigaci\u00f3n y los resultados de la investigaci\u00f3n, y la armonizaci\u00f3n de las mejores pr\u00e1cticas y herramientas\u201d.<\/p>\n","protected":false},"excerpt":{"rendered":"<p>Garc\u00eda Ferm\u00edn afirma IA es clave en el desarrollo. BRUSELAS, B\u00e9lgica. \u2013 El ministro de Educaci\u00f3n Superior, Ciencia y Tecnolog\u00eda (MESCyT), doctor Franklin Garc\u00eda Ferm\u00edn, destac\u00f3 este martes en el&hellip;<\/p>\n","protected":false},"author":10,"featured_media":110794,"comment_status":"open","ping_status":"open","sticky":false,"template":"","format":"standard","meta":{"content-type":"","jetpack_post_was_ever_published":false,"_jetpack_newsletter_access":"","_jetpack_dont_email_post_to_subs":false,"_jetpack_newsletter_tier_id":0,"_jetpack_memberships_contains_paywalled_content":false,"_jetpack_memberships_contains_paid_content":false,"footnotes":""},"categories":[35],"tags":[25448,4480,2152,25447,1238,1373,9100,3064,11778,2542],"class_list":["post-110793","post","type-post","status-publish","format-standard","has-post-thumbnail","hentry","category-nacionales","tag-caribenos","tag-celac","tag-comunidad","tag-cooperacion-cientifica","tag-estados","tag-franklin-garcia-fermin","tag-latinoamericanos","tag-pautas","tag-ue","tag-union-europea"],"jetpack_featured_media_url":"https:\/\/lasprimeras.com.do\/wp-content\/uploads\/2025\/10\/MESCyT-1.jpg","jetpack-related-posts":[{"id":117054,"url":"https:\/\/lasprimeras.com.do\/index.php\/2025\/12\/07\/ministro-destaca-cooperacion-regional-para-impulsar-el-talento-humano-e-innovacion-en-al-y-el-caribe\/","url_meta":{"origin":110793,"position":0},"title":"Ministro destaca cooperaci\u00f3n regional para impulsar el talento humano e innovaci\u00f3n en AL y el Caribe","author":"Nelson Feliz","date":"7 de diciembre de 2025","format":false,"excerpt":"Cuernavaca, M\u00e9xico.\u2014 Durante el encuentro Ministerial de Ciencia, Humanidades, Tecnolog\u00eda e Innovaci\u00f3n celebrado en Cuernavaca, M\u00e9xico, el ministro de Educaci\u00f3n Superior, Ciencia y Tecnolog\u00eda de la Rep\u00fablica Dominicana, Franklin Garc\u00eda Ferm\u00edn, afirm\u00f3 que \u201cla integraci\u00f3n regional no es solo deseable, es imprescindible para convertir a Am\u00e9rica Latina y el Caribe\u2026","rel":"","context":"En \u00abLA VOZ DE LA DIASPORA\u00bb","block_context":{"text":"LA VOZ DE LA DIASPORA","link":"https:\/\/lasprimeras.com.do\/index.php\/category\/la-voz-de-la-diaspora\/"},"img":{"alt_text":"Franklin Garc\u00eda Ferm\u00edn","src":"https:\/\/i0.wp.com\/lasprimeras.com.do\/wp-content\/uploads\/2025\/12\/Franklin-Garcia-Fermin.jpg?resize=350%2C200&ssl=1","width":350,"height":200,"srcset":"https:\/\/i0.wp.com\/lasprimeras.com.do\/wp-content\/uploads\/2025\/12\/Franklin-Garcia-Fermin.jpg?resize=350%2C200&ssl=1 1x, https:\/\/i0.wp.com\/lasprimeras.com.do\/wp-content\/uploads\/2025\/12\/Franklin-Garcia-Fermin.jpg?resize=525%2C300&ssl=1 1.5x, https:\/\/i0.wp.com\/lasprimeras.com.do\/wp-content\/uploads\/2025\/12\/Franklin-Garcia-Fermin.jpg?resize=700%2C400&ssl=1 2x"},"classes":[]},{"id":54928,"url":"https:\/\/lasprimeras.com.do\/index.php\/2023\/07\/16\/cumbre-entre-la-ue-y-celac-reune-60-paises-para-impulsar-la-cooperacion\/","url_meta":{"origin":110793,"position":1},"title":"Cumbre entre la UE y Celac re\u00fane 60 pa\u00edses para impulsar la cooperaci\u00f3n","author":"Nelson Feliz","date":"16 de julio de 2023","format":false,"excerpt":"La cumbre entre la Uni\u00f3n Europea (UE) y la Comunidad de Estados Latinoamericanos y Caribe\u00f1os (Celac) re\u00fane este lunes y martes a 60 pa\u00edses con la ambici\u00f3n de reforzar y modernizar la relaci\u00f3n y estrechar la cooperaci\u00f3n, tras ocho a\u00f1os sin reunirse los l\u00edderes de ambas regiones. El encuentro estar\u00e1\u2026","rel":"","context":"En \u00abSin categor\u00eda\u00bb","block_context":{"text":"Sin categor\u00eda","link":"https:\/\/lasprimeras.com.do\/index.php\/category\/sin-categoria\/"},"img":{"alt_text":"Imagen de archivo de los ministros de Relaciones Exteriores y jefes de delegaci\u00f3n de los pa\u00edses que integran la Comunidad de Estados Latinoamericanos y Caribe\u00f1os (Celac) en plena reuni\u00f3n el 7 de enero 2022, en Buenos Aires (Argentina).Foto: Juan Ignacio Roncoroni (EFE\/Archivo)-","src":"https:\/\/i0.wp.com\/lasprimeras.com.do\/wp-content\/uploads\/2023\/07\/CUMBRE.jpg?resize=350%2C200&ssl=1","width":350,"height":200,"srcset":"https:\/\/i0.wp.com\/lasprimeras.com.do\/wp-content\/uploads\/2023\/07\/CUMBRE.jpg?resize=350%2C200&ssl=1 1x, https:\/\/i0.wp.com\/lasprimeras.com.do\/wp-content\/uploads\/2023\/07\/CUMBRE.jpg?resize=525%2C300&ssl=1 1.5x, https:\/\/i0.wp.com\/lasprimeras.com.do\/wp-content\/uploads\/2023\/07\/CUMBRE.jpg?resize=700%2C400&ssl=1 2x"},"classes":[]},{"id":54670,"url":"https:\/\/lasprimeras.com.do\/index.php\/2023\/07\/13\/abinader-acudira-a-la-cumbre-entre-la-union-europea-y-celac\/","url_meta":{"origin":110793,"position":2},"title":"Abinader acudir\u00e1 a la cumbre entre la Uni\u00f3n Europea y Celac","author":"Nelson Feliz","date":"13 de julio de 2023","format":false,"excerpt":"El presidente dominicano, Luis Abinader, tiene previsto acudir a la cumbre entre la Uni\u00f3n Europea (UE) y la Comunidad de Estados Latinoamericanos y Caribe\u00f1os (Celac) la semana pr\u00f3xima en Bruselas, dijo ayer la embajadora comunitaria en el pa\u00eds Katja Afheldt. En un acto celebrado en la embajada espa\u00f1ola con motivo\u2026","rel":"","context":"En \u00abNACIONALES\u00bb","block_context":{"text":"NACIONALES","link":"https:\/\/lasprimeras.com.do\/index.php\/category\/nacionales\/"},"img":{"alt_text":"Luis Abinader","src":"https:\/\/i0.wp.com\/lasprimeras.com.do\/wp-content\/uploads\/2023\/07\/Luis-Abinader-PP-1.jpg?resize=350%2C200&ssl=1","width":350,"height":200,"srcset":"https:\/\/i0.wp.com\/lasprimeras.com.do\/wp-content\/uploads\/2023\/07\/Luis-Abinader-PP-1.jpg?resize=350%2C200&ssl=1 1x, https:\/\/i0.wp.com\/lasprimeras.com.do\/wp-content\/uploads\/2023\/07\/Luis-Abinader-PP-1.jpg?resize=525%2C300&ssl=1 1.5x"},"classes":[]},{"id":54872,"url":"https:\/\/lasprimeras.com.do\/index.php\/2023\/07\/15\/abinader-partio-hacia-bruselas-para-participar-en-la-iii-cumbre-celac-union-europea\/","url_meta":{"origin":110793,"position":3},"title":"Abinader parti\u00f3 hacia Bruselas para participar en la III Cumbre Celac-Uni\u00f3n Europea","author":"Nelson Feliz","date":"15 de julio de 2023","format":false,"excerpt":"Mandatario participar\u00e1 en importantes reuniones con l\u00edderes europeos y latinoamericanos. El presidente Luis Abinader parti\u00f3 a las 12:25 p.m. de este s\u00e1bado a Bruselas, B\u00e9lgica, para participar en la III Cumbre Uni\u00f3n Europea-CELAC de Jefes de Estado y de Gobierno, que reunir\u00e1 a l\u00edderes europeos, latinoamericanos y caribe\u00f1os para fortalecer\u2026","rel":"","context":"En \u00abNACIONALES\u00bb","block_context":{"text":"NACIONALES","link":"https:\/\/lasprimeras.com.do\/index.php\/category\/nacionales\/"},"img":{"alt_text":"Luis Abinader","src":"https:\/\/i0.wp.com\/lasprimeras.com.do\/wp-content\/uploads\/2023\/07\/Luis-Abinader-viaja.jpg?resize=350%2C200&ssl=1","width":350,"height":200,"srcset":"https:\/\/i0.wp.com\/lasprimeras.com.do\/wp-content\/uploads\/2023\/07\/Luis-Abinader-viaja.jpg?resize=350%2C200&ssl=1 1x, https:\/\/i0.wp.com\/lasprimeras.com.do\/wp-content\/uploads\/2023\/07\/Luis-Abinader-viaja.jpg?resize=525%2C300&ssl=1 1.5x, https:\/\/i0.wp.com\/lasprimeras.com.do\/wp-content\/uploads\/2023\/07\/Luis-Abinader-viaja.jpg?resize=700%2C400&ssl=1 2x"},"classes":[]},{"id":98548,"url":"https:\/\/lasprimeras.com.do\/index.php\/2025\/05\/08\/republica-dominicana-asume-copresidencia-del-mecanismo-de-cooperacion-y-coordinacion-ue-celac\/","url_meta":{"origin":110793,"position":4},"title":"Rep\u00fablica Dominicana asume copresidencia del Mecanismo de Cooperaci\u00f3n y Coordinaci\u00f3n UE-CELAC","author":"Nelson Feliz","date":"8 de mayo de 2025","format":false,"excerpt":"Varsovia, Polonia. - Rep\u00fablica Dominicana asumi\u00f3 este jueves la copresidencia del Mecanismo de Cooperaci\u00f3n y Coordinaci\u00f3n UE-CELAC en Materia de Drogas, para el per\u00edodo 2025-2026, cuyo objetivo es propiciar un di\u00e1logo pol\u00edtico entre las regiones de Am\u00e9rica Latina, Caribe y Uni\u00f3n Europea. El Ministerio de Relaciones Exteriores (MIREX), el Consejo\u2026","rel":"","context":"En \u00abNACIONALES\u00bb","block_context":{"text":"NACIONALES","link":"https:\/\/lasprimeras.com.do\/index.php\/category\/nacionales\/"},"img":{"alt_text":"UE-CELAC","src":"https:\/\/i0.wp.com\/lasprimeras.com.do\/wp-content\/uploads\/2025\/05\/UE-CELAC.jpg?resize=350%2C200&ssl=1","width":350,"height":200,"srcset":"https:\/\/i0.wp.com\/lasprimeras.com.do\/wp-content\/uploads\/2025\/05\/UE-CELAC.jpg?resize=350%2C200&ssl=1 1x, https:\/\/i0.wp.com\/lasprimeras.com.do\/wp-content\/uploads\/2025\/05\/UE-CELAC.jpg?resize=525%2C300&ssl=1 1.5x, https:\/\/i0.wp.com\/lasprimeras.com.do\/wp-content\/uploads\/2025\/05\/UE-CELAC.jpg?resize=700%2C400&ssl=1 2x"},"classes":[]},{"id":55235,"url":"https:\/\/lasprimeras.com.do\/index.php\/2023\/07\/19\/abinader-regresa-esta-noche-al-pais-tras-su-participacion-en-cumbre-union-europea-celac\/","url_meta":{"origin":110793,"position":5},"title":"Abinader regresa esta noche al pa\u00eds tras su participaci\u00f3n en Cumbre Uni\u00f3n Europea-CELAC","author":"Nelson Feliz","date":"19 de julio de 2023","format":false,"excerpt":"Mandatario aprovech\u00f3 escenario para reclamar m\u00e1s participaci\u00f3n pol\u00edtica y econ\u00f3mica de la mujer, luchar contra la pobreza y por ayuda a Hait\u00ed. Bruselas, B\u00e9lgica. - El presidente Luis Abinader regresar\u00e1 al pa\u00eds esta noche tras su participaci\u00f3n en la Cumbre Uni\u00f3n Europea-CELAC, donde aprovech\u00f3 el escenario para reclamar m\u00e1s participaci\u00f3n\u2026","rel":"","context":"En \u00abNACIONALES\u00bb","block_context":{"text":"NACIONALES","link":"https:\/\/lasprimeras.com.do\/index.php\/category\/nacionales\/"},"img":{"alt_text":"Luis Abinader","src":"https:\/\/i0.wp.com\/lasprimeras.com.do\/wp-content\/uploads\/2023\/07\/Luis-Abinader-1-1.jpg?resize=350%2C200&ssl=1","width":350,"height":200,"srcset":"https:\/\/i0.wp.com\/lasprimeras.com.do\/wp-content\/uploads\/2023\/07\/Luis-Abinader-1-1.jpg?resize=350%2C200&ssl=1 1x, https:\/\/i0.wp.com\/lasprimeras.com.do\/wp-content\/uploads\/2023\/07\/Luis-Abinader-1-1.jpg?resize=525%2C300&ssl=1 1.5x, https:\/\/i0.wp.com\/lasprimeras.com.do\/wp-content\/uploads\/2023\/07\/Luis-Abinader-1-1.jpg?resize=700%2C400&ssl=1 2x"},"classes":[]}],"jetpack_sharing_enabled":true,"_links":{"self":[{"href":"https:\/\/lasprimeras.com.do\/index.php\/wp-json\/wp\/v2\/posts\/110793","targetHints":{"allow":["GET"]}}],"collection":[{"href":"https:\/\/lasprimeras.com.do\/index.php\/wp-json\/wp\/v2\/posts"}],"about":[{"href":"https:\/\/lasprimeras.com.do\/index.php\/wp-json\/wp\/v2\/types\/post"}],"author":[{"embeddable":true,"href":"https:\/\/lasprimeras.com.do\/index.php\/wp-json\/wp\/v2\/users\/10"}],"replies":[{"embeddable":true,"href":"https:\/\/lasprimeras.com.do\/index.php\/wp-json\/wp\/v2\/comments?post=110793"}],"version-history":[{"count":1,"href":"https:\/\/lasprimeras.com.do\/index.php\/wp-json\/wp\/v2\/posts\/110793\/revisions"}],"predecessor-version":[{"id":110795,"href":"https:\/\/lasprimeras.com.do\/index.php\/wp-json\/wp\/v2\/posts\/110793\/revisions\/110795"}],"wp:featuredmedia":[{"embeddable":true,"href":"https:\/\/lasprimeras.com.do\/index.php\/wp-json\/wp\/v2\/media\/110794"}],"wp:attachment":[{"href":"https:\/\/lasprimeras.com.do\/index.php\/wp-json\/wp\/v2\/media?parent=110793"}],"wp:term":[{"taxonomy":"category","embeddable":true,"href":"https:\/\/lasprimeras.com.do\/index.php\/wp-json\/wp\/v2\/categories?post=110793"},{"taxonomy":"post_tag","embeddable":true,"href":"https:\/\/lasprimeras.com.do\/index.php\/wp-json\/wp\/v2\/tags?post=110793"}],"curies":[{"name":"wp","href":"https:\/\/api.w.org\/{rel}","templated":true}]}}