{"id":110827,"date":"2025-10-01T19:50:18","date_gmt":"2025-10-01T23:50:18","guid":{"rendered":"https:\/\/lasprimeras.com.do\/?p=110827"},"modified":"2025-10-01T19:50:20","modified_gmt":"2025-10-01T23:50:20","slug":"medio-ambiente-responsabiliza-al-consorcio-azucarero-central-por-merma-de-agua-en-laguna-de-cabral","status":"publish","type":"post","link":"https:\/\/lasprimeras.com.do\/index.php\/2025\/10\/01\/medio-ambiente-responsabiliza-al-consorcio-azucarero-central-por-merma-de-agua-en-laguna-de-cabral\/","title":{"rendered":"Medio Ambiente responsabiliza al Consorcio Azucarero Central por merma de agua en laguna de Cabral"},"content":{"rendered":"\n<p>El Ministerio de Medio Ambiente y Recursos Naturales inform\u00f3 sobre los resultados de una evaluaci\u00f3n t\u00e9cnica y atribuy\u00f3 la degradaci\u00f3n la laguna de Cabral o Laguna Rinc\u00f3n, en Barahona a varios factores, principalmente al uso exclusivo del canal de Trujillo por parte del Consorcio Azucarero Central (CAC).<\/p>\n\n\n\n<p>Explic\u00f3 mediante un comunicado que el caudal de la laguna depende exclusivamente de dicho canal, &#8220;el cual es usufructuado casi en su totalidad por el Consorcio Azucarero Central)&#8221;.<\/p>\n\n\n\n<p>&#8220;Esta situaci\u00f3n limita el ingreso de caudales ecol\u00f3gicos necesarios para la supervivencia del ecosistema&#8221;, subray\u00f3 Medio Ambiente.<\/p>\n\n\n\n<p>Ante esta situaci\u00f3n, la instituci\u00f3n recomend\u00f3 gestionar de manera formal que, en el marco de sus operaciones, el Consorcio Azucarero Central garantice un caudal ecol\u00f3gico m\u00ednimo y constante hacia la laguna, como medida fundamental para detener su deterioro y asegurar su sostenibilidad.<\/p>\n\n\n\n<p>Otras causas de la reducci\u00f3n del caudal<\/p>\n\n\n\n<p>Tambi\u00e9n dice que en el informe t\u00e9cnico enviado por el Viceministerio de \u00c1reas Protegidas y Biodiversidad se detalla que las intervenciones humanas hist\u00f3ricas \u2014tales como la construcci\u00f3n de canales de riego, la modificaci\u00f3n del ca\u00f1o de Trujillo, la deforestaci\u00f3n y la agricultura intensiva\u2014 han alterado significativamente el flujo natural de agua hacia la laguna.<\/p>\n\n\n\n<p>&#8220;Como resultado, se ha registrado una disminuci\u00f3n dr\u00e1stica del nivel del agua, un aumento de la salinidad, una sedimentaci\u00f3n acelerada y p\u00e9rdida de biodiversidad, lo que pone en peligro la integridad ecol\u00f3gica del Refugio (de Vida Silvestre)&#8221;, alerta.<\/p>\n\n\n\n<p>Valor ecol\u00f3gico<\/p>\n\n\n\n<p>Medio Ambiente resalt\u00f3 que el Refugio de Vida Silvestre Laguna Cabral o Rinc\u00f3n constituye un patrimonio natural de alto valor ecol\u00f3gico y social, por lo que su preservaci\u00f3n es responsabilidad compartida del Estado, el sector privado y la sociedad en su conjunto.<\/p>\n","protected":false},"excerpt":{"rendered":"<p>El Ministerio de Medio Ambiente y Recursos Naturales inform\u00f3 sobre los resultados de una evaluaci\u00f3n t\u00e9cnica y atribuy\u00f3 la degradaci\u00f3n la laguna de Cabral o Laguna Rinc\u00f3n, en Barahona a&hellip;<\/p>\n","protected":false},"author":10,"featured_media":110828,"comment_status":"open","ping_status":"open","sticky":false,"template":"","format":"standard","meta":{"content-type":"","jetpack_post_was_ever_published":false,"_jetpack_newsletter_access":"","_jetpack_dont_email_post_to_subs":false,"_jetpack_newsletter_tier_id":0,"_jetpack_memberships_contains_paywalled_content":false,"_jetpack_memberships_contains_paid_content":false,"footnotes":""},"categories":[16560],"tags":[25465,25467,563,25466,10310],"class_list":["post-110827","post","type-post","status-publish","format-standard","has-post-thumbnail","hentry","category-medio-ambiente","tag-consorcio-azucarero-central","tag-laguna-de-cabral","tag-medio-ambiente","tag-merma-de-agua","tag-responsabiliza"],"jetpack_featured_media_url":"https:\/\/lasprimeras.com.do\/wp-content\/uploads\/2025\/10\/laguna.jpg","jetpack-related-posts":[{"id":111771,"url":"https:\/\/lasprimeras.com.do\/index.php\/2025\/10\/13\/pescadores-de-cabral-denuncian-crimen-ecologico-y-culpan-al-consorcio-azucarero-por-la-desecacion-de-la-laguna-rincon\/","url_meta":{"origin":110827,"position":0},"title":"Pescadores de Cabral denuncian crimen ecol\u00f3gico y culpan al Consorcio Azucarero por la desecaci\u00f3n de la Laguna Rinc\u00f3n","author":"Nelson Feliz","date":"13 de octubre de 2025","format":false,"excerpt":"CABRAL, BARAHONA - La Laguna Rinc\u00f3n, tambi\u00e9n conocida como Lago de Cabral, se encuentra en un estado cr\u00edtico de desecaci\u00f3n, afectando gravemente a los pescadores de la zona, quienes culpan a la empresa Consorcio Azucarero Central (CAC) por lo que califican de \"crimen ecol\u00f3gico\". Un para\u00edso que agoniza Considerado el\u2026","rel":"","context":"En \u00abMEDIO AMBIENTE\u00bb","block_context":{"text":"MEDIO AMBIENTE","link":"https:\/\/lasprimeras.com.do\/index.php\/category\/medio-ambiente\/"},"img":{"alt_text":"","src":"https:\/\/i0.wp.com\/lasprimeras.com.do\/wp-content\/uploads\/2025\/10\/La-Laguna-Rincon-1.jpg?resize=350%2C200&ssl=1","width":350,"height":200,"srcset":"https:\/\/i0.wp.com\/lasprimeras.com.do\/wp-content\/uploads\/2025\/10\/La-Laguna-Rincon-1.jpg?resize=350%2C200&ssl=1 1x, https:\/\/i0.wp.com\/lasprimeras.com.do\/wp-content\/uploads\/2025\/10\/La-Laguna-Rincon-1.jpg?resize=525%2C300&ssl=1 1.5x, https:\/\/i0.wp.com\/lasprimeras.com.do\/wp-content\/uploads\/2025\/10\/La-Laguna-Rincon-1.jpg?resize=700%2C400&ssl=1 2x"},"classes":[]},{"id":113517,"url":"https:\/\/lasprimeras.com.do\/index.php\/2025\/11\/03\/aumenta-nivel-de-agua-en-laguna-cabral-tras-lluvia-de-melissa\/","url_meta":{"origin":110827,"position":1},"title":"Aumenta nivel de agua en Laguna Cabral, tras lluvia de Melissa","author":"Nelson Feliz","date":"3 de noviembre de 2025","format":false,"excerpt":"El nivel de agua de la Laguna Cabral aument\u00f3 con los recientes aguaceros provocados por el paso del hurac\u00e1n Melissa por la parte oeste de Rep\u00fablica Dominicana, seg\u00fan informaron residentes de este municipio. Algunos mostraron su alegr\u00eda por el aumento del nivel de agua de la laguna Rinc\u00f3n o de\u2026","rel":"","context":"En \u00abMEDIO AMBIENTE\u00bb","block_context":{"text":"MEDIO AMBIENTE","link":"https:\/\/lasprimeras.com.do\/index.php\/category\/medio-ambiente\/"},"img":{"alt_text":"","src":"https:\/\/i0.wp.com\/lasprimeras.com.do\/wp-content\/uploads\/2025\/11\/Laguna-Cabral-1.jpg?resize=350%2C200&ssl=1","width":350,"height":200,"srcset":"https:\/\/i0.wp.com\/lasprimeras.com.do\/wp-content\/uploads\/2025\/11\/Laguna-Cabral-1.jpg?resize=350%2C200&ssl=1 1x, https:\/\/i0.wp.com\/lasprimeras.com.do\/wp-content\/uploads\/2025\/11\/Laguna-Cabral-1.jpg?resize=525%2C300&ssl=1 1.5x, https:\/\/i0.wp.com\/lasprimeras.com.do\/wp-content\/uploads\/2025\/11\/Laguna-Cabral-1.jpg?resize=700%2C400&ssl=1 2x"},"classes":[]},{"id":109686,"url":"https:\/\/lasprimeras.com.do\/index.php\/2025\/09\/21\/la-red-socioambiental-nacional-denuncia-crimen-ecologico-en-la-laguna-de-rincon\/","url_meta":{"origin":110827,"position":2},"title":"La Red Socioambiental Nacional denuncia crimen ecol\u00f3gico en la Laguna de Rinc\u00f3n","author":"Nelson Feliz","date":"21 de septiembre de 2025","format":false,"excerpt":"La Red Socioambiental Nacional exige acciones urgentes del Estado. La Red Socioambiental Nacional denuncia ante el pa\u00eds y la comunidad internacional el CRIMEN ECOL\u00d3GICO que se comete contra la Laguna de Rinc\u00f3n (o Laguna de Cabral), donde el monopolio h\u00eddrico del Consorcio Azucarero Central (CAC), con la complacencia y negligencia\u2026","rel":"","context":"En \u00abNACIONALES\u00bb","block_context":{"text":"NACIONALES","link":"https:\/\/lasprimeras.com.do\/index.php\/category\/nacionales\/"},"img":{"alt_text":"","src":"https:\/\/i0.wp.com\/lasprimeras.com.do\/wp-content\/uploads\/2025\/09\/laguna-rincon.jpg?resize=350%2C200&ssl=1","width":350,"height":200,"srcset":"https:\/\/i0.wp.com\/lasprimeras.com.do\/wp-content\/uploads\/2025\/09\/laguna-rincon.jpg?resize=350%2C200&ssl=1 1x, https:\/\/i0.wp.com\/lasprimeras.com.do\/wp-content\/uploads\/2025\/09\/laguna-rincon.jpg?resize=525%2C300&ssl=1 1.5x, https:\/\/i0.wp.com\/lasprimeras.com.do\/wp-content\/uploads\/2025\/09\/laguna-rincon.jpg?resize=700%2C400&ssl=1 2x"},"classes":[]},{"id":110946,"url":"https:\/\/lasprimeras.com.do\/index.php\/2025\/10\/02\/senadores-recorren-laguna-de-cabral-y-escuchan-preocupaciones-de-pescadores-por-reduccion-del-caudal\/","url_meta":{"origin":110827,"position":3},"title":"Senadores recorren laguna de Cabral y escuchan preocupaciones de pescadores por reducci\u00f3n del caudal","author":"Nelson Feliz","date":"2 de octubre de 2025","format":false,"excerpt":"La Comisi\u00f3n de Medio Ambiente y Recursos Naturales del Senado de la Rep\u00fablica se traslad\u00f3 este jueves hasta el municipio de Cabral, provincia Barahona, donde realiz\u00f3 un descenso en la laguna de Rinc\u00f3n o Cabral, como parte del estudio de la resoluci\u00f3n que solicita la intervenci\u00f3n del Poder Ejecutivo, para\u2026","rel":"","context":"En \u00abMEDIO AMBIENTE\u00bb","block_context":{"text":"MEDIO AMBIENTE","link":"https:\/\/lasprimeras.com.do\/index.php\/category\/medio-ambiente\/"},"img":{"alt_text":"","src":"https:\/\/i0.wp.com\/lasprimeras.com.do\/wp-content\/uploads\/2025\/10\/senadores-1.jpg?resize=350%2C200&ssl=1","width":350,"height":200,"srcset":"https:\/\/i0.wp.com\/lasprimeras.com.do\/wp-content\/uploads\/2025\/10\/senadores-1.jpg?resize=350%2C200&ssl=1 1x, https:\/\/i0.wp.com\/lasprimeras.com.do\/wp-content\/uploads\/2025\/10\/senadores-1.jpg?resize=525%2C300&ssl=1 1.5x, https:\/\/i0.wp.com\/lasprimeras.com.do\/wp-content\/uploads\/2025\/10\/senadores-1.jpg?resize=700%2C400&ssl=1 2x"},"classes":[]},{"id":122158,"url":"https:\/\/lasprimeras.com.do\/index.php\/2026\/02\/14\/antonio-marte-destaca-gestion-de-comision-del-senado-en-la-recuperacion-de-la-laguna-rincon-en-barahona\/","url_meta":{"origin":110827,"position":4},"title":"Antonio Marte destaca gesti\u00f3n de Comisi\u00f3n del Senado en la recuperaci\u00f3n de la Laguna Rinc\u00f3n en Barahona","author":"Nelson Feliz","date":"14 de febrero de 2026","format":false,"excerpt":"Por Elvis Castro Hern\u00e1ndez El senador Antonio Marte, dijo que, como resultado de las gestiones realizadas por la Comisi\u00f3n de Medio Ambiente y Recursos Naturales del Senado de la Rep\u00fablica, y las acciones eficientes de organismos del Estado, la Laguna de Rinc\u00f3n ubicada en la provincia Barahona, ha recobrado su\u2026","rel":"","context":"En \u00abNACIONALES\u00bb","block_context":{"text":"NACIONALES","link":"https:\/\/lasprimeras.com.do\/index.php\/category\/nacionales\/"},"img":{"alt_text":"Antonio Marte","src":"https:\/\/i0.wp.com\/lasprimeras.com.do\/wp-content\/uploads\/2026\/02\/Antonio-Marte.jpg?resize=350%2C200&ssl=1","width":350,"height":200,"srcset":"https:\/\/i0.wp.com\/lasprimeras.com.do\/wp-content\/uploads\/2026\/02\/Antonio-Marte.jpg?resize=350%2C200&ssl=1 1x, https:\/\/i0.wp.com\/lasprimeras.com.do\/wp-content\/uploads\/2026\/02\/Antonio-Marte.jpg?resize=525%2C300&ssl=1 1.5x, https:\/\/i0.wp.com\/lasprimeras.com.do\/wp-content\/uploads\/2026\/02\/Antonio-Marte.jpg?resize=700%2C400&ssl=1 2x"},"classes":[]},{"id":116660,"url":"https:\/\/lasprimeras.com.do\/index.php\/2025\/12\/02\/jad-reconoce-como-agroempresa-del-ano-2025-al-consorcio-azucarero-de-empresas-industriales\/","url_meta":{"origin":110827,"position":5},"title":"JAD reconoce como \u201cAgroempresa del A\u00f1o 2025\u201d al Consorcio Azucarero de Empresas Industriales","author":"Nelson Feliz","date":"2 de diciembre de 2025","format":false,"excerpt":"El consejo de directores de la Junta Agroempresarial Dominicana (JAD) reconoci\u00f3 este martes como \u201cAgroempresa del A\u00f1o 2025\u201d al Consorcio Azucarero de Empresas Industriales (CAEI), en un acto encabezado por la vicepresidenta de la Rep\u00fablica, Raquel Pe\u00f1a. La vicemandataria destac\u00f3 la historia del consorcio y su aporte sostenido a la\u2026","rel":"","context":"En \u00abECONOM\u00cdA\u00bb","block_context":{"text":"ECONOM\u00cdA","link":"https:\/\/lasprimeras.com.do\/index.php\/category\/economia\/"},"img":{"alt_text":"","src":"https:\/\/i0.wp.com\/lasprimeras.com.do\/wp-content\/uploads\/2025\/12\/Raquel-Pena.jpeg?resize=350%2C200&ssl=1","width":350,"height":200,"srcset":"https:\/\/i0.wp.com\/lasprimeras.com.do\/wp-content\/uploads\/2025\/12\/Raquel-Pena.jpeg?resize=350%2C200&ssl=1 1x, https:\/\/i0.wp.com\/lasprimeras.com.do\/wp-content\/uploads\/2025\/12\/Raquel-Pena.jpeg?resize=525%2C300&ssl=1 1.5x, https:\/\/i0.wp.com\/lasprimeras.com.do\/wp-content\/uploads\/2025\/12\/Raquel-Pena.jpeg?resize=700%2C400&ssl=1 2x"},"classes":[]}],"jetpack_sharing_enabled":true,"_links":{"self":[{"href":"https:\/\/lasprimeras.com.do\/index.php\/wp-json\/wp\/v2\/posts\/110827","targetHints":{"allow":["GET"]}}],"collection":[{"href":"https:\/\/lasprimeras.com.do\/index.php\/wp-json\/wp\/v2\/posts"}],"about":[{"href":"https:\/\/lasprimeras.com.do\/index.php\/wp-json\/wp\/v2\/types\/post"}],"author":[{"embeddable":true,"href":"https:\/\/lasprimeras.com.do\/index.php\/wp-json\/wp\/v2\/users\/10"}],"replies":[{"embeddable":true,"href":"https:\/\/lasprimeras.com.do\/index.php\/wp-json\/wp\/v2\/comments?post=110827"}],"version-history":[{"count":1,"href":"https:\/\/lasprimeras.com.do\/index.php\/wp-json\/wp\/v2\/posts\/110827\/revisions"}],"predecessor-version":[{"id":110829,"href":"https:\/\/lasprimeras.com.do\/index.php\/wp-json\/wp\/v2\/posts\/110827\/revisions\/110829"}],"wp:featuredmedia":[{"embeddable":true,"href":"https:\/\/lasprimeras.com.do\/index.php\/wp-json\/wp\/v2\/media\/110828"}],"wp:attachment":[{"href":"https:\/\/lasprimeras.com.do\/index.php\/wp-json\/wp\/v2\/media?parent=110827"}],"wp:term":[{"taxonomy":"category","embeddable":true,"href":"https:\/\/lasprimeras.com.do\/index.php\/wp-json\/wp\/v2\/categories?post=110827"},{"taxonomy":"post_tag","embeddable":true,"href":"https:\/\/lasprimeras.com.do\/index.php\/wp-json\/wp\/v2\/tags?post=110827"}],"curies":[{"name":"wp","href":"https:\/\/api.w.org\/{rel}","templated":true}]}}