{"id":110887,"date":"2025-10-02T09:52:58","date_gmt":"2025-10-02T13:52:58","guid":{"rendered":"https:\/\/lasprimeras.com.do\/?p=110887"},"modified":"2025-10-02T09:55:29","modified_gmt":"2025-10-02T13:55:29","slug":"comunitarios-de-sabana-perdida-advierten-posible-colapso-de-la-pared-escuela-republica-de-ecuador","status":"publish","type":"post","link":"https:\/\/lasprimeras.com.do\/index.php\/2025\/10\/02\/comunitarios-de-sabana-perdida-advierten-posible-colapso-de-la-pared-escuela-republica-de-ecuador\/","title":{"rendered":"Comunitarios de Sabana Perdida advierten posible colapso de la pared Escuela Rep\u00fablica de Ecuador"},"content":{"rendered":"\n<p>Comunitarios del Proyecto Salom\u00e9 Ure\u00f1a, de Sabana Perdida, Santo Domingo Norte, advirtieron sobre el posible colapso, de una de las paredes perteneciente a la Escuela Rep\u00fablica de Ecuador, localizada en dicho sector Sabana Perdida, Santo Domingo Norte.<\/p>\n\n\n\n<p>&#8220;Tenemos m\u00e1s de un a\u00f1o denunciando la peligrosa situaci\u00f3n que est\u00e1 experimentando esa pared y ahora, con las recientes lluvias, se ha recrudecido su deterioro&#8221;, denunci\u00f3 Franklin Teller\u00eda, en nombre de los comunitarios del lugar.<\/p>\n\n\n<div class=\"wp-block-image\">\n<figure class=\"alignleft size-large is-resized\"><img decoding=\"async\" width=\"472\" height=\"1024\" src=\"https:\/\/lasprimeras.com.do\/wp-content\/uploads\/2025\/10\/1-472x1024.jpg\" alt=\"\" class=\"wp-image-110889\" style=\"width:190px;height:auto\" srcset=\"https:\/\/lasprimeras.com.do\/wp-content\/uploads\/2025\/10\/1-472x1024.jpg 472w, https:\/\/lasprimeras.com.do\/wp-content\/uploads\/2025\/10\/1-138x300.jpg 138w, https:\/\/lasprimeras.com.do\/wp-content\/uploads\/2025\/10\/1-708x1536.jpg 708w, https:\/\/lasprimeras.com.do\/wp-content\/uploads\/2025\/10\/1.jpg 738w\" sizes=\"(max-width: 472px) 100vw, 472px\" \/><\/figure>\n<\/div>\n\n\n<p>En ese mismo tenor, Teller\u00eda, quien tambi\u00e9n es el entrenador de basketball de los ni\u00f1os de Salom\u00e9 Ure\u00f1a y barrios aleda\u00f1os, extern\u00f3 que han denunciado la situaci\u00f3n en varias ocasiones, ante las instituciones correspondientes, pero se les ha hecho caso omiso.<\/p>\n\n\n\n<p>&#8220;Hemos ido ante la misma directora de la Escuela y al Distrito 10-02, que es al que pertenece el plantel, pero, hasta el momento, no han hecho nada al respecto&#8221;, lament\u00f3 Teller\u00eda.<\/p>\n\n\n<div class=\"wp-block-image\">\n<figure class=\"alignright size-large is-resized\"><img decoding=\"async\" width=\"472\" height=\"1024\" src=\"https:\/\/lasprimeras.com.do\/wp-content\/uploads\/2025\/10\/2-1-472x1024.jpg\" alt=\"\" class=\"wp-image-110890\" style=\"width:175px;height:auto\" srcset=\"https:\/\/lasprimeras.com.do\/wp-content\/uploads\/2025\/10\/2-1-472x1024.jpg 472w, https:\/\/lasprimeras.com.do\/wp-content\/uploads\/2025\/10\/2-1-138x300.jpg 138w, https:\/\/lasprimeras.com.do\/wp-content\/uploads\/2025\/10\/2-1-708x1536.jpg 708w, https:\/\/lasprimeras.com.do\/wp-content\/uploads\/2025\/10\/2-1.jpg 738w\" sizes=\"(max-width: 472px) 100vw, 472px\" \/><\/figure>\n<\/div>\n\n\n<p>Asimismo, el destacado dirigente deportivo, advirti\u00f3 que el lugar donde est\u00e1 localizada la pared, es transitado por numerosas personas, incluyendo los ni\u00f1os que estudian en el recinto escolar y los que van a practicar a la cancha que hace pared con dicha escuela.<\/p>\n\n\n\n<p>&#8220;Hacemos un llamado a las autoridades competentes, como el Ministerio de Educaci\u00f3n, la Alcald\u00eda de Santo Domingo Norte y Obras P\u00fablicas, para que tomen las medidas correspondientes ahora y no cuando ocurra una tragedia&#8221;, insisti\u00f3 el respetado comunitario.<\/p>\n\n\n\n<figure class=\"wp-block-video\"><video height=\"480\" style=\"aspect-ratio: 848 \/ 480;\" width=\"848\" autoplay controls muted src=\"https:\/\/lasprimeras.com.do\/wp-content\/uploads\/2025\/10\/WhatsApp-Video-2025-10-02-at-9.15.54-AM.mp4\"><\/video><\/figure>\n","protected":false},"excerpt":{"rendered":"<p>Comunitarios del Proyecto Salom\u00e9 Ure\u00f1a, de Sabana Perdida, Santo Domingo Norte, advirtieron sobre el posible colapso, de una de las paredes perteneciente a la Escuela Rep\u00fablica de Ecuador, localizada en&hellip;<\/p>\n","protected":false},"author":10,"featured_media":110888,"comment_status":"open","ping_status":"open","sticky":false,"template":"","format":"standard","meta":{"content-type":"","jetpack_post_was_ever_published":false,"_jetpack_newsletter_access":"","_jetpack_dont_email_post_to_subs":false,"_jetpack_newsletter_tier_id":0,"_jetpack_memberships_contains_paywalled_content":false,"_jetpack_memberships_contains_paid_content":false,"footnotes":""},"categories":[35,25],"tags":[25501,1013,25503,25502,6129],"class_list":["post-110887","post","type-post","status-publish","format-standard","has-post-thumbnail","hentry","category-nacionales","category-portada","tag-colapso-de-pared","tag-comunitarios","tag-escuela-republica-de-ecuador","tag-proyecto-salome-urena","tag-sabana-perdida"],"jetpack_featured_media_url":"https:\/\/lasprimeras.com.do\/wp-content\/uploads\/2025\/10\/esc.jpg","jetpack-related-posts":[{"id":105898,"url":"https:\/\/lasprimeras.com.do\/index.php\/2025\/08\/08\/club-estrellas-del-salome-urena-realiza-exitoso-torneo-interbarrial-en-su-cuarta-version\/","url_meta":{"origin":110887,"position":0},"title":"Club Estrellas del Salom\u00e9 Ure\u00f1a, realiza exitoso Torneo Interbarrial, en su cuarta versi\u00f3n","author":"Nelson Feliz","date":"8 de agosto de 2025","format":false,"excerpt":"El Club Estrellas del Salom\u00e9 Ure\u00f1a, realiz\u00f3 una exitosa cuarta versi\u00f3n, del Torneo inter-barrial Salom\u00e9 Ure\u00f1a 2025, contando con el entusiasta apoyo de cientos de fan\u00e1ticos y del Ayuntamiento Santo Domingo Norte. En esta edici\u00f3n, participaron los equipos Cerros, Invi, Los Pinos y Salom\u00e9 Ure\u00f1a, siendo ganador este \u00faltimo, de\u2026","rel":"","context":"En \u00abDEPORTES\u00bb","block_context":{"text":"DEPORTES","link":"https:\/\/lasprimeras.com.do\/index.php\/category\/deportes\/"},"img":{"alt_text":"","src":"https:\/\/i0.wp.com\/lasprimeras.com.do\/wp-content\/uploads\/2025\/08\/SA-1.jpg?resize=350%2C200&ssl=1","width":350,"height":200,"srcset":"https:\/\/i0.wp.com\/lasprimeras.com.do\/wp-content\/uploads\/2025\/08\/SA-1.jpg?resize=350%2C200&ssl=1 1x, https:\/\/i0.wp.com\/lasprimeras.com.do\/wp-content\/uploads\/2025\/08\/SA-1.jpg?resize=525%2C300&ssl=1 1.5x, https:\/\/i0.wp.com\/lasprimeras.com.do\/wp-content\/uploads\/2025\/08\/SA-1.jpg?resize=700%2C400&ssl=1 2x"},"classes":[]},{"id":58794,"url":"https:\/\/lasprimeras.com.do\/index.php\/2023\/08\/28\/caasd-llevara-27-41-millones-de-galones-de-agua-adicionales-a-santo-domingo-norte\/","url_meta":{"origin":110887,"position":1},"title":"CAASD llevar\u00e1 27.41 millones de galones de agua adicionales a Santo Domingo Norte","author":"Nelson Feliz","date":"28 de agosto de 2023","format":false,"excerpt":"La entidad construye un trasvase desde la zona oriental para mejorar el servicio y beneficiar a 300 mil personas en esa localidad. La Corporaci\u00f3n del Acueducto y Alcantarillado de Santo Domingo (CAASD) inform\u00f3 que se encuentra en ejecuci\u00f3n el proyecto de construcci\u00f3n de un trasvase para llevar 27.41 millones de\u2026","rel":"","context":"En \u00abNACIONALES\u00bb","block_context":{"text":"NACIONALES","link":"https:\/\/lasprimeras.com.do\/index.php\/category\/nacionales\/"},"img":{"alt_text":"CAASD","src":"https:\/\/i0.wp.com\/lasprimeras.com.do\/wp-content\/uploads\/2023\/08\/CAASD-2.jpg?resize=350%2C200&ssl=1","width":350,"height":200,"srcset":"https:\/\/i0.wp.com\/lasprimeras.com.do\/wp-content\/uploads\/2023\/08\/CAASD-2.jpg?resize=350%2C200&ssl=1 1x, https:\/\/i0.wp.com\/lasprimeras.com.do\/wp-content\/uploads\/2023\/08\/CAASD-2.jpg?resize=525%2C300&ssl=1 1.5x, https:\/\/i0.wp.com\/lasprimeras.com.do\/wp-content\/uploads\/2023\/08\/CAASD-2.jpg?resize=700%2C400&ssl=1 2x"},"classes":[]},{"id":74005,"url":"https:\/\/lasprimeras.com.do\/index.php\/2024\/01\/18\/gobierno-apertura-un-caipi-comunitario-en-sabana-perdida\/","url_meta":{"origin":110887,"position":2},"title":"Gobierno apertura un CAIPI Comunitario en Sabana Perdida","author":"Nelson Feliz","date":"18 de enero de 2024","format":false,"excerpt":"Por Martin Restituyo El Instituto Nacional de Atenci\u00f3n Integral a la Primera Infancia (INAIPI) apertur\u00f3 los servicios del CAIPI Comunitario El Cristal (CAIPI C) en el sector de Sabana Perdida, del municipio Santo Domingo Norte, para beneficiar a 100 ni\u00f1os y ni\u00f1as con edades de 0 a 5 a\u00f1os. La\u2026","rel":"","context":"En \u00abNACIONALES\u00bb","block_context":{"text":"NACIONALES","link":"https:\/\/lasprimeras.com.do\/index.php\/category\/nacionales\/"},"img":{"alt_text":"Inaipi","src":"https:\/\/i0.wp.com\/lasprimeras.com.do\/wp-content\/uploads\/2024\/01\/22.jpg?resize=350%2C200&ssl=1","width":350,"height":200,"srcset":"https:\/\/i0.wp.com\/lasprimeras.com.do\/wp-content\/uploads\/2024\/01\/22.jpg?resize=350%2C200&ssl=1 1x, https:\/\/i0.wp.com\/lasprimeras.com.do\/wp-content\/uploads\/2024\/01\/22.jpg?resize=525%2C300&ssl=1 1.5x"},"classes":[]},{"id":97824,"url":"https:\/\/lasprimeras.com.do\/index.php\/2025\/04\/28\/fundapreps-lleva-salud-y-asistencia-a-mas-de-mil-personas-en-sabana-perdida\/","url_meta":{"origin":110887,"position":3},"title":"FUNDAPREPS lleva salud y asistencia a m\u00e1s de mil personas en Sabana Perdida","author":"Nelson Feliz","date":"28 de abril de 2025","format":false,"excerpt":"La presidenta de la Fundaci\u00f3n para la Promoci\u00f3n de la Econom\u00eda Popular y laSolidaridad (FUNDAPREPS), Emilia de Rosa, encabez\u00f3 este domingo un amplio operativo m\u00e9dico en el municipio de Sabana Perdida, beneficiando a m\u00e1s de mil ciudadanos en condiciones vulnerables. Durante la jornada, coordinada por Emilia, quien ha mantenido un\u2026","rel":"","context":"En \u00abSALUD\u00bb","block_context":{"text":"SALUD","link":"https:\/\/lasprimeras.com.do\/index.php\/category\/salud\/"},"img":{"alt_text":"","src":"https:\/\/i0.wp.com\/lasprimeras.com.do\/wp-content\/uploads\/2025\/04\/ope-1.jpg?resize=350%2C200&ssl=1","width":350,"height":200,"srcset":"https:\/\/i0.wp.com\/lasprimeras.com.do\/wp-content\/uploads\/2025\/04\/ope-1.jpg?resize=350%2C200&ssl=1 1x, https:\/\/i0.wp.com\/lasprimeras.com.do\/wp-content\/uploads\/2025\/04\/ope-1.jpg?resize=525%2C300&ssl=1 1.5x, https:\/\/i0.wp.com\/lasprimeras.com.do\/wp-content\/uploads\/2025\/04\/ope-1.jpg?resize=700%2C400&ssl=1 2x"},"classes":[]},{"id":60621,"url":"https:\/\/lasprimeras.com.do\/index.php\/2023\/09\/16\/ramon-altagracia-impulsara-importantes-proyectos-en-sdn\/","url_meta":{"origin":110887,"position":4},"title":"Ram\u00f3n Altagracia impulsara importantes proyectos en SDN","author":"Nelson Feliz","date":"16 de septiembre de 2023","format":false,"excerpt":"El aspirante a regidor por el Partido Fuerza del Pueblo, Ram\u00f3n Altagracia\u00a0 afirm\u00f3 hoy que aspira a otra vez, para continuar con los importantes proyectos que present\u00f3 y que algunos no han sido terminados. Para Altagracia unos de las conquistas m\u00e1s importante durante su ejercicio como regidor fue la ley\u2026","rel":"","context":"En \u00abSin categor\u00eda\u00bb","block_context":{"text":"Sin categor\u00eda","link":"https:\/\/lasprimeras.com.do\/index.php\/category\/sin-categoria\/"},"img":{"alt_text":"","src":"","width":0,"height":0},"classes":[]},{"id":94260,"url":"https:\/\/lasprimeras.com.do\/index.php\/2025\/02\/26\/comunitarios-valoran-intervencion-de-comedores-economicos-dentro-del-programa-el-gobierno-contigo\/","url_meta":{"origin":110887,"position":5},"title":"Comunitarios valoran intervenci\u00f3n de Comedores Econ\u00f3micos dentro del programa El Gobierno Contigo","author":"Nelson Feliz","date":"26 de febrero de 2025","format":false,"excerpt":"El director general de CEED, Edgar Augusto F\u00e9liz M\u00e9ndez, asegur\u00f3 que el objetivo no es ir un d\u00eda o dos a esos barrios, sino conocer la necesidad que tienen para de manera coordinada con las alcald\u00edas trabajar en la instalaci\u00f3n de comedores que brinden el servicio diariamente de manera gratuita\u2026","rel":"","context":"En \u00abNACIONALES\u00bb","block_context":{"text":"NACIONALES","link":"https:\/\/lasprimeras.com.do\/index.php\/category\/nacionales\/"},"img":{"alt_text":"","src":"https:\/\/i0.wp.com\/lasprimeras.com.do\/wp-content\/uploads\/2025\/02\/comedores-1.jpg?resize=350%2C200&ssl=1","width":350,"height":200,"srcset":"https:\/\/i0.wp.com\/lasprimeras.com.do\/wp-content\/uploads\/2025\/02\/comedores-1.jpg?resize=350%2C200&ssl=1 1x, https:\/\/i0.wp.com\/lasprimeras.com.do\/wp-content\/uploads\/2025\/02\/comedores-1.jpg?resize=525%2C300&ssl=1 1.5x"},"classes":[]}],"jetpack_sharing_enabled":true,"_links":{"self":[{"href":"https:\/\/lasprimeras.com.do\/index.php\/wp-json\/wp\/v2\/posts\/110887","targetHints":{"allow":["GET"]}}],"collection":[{"href":"https:\/\/lasprimeras.com.do\/index.php\/wp-json\/wp\/v2\/posts"}],"about":[{"href":"https:\/\/lasprimeras.com.do\/index.php\/wp-json\/wp\/v2\/types\/post"}],"author":[{"embeddable":true,"href":"https:\/\/lasprimeras.com.do\/index.php\/wp-json\/wp\/v2\/users\/10"}],"replies":[{"embeddable":true,"href":"https:\/\/lasprimeras.com.do\/index.php\/wp-json\/wp\/v2\/comments?post=110887"}],"version-history":[{"count":2,"href":"https:\/\/lasprimeras.com.do\/index.php\/wp-json\/wp\/v2\/posts\/110887\/revisions"}],"predecessor-version":[{"id":110893,"href":"https:\/\/lasprimeras.com.do\/index.php\/wp-json\/wp\/v2\/posts\/110887\/revisions\/110893"}],"wp:featuredmedia":[{"embeddable":true,"href":"https:\/\/lasprimeras.com.do\/index.php\/wp-json\/wp\/v2\/media\/110888"}],"wp:attachment":[{"href":"https:\/\/lasprimeras.com.do\/index.php\/wp-json\/wp\/v2\/media?parent=110887"}],"wp:term":[{"taxonomy":"category","embeddable":true,"href":"https:\/\/lasprimeras.com.do\/index.php\/wp-json\/wp\/v2\/categories?post=110887"},{"taxonomy":"post_tag","embeddable":true,"href":"https:\/\/lasprimeras.com.do\/index.php\/wp-json\/wp\/v2\/tags?post=110887"}],"curies":[{"name":"wp","href":"https:\/\/api.w.org\/{rel}","templated":true}]}}