{"id":110902,"date":"2025-10-02T11:45:27","date_gmt":"2025-10-02T15:45:27","guid":{"rendered":"https:\/\/lasprimeras.com.do\/?p=110902"},"modified":"2025-10-02T11:45:29","modified_gmt":"2025-10-02T15:45:29","slug":"luis-abinader-infotep-como-motor-fundamental-en-la-transformacion-social-y-economica-del-pais","status":"publish","type":"post","link":"https:\/\/lasprimeras.com.do\/index.php\/2025\/10\/02\/luis-abinader-infotep-como-motor-fundamental-en-la-transformacion-social-y-economica-del-pais\/","title":{"rendered":"Luis Abinader: INFOTEP como motor fundamental en la transformaci\u00f3n social y econ\u00f3mica del pa\u00eds"},"content":{"rendered":"\n<p><strong>Pilar clave en la lucha contra el desempleo, la pobreza y la desigualdad en la Rep\u00fablica Dominicana<\/strong><\/p>\n\n\n\n<p>En el marco de la 20\u00aa Reuni\u00f3n Regional de las Am\u00e9ricas de la Organizaci\u00f3n Internacional del Trabajo (OIT), el presidente Luis Abinader destac\u00f3 el papel estrat\u00e9gico del Instituto Nacional de Formaci\u00f3n T\u00e9cnico Profesional (INFOTEP) como motor fundamental en la transformaci\u00f3n social y econ\u00f3mica del pa\u00eds, contribuyendo activamente a la reducci\u00f3n del desempleo, la pobreza y la desigualdad.<\/p>\n\n\n\n<p>\u201cA trav\u00e9s de nuestro Instituto Nacional de Formaci\u00f3n T\u00e9cnico Profesional, que dirige el profesor Rafael Santos hemos capacitado a m\u00e1s de 3.5 millones de personas desde el 2020, alineando la preparaci\u00f3n de nuestros trabajadores con la transformaci\u00f3n digital de la industria 4.0, las energ\u00edas renovables y las nuevas cadenas de valor global, permitiendo a los trabajadores dominicanos acceder a empleos formales, productivos y bien remunerados\u201d, expres\u00f3 el mandatario.<\/p>\n\n\n\n<p>De igual manera, Abinader resalt\u00f3 la ampliaci\u00f3n que el INFOTEP ha tenido durante su \u00faltimo quinquenio, al pasar de ochos centro propios a 58 nuevas infraestructuras, dijo esto se\u00f1alando que, \u201cestos no son solo cifras, son historias reales de hombre y mujeres que hoy tiene m\u00e1s seguridad, m\u00e1s ingresos, m\u00e1s capacidad y sobre todo m\u00e1s esperanzas\u201d.<\/p>\n\n\n\n<p>Agreg\u00f3 que, la crisis de la pandemia dej\u00f3 una clara ense\u00f1anza, y es que, \u201cel trabajo no debe de ser un lujo ni una aspiraci\u00f3n, sino un derecho de Estado que se expresa en empleos formales, productivos y con igualdad de oportunidades para hombres y mujeres.<\/p>\n\n\n\n<p>Durante el encuentro que cont\u00f3 con la presencia de representantes de los 35 pa\u00eds de la regi\u00f3n de la Am\u00e9rica, el gobernante dominicano destacando que el fortalecimiento de la formaci\u00f3n t\u00e9cnico-profesional ha sido esencial para ampliar las oportunidades y cerrar la brecha de desigualdad entre hombres y mujer que, seg\u00fan la OIT, s\u00f3lo el 47% de las f\u00e9minas participan en el mercado laboral frente al 63% de los hombres.<\/p>\n","protected":false},"excerpt":{"rendered":"<p>Pilar clave en la lucha contra el desempleo, la pobreza y la desigualdad en la Rep\u00fablica Dominicana En el marco de la 20\u00aa Reuni\u00f3n Regional de las Am\u00e9ricas de la&hellip;<\/p>\n","protected":false},"author":10,"featured_media":110903,"comment_status":"open","ping_status":"open","sticky":false,"template":"","format":"standard","meta":{"content-type":"","jetpack_post_was_ever_published":false,"_jetpack_newsletter_access":"","_jetpack_dont_email_post_to_subs":false,"_jetpack_newsletter_tier_id":0,"_jetpack_memberships_contains_paywalled_content":false,"_jetpack_memberships_contains_paid_content":false,"footnotes":""},"categories":[35,25],"tags":[2520,1880,67,127,557,1592],"class_list":["post-110902","post","type-post","status-publish","format-standard","has-post-thumbnail","hentry","category-nacionales","category-portada","tag-economica","tag-infotep","tag-luis-abinader","tag-rd","tag-social","tag-transformacion"],"jetpack_featured_media_url":"https:\/\/lasprimeras.com.do\/wp-content\/uploads\/2025\/10\/Luis-Abinader.jpg","jetpack-related-posts":[{"id":123316,"url":"https:\/\/lasprimeras.com.do\/index.php\/2026\/02\/27\/directora-del-infotep-valora-como-positiva-rendicion-de-cuentas-del-presidente-abinader\/","url_meta":{"origin":110902,"position":0},"title":"Directora del INFOTEP valora como positiva rendici\u00f3n de cuentas del presidente Abinader","author":"Nelson Feliz","date":"27 de febrero de 2026","format":false,"excerpt":"Maira Morla Pineda afirma que el discurso reafirma la apuesta por el capital humano como eje estrat\u00e9gico para la productividad y la reducci\u00f3n de la pobreza. La directora general del INFOTEP, Maira Morla Pineda, valor\u00f3 como \u201cintegral, responsable y orientada a resultados\u201d la rendici\u00f3n de cuentas presentada ante la Asamblea\u2026","rel":"","context":"En \u00abNACIONALES\u00bb","block_context":{"text":"NACIONALES","link":"https:\/\/lasprimeras.com.do\/index.php\/category\/nacionales\/"},"img":{"alt_text":"Maira Morla Pineda","src":"https:\/\/i0.wp.com\/lasprimeras.com.do\/wp-content\/uploads\/2026\/02\/Maira-Morla-Pineda-1.jpg?resize=350%2C200&ssl=1","width":350,"height":200,"srcset":"https:\/\/i0.wp.com\/lasprimeras.com.do\/wp-content\/uploads\/2026\/02\/Maira-Morla-Pineda-1.jpg?resize=350%2C200&ssl=1 1x, https:\/\/i0.wp.com\/lasprimeras.com.do\/wp-content\/uploads\/2026\/02\/Maira-Morla-Pineda-1.jpg?resize=525%2C300&ssl=1 1.5x, https:\/\/i0.wp.com\/lasprimeras.com.do\/wp-content\/uploads\/2026\/02\/Maira-Morla-Pineda-1.jpg?resize=700%2C400&ssl=1 2x"},"classes":[]},{"id":102039,"url":"https:\/\/lasprimeras.com.do\/index.php\/2025\/06\/30\/director-de-infotep-afirma-capacitacion-impulsa-empleos-innovacion-y-desarrollo-desde-cada-rincon-del-pais\/","url_meta":{"origin":110902,"position":1},"title":"Director de INFOTEP afirma capacitaci\u00f3n impulsa empleos, innovaci\u00f3n y desarrollo desde cada rinc\u00f3n del pa\u00eds","author":"Nelson Feliz","date":"30 de junio de 2025","format":false,"excerpt":"\u00b7Rafael Santos Bad\u00eda, destac\u00f3 que bajo el gobierno de Luis Abinader se han formado m\u00e1s de 2.7 millones de personas, y afirm\u00f3 que \u201cel pa\u00eds entero quiere INFOTEP\u201d por su impacto en el empleo y el desarrollo local. El director general del Instituto Nacional de Formaci\u00f3n T\u00e9cnico Profesional (INFOTEP), Rafael\u2026","rel":"","context":"En \u00abNACIONALES\u00bb","block_context":{"text":"NACIONALES","link":"https:\/\/lasprimeras.com.do\/index.php\/category\/nacionales\/"},"img":{"alt_text":"Rafael Santos Bad\u00eda","src":"https:\/\/i0.wp.com\/lasprimeras.com.do\/wp-content\/uploads\/2025\/06\/infotep-3.jpg?resize=350%2C200&ssl=1","width":350,"height":200,"srcset":"https:\/\/i0.wp.com\/lasprimeras.com.do\/wp-content\/uploads\/2025\/06\/infotep-3.jpg?resize=350%2C200&ssl=1 1x, https:\/\/i0.wp.com\/lasprimeras.com.do\/wp-content\/uploads\/2025\/06\/infotep-3.jpg?resize=525%2C300&ssl=1 1.5x, https:\/\/i0.wp.com\/lasprimeras.com.do\/wp-content\/uploads\/2025\/06\/infotep-3.jpg?resize=700%2C400&ssl=1 2x"},"classes":[]},{"id":123560,"url":"https:\/\/lasprimeras.com.do\/index.php\/2026\/03\/02\/abinader-inaugura-escuela-de-hosteleria-y-turismo-del-infotep-en-punta-cana\/","url_meta":{"origin":110902,"position":2},"title":"Abinader inaugura Escuela de Hosteler\u00eda y Turismo del INFOTEP en Punta Cana","author":"Nelson Feliz","date":"2 de marzo de 2026","format":false,"excerpt":"\u2022-Proyecto forma parte de un acuerdo de cooperaci\u00f3n con Meli\u00e1 Hotels International para fortalecer la formaci\u00f3n t\u00e9cnico profesional en el sector tur\u00edstico El presidente de la Rep\u00fablica, Luis Abinader inaugur\u00f3 la Escuela de Hosteler\u00eda y Turismo Gabriel Escarrer Juli\u00e1, que funcionar\u00e1 en instalaciones cedidas por Meli\u00e1 Hotels International y operar\u00e1\u2026","rel":"","context":"En \u00abTURISMO\u00bb","block_context":{"text":"TURISMO","link":"https:\/\/lasprimeras.com.do\/index.php\/category\/turismo\/"},"img":{"alt_text":"","src":"https:\/\/i0.wp.com\/lasprimeras.com.do\/wp-content\/uploads\/2026\/03\/portada-1.jpg?resize=350%2C200&ssl=1","width":350,"height":200,"srcset":"https:\/\/i0.wp.com\/lasprimeras.com.do\/wp-content\/uploads\/2026\/03\/portada-1.jpg?resize=350%2C200&ssl=1 1x, https:\/\/i0.wp.com\/lasprimeras.com.do\/wp-content\/uploads\/2026\/03\/portada-1.jpg?resize=525%2C300&ssl=1 1.5x, https:\/\/i0.wp.com\/lasprimeras.com.do\/wp-content\/uploads\/2026\/03\/portada-1.jpg?resize=700%2C400&ssl=1 2x"},"classes":[]},{"id":94322,"url":"https:\/\/lasprimeras.com.do\/index.php\/2025\/02\/27\/abinader-destaca-el-papel-clave-de-infotep-en-la-reduccion-de-la-pobreza-mediante-la-formacion-dual\/","url_meta":{"origin":110902,"position":3},"title":"Abinader destaca el papel clave de INFOTEP en la reducci\u00f3n de la pobreza mediante la Formaci\u00f3n Dual","author":"Nelson Feliz","date":"27 de febrero de 2025","format":false,"excerpt":"El mandatario resalt\u00f3 el programa de Formaci\u00f3n Dual del INFOTEP como parte del plan proyectando para la reducir la pobreza general. El presidente Luis Abinader enfatiz\u00f3 la importancia de los programas de Formaci\u00f3n Dual (FD) implementados por el Instituto Nacional de Formaci\u00f3n T\u00e9cnico Profesional (INFOTEP) como parte de su estrategia\u2026","rel":"","context":"En \u00abNACIONALES\u00bb","block_context":{"text":"NACIONALES","link":"https:\/\/lasprimeras.com.do\/index.php\/category\/nacionales\/"},"img":{"alt_text":"","src":"https:\/\/i0.wp.com\/lasprimeras.com.do\/wp-content\/uploads\/2025\/02\/Luis-Abinader-12-1.jpg?resize=350%2C200&ssl=1","width":350,"height":200,"srcset":"https:\/\/i0.wp.com\/lasprimeras.com.do\/wp-content\/uploads\/2025\/02\/Luis-Abinader-12-1.jpg?resize=350%2C200&ssl=1 1x, https:\/\/i0.wp.com\/lasprimeras.com.do\/wp-content\/uploads\/2025\/02\/Luis-Abinader-12-1.jpg?resize=525%2C300&ssl=1 1.5x"},"classes":[]},{"id":126274,"url":"https:\/\/lasprimeras.com.do\/index.php\/2026\/03\/31\/infotep-y-universidad-isa-revisan-alianza-para-fortalecer-formacion-de-tecnicos-del-sector-agropecuario\/","url_meta":{"origin":110902,"position":4},"title":"INFOTEP y Universidad ISA revisan alianza para fortalecer formaci\u00f3n de t\u00e9cnicos del sector agropecuario","author":"Nelson Feliz","date":"31 de marzo de 2026","format":false,"excerpt":"\u00b7 La directora general del INFOTEP, Maira Morla Pineda, encabez\u00f3 el encuentro con autoridades de la Universidad ISA. El Instituto Nacional de Formaci\u00f3n T\u00e9cnico Profesional (INFOTEP) y la Universidad ISA iniciaron un proceso de evaluaci\u00f3n de su alianza estrat\u00e9gica con el objetivo de fortalecer la formaci\u00f3n de t\u00e9cnicos capacitados para\u2026","rel":"","context":"En \u00abNACIONALES\u00bb","block_context":{"text":"NACIONALES","link":"https:\/\/lasprimeras.com.do\/index.php\/category\/nacionales\/"},"img":{"alt_text":"","src":"https:\/\/i0.wp.com\/lasprimeras.com.do\/wp-content\/uploads\/2026\/03\/IMG-20260331-WA0742.jpg?resize=350%2C200&ssl=1","width":350,"height":200,"srcset":"https:\/\/i0.wp.com\/lasprimeras.com.do\/wp-content\/uploads\/2026\/03\/IMG-20260331-WA0742.jpg?resize=350%2C200&ssl=1 1x, https:\/\/i0.wp.com\/lasprimeras.com.do\/wp-content\/uploads\/2026\/03\/IMG-20260331-WA0742.jpg?resize=525%2C300&ssl=1 1.5x, https:\/\/i0.wp.com\/lasprimeras.com.do\/wp-content\/uploads\/2026\/03\/IMG-20260331-WA0742.jpg?resize=700%2C400&ssl=1 2x, https:\/\/i0.wp.com\/lasprimeras.com.do\/wp-content\/uploads\/2026\/03\/IMG-20260331-WA0742.jpg?resize=1050%2C600&ssl=1 3x, https:\/\/i0.wp.com\/lasprimeras.com.do\/wp-content\/uploads\/2026\/03\/IMG-20260331-WA0742.jpg?resize=1400%2C800&ssl=1 4x"},"classes":[]},{"id":62429,"url":"https:\/\/lasprimeras.com.do\/index.php\/2023\/10\/05\/presidente-de-la-republica-apertura-46a-reunion-de-la-comision-tecnica-de-oit-cinterfor\/","url_meta":{"origin":110902,"position":5},"title":"Presidente de la Rep\u00fablica apertura 46\u00aa Reuni\u00f3n de la Comisi\u00f3n T\u00e9cnica de OIT\/Cinterfor","author":"Nelson Feliz","date":"5 de octubre de 2023","format":false,"excerpt":"Tambi\u00e9n presidieron el director general de la OIT, Gilbert F. Houngbo, el ministro de Trabajo de RD, el director del INFOTEP, la directora de OIT-Cinterfor. Por Martin Restituyo Con la presencia del presidente de la Rep\u00fablica, Luis Abinader, y del director general de la Organizaci\u00f3n Internacional del Trabajo (OIT), Gilbert\u2026","rel":"","context":"En \u00abECONOM\u00cdA\u00bb","block_context":{"text":"ECONOM\u00cdA","link":"https:\/\/lasprimeras.com.do\/index.php\/category\/economia\/"},"img":{"alt_text":"Luis Abinader","src":"https:\/\/i0.wp.com\/lasprimeras.com.do\/wp-content\/uploads\/2023\/10\/Luis-Abinader.jpg?resize=350%2C200&ssl=1","width":350,"height":200,"srcset":"https:\/\/i0.wp.com\/lasprimeras.com.do\/wp-content\/uploads\/2023\/10\/Luis-Abinader.jpg?resize=350%2C200&ssl=1 1x, https:\/\/i0.wp.com\/lasprimeras.com.do\/wp-content\/uploads\/2023\/10\/Luis-Abinader.jpg?resize=525%2C300&ssl=1 1.5x, https:\/\/i0.wp.com\/lasprimeras.com.do\/wp-content\/uploads\/2023\/10\/Luis-Abinader.jpg?resize=700%2C400&ssl=1 2x"},"classes":[]}],"jetpack_sharing_enabled":true,"_links":{"self":[{"href":"https:\/\/lasprimeras.com.do\/index.php\/wp-json\/wp\/v2\/posts\/110902","targetHints":{"allow":["GET"]}}],"collection":[{"href":"https:\/\/lasprimeras.com.do\/index.php\/wp-json\/wp\/v2\/posts"}],"about":[{"href":"https:\/\/lasprimeras.com.do\/index.php\/wp-json\/wp\/v2\/types\/post"}],"author":[{"embeddable":true,"href":"https:\/\/lasprimeras.com.do\/index.php\/wp-json\/wp\/v2\/users\/10"}],"replies":[{"embeddable":true,"href":"https:\/\/lasprimeras.com.do\/index.php\/wp-json\/wp\/v2\/comments?post=110902"}],"version-history":[{"count":1,"href":"https:\/\/lasprimeras.com.do\/index.php\/wp-json\/wp\/v2\/posts\/110902\/revisions"}],"predecessor-version":[{"id":110904,"href":"https:\/\/lasprimeras.com.do\/index.php\/wp-json\/wp\/v2\/posts\/110902\/revisions\/110904"}],"wp:featuredmedia":[{"embeddable":true,"href":"https:\/\/lasprimeras.com.do\/index.php\/wp-json\/wp\/v2\/media\/110903"}],"wp:attachment":[{"href":"https:\/\/lasprimeras.com.do\/index.php\/wp-json\/wp\/v2\/media?parent=110902"}],"wp:term":[{"taxonomy":"category","embeddable":true,"href":"https:\/\/lasprimeras.com.do\/index.php\/wp-json\/wp\/v2\/categories?post=110902"},{"taxonomy":"post_tag","embeddable":true,"href":"https:\/\/lasprimeras.com.do\/index.php\/wp-json\/wp\/v2\/tags?post=110902"}],"curies":[{"name":"wp","href":"https:\/\/api.w.org\/{rel}","templated":true}]}}