{"id":110946,"date":"2025-10-02T19:57:09","date_gmt":"2025-10-02T23:57:09","guid":{"rendered":"https:\/\/lasprimeras.com.do\/?p=110946"},"modified":"2025-10-02T19:57:11","modified_gmt":"2025-10-02T23:57:11","slug":"senadores-recorren-laguna-de-cabral-y-escuchan-preocupaciones-de-pescadores-por-reduccion-del-caudal","status":"publish","type":"post","link":"https:\/\/lasprimeras.com.do\/index.php\/2025\/10\/02\/senadores-recorren-laguna-de-cabral-y-escuchan-preocupaciones-de-pescadores-por-reduccion-del-caudal\/","title":{"rendered":"Senadores recorren laguna de Cabral y escuchan preocupaciones de pescadores por reducci\u00f3n del caudal"},"content":{"rendered":"\n<p>La Comisi\u00f3n de Medio Ambiente y Recursos Naturales del Senado de la Rep\u00fablica se traslad\u00f3 este jueves hasta el municipio de Cabral, provincia Barahona, donde realiz\u00f3 un descenso en la laguna de Rinc\u00f3n o Cabral, como parte del estudio de la resoluci\u00f3n que solicita la intervenci\u00f3n del Poder Ejecutivo, para su dragado y conservaci\u00f3n.<\/p>\n\n\n\n<p>La iniciativa propuesta por el senador Mois\u00e9s Ayala P\u00e9rez, establece que en los \u00faltimos a\u00f1os la laguna se ha visto notoriamente afectada por una profunda sedimentaci\u00f3n provocada por diversas causas como la deforestaci\u00f3n de la zona, lo que ha provocado la disminuci\u00f3n del caudal de agua, la escasez de peces, y reducci\u00f3n en la pesca y la econom\u00eda.<\/p>\n\n\n\n<p>Conforme a una nota de prensa, la delegaci\u00f3n del \u00f3rgano legislativo, presidida por el senador Antonio Marte, lleg\u00f3 a Cabral a las 9:30 de la ma\u00f1ana, y se desplaz\u00f3 hasta la laguna en compa\u00f1\u00eda de autoridades locales y representantes del Instituto Nacional de Recursos Hidr\u00e1ulicos (Indrhi), del Ministerio de Medio Ambiente y Recursos Naturales, y de la Academia de Ciencias de la Rep\u00fablica Dominicana.<\/p>\n\n\n\n<p>Indica que al llegar a la zona de embarque de la laguna Cabral, conocida como Punta de la Secreta, los senadores observaron las condiciones del embalse y se reunieron con pescadores y dirigentes comunitarios, de quienes escucharon sus quejas y preocupaciones sobre esa situaci\u00f3n.<\/p>\n\n\n\n<p>Levantamiento t\u00e9cnico<\/p>\n\n\n\n<p>El senador Antonio Marte explic\u00f3 a los trabajadores pesqueros que la comisi\u00f3n de senadores lleg\u00f3 hasta la laguna de Cabral con la finalidad de realizar un levantamiento t\u00e9cnico en conjunto con las instituciones gubernamentales y determinar las causas que llevaron a la disminuci\u00f3n del caudal, y buscar soluciones concretas.<\/p>\n\n\n\n<p>&#8220;Ustedes pueden estar seguros de que esta comisi\u00f3n de senadores junto a las instituciones del gobierno, trabajaremos de manera ardua y tomaremos acciones para que esta laguna vuelva a tener los niveles de agua que posibilitan la crianza y reproducci\u00f3n de peces y, de esa manera, ustedes retomen la pesca y mejore la econom\u00eda en la zona&#8221;, dijo el legislador.<\/p>\n\n\n\n<p>En ese sentido tambi\u00e9n habl\u00f3 el senador Mois\u00e9s Ayala P\u00e9rez, quien subray\u00f3 que la sedimentaci\u00f3n y sequ\u00eda que afectan a la laguna Rinc\u00f3n es una problem\u00e1tica que se ha estado generando desde hace m\u00e1s de 10 a\u00f1os, &#8220;y realmente estamos trabajando para corregir lo m\u00e1s pronto posible esta problem\u00e1tica, para que los hombres y mujeres de Cabral vuelvan a tener pescas productivas con las cuales puedan sustentar econ\u00f3micamente a sus familias&#8221;, expres\u00f3 el representante de Barahona ante el Senado de la Rep\u00fablica.<\/p>\n\n\n\n<p>Ayala P\u00e9rez, indic\u00f3 que, de acuerdo con los datos ofrecidos por el Instituto Nacional de Recursos Hidr\u00e1ulicos (Indhri), el caudal normal de la laguna Cabral abarca 43 kil\u00f3metros cuadrados y en la actualidad ha disminuido a solo 22 kil\u00f3metros cuadrados.<\/p>\n\n\n\n<p>Sobre la iniciativa<\/p>\n\n\n\n<p>La resoluci\u00f3n que solicita la intervenci\u00f3n del Poder Ejecutivo, para el dragado y conservaci\u00f3n de la laguna Rinc\u00f3n, establece que la laguna Rinc\u00f3n o Cabral, ubicada en las cercan\u00edas de los municipios Cabral, Pe\u00f1\u00f3n y Las Salinas, posee una notable diversidad de flora y fauna nativa, variedades de peces y aves migratorias y locales, erigi\u00e9ndose como un espacio de reserva natural.<\/p>\n","protected":false},"excerpt":{"rendered":"<p>La Comisi\u00f3n de Medio Ambiente y Recursos Naturales del Senado de la Rep\u00fablica se traslad\u00f3 este jueves hasta el municipio de Cabral, provincia Barahona, donde realiz\u00f3 un descenso en la&hellip;<\/p>\n","protected":false},"author":10,"featured_media":110947,"comment_status":"open","ping_status":"open","sticky":false,"template":"","format":"standard","meta":{"content-type":"","jetpack_post_was_ever_published":false,"_jetpack_newsletter_access":"","_jetpack_dont_email_post_to_subs":false,"_jetpack_newsletter_tier_id":0,"_jetpack_memberships_contains_paywalled_content":false,"_jetpack_memberships_contains_paid_content":false,"footnotes":""},"categories":[16560],"tags":[25467,10918,25529,23684,25530,3300],"class_list":["post-110946","post","type-post","status-publish","format-standard","has-post-thumbnail","hentry","category-medio-ambiente","tag-laguna-de-cabral","tag-pescadores","tag-preocupaciones","tag-recorren","tag-reduccion-del-caudal","tag-senadores"],"jetpack_featured_media_url":"https:\/\/lasprimeras.com.do\/wp-content\/uploads\/2025\/10\/senadores-1.jpg","jetpack-related-posts":[{"id":113517,"url":"https:\/\/lasprimeras.com.do\/index.php\/2025\/11\/03\/aumenta-nivel-de-agua-en-laguna-cabral-tras-lluvia-de-melissa\/","url_meta":{"origin":110946,"position":0},"title":"Aumenta nivel de agua en Laguna Cabral, tras lluvia de Melissa","author":"Nelson Feliz","date":"3 de noviembre de 2025","format":false,"excerpt":"El nivel de agua de la Laguna Cabral aument\u00f3 con los recientes aguaceros provocados por el paso del hurac\u00e1n Melissa por la parte oeste de Rep\u00fablica Dominicana, seg\u00fan informaron residentes de este municipio. Algunos mostraron su alegr\u00eda por el aumento del nivel de agua de la laguna Rinc\u00f3n o de\u2026","rel":"","context":"En \u00abMEDIO AMBIENTE\u00bb","block_context":{"text":"MEDIO AMBIENTE","link":"https:\/\/lasprimeras.com.do\/index.php\/category\/medio-ambiente\/"},"img":{"alt_text":"","src":"https:\/\/i0.wp.com\/lasprimeras.com.do\/wp-content\/uploads\/2025\/11\/Laguna-Cabral-1.jpg?resize=350%2C200&ssl=1","width":350,"height":200,"srcset":"https:\/\/i0.wp.com\/lasprimeras.com.do\/wp-content\/uploads\/2025\/11\/Laguna-Cabral-1.jpg?resize=350%2C200&ssl=1 1x, https:\/\/i0.wp.com\/lasprimeras.com.do\/wp-content\/uploads\/2025\/11\/Laguna-Cabral-1.jpg?resize=525%2C300&ssl=1 1.5x, https:\/\/i0.wp.com\/lasprimeras.com.do\/wp-content\/uploads\/2025\/11\/Laguna-Cabral-1.jpg?resize=700%2C400&ssl=1 2x"},"classes":[]},{"id":110827,"url":"https:\/\/lasprimeras.com.do\/index.php\/2025\/10\/01\/medio-ambiente-responsabiliza-al-consorcio-azucarero-central-por-merma-de-agua-en-laguna-de-cabral\/","url_meta":{"origin":110946,"position":1},"title":"Medio Ambiente responsabiliza al Consorcio Azucarero Central por merma de agua en laguna de Cabral","author":"Nelson Feliz","date":"1 de octubre de 2025","format":false,"excerpt":"El Ministerio de Medio Ambiente y Recursos Naturales inform\u00f3 sobre los resultados de una evaluaci\u00f3n t\u00e9cnica y atribuy\u00f3 la degradaci\u00f3n la laguna de Cabral o Laguna Rinc\u00f3n, en Barahona a varios factores, principalmente al uso exclusivo del canal de Trujillo por parte del Consorcio Azucarero Central (CAC). Explic\u00f3 mediante un\u2026","rel":"","context":"En \u00abMEDIO AMBIENTE\u00bb","block_context":{"text":"MEDIO AMBIENTE","link":"https:\/\/lasprimeras.com.do\/index.php\/category\/medio-ambiente\/"},"img":{"alt_text":"","src":"https:\/\/i0.wp.com\/lasprimeras.com.do\/wp-content\/uploads\/2025\/10\/laguna.jpg?resize=350%2C200&ssl=1","width":350,"height":200,"srcset":"https:\/\/i0.wp.com\/lasprimeras.com.do\/wp-content\/uploads\/2025\/10\/laguna.jpg?resize=350%2C200&ssl=1 1x, https:\/\/i0.wp.com\/lasprimeras.com.do\/wp-content\/uploads\/2025\/10\/laguna.jpg?resize=525%2C300&ssl=1 1.5x, https:\/\/i0.wp.com\/lasprimeras.com.do\/wp-content\/uploads\/2025\/10\/laguna.jpg?resize=700%2C400&ssl=1 2x"},"classes":[]},{"id":111771,"url":"https:\/\/lasprimeras.com.do\/index.php\/2025\/10\/13\/pescadores-de-cabral-denuncian-crimen-ecologico-y-culpan-al-consorcio-azucarero-por-la-desecacion-de-la-laguna-rincon\/","url_meta":{"origin":110946,"position":2},"title":"Pescadores de Cabral denuncian crimen ecol\u00f3gico y culpan al Consorcio Azucarero por la desecaci\u00f3n de la Laguna Rinc\u00f3n","author":"Nelson Feliz","date":"13 de octubre de 2025","format":false,"excerpt":"CABRAL, BARAHONA - La Laguna Rinc\u00f3n, tambi\u00e9n conocida como Lago de Cabral, se encuentra en un estado cr\u00edtico de desecaci\u00f3n, afectando gravemente a los pescadores de la zona, quienes culpan a la empresa Consorcio Azucarero Central (CAC) por lo que califican de \"crimen ecol\u00f3gico\". Un para\u00edso que agoniza Considerado el\u2026","rel":"","context":"En \u00abMEDIO AMBIENTE\u00bb","block_context":{"text":"MEDIO AMBIENTE","link":"https:\/\/lasprimeras.com.do\/index.php\/category\/medio-ambiente\/"},"img":{"alt_text":"","src":"https:\/\/i0.wp.com\/lasprimeras.com.do\/wp-content\/uploads\/2025\/10\/La-Laguna-Rincon-1.jpg?resize=350%2C200&ssl=1","width":350,"height":200,"srcset":"https:\/\/i0.wp.com\/lasprimeras.com.do\/wp-content\/uploads\/2025\/10\/La-Laguna-Rincon-1.jpg?resize=350%2C200&ssl=1 1x, https:\/\/i0.wp.com\/lasprimeras.com.do\/wp-content\/uploads\/2025\/10\/La-Laguna-Rincon-1.jpg?resize=525%2C300&ssl=1 1.5x, https:\/\/i0.wp.com\/lasprimeras.com.do\/wp-content\/uploads\/2025\/10\/La-Laguna-Rincon-1.jpg?resize=700%2C400&ssl=1 2x"},"classes":[]},{"id":122158,"url":"https:\/\/lasprimeras.com.do\/index.php\/2026\/02\/14\/antonio-marte-destaca-gestion-de-comision-del-senado-en-la-recuperacion-de-la-laguna-rincon-en-barahona\/","url_meta":{"origin":110946,"position":3},"title":"Antonio Marte destaca gesti\u00f3n de Comisi\u00f3n del Senado en la recuperaci\u00f3n de la Laguna Rinc\u00f3n en Barahona","author":"Nelson Feliz","date":"14 de febrero de 2026","format":false,"excerpt":"Por Elvis Castro Hern\u00e1ndez El senador Antonio Marte, dijo que, como resultado de las gestiones realizadas por la Comisi\u00f3n de Medio Ambiente y Recursos Naturales del Senado de la Rep\u00fablica, y las acciones eficientes de organismos del Estado, la Laguna de Rinc\u00f3n ubicada en la provincia Barahona, ha recobrado su\u2026","rel":"","context":"En \u00abNACIONALES\u00bb","block_context":{"text":"NACIONALES","link":"https:\/\/lasprimeras.com.do\/index.php\/category\/nacionales\/"},"img":{"alt_text":"Antonio Marte","src":"https:\/\/i0.wp.com\/lasprimeras.com.do\/wp-content\/uploads\/2026\/02\/Antonio-Marte.jpg?resize=350%2C200&ssl=1","width":350,"height":200,"srcset":"https:\/\/i0.wp.com\/lasprimeras.com.do\/wp-content\/uploads\/2026\/02\/Antonio-Marte.jpg?resize=350%2C200&ssl=1 1x, https:\/\/i0.wp.com\/lasprimeras.com.do\/wp-content\/uploads\/2026\/02\/Antonio-Marte.jpg?resize=525%2C300&ssl=1 1.5x, https:\/\/i0.wp.com\/lasprimeras.com.do\/wp-content\/uploads\/2026\/02\/Antonio-Marte.jpg?resize=700%2C400&ssl=1 2x"},"classes":[]},{"id":109686,"url":"https:\/\/lasprimeras.com.do\/index.php\/2025\/09\/21\/la-red-socioambiental-nacional-denuncia-crimen-ecologico-en-la-laguna-de-rincon\/","url_meta":{"origin":110946,"position":4},"title":"La Red Socioambiental Nacional denuncia crimen ecol\u00f3gico en la Laguna de Rinc\u00f3n","author":"Nelson Feliz","date":"21 de septiembre de 2025","format":false,"excerpt":"La Red Socioambiental Nacional exige acciones urgentes del Estado. La Red Socioambiental Nacional denuncia ante el pa\u00eds y la comunidad internacional el CRIMEN ECOL\u00d3GICO que se comete contra la Laguna de Rinc\u00f3n (o Laguna de Cabral), donde el monopolio h\u00eddrico del Consorcio Azucarero Central (CAC), con la complacencia y negligencia\u2026","rel":"","context":"En \u00abNACIONALES\u00bb","block_context":{"text":"NACIONALES","link":"https:\/\/lasprimeras.com.do\/index.php\/category\/nacionales\/"},"img":{"alt_text":"","src":"https:\/\/i0.wp.com\/lasprimeras.com.do\/wp-content\/uploads\/2025\/09\/laguna-rincon.jpg?resize=350%2C200&ssl=1","width":350,"height":200,"srcset":"https:\/\/i0.wp.com\/lasprimeras.com.do\/wp-content\/uploads\/2025\/09\/laguna-rincon.jpg?resize=350%2C200&ssl=1 1x, https:\/\/i0.wp.com\/lasprimeras.com.do\/wp-content\/uploads\/2025\/09\/laguna-rincon.jpg?resize=525%2C300&ssl=1 1.5x, https:\/\/i0.wp.com\/lasprimeras.com.do\/wp-content\/uploads\/2025\/09\/laguna-rincon.jpg?resize=700%2C400&ssl=1 2x"},"classes":[]},{"id":107399,"url":"https:\/\/lasprimeras.com.do\/index.php\/2025\/08\/26\/enfermeras-del-hospital-cabral-y-baez-paralizan-labores-en-demanda-de-reivindicaciones\/","url_meta":{"origin":110946,"position":5},"title":"Enfermeras del hospital Cabral y B\u00e1ez paralizan labores en demanda de reivindicaciones","author":"Nelson Feliz","date":"26 de agosto de 2025","format":false,"excerpt":"La situaci\u00f3n ha provocado la suspensi\u00f3n de consultas y reducci\u00f3n de atenciones en distintas unidades. El personal de enfermer\u00eda del hospital regional universitario Jos\u00e9 Mar\u00eda Cabral y B\u00e1ez, en la provincia Santiago, paraliz\u00f3 sus labores este martes en reclamo de una serie de reivindicaciones que, seg\u00fan denuncia, las autoridades de\u2026","rel":"","context":"En \u00abNACIONALES\u00bb","block_context":{"text":"NACIONALES","link":"https:\/\/lasprimeras.com.do\/index.php\/category\/nacionales\/"},"img":{"alt_text":"","src":"https:\/\/i0.wp.com\/lasprimeras.com.do\/wp-content\/uploads\/2025\/08\/medicos-1.jpeg?resize=350%2C200&ssl=1","width":350,"height":200,"srcset":"https:\/\/i0.wp.com\/lasprimeras.com.do\/wp-content\/uploads\/2025\/08\/medicos-1.jpeg?resize=350%2C200&ssl=1 1x, https:\/\/i0.wp.com\/lasprimeras.com.do\/wp-content\/uploads\/2025\/08\/medicos-1.jpeg?resize=525%2C300&ssl=1 1.5x, https:\/\/i0.wp.com\/lasprimeras.com.do\/wp-content\/uploads\/2025\/08\/medicos-1.jpeg?resize=700%2C400&ssl=1 2x, https:\/\/i0.wp.com\/lasprimeras.com.do\/wp-content\/uploads\/2025\/08\/medicos-1.jpeg?resize=1050%2C600&ssl=1 3x, https:\/\/i0.wp.com\/lasprimeras.com.do\/wp-content\/uploads\/2025\/08\/medicos-1.jpeg?resize=1400%2C800&ssl=1 4x"},"classes":[]}],"jetpack_sharing_enabled":true,"_links":{"self":[{"href":"https:\/\/lasprimeras.com.do\/index.php\/wp-json\/wp\/v2\/posts\/110946","targetHints":{"allow":["GET"]}}],"collection":[{"href":"https:\/\/lasprimeras.com.do\/index.php\/wp-json\/wp\/v2\/posts"}],"about":[{"href":"https:\/\/lasprimeras.com.do\/index.php\/wp-json\/wp\/v2\/types\/post"}],"author":[{"embeddable":true,"href":"https:\/\/lasprimeras.com.do\/index.php\/wp-json\/wp\/v2\/users\/10"}],"replies":[{"embeddable":true,"href":"https:\/\/lasprimeras.com.do\/index.php\/wp-json\/wp\/v2\/comments?post=110946"}],"version-history":[{"count":1,"href":"https:\/\/lasprimeras.com.do\/index.php\/wp-json\/wp\/v2\/posts\/110946\/revisions"}],"predecessor-version":[{"id":110948,"href":"https:\/\/lasprimeras.com.do\/index.php\/wp-json\/wp\/v2\/posts\/110946\/revisions\/110948"}],"wp:featuredmedia":[{"embeddable":true,"href":"https:\/\/lasprimeras.com.do\/index.php\/wp-json\/wp\/v2\/media\/110947"}],"wp:attachment":[{"href":"https:\/\/lasprimeras.com.do\/index.php\/wp-json\/wp\/v2\/media?parent=110946"}],"wp:term":[{"taxonomy":"category","embeddable":true,"href":"https:\/\/lasprimeras.com.do\/index.php\/wp-json\/wp\/v2\/categories?post=110946"},{"taxonomy":"post_tag","embeddable":true,"href":"https:\/\/lasprimeras.com.do\/index.php\/wp-json\/wp\/v2\/tags?post=110946"}],"curies":[{"name":"wp","href":"https:\/\/api.w.org\/{rel}","templated":true}]}}