{"id":111008,"date":"2025-10-03T08:49:47","date_gmt":"2025-10-03T12:49:47","guid":{"rendered":"https:\/\/lasprimeras.com.do\/?p=111008"},"modified":"2025-10-03T08:49:49","modified_gmt":"2025-10-03T12:49:49","slug":"apple-retira-aplicacion-que-permite-rastrear-y-reportar-anonimamente-avistamientos-de-agentes-de-ice","status":"publish","type":"post","link":"https:\/\/lasprimeras.com.do\/index.php\/2025\/10\/03\/apple-retira-aplicacion-que-permite-rastrear-y-reportar-anonimamente-avistamientos-de-agentes-de-ice\/","title":{"rendered":"Apple retira aplicaci\u00f3n que permite rastrear y reportar an\u00f3nimamente avistamientos de agentes de ICE"},"content":{"rendered":"\n<p>Por Associated Press<\/p>\n\n\n\n<p>Apple ha eliminado una aplicaci\u00f3n que utiliza crowdsourcing para marcar avistamientos de agentes de inmigraci\u00f3n estadounidenses , aparentemente despu\u00e9s de haber sido presionada por las autoridades estadounidenses.<\/p>\n\n\n\n<p>ICEBlock, una aplicaci\u00f3n gratuita exclusiva para iPhone que permite a los usuarios informar y monitorear de forma an\u00f3nima la actividad de los agentes del Servicio de Inmigraci\u00f3n y Control de Aduanas (ICE), ya no estaba disponible en la App Store de Apple a partir del viernes.<\/p>\n\n\n\n<p>Acabamos de recibir un mensaje de la Revisi\u00f3n de Aplicaciones de Apple informando que #ICEBlock ha sido eliminado de la App Store debido a contenido objetable, declar\u00f3 el desarrollador en una publicaci\u00f3n en redes sociales. &#8220;Lo \u00fanico que podemos imaginar es que esto se debe a la presi\u00f3n del gobierno de Trump. \u00a1Hemos respondido y lucharemos contra esto!&#8221;<\/p>\n\n\n\n<p>El desarrollador declar\u00f3 el mes pasado que contaba con m\u00e1s de un mill\u00f3n de usuarios. Aunque se elimin\u00f3 de la tienda de aplicaciones, quienes ya la descargaron deber\u00edan poder seguir us\u00e1ndola.<\/p>\n\n\n\n<p>Apple no respondi\u00f3 inmediatamente a una solicitud de comentarios.<\/p>\n\n\n\n<p>\u201cCreamos la App Store para que sea un lugar seguro y confiable para descubrir aplicaciones\u201d, declar\u00f3 la compa\u00f1\u00eda en un comunicado a otros medios. \u201cBas\u00e1ndonos en la informaci\u00f3n que hemos recibido de las autoridades sobre los riesgos de seguridad asociados con ICEBlock, la hemos eliminado, junto con otras aplicaciones similares, de la App Store\u201d.<\/p>\n\n\n\n<p>Las descargas de aplicaciones como ICEblock se han disparado a medida que la administraci\u00f3n Trump intensifica la aplicaci\u00f3n de medidas migratorias con redadas sorpresa. Esta tecnolog\u00eda ha sido objeto de fuertes cr\u00edticas por parte de las autoridades tras el ataque a agentes.<\/p>\n\n\n\n<p>En una entrevista en julio en Fox News, la Fiscal General de Estados Unidos, Pam Bondi, dijo que las aplicaciones colaborativas que permiten a las personas comunicarse sobre la ubicaci\u00f3n de los agentes del orden p\u00fablico no est\u00e1n permitidas, refiri\u00e9ndose espec\u00edficamente al desarrollador de ICEBlock, Joshua Aaron.<\/p>\n\n\n\n<p>&#8220;Lo estamos vigilando y m\u00e1s le vale tener cuidado porque eso no es una expresi\u00f3n protegida&#8221;, dijo Bondi en ese momento.<\/p>\n\n\n\n<p>Sin embargo, existen muchas aplicaciones que rastrean a las fuerzas del orden y que siguen disponibles para los usuarios, como Waze o Google Maps. Estas aplicaciones, adem\u00e1s de ofrecer navegaci\u00f3n, alertan a los conductores sobre la posible ubicaci\u00f3n de radares de velocidad.<\/p>\n\n\n\n<p>Las autoridades dijeron el mes pasado que un hombre armado que abri\u00f3 fuego en una instalaci\u00f3n de Inmigraci\u00f3n y Control de Aduanas en Dallas hab\u00eda buscado aplicaciones que rastrearan la presencia de agentes de ICE.<\/p>\n","protected":false},"excerpt":{"rendered":"<p>Por Associated Press Apple ha eliminado una aplicaci\u00f3n que utiliza crowdsourcing para marcar avistamientos de agentes de inmigraci\u00f3n estadounidenses , aparentemente despu\u00e9s de haber sido presionada por las autoridades estadounidenses.&hellip;<\/p>\n","protected":false},"author":10,"featured_media":111009,"comment_status":"open","ping_status":"open","sticky":false,"template":"","format":"standard","meta":{"content-type":"","jetpack_post_was_ever_published":false,"_jetpack_newsletter_access":"","_jetpack_dont_email_post_to_subs":false,"_jetpack_newsletter_tier_id":0,"_jetpack_memberships_contains_paywalled_content":false,"_jetpack_memberships_contains_paid_content":false,"footnotes":""},"categories":[23746],"tags":[25553,25550,4903,25206,15467,10938,25552,25551],"class_list":["post-111008","post","type-post","status-publish","format-standard","has-post-thumbnail","hentry","category-tecnologia","tag-agentes-de-ice","tag-anonimamente","tag-apple","tag-avistamientos","tag-permite","tag-rastrear","tag-reportar","tag-retira-aplicacion"],"jetpack_featured_media_url":"https:\/\/lasprimeras.com.do\/wp-content\/uploads\/2025\/10\/avistamientos-de-agentes-de-ICE.webp","jetpack-related-posts":[{"id":106212,"url":"https:\/\/lasprimeras.com.do\/index.php\/2025\/08\/12\/musk-planea-demandar-a-apple-por-no-incluir-x-o-grok-entre-sus-aplicaciones-destacadas\/","url_meta":{"origin":111008,"position":0},"title":"Musk planea demandar a Apple por no incluir X o Grok entre sus aplicaciones destacadas","author":"Nelson Feliz","date":"12 de agosto de 2025","format":false,"excerpt":"POR THE ASSOCIATED PRESS El multimillonario propietario de SpaceX, Tesla y X, Elon Musk, dice que piensa demandar a Apple por no incluir a X y su chatbot de inteligencia artificial Grok entre sus aplicaciones m\u00e1s recomendadas en la App Store. En un mensaje en X el lunes por la\u2026","rel":"","context":"En \u00abINTERNACIONALES\u00bb","block_context":{"text":"INTERNACIONALES","link":"https:\/\/lasprimeras.com.do\/index.php\/category\/sin-categoria\/internacionales\/"},"img":{"alt_text":"","src":"https:\/\/i0.wp.com\/lasprimeras.com.do\/wp-content\/uploads\/2025\/08\/X-o-Grok.jpg?resize=350%2C200&ssl=1","width":350,"height":200,"srcset":"https:\/\/i0.wp.com\/lasprimeras.com.do\/wp-content\/uploads\/2025\/08\/X-o-Grok.jpg?resize=350%2C200&ssl=1 1x, https:\/\/i0.wp.com\/lasprimeras.com.do\/wp-content\/uploads\/2025\/08\/X-o-Grok.jpg?resize=525%2C300&ssl=1 1.5x, https:\/\/i0.wp.com\/lasprimeras.com.do\/wp-content\/uploads\/2025\/08\/X-o-Grok.jpg?resize=700%2C400&ssl=1 2x"},"classes":[]},{"id":95481,"url":"https:\/\/lasprimeras.com.do\/index.php\/2025\/03\/14\/en-primeros-50-dias-inmigracion-gobierno-trump-arresta-32809-incluidos-cientos-de-dominicanos\/","url_meta":{"origin":111008,"position":1},"title":"En primeros 50 d\u00edas Inmigraci\u00f3n gobierno Trump arresta 32,809, incluidos cientos de dominicanos","author":"Nelson Feliz","date":"14 de marzo de 2025","format":false,"excerpt":"Por Ram\u00f3n Mercedes NUEVA YORK.- En los primeros 50 d\u00edas del Gobierno del presidente Donald Trump, del 20 de enero al 10 de marzo, el Servicio de Control de Inmigraci\u00f3n y Aduanas de los Estados Unidos (ICE) ha efectuado 32.809 arrestos en territorio estadounidense, entre ellos cientos de dominicanos, seg\u00fan\u2026","rel":"","context":"En \u00abINTERNACIONALES\u00bb","block_context":{"text":"INTERNACIONALES","link":"https:\/\/lasprimeras.com.do\/index.php\/category\/sin-categoria\/internacionales\/"},"img":{"alt_text":"En primeros 50 d\u00edas Inmigraci\u00f3n gobierno Trump arresta 32,809, incluidos cientos de dominicanos","src":"https:\/\/i0.wp.com\/lasprimeras.com.do\/wp-content\/uploads\/2025\/03\/WhatsApp-Image-2025-03-13-at-6.35.32-AM-1.jpeg?resize=350%2C200&ssl=1","width":350,"height":200,"srcset":"https:\/\/i0.wp.com\/lasprimeras.com.do\/wp-content\/uploads\/2025\/03\/WhatsApp-Image-2025-03-13-at-6.35.32-AM-1.jpeg?resize=350%2C200&ssl=1 1x, https:\/\/i0.wp.com\/lasprimeras.com.do\/wp-content\/uploads\/2025\/03\/WhatsApp-Image-2025-03-13-at-6.35.32-AM-1.jpeg?resize=525%2C300&ssl=1 1.5x"},"classes":[]},{"id":93558,"url":"https:\/\/lasprimeras.com.do\/index.php\/2025\/02\/14\/respuestas-a-sus-preguntas-sobre-inmigracion-que-ha-cambiado-bajo-trump-que-no-y-que-sigue\/","url_meta":{"origin":111008,"position":2},"title":"Respuestas a sus preguntas sobre inmigraci\u00f3n: Qu\u00e9 ha cambiado bajo Trump, qu\u00e9 no y qu\u00e9 sigue","author":"Nelson Feliz","date":"14 de febrero de 2025","format":false,"excerpt":"POR THE ASSOCIATED PRESS Durante la primera semana del presidente estadounidense Donald Trump en el cargo, firm\u00f3 10 \u00f3rdenes ejecutivas sobre inmigraci\u00f3n y emiti\u00f3 una serie de edictos para cumplir promesas de deportaciones masivas y seguridad fronteriza. Algunas acciones se sintieron de inmediato y otras est\u00e1n siendo impugnadas en los\u2026","rel":"","context":"En \u00abINTERNACIONALES\u00bb","block_context":{"text":"INTERNACIONALES","link":"https:\/\/lasprimeras.com.do\/index.php\/category\/sin-categoria\/internacionales\/"},"img":{"alt_text":"","src":"https:\/\/i0.wp.com\/lasprimeras.com.do\/wp-content\/uploads\/2025\/02\/inmigracion.jpg?resize=350%2C200&ssl=1","width":350,"height":200,"srcset":"https:\/\/i0.wp.com\/lasprimeras.com.do\/wp-content\/uploads\/2025\/02\/inmigracion.jpg?resize=350%2C200&ssl=1 1x, https:\/\/i0.wp.com\/lasprimeras.com.do\/wp-content\/uploads\/2025\/02\/inmigracion.jpg?resize=525%2C300&ssl=1 1.5x, https:\/\/i0.wp.com\/lasprimeras.com.do\/wp-content\/uploads\/2025\/02\/inmigracion.jpg?resize=700%2C400&ssl=1 2x"},"classes":[]},{"id":93085,"url":"https:\/\/lasprimeras.com.do\/index.php\/2025\/01\/24\/crecen-los-temores-tras-demostracion-de-fuerza-de-trump-sobre-la-inmigracion\/","url_meta":{"origin":111008,"position":3},"title":"Crecen los temores tras demostraci\u00f3n de fuerza de Trump sobre la inmigraci\u00f3n","author":"Nelson Feliz","date":"24 de enero de 2025","format":false,"excerpt":"POR MIKE CATALINI and REBECCA SANTANA NEWARK, Nueva Jersey, EE.UU. (AP) \u2014 Menos de una semana despu\u00e9s de haber iniciado su presidencia, el gobierno de Donald Trump pregon\u00f3 el viernes sus labores de deportaci\u00f3n y public\u00f3 nuevas reglas que facilitan la expulsi\u00f3n de personas de Estados Unidos, parte de una\u2026","rel":"","context":"En \u00abINTERNACIONALES\u00bb","block_context":{"text":"INTERNACIONALES","link":"https:\/\/lasprimeras.com.do\/index.php\/category\/sin-categoria\/internacionales\/"},"img":{"alt_text":"","src":"https:\/\/i0.wp.com\/lasprimeras.com.do\/wp-content\/uploads\/2025\/01\/Inmigracion.jpg?resize=350%2C200&ssl=1","width":350,"height":200,"srcset":"https:\/\/i0.wp.com\/lasprimeras.com.do\/wp-content\/uploads\/2025\/01\/Inmigracion.jpg?resize=350%2C200&ssl=1 1x, https:\/\/i0.wp.com\/lasprimeras.com.do\/wp-content\/uploads\/2025\/01\/Inmigracion.jpg?resize=525%2C300&ssl=1 1.5x, https:\/\/i0.wp.com\/lasprimeras.com.do\/wp-content\/uploads\/2025\/01\/Inmigracion.jpg?resize=700%2C400&ssl=1 2x"},"classes":[]},{"id":97554,"url":"https:\/\/lasprimeras.com.do\/index.php\/2025\/04\/23\/la-ue-multa-a-apple-con-500-millones-de-euros-y-a-meta-con-200-millones-en-casos-separados\/","url_meta":{"origin":111008,"position":4},"title":"La UE multa a Apple con 500 millones de euros y a Meta con 200 millones en casos separados","author":"Nelson Feliz","date":"23 de abril de 2025","format":false,"excerpt":"POR KELVIN CHAN LONDRES (AP) \u2014 Los organismos de control de la Uni\u00f3n Europea multaron a Apple y Meta con cientos de millones de euros el mi\u00e9rcoles, intensificando la aplicaci\u00f3n de las normas de competencia digital del bloque de 27 naciones. La Comisi\u00f3n Europea impuso una multa de 500 millones\u2026","rel":"","context":"En \u00abECONOM\u00cdA\u00bb","block_context":{"text":"ECONOM\u00cdA","link":"https:\/\/lasprimeras.com.do\/index.php\/category\/economia\/"},"img":{"alt_text":"","src":"https:\/\/i0.wp.com\/lasprimeras.com.do\/wp-content\/uploads\/2025\/04\/META.jpg?resize=350%2C200&ssl=1","width":350,"height":200,"srcset":"https:\/\/i0.wp.com\/lasprimeras.com.do\/wp-content\/uploads\/2025\/04\/META.jpg?resize=350%2C200&ssl=1 1x, https:\/\/i0.wp.com\/lasprimeras.com.do\/wp-content\/uploads\/2025\/04\/META.jpg?resize=525%2C300&ssl=1 1.5x, https:\/\/i0.wp.com\/lasprimeras.com.do\/wp-content\/uploads\/2025\/04\/META.jpg?resize=700%2C400&ssl=1 2x"},"classes":[]},{"id":92878,"url":"https:\/\/lasprimeras.com.do\/index.php\/2025\/01\/19\/chicago-se-prepara-para-cientos-de-arrestos-por-deportacion-tras-investidura-de-trump\/","url_meta":{"origin":111008,"position":5},"title":"Chicago se prepara para cientos de arrestos por deportaci\u00f3n tras investidura de Trump","author":"Nelson Feliz","date":"19 de enero de 2025","format":false,"excerpt":"POR TODD RICHMOND and ELLIOT SPAGAT Chicago , AP.-. Los funcionarios federales de inmigraci\u00f3n se centrar\u00e1n en m\u00e1s de 300 personas con antecedentes de delitos graves y violentos despu\u00e9s de que el presidente electo Donald Trump asuma el cargo el lunes, dijo un funcionario, lo que supone el primer intento\u2026","rel":"","context":"En \u00abINTERNACIONALES\u00bb","block_context":{"text":"INTERNACIONALES","link":"https:\/\/lasprimeras.com.do\/index.php\/category\/sin-categoria\/internacionales\/"},"img":{"alt_text":"","src":"https:\/\/i0.wp.com\/lasprimeras.com.do\/wp-content\/uploads\/2025\/01\/Tom-Homan.jpg?resize=350%2C200&ssl=1","width":350,"height":200,"srcset":"https:\/\/i0.wp.com\/lasprimeras.com.do\/wp-content\/uploads\/2025\/01\/Tom-Homan.jpg?resize=350%2C200&ssl=1 1x, https:\/\/i0.wp.com\/lasprimeras.com.do\/wp-content\/uploads\/2025\/01\/Tom-Homan.jpg?resize=525%2C300&ssl=1 1.5x, https:\/\/i0.wp.com\/lasprimeras.com.do\/wp-content\/uploads\/2025\/01\/Tom-Homan.jpg?resize=700%2C400&ssl=1 2x"},"classes":[]}],"jetpack_sharing_enabled":true,"_links":{"self":[{"href":"https:\/\/lasprimeras.com.do\/index.php\/wp-json\/wp\/v2\/posts\/111008","targetHints":{"allow":["GET"]}}],"collection":[{"href":"https:\/\/lasprimeras.com.do\/index.php\/wp-json\/wp\/v2\/posts"}],"about":[{"href":"https:\/\/lasprimeras.com.do\/index.php\/wp-json\/wp\/v2\/types\/post"}],"author":[{"embeddable":true,"href":"https:\/\/lasprimeras.com.do\/index.php\/wp-json\/wp\/v2\/users\/10"}],"replies":[{"embeddable":true,"href":"https:\/\/lasprimeras.com.do\/index.php\/wp-json\/wp\/v2\/comments?post=111008"}],"version-history":[{"count":1,"href":"https:\/\/lasprimeras.com.do\/index.php\/wp-json\/wp\/v2\/posts\/111008\/revisions"}],"predecessor-version":[{"id":111010,"href":"https:\/\/lasprimeras.com.do\/index.php\/wp-json\/wp\/v2\/posts\/111008\/revisions\/111010"}],"wp:featuredmedia":[{"embeddable":true,"href":"https:\/\/lasprimeras.com.do\/index.php\/wp-json\/wp\/v2\/media\/111009"}],"wp:attachment":[{"href":"https:\/\/lasprimeras.com.do\/index.php\/wp-json\/wp\/v2\/media?parent=111008"}],"wp:term":[{"taxonomy":"category","embeddable":true,"href":"https:\/\/lasprimeras.com.do\/index.php\/wp-json\/wp\/v2\/categories?post=111008"},{"taxonomy":"post_tag","embeddable":true,"href":"https:\/\/lasprimeras.com.do\/index.php\/wp-json\/wp\/v2\/tags?post=111008"}],"curies":[{"name":"wp","href":"https:\/\/api.w.org\/{rel}","templated":true}]}}