{"id":111023,"date":"2025-10-03T09:49:48","date_gmt":"2025-10-03T13:49:48","guid":{"rendered":"https:\/\/lasprimeras.com.do\/?p=111023"},"modified":"2025-10-03T09:49:50","modified_gmt":"2025-10-03T13:49:50","slug":"un-ciberataque-afecta-a-un-importante-productor-japones-de-bebidas-y-afecta-sus-operaciones","status":"publish","type":"post","link":"https:\/\/lasprimeras.com.do\/index.php\/2025\/10\/03\/un-ciberataque-afecta-a-un-importante-productor-japones-de-bebidas-y-afecta-sus-operaciones\/","title":{"rendered":"Un ciberataque afecta a un importante productor japon\u00e9s de bebidas y afecta sus operaciones"},"content":{"rendered":"\n<p>Por YURI KAGEYAMA<\/p>\n\n\n\n<p>TOKIO (AP) \u2014 Un importante productor japon\u00e9s de bebidas dijo que fue afectado por un ciberataque que interrumpi\u00f3 sus operaciones por quinto d\u00eda el viernes, y los medios japoneses informan que las existencias de la popular cerveza y otras bebidas de la compa\u00f1\u00eda se est\u00e1n agotando en algunas tiendas.<\/p>\n\n\n\n<p>Asahi Group Holdings inform\u00f3 que sus sistemas inform\u00e1ticos sufrieron un ciberataque el lunes, lo que provoc\u00f3 fallos que afectaron los pedidos, los env\u00edos y un centro de atenci\u00f3n telef\u00f3nica en Jap\u00f3n. Los sistemas internacionales no se vieron afectados.<\/p>\n\n\n\n<p>Una portavoz de la compa\u00f1\u00eda dijo a The Associated Press el viernes que el problema a\u00fan no se ha solucionado, aunque se realizaron algunos env\u00edos de emergencia el mi\u00e9rcoles y los empleados ingresaron informaci\u00f3n manualmente en los sistemas inform\u00e1ticos.<\/p>\n\n\n\n<p>La causa y el motivo de los ataques a\u00fan se investigan, afirm\u00f3 la portavoz. Solicit\u00f3 el anonimato, como es habitual en las empresas japonesas.<\/p>\n\n\n\n<p>Los medios de comunicaci\u00f3n japoneses dijeron que algunas tiendas de conveniencia no estaban recibiendo sus entregas, que las existencias eran bajas y que los productos incluso se estaban agotando en algunos lugares.<\/p>\n\n\n\n<p>Una tienda de conveniencia 7-Eleven en Tokio visitada por un periodista de AP el viernes por la noche todav\u00eda ten\u00eda abundante cerveza Asahi, aunque la vendedora dijo que esperaba que las existencias comenzaran a escasear pronto.<\/p>\n\n\n\n<p>Asahi afirm\u00f3 que no est\u00e1 claro cu\u00e1ndo volver\u00e1 a funcionar el sistema. La compa\u00f1\u00eda ha cancelado eventos y est\u00e1 retrasando el lanzamiento de productos. Algunos medios japoneses informaron que los ataques podr\u00edan ser ransomware, pero Asahi declin\u00f3 hacer comentarios.<\/p>\n\n\n\n<p>Asahi, con sede en Tokio y fundada en 1949, fabrica cerveza, incluida su popular cerveza de arroz Super Dry y otras bebidas, como sidra y jugos, as\u00ed como alimentos para beb\u00e9s, dulces y algunos otros productos alimenticios.<\/p>\n","protected":false},"excerpt":{"rendered":"<p>Por YURI KAGEYAMA TOKIO (AP) \u2014 Un importante productor japon\u00e9s de bebidas dijo que fue afectado por un ciberataque que interrumpi\u00f3 sus operaciones por quinto d\u00eda el viernes, y los&hellip;<\/p>\n","protected":false},"author":10,"featured_media":111024,"comment_status":"open","ping_status":"open","sticky":false,"template":"","format":"standard","meta":{"content-type":"","jetpack_post_was_ever_published":false,"_jetpack_newsletter_access":"","_jetpack_dont_email_post_to_subs":false,"_jetpack_newsletter_tier_id":0,"_jetpack_memberships_contains_paywalled_content":false,"_jetpack_memberships_contains_paid_content":false,"footnotes":""},"categories":[23746],"tags":[4420,8217,25564,612,3616],"class_list":["post-111023","post","type-post","status-publish","format-standard","has-post-thumbnail","hentry","category-tecnologia","tag-bebidas","tag-ciberataque","tag-japones","tag-operaciones","tag-productor"],"jetpack_featured_media_url":"https:\/\/lasprimeras.com.do\/wp-content\/uploads\/2025\/10\/ciberataque.jpg","jetpack-related-posts":[{"id":109643,"url":"https:\/\/lasprimeras.com.do\/index.php\/2025\/09\/21\/continuan-por-2do-dia-los-efectos-de-ciberataque-a-sistemas-de-facturacion-en-3-aeropuertos-europeos\/","url_meta":{"origin":111023,"position":0},"title":"Contin\u00faan por 2do d\u00eda los efectos de ciberataque a sistemas de facturaci\u00f3n en 3 aeropuertos europeos","author":"Nelson Feliz","date":"21 de septiembre de 2025","format":false,"excerpt":"BRUSELAS (AP) \u2014 Las repercusiones de un ciberataque que afect\u00f3 a los sistemas de facturaci\u00f3n en varios aeropuertos europeos se extendieron a un segundo d\u00eda completo el domingo, mientras los pasajeros enfrentaban decenas de vuelos cancelados y retrasados y los equipos de los aeropuertos se apresuraban a limitar el da\u00f1o\u2026","rel":"","context":"En \u00abTECNOL\u00d3GIA\u00bb","block_context":{"text":"TECNOL\u00d3GIA","link":"https:\/\/lasprimeras.com.do\/index.php\/category\/tecnologia\/"},"img":{"alt_text":"","src":"https:\/\/i0.wp.com\/lasprimeras.com.do\/wp-content\/uploads\/2025\/09\/ciberataques.jpg?resize=350%2C200&ssl=1","width":350,"height":200,"srcset":"https:\/\/i0.wp.com\/lasprimeras.com.do\/wp-content\/uploads\/2025\/09\/ciberataques.jpg?resize=350%2C200&ssl=1 1x, https:\/\/i0.wp.com\/lasprimeras.com.do\/wp-content\/uploads\/2025\/09\/ciberataques.jpg?resize=525%2C300&ssl=1 1.5x, https:\/\/i0.wp.com\/lasprimeras.com.do\/wp-content\/uploads\/2025\/09\/ciberataques.jpg?resize=700%2C400&ssl=1 2x"},"classes":[]},{"id":62424,"url":"https:\/\/lasprimeras.com.do\/index.php\/2023\/10\/04\/migracion-confirma-ciberataque-y-filtracion-de-datos\/","url_meta":{"origin":111023,"position":1},"title":"Migraci\u00f3n confirma ciberataque y filtraci\u00f3n de datos","author":"Nelson Feliz","date":"4 de octubre de 2023","format":false,"excerpt":"La Direcci\u00f3n General de Migraci\u00f3n inform\u00f3 este mi\u00e9rcoles que la base de datos de la instituci\u00f3n fue v\u00edctima de un incidente de seguridad cibern\u00e9tica que result\u00f3 en la exposici\u00f3n no autorizada de datos. En un comunicado de prensa, la DGM indic\u00f3 que \"el 14 de septiembre detectamos actividad inusual en\u2026","rel":"","context":"En \u00abSin categor\u00eda\u00bb","block_context":{"text":"Sin categor\u00eda","link":"https:\/\/lasprimeras.com.do\/index.php\/category\/sin-categoria\/"},"img":{"alt_text":"Migracion","src":"https:\/\/i0.wp.com\/lasprimeras.com.do\/wp-content\/uploads\/2023\/10\/Migracion.jpg?resize=350%2C200&ssl=1","width":350,"height":200,"srcset":"https:\/\/i0.wp.com\/lasprimeras.com.do\/wp-content\/uploads\/2023\/10\/Migracion.jpg?resize=350%2C200&ssl=1 1x, https:\/\/i0.wp.com\/lasprimeras.com.do\/wp-content\/uploads\/2023\/10\/Migracion.jpg?resize=525%2C300&ssl=1 1.5x, https:\/\/i0.wp.com\/lasprimeras.com.do\/wp-content\/uploads\/2023\/10\/Migracion.jpg?resize=700%2C400&ssl=1 2x"},"classes":[]},{"id":99849,"url":"https:\/\/lasprimeras.com.do\/index.php\/2025\/05\/28\/republica-checa-culpa-a-china-por-ciberataques-contra-la-red-de-comunicacion-de-su-cancilleria\/","url_meta":{"origin":111023,"position":2},"title":"Rep\u00fablica Checa culpa a China por ciberataques contra la red de comunicaci\u00f3n de su canciller\u00eda","author":"Nelson Feliz","date":"28 de mayo de 2025","format":false,"excerpt":"POR KAREL JANICEK PRAGA (AP) \u2014 El gobierno checo ha identificado a China como \u201cresponsable\u201d de los ciberataques contra una red de comunicaci\u00f3n del Ministerio checo de Exteriores, seg\u00fan dijeron funcionarios el mi\u00e9rcoles. El Ministerio de Exteriores afirm\u00f3 que las actividades maliciosas comenzaron en 2022 y se dirigieron a la\u2026","rel":"","context":"En \u00abINTERNACIONALES\u00bb","block_context":{"text":"INTERNACIONALES","link":"https:\/\/lasprimeras.com.do\/index.php\/category\/sin-categoria\/internacionales\/"},"img":{"alt_text":"","src":"https:\/\/i0.wp.com\/lasprimeras.com.do\/wp-content\/uploads\/2025\/05\/Republica-Checa-culpa-a-China-por-ciberataques.jpg?resize=350%2C200&ssl=1","width":350,"height":200,"srcset":"https:\/\/i0.wp.com\/lasprimeras.com.do\/wp-content\/uploads\/2025\/05\/Republica-Checa-culpa-a-China-por-ciberataques.jpg?resize=350%2C200&ssl=1 1x, https:\/\/i0.wp.com\/lasprimeras.com.do\/wp-content\/uploads\/2025\/05\/Republica-Checa-culpa-a-China-por-ciberataques.jpg?resize=525%2C300&ssl=1 1.5x"},"classes":[]},{"id":86465,"url":"https:\/\/lasprimeras.com.do\/index.php\/2024\/07\/25\/acusan-a-norcoreano-de-ciberataques-a-hospitales-de-eeuu-la-nasa-y-bases-militares\/","url_meta":{"origin":111023,"position":3},"title":"Acusan a norcoreano de ciberataques a hospitales de EEUU, la NASA y bases militares","author":"Nelson Feliz","date":"25 de julio de 2024","format":false,"excerpt":"POR NICK INGRAM, MICHAEL GOLDBERG Y HEATHER HOLLINGSWORTH KANSAS CITY, Kansas, EE.UU. (AP) \u2014 Un agente de inteligencia militar de Corea del Norte ha sido acusado de conspiraci\u00f3n para hackear proveedores de servicios de salud estadounidenses, la NASA, bases militares estadounidenses y entidades internacionales, robando informaci\u00f3n sensible e instalando ransomware\u2026","rel":"","context":"En \u00abSin categor\u00eda\u00bb","block_context":{"text":"Sin categor\u00eda","link":"https:\/\/lasprimeras.com.do\/index.php\/category\/sin-categoria\/"},"img":{"alt_text":"","src":"https:\/\/i0.wp.com\/lasprimeras.com.do\/wp-content\/uploads\/2024\/07\/COREANO.png?resize=350%2C200&ssl=1","width":350,"height":200,"srcset":"https:\/\/i0.wp.com\/lasprimeras.com.do\/wp-content\/uploads\/2024\/07\/COREANO.png?resize=350%2C200&ssl=1 1x, https:\/\/i0.wp.com\/lasprimeras.com.do\/wp-content\/uploads\/2024\/07\/COREANO.png?resize=525%2C300&ssl=1 1.5x"},"classes":[]},{"id":122774,"url":"https:\/\/lasprimeras.com.do\/index.php\/2026\/02\/22\/detenidos-cuatro-cabecillas-de-anonymous-en-espana-por-ciberataques-a-organismos-publicos\/","url_meta":{"origin":111023,"position":4},"title":"Detenidos cuatro cabecillas de Anonymous en Espa\u00f1a por ciberataques a organismos p\u00fablicos","author":"Nelson Feliz","date":"22 de febrero de 2026","format":false,"excerpt":"Madrid (EFE).- La Guardia Civil ha detenido a los cuatro principales integrantes del grupo de hackers \u2018Anonymous F\u00e9nix\u2019, autodenominado parte del grupo internacional \u2018Anonymous\u2019, por su presunta participaci\u00f3n en ciberataques contra organismos p\u00fablicos, especialmente tras la tragedia de la dana en Valencia. En mayo del a\u00f1o pasado fueron detenidos el\u2026","rel":"","context":"En \u00abINTERNACIONALES\u00bb","block_context":{"text":"INTERNACIONALES","link":"https:\/\/lasprimeras.com.do\/index.php\/category\/sin-categoria\/internacionales\/"},"img":{"alt_text":"Detenidos cuatro cabecillas de Anonymous en Espa\u00f1a por ciberataques a organismos p\u00fablicos","src":"https:\/\/i0.wp.com\/lasprimeras.com.do\/wp-content\/uploads\/2026\/02\/Anonymous.jpg?resize=350%2C200&ssl=1","width":350,"height":200,"srcset":"https:\/\/i0.wp.com\/lasprimeras.com.do\/wp-content\/uploads\/2026\/02\/Anonymous.jpg?resize=350%2C200&ssl=1 1x, https:\/\/i0.wp.com\/lasprimeras.com.do\/wp-content\/uploads\/2026\/02\/Anonymous.jpg?resize=525%2C300&ssl=1 1.5x, https:\/\/i0.wp.com\/lasprimeras.com.do\/wp-content\/uploads\/2026\/02\/Anonymous.jpg?resize=700%2C400&ssl=1 2x"},"classes":[]},{"id":84731,"url":"https:\/\/lasprimeras.com.do\/index.php\/2024\/06\/14\/japon-no-tiene-planes-de-solicitar-la-suspension-de-los-vuelos-de-osprey-a-pesar-de-las-restricciones-en-ee-uu\/","url_meta":{"origin":111023,"position":5},"title":"Jap\u00f3n no tiene planes de solicitar la suspensi\u00f3n de los vuelos de Osprey a pesar de las restricciones en EE.UU.","author":"Nelson Feliz","date":"14 de junio de 2024","format":false,"excerpt":"POR MARI YAMAGUCHI TOKIO (AP) \u2014 El jefe de defensa de Jap\u00f3n dijo el viernes que los Ospreys V-22 japoneses y estadounidenses est\u00e1n siendo operados de manera segura en su pa\u00eds, y que no tiene planes de solicitar una suspensi\u00f3n de vuelo a pesar de las restricciones en Estados Unidos,\u2026","rel":"","context":"En \u00abSin categor\u00eda\u00bb","block_context":{"text":"Sin categor\u00eda","link":"https:\/\/lasprimeras.com.do\/index.php\/category\/sin-categoria\/"},"img":{"alt_text":"","src":"https:\/\/i0.wp.com\/lasprimeras.com.do\/wp-content\/uploads\/2024\/06\/Vuelos-Japon.jpg?resize=350%2C200&ssl=1","width":350,"height":200,"srcset":"https:\/\/i0.wp.com\/lasprimeras.com.do\/wp-content\/uploads\/2024\/06\/Vuelos-Japon.jpg?resize=350%2C200&ssl=1 1x, https:\/\/i0.wp.com\/lasprimeras.com.do\/wp-content\/uploads\/2024\/06\/Vuelos-Japon.jpg?resize=525%2C300&ssl=1 1.5x, https:\/\/i0.wp.com\/lasprimeras.com.do\/wp-content\/uploads\/2024\/06\/Vuelos-Japon.jpg?resize=700%2C400&ssl=1 2x"},"classes":[]}],"jetpack_sharing_enabled":true,"_links":{"self":[{"href":"https:\/\/lasprimeras.com.do\/index.php\/wp-json\/wp\/v2\/posts\/111023","targetHints":{"allow":["GET"]}}],"collection":[{"href":"https:\/\/lasprimeras.com.do\/index.php\/wp-json\/wp\/v2\/posts"}],"about":[{"href":"https:\/\/lasprimeras.com.do\/index.php\/wp-json\/wp\/v2\/types\/post"}],"author":[{"embeddable":true,"href":"https:\/\/lasprimeras.com.do\/index.php\/wp-json\/wp\/v2\/users\/10"}],"replies":[{"embeddable":true,"href":"https:\/\/lasprimeras.com.do\/index.php\/wp-json\/wp\/v2\/comments?post=111023"}],"version-history":[{"count":1,"href":"https:\/\/lasprimeras.com.do\/index.php\/wp-json\/wp\/v2\/posts\/111023\/revisions"}],"predecessor-version":[{"id":111025,"href":"https:\/\/lasprimeras.com.do\/index.php\/wp-json\/wp\/v2\/posts\/111023\/revisions\/111025"}],"wp:featuredmedia":[{"embeddable":true,"href":"https:\/\/lasprimeras.com.do\/index.php\/wp-json\/wp\/v2\/media\/111024"}],"wp:attachment":[{"href":"https:\/\/lasprimeras.com.do\/index.php\/wp-json\/wp\/v2\/media?parent=111023"}],"wp:term":[{"taxonomy":"category","embeddable":true,"href":"https:\/\/lasprimeras.com.do\/index.php\/wp-json\/wp\/v2\/categories?post=111023"},{"taxonomy":"post_tag","embeddable":true,"href":"https:\/\/lasprimeras.com.do\/index.php\/wp-json\/wp\/v2\/tags?post=111023"}],"curies":[{"name":"wp","href":"https:\/\/api.w.org\/{rel}","templated":true}]}}