{"id":111026,"date":"2025-10-03T10:02:58","date_gmt":"2025-10-03T14:02:58","guid":{"rendered":"https:\/\/lasprimeras.com.do\/?p=111026"},"modified":"2025-10-03T10:03:00","modified_gmt":"2025-10-03T14:03:00","slug":"impacto-urbano-logra-sentencia-contra-el-ayuntamiento-dn-por-mas-de-rd4300-millones-en-danos-y-perjuicios","status":"publish","type":"post","link":"https:\/\/lasprimeras.com.do\/index.php\/2025\/10\/03\/impacto-urbano-logra-sentencia-contra-el-ayuntamiento-dn-por-mas-de-rd4300-millones-en-danos-y-perjuicios\/","title":{"rendered":"IMPACTO URBANO logra sentencia contra el Ayuntamiento DN por m\u00e1s de RD$4,300 millones en da\u00f1os y perjuicios"},"content":{"rendered":"\n<p>La empresa Impacto Urbano, S.R.L., pionera en el sector de publicidad exterior en la Rep\u00fablica Dominicana, inform\u00f3 que interpuso una solicitud de ejecuci\u00f3n de sentencia y liquidaci\u00f3n por estado contra el Ayuntamiento del Distrito Nacional (ADN), encabezado por su alcaldesa, Carolina Mej\u00eda, tras el incumplimiento reiterado de la sentencia n\u00fam. 0030-03-2025-SSEN-00015, dictada el 30 de enero de 2025 por la Segunda Sala del Tribunal Superior Administrativo.<\/p>\n\n\n\n<p>La decisi\u00f3n judicial, que adquiri\u00f3 la autoridad de la cosa irrevocablemente juzgada, orden\u00f3 al ADN reinstalar las 619 vallas publicitarias retiradas de manera arbitraria en 2007, ratificar el Contrato de Publicidad Exterior suscrito en 2014, y resarcir a Impacto Urbano por los da\u00f1os causados.<\/p>\n\n\n\n<p>El Tribunal otorg\u00f3 un plazo de 60 d\u00edas al Ayuntamiento para cumplir con la sentencia, imponiendo adem\u00e1s una astreinte de RD$5,000 diarios por cada d\u00eda de retraso.<\/p>\n\n\n\n<p>Sin embargo, hasta la fecha, la alcaldesa Mej\u00eda no ha dado cumplimiento a las obligaciones dispuestas, lo que evidencia una actitud de desacato institucional.<\/p>\n\n\n\n<p>De acuerdo con el informe t\u00e9cnico-financiero aportado al tribunal, los da\u00f1os y perjuicios ocasionados a Impacto Urbano ascienden a la suma de RD$4,329,238,532.00 (m\u00e1s de cuatro mil trescientos veintinueve millones de pesos dominicanos), desglosados en:<\/p>\n\n\n\n<pre class=\"wp-block-code\"><code>\u2022   Da\u00f1o emergente: RD$74,650,000.00\n\u2022   Lucro cesante: RD$2,854,374,263.00\n\u2022   Da\u00f1o reputacional: RD$82,117,100.00\n\u2022   Da\u00f1o moral: RD$585,809,853.00\n\u2022   Da\u00f1os punitivos: RD$732,262,316.00<\/code><\/pre>\n\n\n\n<p>La empresa record\u00f3 que, tras a\u00f1os de litigios, en 2014 se hab\u00eda alcanzado un Contrato Transaccional y Convenio de Ejecuci\u00f3n con el ADN para resolver definitivamente el conflicto, ratificado por la Sala Capitular mediante la Resoluci\u00f3n n\u00fam. 25\/2014. No obstante, el incumplimiento del Ayuntamiento persiste hasta el d\u00eda de hoy.<\/p>\n\n\n\n<p>Impacto Urbano conf\u00eda en que la justicia dominicana garantizar\u00e1 la ejecuci\u00f3n efectiva de la sentencia, preservando as\u00ed la tutela judicial efectiva, el debido proceso y la seguridad jur\u00eddica, principios fundamentales de un Estado social y democr\u00e1tico de derecho.<\/p>\n\n\n\n<figure class=\"wp-block-video\"><video height=\"480\" style=\"aspect-ratio: 848 \/ 480;\" width=\"848\" autoplay controls muted src=\"https:\/\/lasprimeras.com.do\/wp-content\/uploads\/2025\/10\/WhatsApp-Video-2025-10-02-at-12.41.50-PM.mp4\"><\/video><\/figure>\n","protected":false},"excerpt":{"rendered":"<p>La empresa Impacto Urbano, S.R.L., pionera en el sector de publicidad exterior en la Rep\u00fablica Dominicana, inform\u00f3 que interpuso una solicitud de ejecuci\u00f3n de sentencia y liquidaci\u00f3n por estado contra&hellip;<\/p>\n","protected":false},"author":10,"featured_media":97411,"comment_status":"open","ping_status":"open","sticky":false,"template":"","format":"standard","meta":{"content-type":"","jetpack_post_was_ever_published":false,"_jetpack_newsletter_access":"","_jetpack_dont_email_post_to_subs":false,"_jetpack_newsletter_tier_id":0,"_jetpack_memberships_contains_paywalled_content":false,"_jetpack_memberships_contains_paid_content":false,"footnotes":""},"categories":[39,25],"tags":[3305,25566,187,25565,25567,2304],"class_list":["post-111026","post","type-post","status-publish","format-standard","has-post-thumbnail","hentry","category-economia","category-portada","tag-alcaldesa","tag-ayuntamiento-dn","tag-carolina-mejia","tag-danos-y-perjuicios","tag-impacto-urbano","tag-sentencia"],"jetpack_featured_media_url":"https:\/\/lasprimeras.com.do\/wp-content\/uploads\/2025\/04\/mallete.png","jetpack-related-posts":[{"id":98787,"url":"https:\/\/lasprimeras.com.do\/index.php\/2025\/05\/12\/carolina-mejia-persiste-en-violacion-a-la-ley-pese-a-sentencia-en-su-contra\/","url_meta":{"origin":111026,"position":0},"title":"Carolina Mej\u00eda persiste en violaci\u00f3n a la ley pese a sentencia en su contra","author":"Nelson Feliz","date":"12 de mayo de 2025","format":false,"excerpt":"A m\u00e1s de setenta d\u00edas de haberse notificado la sentencia definitiva n\u00fam. 0030-03-2025-SSEN-00015, emitida por el Tribunal Superior Administrativo, la Alcald\u00eda del Distrito Nacional (ADN), encabezada por la alcaldesa Rosa Carolina Mej\u00eda G\u00f3mez, contin\u00faa en desacato al mandato judicial que ordena la restituci\u00f3n de 619 espacios publicitarios a la empresa\u2026","rel":"","context":"En \u00abNACIONALES\u00bb","block_context":{"text":"NACIONALES","link":"https:\/\/lasprimeras.com.do\/index.php\/category\/nacionales\/"},"img":{"alt_text":"Carolina Mej\u00eda","src":"https:\/\/i0.wp.com\/lasprimeras.com.do\/wp-content\/uploads\/2023\/07\/Carolina-Mejia.jpg?resize=350%2C200&ssl=1","width":350,"height":200,"srcset":"https:\/\/i0.wp.com\/lasprimeras.com.do\/wp-content\/uploads\/2023\/07\/Carolina-Mejia.jpg?resize=350%2C200&ssl=1 1x, https:\/\/i0.wp.com\/lasprimeras.com.do\/wp-content\/uploads\/2023\/07\/Carolina-Mejia.jpg?resize=525%2C300&ssl=1 1.5x, https:\/\/i0.wp.com\/lasprimeras.com.do\/wp-content\/uploads\/2023\/07\/Carolina-Mejia.jpg?resize=700%2C400&ssl=1 2x"},"classes":[]},{"id":65076,"url":"https:\/\/lasprimeras.com.do\/index.php\/2023\/10\/25\/sentencia-ordena-al-ayuntamiento-del-distrito-nacional-a-cumplir-contrato-transaccional\/","url_meta":{"origin":111026,"position":1},"title":"Sentencia ordena al Ayuntamiento del Distrito Nacional a cumplir contrato transaccional","author":"BIMARY DE JES\u00daS Matos","date":"25 de octubre de 2023","format":false,"excerpt":"Santo Domingo.-El Tribunal Superior Administrativo (TSA), en su sentencia No. 0030-02-2023-SSEN-00015 del 17 de enero de 2023, dictada por la Primera Sala, ha ordenado al Ayuntamiento del Distrito Nacional (ADN) cumplir con la Resoluci\u00f3n No. 25\/2014 del 2 de mayo de 2014, que ratifica el Contrato Transaccional firmado entre Impacto\u2026","rel":"","context":"En \u00abPORTADA\u00bb","block_context":{"text":"PORTADA","link":"https:\/\/lasprimeras.com.do\/index.php\/category\/portada\/"},"img":{"alt_text":"","src":"https:\/\/i0.wp.com\/lasprimeras.com.do\/wp-content\/uploads\/2023\/10\/WhatsApp-Image-2023-10-25-at-2.18.40-PM-2.jpeg?resize=350%2C200&ssl=1","width":350,"height":200,"srcset":"https:\/\/i0.wp.com\/lasprimeras.com.do\/wp-content\/uploads\/2023\/10\/WhatsApp-Image-2023-10-25-at-2.18.40-PM-2.jpeg?resize=350%2C200&ssl=1 1x, https:\/\/i0.wp.com\/lasprimeras.com.do\/wp-content\/uploads\/2023\/10\/WhatsApp-Image-2023-10-25-at-2.18.40-PM-2.jpeg?resize=525%2C300&ssl=1 1.5x"},"classes":[]},{"id":106299,"url":"https:\/\/lasprimeras.com.do\/index.php\/2025\/08\/13\/ayuntamiento-del-dn-impone-multa-de-25-mil-pesos-a-ciudadano-que-se-gana-la-vida-con-una-fritura\/","url_meta":{"origin":111026,"position":2},"title":"Ayuntamiento del DN impone multa de 25 mil pesos a ciudadano que se gana la vida con una fritura","author":"Nelson Feliz","date":"13 de agosto de 2025","format":false,"excerpt":"Por tratarse de un nacional haitiano,la Alcaldesa del Distrito Nacional y candidata presidencial del Partido Revolucionario Moderno(PRM) Carolina Mej\u00eda, impone multa de 25 mil pesos,a un padre de familia que se ganaba la vida con una \"fritura m\u00f3vil\" en el Ensanche Naco Distrito Nacional. El veh\u00edculo propiedad del se\u00f1or Etienne\u2026","rel":"","context":"En \u00abECONOM\u00cdA\u00bb","block_context":{"text":"ECONOM\u00cdA","link":"https:\/\/lasprimeras.com.do\/index.php\/category\/economia\/"},"img":{"alt_text":"","src":"https:\/\/i0.wp.com\/lasprimeras.com.do\/wp-content\/uploads\/2025\/08\/federico.jpg?resize=350%2C200&ssl=1","width":350,"height":200,"srcset":"https:\/\/i0.wp.com\/lasprimeras.com.do\/wp-content\/uploads\/2025\/08\/federico.jpg?resize=350%2C200&ssl=1 1x, https:\/\/i0.wp.com\/lasprimeras.com.do\/wp-content\/uploads\/2025\/08\/federico.jpg?resize=525%2C300&ssl=1 1.5x, https:\/\/i0.wp.com\/lasprimeras.com.do\/wp-content\/uploads\/2025\/08\/federico.jpg?resize=700%2C400&ssl=1 2x"},"classes":[]},{"id":69383,"url":"https:\/\/lasprimeras.com.do\/index.php\/2023\/12\/02\/prm-inscribe-candidatura-de-carolina-mejia-a-la-alcaldia-del-dn\/","url_meta":{"origin":111026,"position":3},"title":"PRM inscribe candidatura de Carolina Mej\u00eda a la alcald\u00eda del DN","author":"BIMARY DE JES\u00daS Matos","date":"2 de diciembre de 2023","format":false,"excerpt":"Santo Domingo.-El Partido Revolucionario Moderno (PRM) inscribi\u00f3 este viernes a Carolina Mej\u00eda como su candidata a la Alcald\u00eda del Distrito Nacional (ADN) para las elecciones de febrero de 2024, y a Stalin Alc\u00e1ntara como vicealcalde. Los documentos fueron depositados ante la Junta del Distrito Nacional por una comisi\u00f3n encabezada por\u2026","rel":"","context":"En \u00abSin categor\u00eda\u00bb","block_context":{"text":"Sin categor\u00eda","link":"https:\/\/lasprimeras.com.do\/index.php\/category\/sin-categoria\/"},"img":{"alt_text":"","src":"https:\/\/i0.wp.com\/lasprimeras.com.do\/wp-content\/uploads\/2023\/12\/WhatsApp-Image-2023-11-30-at-12.17.33-PM-1.jpeg?resize=350%2C200&ssl=1","width":350,"height":200,"srcset":"https:\/\/i0.wp.com\/lasprimeras.com.do\/wp-content\/uploads\/2023\/12\/WhatsApp-Image-2023-11-30-at-12.17.33-PM-1.jpeg?resize=350%2C200&ssl=1 1x, https:\/\/i0.wp.com\/lasprimeras.com.do\/wp-content\/uploads\/2023\/12\/WhatsApp-Image-2023-11-30-at-12.17.33-PM-1.jpeg?resize=525%2C300&ssl=1 1.5x"},"classes":[]},{"id":128781,"url":"https:\/\/lasprimeras.com.do\/index.php\/2026\/04\/26\/abinader-pide-a-carolina-mejia-que-continue-el-malecon-deportivo-hasta-la-luperon\/","url_meta":{"origin":111026,"position":4},"title":"Abinader pide a Carolina Mejia que continue el \u201dMalec\u00f3n Deportivo\u201d hasta la Luper\u00f3n","author":"Nelson Feliz","date":"26 de abril de 2026","format":false,"excerpt":"El director de Planeamientos Urbanos del Ayuntamiento del Distrito Nacional, Arq. Luis Alejandro P\u00e9rez, revel\u00f3 este domingo que el presidente Luis Abinader le propuso a la alcaldesa Carolina Mejia que completara el Malec\u00f3n Deportivo hasta la Avenida Luper\u00f3n. P\u00e9rez, quien tuvo a su cargo el dise\u00f1o de esta \u00e1rea de\u2026","rel":"","context":"En \u00abDEPORTES\u00bb","block_context":{"text":"DEPORTES","link":"https:\/\/lasprimeras.com.do\/index.php\/category\/deportes\/"},"img":{"alt_text":"Luis Alejandro Perez","src":"https:\/\/i0.wp.com\/lasprimeras.com.do\/wp-content\/uploads\/2026\/04\/Luis-Alejandro-Perez.jpg?resize=350%2C200&ssl=1","width":350,"height":200,"srcset":"https:\/\/i0.wp.com\/lasprimeras.com.do\/wp-content\/uploads\/2026\/04\/Luis-Alejandro-Perez.jpg?resize=350%2C200&ssl=1 1x, https:\/\/i0.wp.com\/lasprimeras.com.do\/wp-content\/uploads\/2026\/04\/Luis-Alejandro-Perez.jpg?resize=525%2C300&ssl=1 1.5x, https:\/\/i0.wp.com\/lasprimeras.com.do\/wp-content\/uploads\/2026\/04\/Luis-Alejandro-Perez.jpg?resize=700%2C400&ssl=1 2x"},"classes":[]},{"id":107444,"url":"https:\/\/lasprimeras.com.do\/index.php\/2025\/08\/27\/cleo-sanchez-denuncia-insalubridad-esta-afectando-a-los-ninos-y-ninas-del-dn\/","url_meta":{"origin":111026,"position":5},"title":"Cleo S\u00e1nchez denuncia insalubridad est\u00e1 afectando a los ni\u00f1os y ni\u00f1as del DN","author":"Nelson Feliz","date":"27 de agosto de 2025","format":false,"excerpt":"La ex diputada y miembro del Comit\u00e9 Central del Partido de la Liberaci\u00f3n Dominicana (PLD), Cleo S\u00e1nchez, denunci\u00f3 que en el Distrito Nacional existe un brote de enfermedades respiratorias producto del gran c\u00famulo de basura. S\u00e1nchez, considera que la campa\u00f1a de Pl\u00e1sticos por \u00datiles Escolares, que realiza el Ayuntamiento del\u2026","rel":"","context":"En \u00abPOLITICA\u00bb","block_context":{"text":"POLITICA","link":"https:\/\/lasprimeras.com.do\/index.php\/category\/politica\/"},"img":{"alt_text":"","src":"https:\/\/i0.wp.com\/lasprimeras.com.do\/wp-content\/uploads\/2025\/08\/Cleo-Sanchez.jpg?resize=350%2C200&ssl=1","width":350,"height":200,"srcset":"https:\/\/i0.wp.com\/lasprimeras.com.do\/wp-content\/uploads\/2025\/08\/Cleo-Sanchez.jpg?resize=350%2C200&ssl=1 1x, https:\/\/i0.wp.com\/lasprimeras.com.do\/wp-content\/uploads\/2025\/08\/Cleo-Sanchez.jpg?resize=525%2C300&ssl=1 1.5x, https:\/\/i0.wp.com\/lasprimeras.com.do\/wp-content\/uploads\/2025\/08\/Cleo-Sanchez.jpg?resize=700%2C400&ssl=1 2x"},"classes":[]}],"jetpack_sharing_enabled":true,"_links":{"self":[{"href":"https:\/\/lasprimeras.com.do\/index.php\/wp-json\/wp\/v2\/posts\/111026","targetHints":{"allow":["GET"]}}],"collection":[{"href":"https:\/\/lasprimeras.com.do\/index.php\/wp-json\/wp\/v2\/posts"}],"about":[{"href":"https:\/\/lasprimeras.com.do\/index.php\/wp-json\/wp\/v2\/types\/post"}],"author":[{"embeddable":true,"href":"https:\/\/lasprimeras.com.do\/index.php\/wp-json\/wp\/v2\/users\/10"}],"replies":[{"embeddable":true,"href":"https:\/\/lasprimeras.com.do\/index.php\/wp-json\/wp\/v2\/comments?post=111026"}],"version-history":[{"count":1,"href":"https:\/\/lasprimeras.com.do\/index.php\/wp-json\/wp\/v2\/posts\/111026\/revisions"}],"predecessor-version":[{"id":111028,"href":"https:\/\/lasprimeras.com.do\/index.php\/wp-json\/wp\/v2\/posts\/111026\/revisions\/111028"}],"wp:featuredmedia":[{"embeddable":true,"href":"https:\/\/lasprimeras.com.do\/index.php\/wp-json\/wp\/v2\/media\/97411"}],"wp:attachment":[{"href":"https:\/\/lasprimeras.com.do\/index.php\/wp-json\/wp\/v2\/media?parent=111026"}],"wp:term":[{"taxonomy":"category","embeddable":true,"href":"https:\/\/lasprimeras.com.do\/index.php\/wp-json\/wp\/v2\/categories?post=111026"},{"taxonomy":"post_tag","embeddable":true,"href":"https:\/\/lasprimeras.com.do\/index.php\/wp-json\/wp\/v2\/tags?post=111026"}],"curies":[{"name":"wp","href":"https:\/\/api.w.org\/{rel}","templated":true}]}}