{"id":111034,"date":"2025-10-03T11:35:55","date_gmt":"2025-10-03T15:35:55","guid":{"rendered":"https:\/\/lasprimeras.com.do\/?p=111034"},"modified":"2025-10-03T11:35:57","modified_gmt":"2025-10-03T15:35:57","slug":"gobierno-destaca-reduccion-de-homicidios-y-feminicidios-durante-gestion-del-presidente-abinader","status":"publish","type":"post","link":"https:\/\/lasprimeras.com.do\/index.php\/2025\/10\/03\/gobierno-destaca-reduccion-de-homicidios-y-feminicidios-durante-gestion-del-presidente-abinader\/","title":{"rendered":"Gobierno destaca reducci\u00f3n de homicidios y feminicidios durante gesti\u00f3n del presidente Abinader"},"content":{"rendered":"\n<p>El Gobierno dominicano present\u00f3 los principales logros en materia de seguridad alcanzados entre agosto de 2020 y agosto de 2025, destacando una reducci\u00f3n significativa en los indicadores de criminalidad.<\/p>\n\n\n\n<p>De acuerdo con el informe oficial, la tasa de homicidios se redujo a 8.3 por cada 100,000 habitantes, mientras que la de feminicidios cay\u00f3 a 1.16 en 2024, resultados atribuidos a la Estrategia Integral de Seguridad Ciudadana, los operativos preventivos como \u201cGarant\u00eda de Paz\u201d y la incorporaci\u00f3n de m\u00e1s de 4,000 nuevos agentes policiales al servicio.<\/p>\n\n\n\n<p>En el marco general del balance, el Gobierno tambi\u00e9n resalt\u00f3 avances en salud, educaci\u00f3n, vivienda, empleo y desarrollo econ\u00f3mico, se\u00f1alando mejoras en la esperanza de vida, la reducci\u00f3n de la mortalidad infantil, la construcci\u00f3n y entrega de viviendas, el acceso al agua potable, la expansi\u00f3n de la cobertura educativa y un crecimiento sostenido de la econom\u00eda nacional.<\/p>\n\n\n\n<p>Estos esfuerzos, resalta el informe, han permitido que los dominicanos vivan en entornos m\u00e1s seguros y protegidos, consolidando el compromiso del Estado con la seguridad ciudadana y el fortalecimiento institucional de la Polic\u00eda Nacional.<\/p>\n","protected":false},"excerpt":{"rendered":"<p>El Gobierno dominicano present\u00f3 los principales logros en materia de seguridad alcanzados entre agosto de 2020 y agosto de 2025, destacando una reducci\u00f3n significativa en los indicadores de criminalidad. De&hellip;<\/p>\n","protected":false},"author":10,"featured_media":111035,"comment_status":"open","ping_status":"open","sticky":false,"template":"","format":"standard","meta":{"content-type":"","jetpack_post_was_ever_published":false,"_jetpack_newsletter_access":"","_jetpack_dont_email_post_to_subs":false,"_jetpack_newsletter_tier_id":0,"_jetpack_memberships_contains_paywalled_content":false,"_jetpack_memberships_contains_paid_content":false,"footnotes":""},"categories":[35,25],"tags":[4672,212,171,4286,67,3178],"class_list":["post-111034","post","type-post","status-publish","format-standard","has-post-thumbnail","hentry","category-nacionales","category-portada","tag-feminicidios","tag-gestion","tag-gobierno","tag-homicidios","tag-luis-abinader","tag-reduccion"],"jetpack_featured_media_url":"https:\/\/lasprimeras.com.do\/wp-content\/uploads\/2025\/10\/LUIS-ABINADER-1.jpg","jetpack-related-posts":[{"id":115780,"url":"https:\/\/lasprimeras.com.do\/index.php\/2025\/11\/25\/republica-dominicana-reporta-reduccion-de-feminicidios-en-un-30-98-en-2025\/","url_meta":{"origin":111034,"position":0},"title":"Rep\u00fablica Dominicana reporta reducci\u00f3n de feminicidios en un 30.98 % en 2025","author":"Nelson Feliz","date":"25 de noviembre de 2025","format":false,"excerpt":"Gobierno presentar\u00e1 nuevas pol\u00edticas de prevenci\u00f3n El Gobierno dominicano inform\u00f3 este lunes una reducci\u00f3n preliminar del 30.98 % en los feminicidios registrados durante 2025, una ca\u00edda considerada hist\u00f3rica por las autoridades y atribuida a las acciones coordinadas de la Fuerza de Tarea y al fortalecimiento de la respuesta institucional. Este\u2026","rel":"","context":"En \u00abMILITARES\u00bb","block_context":{"text":"MILITARES","link":"https:\/\/lasprimeras.com.do\/index.php\/category\/militares\/"},"img":{"alt_text":"","src":"https:\/\/i0.wp.com\/lasprimeras.com.do\/wp-content\/uploads\/2025\/11\/Faride-Raful-1-1.jpg?resize=350%2C200&ssl=1","width":350,"height":200,"srcset":"https:\/\/i0.wp.com\/lasprimeras.com.do\/wp-content\/uploads\/2025\/11\/Faride-Raful-1-1.jpg?resize=350%2C200&ssl=1 1x, https:\/\/i0.wp.com\/lasprimeras.com.do\/wp-content\/uploads\/2025\/11\/Faride-Raful-1-1.jpg?resize=525%2C300&ssl=1 1.5x, https:\/\/i0.wp.com\/lasprimeras.com.do\/wp-content\/uploads\/2025\/11\/Faride-Raful-1-1.jpg?resize=700%2C400&ssl=1 2x, https:\/\/i0.wp.com\/lasprimeras.com.do\/wp-content\/uploads\/2025\/11\/Faride-Raful-1-1.jpg?resize=1050%2C600&ssl=1 3x"},"classes":[]},{"id":91498,"url":"https:\/\/lasprimeras.com.do\/index.php\/2024\/11\/25\/abinader-llama-a-las-mujeres-victimas-de-violencia-a-que-la-reporten\/","url_meta":{"origin":111034,"position":1},"title":"Abinader llama a las mujeres v\u00edctimas de violencia a que la reporten","author":"Nelson Feliz","date":"25 de noviembre de 2024","format":false,"excerpt":"El presidente de la Rep\u00fablica Dominicana, Luis Abinader, pidi\u00f3 este lunes 25 de noviembre a las mujeres que sufren violencia que \"la reporten\". El mandatario fue cuestionado en LA Semanal con la Prensa sobre las medidas que su gobierno est\u00e1 tomando para combatir la violencia familiar y los feminicidios en\u2026","rel":"","context":"En \u00abNACIONALES\u00bb","block_context":{"text":"NACIONALES","link":"https:\/\/lasprimeras.com.do\/index.php\/category\/nacionales\/"},"img":{"alt_text":"Luis Abinader","src":"https:\/\/i0.wp.com\/lasprimeras.com.do\/wp-content\/uploads\/2024\/11\/Luis-Abinader-c-2.jpg?resize=350%2C200&ssl=1","width":350,"height":200,"srcset":"https:\/\/i0.wp.com\/lasprimeras.com.do\/wp-content\/uploads\/2024\/11\/Luis-Abinader-c-2.jpg?resize=350%2C200&ssl=1 1x, https:\/\/i0.wp.com\/lasprimeras.com.do\/wp-content\/uploads\/2024\/11\/Luis-Abinader-c-2.jpg?resize=525%2C300&ssl=1 1.5x, https:\/\/i0.wp.com\/lasprimeras.com.do\/wp-content\/uploads\/2024\/11\/Luis-Abinader-c-2.jpg?resize=700%2C400&ssl=1 2x"},"classes":[]},{"id":110908,"url":"https:\/\/lasprimeras.com.do\/index.php\/2025\/10\/02\/gobierno-presenta-logros-en-salud-seguridad-educacion-y-calidad-de-vida-de-los-dominicanos\/","url_meta":{"origin":111034,"position":2},"title":"Gobierno presenta logros en salud, seguridad, educaci\u00f3n y calidad de vida de los dominicanos","author":"Nelson Feliz","date":"2 de octubre de 2025","format":false,"excerpt":"El Gobierno dominicano present\u00f3 un informe destacando los logros de la gesti\u00f3n del presidente Luis Abinader entre 2020 y 2025, con avances en salud, seguridad, educaci\u00f3n, vivienda, empleo y desarrollo econ\u00f3mico. Seg\u00fan el director del DIECOM, F\u00e9lix Reyna, el documento \u201cLogros Gesti\u00f3n del Gobierno\u201d muestra c\u00f3mo las pol\u00edticas p\u00fablicas han\u2026","rel":"","context":"En \u00abNACIONALES\u00bb","block_context":{"text":"NACIONALES","link":"https:\/\/lasprimeras.com.do\/index.php\/category\/nacionales\/"},"img":{"alt_text":"F\u00e9lix Reyna","src":"https:\/\/i0.wp.com\/lasprimeras.com.do\/wp-content\/uploads\/2025\/10\/Felix-Reyna-1.jpg?resize=350%2C200&ssl=1","width":350,"height":200,"srcset":"https:\/\/i0.wp.com\/lasprimeras.com.do\/wp-content\/uploads\/2025\/10\/Felix-Reyna-1.jpg?resize=350%2C200&ssl=1 1x, https:\/\/i0.wp.com\/lasprimeras.com.do\/wp-content\/uploads\/2025\/10\/Felix-Reyna-1.jpg?resize=525%2C300&ssl=1 1.5x, https:\/\/i0.wp.com\/lasprimeras.com.do\/wp-content\/uploads\/2025\/10\/Felix-Reyna-1.jpg?resize=700%2C400&ssl=1 2x"},"classes":[]},{"id":94294,"url":"https:\/\/lasprimeras.com.do\/index.php\/2025\/02\/27\/abinader-anuncia-que-dara-apoyo-economico-a-ninos-huerfanos-por-feminicidios\/","url_meta":{"origin":111034,"position":3},"title":"Abinader anuncia que dar\u00e1 apoyo econ\u00f3mico a ni\u00f1os hu\u00e9rfanos por feminicidios","author":"Nelson Feliz","date":"27 de febrero de 2025","format":false,"excerpt":"Presidente dice que est\u00e1n asistiendo a ni\u00f1os en situaci\u00f3n de calle. El presidente Luis Abinader inform\u00f3 este jueves durante su discurso de rendici\u00f3n de cuentas, la puesta en marcha de un programa de apoyo econ\u00f3mico para ni\u00f1os y adolescentes en condici\u00f3n de orfandad a causa de feminicidios. Durante su alocuci\u00f3n\u2026","rel":"","context":"En \u00abNACIONALES\u00bb","block_context":{"text":"NACIONALES","link":"https:\/\/lasprimeras.com.do\/index.php\/category\/nacionales\/"},"img":{"alt_text":"","src":"https:\/\/i0.wp.com\/lasprimeras.com.do\/wp-content\/uploads\/2025\/02\/Luis-Abinader-9-1.jpg?resize=350%2C200&ssl=1","width":350,"height":200,"srcset":"https:\/\/i0.wp.com\/lasprimeras.com.do\/wp-content\/uploads\/2025\/02\/Luis-Abinader-9-1.jpg?resize=350%2C200&ssl=1 1x, https:\/\/i0.wp.com\/lasprimeras.com.do\/wp-content\/uploads\/2025\/02\/Luis-Abinader-9-1.jpg?resize=525%2C300&ssl=1 1.5x, https:\/\/i0.wp.com\/lasprimeras.com.do\/wp-content\/uploads\/2025\/02\/Luis-Abinader-9-1.jpg?resize=700%2C400&ssl=1 2x"},"classes":[]},{"id":116231,"url":"https:\/\/lasprimeras.com.do\/index.php\/2025\/11\/27\/abinader-respalda-pacto-nacional-contra-la-violencia-de-genero-recibe-documento-de-reforma-integral-dejala-ir\/","url_meta":{"origin":111034,"position":4},"title":"Abinader respalda pacto nacional contra la violencia de g\u00e9nero; recibe documento de reforma integral \u201cD\u00e9jala Ir\u201d","author":"Nelson Feliz","date":"27 de noviembre de 2025","format":false,"excerpt":"Iniciativa establece ejes de protecci\u00f3n, predicci\u00f3n y prevenci\u00f3n de feminicidios y filicidios. El presidente Luis Abinader expres\u00f3 una vez m\u00e1s completo respaldo a la lucha contra la violencia de g\u00e9nero e intrafamiliar y se mostr\u00f3 a favor de la Reforma Integral 'D\u00e9jala Ir' y del Pacto Nacional por la Vida\u2026","rel":"","context":"En \u00abNACIONALES\u00bb","block_context":{"text":"NACIONALES","link":"https:\/\/lasprimeras.com.do\/index.php\/category\/nacionales\/"},"img":{"alt_text":"","src":"https:\/\/i0.wp.com\/lasprimeras.com.do\/wp-content\/uploads\/2025\/11\/Luis-Abinader-3-2.jpg?resize=350%2C200&ssl=1","width":350,"height":200,"srcset":"https:\/\/i0.wp.com\/lasprimeras.com.do\/wp-content\/uploads\/2025\/11\/Luis-Abinader-3-2.jpg?resize=350%2C200&ssl=1 1x, https:\/\/i0.wp.com\/lasprimeras.com.do\/wp-content\/uploads\/2025\/11\/Luis-Abinader-3-2.jpg?resize=525%2C300&ssl=1 1.5x, https:\/\/i0.wp.com\/lasprimeras.com.do\/wp-content\/uploads\/2025\/11\/Luis-Abinader-3-2.jpg?resize=700%2C400&ssl=1 2x"},"classes":[]},{"id":119561,"url":"https:\/\/lasprimeras.com.do\/index.php\/2026\/01\/14\/fundacion-felicita-al-presidente-abinader-por-cambios-en-el-gobierno\/","url_meta":{"origin":111034,"position":5},"title":"Fundaci\u00f3n felicita al presidente Abinader por cambios en el Gobierno","author":"Nelson Feliz","date":"14 de enero de 2026","format":false,"excerpt":"Respalda nueva etapa en el Ministerio de la Mujer. La Fundaci\u00f3n para el Bienestar de la Mujer Dominicana (FUBIMUD) felicit\u00f3 al presidente Luis Abinader, por los recientes cambios realizados en el tren gubernamental. Est\u00e1s decisiones que evidencian su compromiso con el fortalecimiento institucional y la mejora de las pol\u00edticas p\u00fablicas.\u2026","rel":"","context":"En \u00abNACIONALES\u00bb","block_context":{"text":"NACIONALES","link":"https:\/\/lasprimeras.com.do\/index.php\/category\/nacionales\/"},"img":{"alt_text":"","src":"https:\/\/i0.wp.com\/lasprimeras.com.do\/wp-content\/uploads\/2026\/01\/IMG-20260113-WA0734.jpg?resize=350%2C200&ssl=1","width":350,"height":200,"srcset":"https:\/\/i0.wp.com\/lasprimeras.com.do\/wp-content\/uploads\/2026\/01\/IMG-20260113-WA0734.jpg?resize=350%2C200&ssl=1 1x, https:\/\/i0.wp.com\/lasprimeras.com.do\/wp-content\/uploads\/2026\/01\/IMG-20260113-WA0734.jpg?resize=525%2C300&ssl=1 1.5x, https:\/\/i0.wp.com\/lasprimeras.com.do\/wp-content\/uploads\/2026\/01\/IMG-20260113-WA0734.jpg?resize=700%2C400&ssl=1 2x, https:\/\/i0.wp.com\/lasprimeras.com.do\/wp-content\/uploads\/2026\/01\/IMG-20260113-WA0734.jpg?resize=1050%2C600&ssl=1 3x, https:\/\/i0.wp.com\/lasprimeras.com.do\/wp-content\/uploads\/2026\/01\/IMG-20260113-WA0734.jpg?resize=1400%2C800&ssl=1 4x"},"classes":[]}],"jetpack_sharing_enabled":true,"_links":{"self":[{"href":"https:\/\/lasprimeras.com.do\/index.php\/wp-json\/wp\/v2\/posts\/111034","targetHints":{"allow":["GET"]}}],"collection":[{"href":"https:\/\/lasprimeras.com.do\/index.php\/wp-json\/wp\/v2\/posts"}],"about":[{"href":"https:\/\/lasprimeras.com.do\/index.php\/wp-json\/wp\/v2\/types\/post"}],"author":[{"embeddable":true,"href":"https:\/\/lasprimeras.com.do\/index.php\/wp-json\/wp\/v2\/users\/10"}],"replies":[{"embeddable":true,"href":"https:\/\/lasprimeras.com.do\/index.php\/wp-json\/wp\/v2\/comments?post=111034"}],"version-history":[{"count":1,"href":"https:\/\/lasprimeras.com.do\/index.php\/wp-json\/wp\/v2\/posts\/111034\/revisions"}],"predecessor-version":[{"id":111036,"href":"https:\/\/lasprimeras.com.do\/index.php\/wp-json\/wp\/v2\/posts\/111034\/revisions\/111036"}],"wp:featuredmedia":[{"embeddable":true,"href":"https:\/\/lasprimeras.com.do\/index.php\/wp-json\/wp\/v2\/media\/111035"}],"wp:attachment":[{"href":"https:\/\/lasprimeras.com.do\/index.php\/wp-json\/wp\/v2\/media?parent=111034"}],"wp:term":[{"taxonomy":"category","embeddable":true,"href":"https:\/\/lasprimeras.com.do\/index.php\/wp-json\/wp\/v2\/categories?post=111034"},{"taxonomy":"post_tag","embeddable":true,"href":"https:\/\/lasprimeras.com.do\/index.php\/wp-json\/wp\/v2\/tags?post=111034"}],"curies":[{"name":"wp","href":"https:\/\/api.w.org\/{rel}","templated":true}]}}