{"id":111037,"date":"2025-10-03T11:54:01","date_gmt":"2025-10-03T15:54:01","guid":{"rendered":"https:\/\/lasprimeras.com.do\/?p=111037"},"modified":"2025-10-03T11:54:03","modified_gmt":"2025-10-03T15:54:03","slug":"gigante-estadounidense-blackrock-negocia-compra-millonaria-de-aes-que-opera-en-el-salvador","status":"publish","type":"post","link":"https:\/\/lasprimeras.com.do\/index.php\/2025\/10\/03\/gigante-estadounidense-blackrock-negocia-compra-millonaria-de-aes-que-opera-en-el-salvador\/","title":{"rendered":"Gigante estadounidense BlackRock negocia compra millonaria de AES, que opera en El Salvador"},"content":{"rendered":"\n<p><strong>BlackRock, a trav\u00e9s de su fondo GIP, est\u00e1 en conversaciones avanzadas para adquirir la el\u00e9ctrica AES en una operaci\u00f3n que incluir\u00eda deuda por m\u00e1s de $38.000 millones.<\/strong><\/p>\n\n\n\n<p>Avatar del autor<br>Por Evelyn Alas<\/p>\n\n\n\n<p>La empresa estadounidense BlackRock, considerada la gestora de activos m\u00e1s grande del mundo y con sede en Nueva York, mediante su brazo de infraestructura Global Infrastructure Partners (GIP), est\u00e1 negociando la adquisici\u00f3n de la empresa el\u00e9ctrica norteamericana AES Corp. por un monto que supera los 38 mil millones de d\u00f3lares, incluyendo deuda, seg\u00fan fuentes citadas por el Financial Times.<\/p>\n\n\n\n<p>AES Corp. tiene operaciones en 12 pa\u00edses, incluido El Salvador; en su sitio web para nuestro pa\u00eds, la compa\u00f1\u00eda detalla que &#8220;actualmente, a trav\u00e9s de AES CAESS atendemos a m\u00e1s de 653 mil clientes en los departamentos de Chalatenango, Cuscatl\u00e1n, Caba\u00f1as y la zona norte de San Salvador.<\/p>\n\n\n\n<p>Adem\u00e1s, cubrimos aproximadamente 4,637 km2 para brindar energ\u00eda a sectores urbanos, comunidades rurales y un gran n\u00famero de clientes comerciales e industriales del pa\u00eds&#8221;.<\/p>\n\n\n\n<p>En mayo pasado, la compa\u00f1\u00eda inform\u00f3 en su portal que &#8220;con una inversi\u00f3n de US$ 7.3 millones, AES El Salvador puso en marcha su nuevo Centro Integral de Operaciones, una moderna instalaci\u00f3n que permitir\u00e1 monitorear y gestionar de forma eficiente, inteligente y centralizada su red de distribuci\u00f3n el\u00e9ctrica a trav\u00e9s de distintas plataformas tecnol\u00f3gicas, beneficiando a los 1.6 millones de clientes de sus empresas AES CAESS, AES CLESA, AES EEO y AES DEUSEM&#8221;.<\/p>\n\n\n\n<p>Abraham Bichara, Presidente Ejecutivo de AES El Salvador, destac\u00f3 en esa ocasi\u00f3n &#8220;la importancia de esta iniciativa como el inicio de &#8216;una nueva era digital&#8217; en las operaciones de AES.<\/p>\n\n\n\n<p>&#8216;Hoy no solo inauguramos un nuevo centro, sino que abrimos las puertas a un futuro energ\u00e9tico m\u00e1s moderno, integrando tecnolog\u00eda de vanguardia en nuestras operaciones y colocando a nuestros clientes en el centro de todo lo que hacemos&#8217;, afirm\u00f3.<\/p>\n\n\n\n<p>La pretensi\u00f3n de compra de BlackRock\/GIP se da en un contexto de creciente inter\u00e9s por compa\u00f1\u00edas del sector el\u00e9ctrico, impulsado por la demanda energ\u00e9tica asociada al auge de los centros de datos, la inteligencia artificial y la transici\u00f3n hacia energ\u00edas limpias.<\/p>\n\n\n\n<p>A continuaci\u00f3n, te presentamos un panorama estructurado con los elementos clave de esta negociaci\u00f3n, el perfil de AES, el posible impacto estrat\u00e9gico y los riesgos involucrados.<\/p>\n\n\n\n<p><strong>Estado de la negociaci\u00f3n y estructura financiera propuesta<\/strong><\/p>\n\n\n\n<p>Las conversaciones entre GIP y AES habr\u00edan alcanzado una fase avanzada, aunque no se ha cerrado un acuerdo definitivo. El importe estimado considera no solo el valor de mercado de AES, sino tambi\u00e9n su deuda neta.<\/p>\n\n\n\n<p>Seg\u00fan los reportes cercanos a la operaci\u00f3n, AES tiene una deuda estimada en unos $29,000 millones de d\u00f3lares, cifra que ser\u00eda asumida por el comprador como parte de la operaci\u00f3n.<\/p>\n\n\n\n<p>La capitalizaci\u00f3n de mercado de AES en contraste se ubica en torno a $9,400 millones, lo que sugiere que el valor total (enterprise value) de la operaci\u00f3n est\u00e1 por encima de los $38,000 millones.<\/p>\n\n\n\n<p>GIP es propiedad de BlackRock desde octubre de 2024, tras una adquisici\u00f3n valorada en $12,500 millones de d\u00f3lares. Con esto, BlackRock fortalece su plataforma de infraestructura privada con un centro de operaciones global que gestiona activos en m\u00faltiples mercados.<\/p>\n\n\n\n<p>Ese antecedente posiciona a GIP como un actor con capacidad t\u00e9cnica, recursos financieros y experiencia en adquisiciones de infraestructura compleja, atributos que podr\u00edan favorecer su aspiraci\u00f3n de adquirir AES.<\/p>\n\n\n\n<p><strong>Perfil de AES y razones del inter\u00e9s de GIP<\/strong><\/p>\n\n\n\n<p>AES opera plantas de generaci\u00f3n el\u00e9ctrica y negocios de servicios relacionados, con presencia en Estados Unidos y en m\u00e1s de una docena de pa\u00edses, incluido El Salvador. <\/p>\n\n\n\n<p>En a\u00f1os recientes ha reforzado su participaci\u00f3n en proyectos de energ\u00eda renovable, con parques e\u00f3licos, solares e infraestructura de almacenamiento.<\/p>\n\n\n\n<p>AES tambi\u00e9n ha firmado contratos de suministro el\u00e9ctrico con gigantes tecnol\u00f3gicos como Microsoft, Meta y Alphabet, en proyectos destinados a alimentar centros de datos.<\/p>\n\n\n\n<p>En 2025, AES estaba explorando alternativas estrat\u00e9gicas, incluido un posible proceso de venta, lo que habr\u00eda abierto espacio para que fondos como GIP o Brookfield Asset Management analizaran una oferta.<\/p>\n\n\n\n<p><strong>Razones del inter\u00e9s<\/strong><\/p>\n\n\n\n<p><strong>Demanda energ\u00e9tica creciente:<\/strong> La expansi\u00f3n de centros de datos e inteligencia artificial genera un alza en la demanda de electricidad estable y sostenible. AES ya participa como proveedor en ese segmento.<\/p>\n\n\n\n<p><strong>Activos renovables y contratos de largo plazo:<\/strong> Su cartera renovable y acuerdos de abastecimiento permiten una base de ingresos relativamente predecible.<\/p>\n\n\n\n<p><strong>Valuaci\u00f3n atractiva: <\/strong>El mercado ha penalizado a AES tras la ca\u00edda de sus acciones, lo que podr\u00eda abrir una oportunidad para que un comprador reval\u00fae y reestructure la empresa.<\/p>\n\n\n\n<p><strong>Potenciales implicaciones y retos<\/strong><\/p>\n\n\n\n<p><strong>Integraci\u00f3n y optimizaci\u00f3n<\/strong><\/p>\n\n\n\n<p>Un comprador como GIP deber\u00e1 integrar los activos de generaci\u00f3n y distribuci\u00f3n de AES, gestionar su deuda y mejorar la eficiencia operativa. Tambi\u00e9n deber\u00e1 sopesar las sinergias entre AES y otros negocios de infraestructura del portafolio.<\/p>\n\n\n\n<p><strong>Riesgo regulatorio y pol\u00edtico<\/strong><\/p>\n\n\n\n<p>La industria el\u00e9ctrica es altamente regulada. Cambios en pol\u00edticas energ\u00e9ticas, reglas de tarifas, incentivos fiscales para renovables o regulaciones ambientales pueden afectar las perspectivas de rentabilidad futura del negocio adquirido.<\/p>\n\n\n\n<p><strong>Cargas de deuda<\/strong><\/p>\n\n\n\n<p>Asumir casi $29,000 millones de d\u00f3lares en deuda implica un riesgo financiero significativo. La capacidad de servicio de esa deuda depender\u00e1 de la generaci\u00f3n de flujos operativos estables y del manejo adecuado de apalancamiento.<\/p>\n\n\n\n<p><strong>Dependencia de proyectos e inversiones futuras<\/strong><\/p>\n\n\n\n<p>Para mantener competitividad, el negocio debe seguir invirtiendo en generaci\u00f3n renovable, almacenamiento y mejoras de red. Los retrasos, sobrecostos o fallas en esos proyectos podr\u00edan afectar el retorno esperado.<\/p>\n\n\n\n<p><strong>Permisolog\u00eda y plazos de construcci\u00f3n<\/strong><\/p>\n\n\n\n<p>Muchos proyectos renovables requieren aprobaciones locales, permisos y cumplimiento ambiental. Los tiempos pueden extenderse m\u00e1s de lo estimado y alterar los calendarios proyectados.<\/p>\n\n\n\n<p><strong>Perspectiva y pr\u00f3ximos pasos<\/strong><\/p>\n\n\n\n<p>El negocio a\u00fan no est\u00e1 cerrado. Las partes \u2014GIP\/BlackRock y AES\u2014 podr\u00edan no llegar a un acuerdo definitivo si no se cuadran los t\u00e9rminos financieros o las condiciones regulatorias. Si se concreta, esta operaci\u00f3n podr\u00eda convertirse en una de las mayores adquisiciones de infraestructura el\u00e9ctrica de los \u00faltimos a\u00f1os.<\/p>\n\n\n\n<p>Para inversores salvadore\u00f1os, latinoamericanos o internacionales interesados en energ\u00eda, esta operaci\u00f3n es un caso relevante de c\u00f3mo los fondos de infraestructura est\u00e1n aprovechando la transici\u00f3n energ\u00e9tica global y las oportunidades en mercados maduros.<\/p>\n\n\n\n<p>Seguir\u00e9 el tema de cerca, y puedo prepararte un seguimiento focalizado hacia Am\u00e9rica Latina si te interesa esa conexi\u00f3n.<\/p>\n\n\n\n<p><a href=\"https:\/\/www.elsalvador.com\/dinero-y-negocios\/vision-empresarial\/energia-blackrock-aes-compra\/1244940\/2025\">https:\/\/www.elsalvador.com\/dinero-y-negocios\/vision-empresarial\/energia-blackrock-aes-compra\/1244940\/2025<\/a><\/p>\n","protected":false},"excerpt":{"rendered":"<p>BlackRock, a trav\u00e9s de su fondo GIP, est\u00e1 en conversaciones avanzadas para adquirir la el\u00e9ctrica AES en una operaci\u00f3n que incluir\u00eda deuda por m\u00e1s de $38.000 millones. Avatar del autorPor&hellip;<\/p>\n","protected":false},"author":10,"featured_media":111038,"comment_status":"open","ping_status":"open","sticky":false,"template":"","format":"standard","meta":{"content-type":"","jetpack_post_was_ever_published":false,"_jetpack_newsletter_access":"","_jetpack_dont_email_post_to_subs":false,"_jetpack_newsletter_tier_id":0,"_jetpack_memberships_contains_paywalled_content":false,"_jetpack_memberships_contains_paid_content":false,"footnotes":""},"categories":[39,25],"tags":[9724,25573,598,25571,25572,12319],"class_list":["post-111037","post","type-post","status-publish","format-standard","has-post-thumbnail","hentry","category-economia","category-portada","tag-aes","tag-compra-millonaria","tag-el-salvador","tag-gigante-estadounidense-blackrock","tag-negocia","tag-opera"],"jetpack_featured_media_url":"https:\/\/lasprimeras.com.do\/wp-content\/uploads\/2025\/10\/AES-1.jpg","jetpack-related-posts":[{"id":112094,"url":"https:\/\/lasprimeras.com.do\/index.php\/2025\/10\/17\/nvidia-se-une-a-blackrock-en-la-compra-de-aligned-data-centers\/","url_meta":{"origin":111037,"position":0},"title":"Nvidia se une a BlackRock en la compra de Aligned Data Centers","author":"Nelson Feliz","date":"17 de octubre de 2025","format":false,"excerpt":"Microsoft y los fondos soberanos de Kuwait y Singapur integran el consorcio, que prev\u00e9 invertir hasta 100.000 millones, la mayor de la historia en los centros de datos, valorada en 40.000 millones de d\u00f3lares. Santiago Mill\u00e1n Madrid - Un grupo de inversores, liderado por BlackRock-Global Infrastructure Partners (GIP), y con\u2026","rel":"","context":"En \u00abTECNOL\u00d3GIA\u00bb","block_context":{"text":"TECNOL\u00d3GIA","link":"https:\/\/lasprimeras.com.do\/index.php\/category\/tecnologia\/"},"img":{"alt_text":"","src":"https:\/\/i0.wp.com\/lasprimeras.com.do\/wp-content\/uploads\/2025\/10\/alianza.jpg?resize=350%2C200&ssl=1","width":350,"height":200,"srcset":"https:\/\/i0.wp.com\/lasprimeras.com.do\/wp-content\/uploads\/2025\/10\/alianza.jpg?resize=350%2C200&ssl=1 1x, https:\/\/i0.wp.com\/lasprimeras.com.do\/wp-content\/uploads\/2025\/10\/alianza.jpg?resize=525%2C300&ssl=1 1.5x, https:\/\/i0.wp.com\/lasprimeras.com.do\/wp-content\/uploads\/2025\/10\/alianza.jpg?resize=700%2C400&ssl=1 2x, https:\/\/i0.wp.com\/lasprimeras.com.do\/wp-content\/uploads\/2025\/10\/alianza.jpg?resize=1050%2C600&ssl=1 3x"},"classes":[]},{"id":68210,"url":"https:\/\/lasprimeras.com.do\/index.php\/2023\/11\/22\/bid-invest-moviliza-el-mayor-financiamiento-de-energias-renovables-del-caribe-para-aes\/","url_meta":{"origin":111037,"position":1},"title":"BID Invest moviliza el mayor financiamiento de energ\u00edas renovables del Caribe para AES","author":"Nelson Feliz","date":"22 de noviembre de 2023","format":false,"excerpt":"El proyecto apoya la estrategia de descarbonizaci\u00f3n de AES en la Rep\u00fablica Dominicana, desplazando un estimado de 441,000 toneladas de di\u00f3xido de carbono equivalente cada a\u00f1o. BID Invest otorg\u00f3 un pr\u00e9stamo de aproximadamente US$368 millones a AES Dominicana Renewable Energy S.A. (ADRE), una subsidiaria de The AES Corporation en Rep\u00fablica\u2026","rel":"","context":"En \u00abECONOM\u00cdA\u00bb","block_context":{"text":"ECONOM\u00cdA","link":"https:\/\/lasprimeras.com.do\/index.php\/category\/economia\/"},"img":{"alt_text":"","src":"https:\/\/i0.wp.com\/lasprimeras.com.do\/wp-content\/uploads\/2023\/11\/Bayasol-1.jpg?resize=350%2C200&ssl=1","width":350,"height":200,"srcset":"https:\/\/i0.wp.com\/lasprimeras.com.do\/wp-content\/uploads\/2023\/11\/Bayasol-1.jpg?resize=350%2C200&ssl=1 1x, https:\/\/i0.wp.com\/lasprimeras.com.do\/wp-content\/uploads\/2023\/11\/Bayasol-1.jpg?resize=525%2C300&ssl=1 1.5x, https:\/\/i0.wp.com\/lasprimeras.com.do\/wp-content\/uploads\/2023\/11\/Bayasol-1.jpg?resize=700%2C400&ssl=1 2x"},"classes":[]},{"id":52512,"url":"https:\/\/lasprimeras.com.do\/index.php\/2023\/06\/11\/asde-y-fundacion-aes-dominicana-inauguran-sistema-de-bandas-musicales\/","url_meta":{"origin":111037,"position":2},"title":"ASDE y Fundaci\u00f3n AES Dominicana inauguran sistema de bandas musicales","author":"prenxa100","date":"11 de junio de 2023","format":false,"excerpt":"M\u00e1s de 400 estudiantes ser\u00e1n beneficiados de inmediato con clases de m\u00fasica en Los Tres Brazos, Calero, Villa Duarte,\u00a0 Los Molinos, Los Frailes, Villa Faro, San Luis, Los Frailes II\u00a0 y en la Parada de la Cultura, frente al Parque del Este. El Ayuntamiento de Santo Domingo Este y la\u2026","rel":"","context":"En \u00abENTRETENIMIENTO\u00bb","block_context":{"text":"ENTRETENIMIENTO","link":"https:\/\/lasprimeras.com.do\/index.php\/category\/entretenimiento\/"},"img":{"alt_text":"ASDE y Fundaci\u00f3n AES Dominicana","src":"https:\/\/i0.wp.com\/lasprimeras.com.do\/wp-content\/uploads\/2023\/06\/ASDE-y-Fundacion-AES-Dominicana.jpg?resize=350%2C200&ssl=1","width":350,"height":200,"srcset":"https:\/\/i0.wp.com\/lasprimeras.com.do\/wp-content\/uploads\/2023\/06\/ASDE-y-Fundacion-AES-Dominicana.jpg?resize=350%2C200&ssl=1 1x, https:\/\/i0.wp.com\/lasprimeras.com.do\/wp-content\/uploads\/2023\/06\/ASDE-y-Fundacion-AES-Dominicana.jpg?resize=525%2C300&ssl=1 1.5x, https:\/\/i0.wp.com\/lasprimeras.com.do\/wp-content\/uploads\/2023\/06\/ASDE-y-Fundacion-AES-Dominicana.jpg?resize=700%2C400&ssl=1 2x"},"classes":[]},{"id":116453,"url":"https:\/\/lasprimeras.com.do\/index.php\/2025\/12\/01\/aerolineas-espanolas-cancelan-sus-vuelos-a-venezuela-tras-aviso-de-agencia-de-ee-uu\/","url_meta":{"origin":111037,"position":3},"title":"Aerol\u00edneas espa\u00f1olas cancelan sus vuelos a Venezuela tras aviso de agencia de EE. UU.","author":"Nelson Feliz","date":"1 de diciembre de 2025","format":false,"excerpt":"Las compa\u00f1\u00edas Iberia, Air Europa y Plus Ultra destacan que su intenci\u00f3n es retomar los vuelos a Venezuela \"en cuanto se recuperen las plenas garant\u00edas de seguridad\" Madrid - Las aerol\u00edneas espa\u00f1olas Iberia, Air Europa y Plus Ultra extendieron la cancelaci\u00f3n de sus vuelos hacia Venezuela tras el aviso de\u2026","rel":"","context":"En \u00abINTERNACIONALES\u00bb","block_context":{"text":"INTERNACIONALES","link":"https:\/\/lasprimeras.com.do\/index.php\/category\/sin-categoria\/internacionales\/"},"img":{"alt_text":"Iberia y Air Europa","src":"https:\/\/i0.wp.com\/lasprimeras.com.do\/wp-content\/uploads\/2025\/12\/Iberia-y-Air-Europa.jpg?resize=350%2C200&ssl=1","width":350,"height":200,"srcset":"https:\/\/i0.wp.com\/lasprimeras.com.do\/wp-content\/uploads\/2025\/12\/Iberia-y-Air-Europa.jpg?resize=350%2C200&ssl=1 1x, https:\/\/i0.wp.com\/lasprimeras.com.do\/wp-content\/uploads\/2025\/12\/Iberia-y-Air-Europa.jpg?resize=525%2C300&ssl=1 1.5x, https:\/\/i0.wp.com\/lasprimeras.com.do\/wp-content\/uploads\/2025\/12\/Iberia-y-Air-Europa.jpg?resize=700%2C400&ssl=1 2x"},"classes":[]},{"id":114213,"url":"https:\/\/lasprimeras.com.do\/index.php\/2025\/11\/11\/actividades-afectadas-tras-largo-apagon-en-rep-dominicana\/","url_meta":{"origin":111037,"position":4},"title":"Actividades afectadas tras largo apag\u00f3n en Rep. Dominicana","author":"Nelson Feliz","date":"11 de noviembre de 2025","format":false,"excerpt":"Las actividades industriales, comerciales y dom\u00e9sticas as\u00ed como el tr\u00e1nsito en toda la Rep\u00fablica Dominicana han resultado afectadas por un apag\u00f3n general que se ha producido debido, seg\u00fan se ha dicho, a una aver\u00eda en el sistema de transmisi\u00f3n la cual ha durado m\u00e1s de cuatro horas ininterrumpidas. La Empresa\u2026","rel":"","context":"En \u00abSin categor\u00eda\u00bb","block_context":{"text":"Sin categor\u00eda","link":"https:\/\/lasprimeras.com.do\/index.php\/category\/sin-categoria\/"},"img":{"alt_text":"","src":"https:\/\/i0.wp.com\/lasprimeras.com.do\/wp-content\/uploads\/2025\/11\/largo-apagon.jpg?resize=350%2C200&ssl=1","width":350,"height":200,"srcset":"https:\/\/i0.wp.com\/lasprimeras.com.do\/wp-content\/uploads\/2025\/11\/largo-apagon.jpg?resize=350%2C200&ssl=1 1x, https:\/\/i0.wp.com\/lasprimeras.com.do\/wp-content\/uploads\/2025\/11\/largo-apagon.jpg?resize=525%2C300&ssl=1 1.5x"},"classes":[]},{"id":67568,"url":"https:\/\/lasprimeras.com.do\/index.php\/2023\/11\/16\/china-esta-lista-para-ser-socio-y-amigo-de-eeuu-afirma-xi\/","url_meta":{"origin":111037,"position":5},"title":"China est\u00e1 lista para ser &#8220;socio y amigo&#8221; de EEUU, afirma Xi","author":"Nelson Feliz","date":"16 de noviembre de 2023","format":false,"excerpt":"China est\u00e1 \"lista para ser un socio y amigo de Estados Unidos\", dijo el presidente Xi Jinping a empresarios estadounidenses en San Francisco, en un contexto de preocupaci\u00f3n por la desaceleraci\u00f3n de su econom\u00eda. Si un pa\u00eds ve al otro como un competidor principal y un desaf\u00edo geopol\u00edtico, \"esto solo\u2026","rel":"","context":"En \u00abSin categor\u00eda\u00bb","block_context":{"text":"Sin categor\u00eda","link":"https:\/\/lasprimeras.com.do\/index.php\/category\/sin-categoria\/"},"img":{"alt_text":"El presidente de Estados Unidos, Joe Biden, camina junto al presidente chino Xi Jinping .(Photo Brendan SMIALOWSKIAFP","src":"https:\/\/i0.wp.com\/lasprimeras.com.do\/wp-content\/uploads\/2023\/11\/Joe-Biden-y-Xi-Jinping.jpeg?resize=350%2C200&ssl=1","width":350,"height":200,"srcset":"https:\/\/i0.wp.com\/lasprimeras.com.do\/wp-content\/uploads\/2023\/11\/Joe-Biden-y-Xi-Jinping.jpeg?resize=350%2C200&ssl=1 1x, https:\/\/i0.wp.com\/lasprimeras.com.do\/wp-content\/uploads\/2023\/11\/Joe-Biden-y-Xi-Jinping.jpeg?resize=525%2C300&ssl=1 1.5x, https:\/\/i0.wp.com\/lasprimeras.com.do\/wp-content\/uploads\/2023\/11\/Joe-Biden-y-Xi-Jinping.jpeg?resize=700%2C400&ssl=1 2x"},"classes":[]}],"jetpack_sharing_enabled":true,"_links":{"self":[{"href":"https:\/\/lasprimeras.com.do\/index.php\/wp-json\/wp\/v2\/posts\/111037","targetHints":{"allow":["GET"]}}],"collection":[{"href":"https:\/\/lasprimeras.com.do\/index.php\/wp-json\/wp\/v2\/posts"}],"about":[{"href":"https:\/\/lasprimeras.com.do\/index.php\/wp-json\/wp\/v2\/types\/post"}],"author":[{"embeddable":true,"href":"https:\/\/lasprimeras.com.do\/index.php\/wp-json\/wp\/v2\/users\/10"}],"replies":[{"embeddable":true,"href":"https:\/\/lasprimeras.com.do\/index.php\/wp-json\/wp\/v2\/comments?post=111037"}],"version-history":[{"count":1,"href":"https:\/\/lasprimeras.com.do\/index.php\/wp-json\/wp\/v2\/posts\/111037\/revisions"}],"predecessor-version":[{"id":111039,"href":"https:\/\/lasprimeras.com.do\/index.php\/wp-json\/wp\/v2\/posts\/111037\/revisions\/111039"}],"wp:featuredmedia":[{"embeddable":true,"href":"https:\/\/lasprimeras.com.do\/index.php\/wp-json\/wp\/v2\/media\/111038"}],"wp:attachment":[{"href":"https:\/\/lasprimeras.com.do\/index.php\/wp-json\/wp\/v2\/media?parent=111037"}],"wp:term":[{"taxonomy":"category","embeddable":true,"href":"https:\/\/lasprimeras.com.do\/index.php\/wp-json\/wp\/v2\/categories?post=111037"},{"taxonomy":"post_tag","embeddable":true,"href":"https:\/\/lasprimeras.com.do\/index.php\/wp-json\/wp\/v2\/tags?post=111037"}],"curies":[{"name":"wp","href":"https:\/\/api.w.org\/{rel}","templated":true}]}}