{"id":111040,"date":"2025-10-03T21:33:33","date_gmt":"2025-10-04T01:33:33","guid":{"rendered":"https:\/\/lasprimeras.com.do\/?p=111040"},"modified":"2025-10-03T21:33:35","modified_gmt":"2025-10-04T01:33:35","slug":"abinader-entrega-premios-adulto-mayor-del-ano-a-josefina-minino-y-protector-de-la-persona-envejeciente-a-sor-agripina-acosta","status":"publish","type":"post","link":"https:\/\/lasprimeras.com.do\/index.php\/2025\/10\/03\/abinader-entrega-premios-adulto-mayor-del-ano-a-josefina-minino-y-protector-de-la-persona-envejeciente-a-sor-agripina-acosta\/","title":{"rendered":"Abinader entrega premios Adulto Mayor del A\u00f1o a Josefina Mini\u00f1o y Protector de la Persona Envejeciente a Sor Agripina Acosta"},"content":{"rendered":"\n<p><strong>Director de CONAPE agradece respaldo del presidente Abinader a la instituci\u00f3n en su compromiso con la dignidad, protecci\u00f3n y bienestar de los adultos mayores.<\/strong><\/p>\n\n\n\n<p>El presidente Luis Abinader, junto a la primera dama Raquel Arbaje, encabez\u00f3 este viernes la sexta edici\u00f3n del Premio Anual Protector de la Persona Envejeciente y Adulto Mayor, que reconoce el altruismo y la dedicaci\u00f3n de los adultos mayores durante el a\u00f1o.<\/p>\n\n\n\n<p>Estos galardones constituyen un tributo de la naci\u00f3n a sus adultos mayores. El Premio Protector de la Persona Envejeciente distingue a la instituci\u00f3n cuyo compromiso solidario se convierte en ejemplo de servicio, mientras que el Premio Adulto Mayor del A\u00f1o honra a aquel hombre o mujer que, con su testimonio de esfuerzo, valores, superaci\u00f3n y referencia moral, enaltece la grandeza de esta etapa de la vida.<\/p>\n\n\n\n<p>El galard\u00f3n Adulto Mayor del A\u00f1o fue otorgado a la maestra Josefina Mini\u00f1o, por el m\u00e9rito de ser un ejemplo de inspiraci\u00f3n para los adultos mayores, activa y participativa, incansable en su destacada labor como maestra, bailarina y core\u00f3grafa, compartiendo sus \u00e9xitos, vivencias y saberes acumulados a lo largo de los a\u00f1os con todas las generaciones, entregando lo que sabe hacer con pasi\u00f3n y amor: bailando.<\/p>\n\n\n\n<p>En tanto, el premio Protector de la Persona Envejeciente fue otorgado a Sor Agripina Acosta, directora del Hogar de Ancianos Desvalidos La Sant\u00edsima Trinidad, por haber desarrollado durante 57 a\u00f1os una destacada labor de acogida y cuidado a los adultos mayores desvalidos, contribuyendo a su bienestar y garantizando una vida digna en su etapa avanzada.<\/p>\n\n\n\n<p><strong>Importancia de honrar y proteger a los adultos mayores<\/strong><\/p>\n\n\n\n<p>Durante el acto, el director ejecutivo del Consejo Nacional de la Persona Envejeciente (CONAPE), Demetrio Antonio Vicente Ure\u00f1a, destac\u00f3 la importancia de honrar y proteger a los adultos mayores, resaltando su rol protag\u00f3nico en la sociedad y agradeci\u00f3 al presidente Luis Abinader por el respaldo brindado a la instituci\u00f3n que dirige, asegurando que su gesti\u00f3n fortalece la misi\u00f3n institucional de garantizar que cada persona envejeciente sea respetada, escuchada y valorada.<\/p>\n\n\n\n<p>El funcionario resalt\u00f3 que, bajo el lema proclamado este a\u00f1o por las Naciones Unidas: \u201cLas personas de edad impulsan la acci\u00f3n local y mundial: nuestras aspiraciones, nuestro bienestar y nuestros derechos\u201d, el CONAPE reafirma su compromiso con la dignidad, la protecci\u00f3n y el bienestar de los adultos mayores.<\/p>\n\n\n\n<p>\u201cLas personas envejecientes son semilla y ra\u00edz de nuestra historia. Han sido maestros, gu\u00edas, protectores y trabajadores incansables. Hoy m\u00e1s que nunca debemos reconocer que no son solo memoria, sino tambi\u00e9n presente activo, ciudadanos con sue\u00f1os, aspiraciones y derechos que debemos garantizar en cada pol\u00edtica p\u00fablica\u201d, expres\u00f3.<\/p>\n\n\n<div class=\"wp-block-image\">\n<figure class=\"alignleft size-full is-resized\"><img decoding=\"async\" width=\"900\" height=\"814\" src=\"https:\/\/lasprimeras.com.do\/wp-content\/uploads\/2025\/10\/minino.jpg\" alt=\"\" class=\"wp-image-111042\" style=\"width:360px;height:auto\" srcset=\"https:\/\/lasprimeras.com.do\/wp-content\/uploads\/2025\/10\/minino.jpg 900w, https:\/\/lasprimeras.com.do\/wp-content\/uploads\/2025\/10\/minino-300x271.jpg 300w, https:\/\/lasprimeras.com.do\/wp-content\/uploads\/2025\/10\/minino-768x695.jpg 768w\" sizes=\"(max-width: 900px) 100vw, 900px\" \/><\/figure>\n<\/div>\n\n\n<p><strong>Galardonados<\/strong><\/p>\n\n\n\n<p>La Gloria de la Danza Dominicana, Josefina Mini\u00f1o, manifest\u00f3 su profundo agradecimiento por el reconocimiento, el cual calific\u00f3 como un testimonio al valor de sus esfuerzos, dedicaci\u00f3n y entrega a lo largo de su vida. <\/p>\n\n\n\n<p>Agreg\u00f3 que, con este galard\u00f3n, quiere recordar que la edad no es un l\u00edmite, y que ser un adulto mayor activo representa el m\u00e1s alto rango que otorga la vida: la gran oportunidad de seguir creciendo y aportando a la sociedad.<\/p>\n\n\n\n<p>\u201cEste premio me honra, s\u00ed, me honra, no solo por mis logros personales, sino tambi\u00e9n por el legado de inspiraci\u00f3n que deseo dejar a las nuevas generaciones. Esta distinci\u00f3n la siento y la recibo como un est\u00edmulo para continuar con la misma pasi\u00f3n y entrega\u201d, expres\u00f3.<\/p>\n\n\n<div class=\"wp-block-image\">\n<figure class=\"alignright size-full is-resized\"><img decoding=\"async\" width=\"900\" height=\"710\" src=\"https:\/\/lasprimeras.com.do\/wp-content\/uploads\/2025\/10\/sor-agripina.jpg\" alt=\"\" class=\"wp-image-111043\" style=\"width:383px;height:auto\" srcset=\"https:\/\/lasprimeras.com.do\/wp-content\/uploads\/2025\/10\/sor-agripina.jpg 900w, https:\/\/lasprimeras.com.do\/wp-content\/uploads\/2025\/10\/sor-agripina-300x237.jpg 300w, https:\/\/lasprimeras.com.do\/wp-content\/uploads\/2025\/10\/sor-agripina-768x606.jpg 768w\" sizes=\"(max-width: 900px) 100vw, 900px\" \/><\/figure>\n<\/div>\n\n\n<p>Asimismo, Sor Agripina agradeci\u00f3 al presidente Abinader por su compromiso de poner al ser humano en el centro de las pol\u00edticas p\u00fablicas, y a la primera dama Raquel Arbaje por su ternura y entrega en las causas sociales, asegurando que reciben este premio con inmensa gratitud.<\/p>\n\n\n\n<p>\u201cRecibirlo en el Palacio Nacional es signo de que andamos el camino correcto hacia la dignidad y el cuidado de nuestros adultos mayores. Este reconocimiento no es solo para nuestro hogar, sino para cada anciano que nos recuerda que la vejez no es un peso, sino un tesoro de sabidur\u00eda, historia y amor\u201d.<\/p>\n\n\n\n<p>En el acto se rindi\u00f3 un minuto de silencio en honor a Mar\u00eda Cristina Camilo, primera locutora de radio y presentadora de televisi\u00f3n de la Rep\u00fablica Dominicana.<\/p>\n\n\n\n<p>Acompa\u00f1aron al presidente Abinader los ministros Administrativo de la Presidencia, Andr\u00e9s Bautista, y de Salud P\u00fablica, V\u00edctor Atallah.<\/p>\n","protected":false},"excerpt":{"rendered":"<p>Director de CONAPE agradece respaldo del presidente Abinader a la instituci\u00f3n en su compromiso con la dignidad, protecci\u00f3n y bienestar de los adultos mayores. El presidente Luis Abinader, junto a&hellip;<\/p>\n","protected":false},"author":10,"featured_media":111041,"comment_status":"open","ping_status":"open","sticky":false,"template":"","format":"standard","meta":{"content-type":"","jetpack_post_was_ever_published":false,"_jetpack_newsletter_access":"","_jetpack_dont_email_post_to_subs":false,"_jetpack_newsletter_tier_id":0,"_jetpack_memberships_contains_paywalled_content":false,"_jetpack_memberships_contains_paid_content":false,"footnotes":""},"categories":[35,25],"tags":[25575,25576,67,2409,25574,25577],"class_list":["post-111040","post","type-post","status-publish","format-standard","has-post-thumbnail","hentry","category-nacionales","category-portada","tag-adulto-mayor-del-ano","tag-josefina-minino","tag-luis-abinader","tag-premios","tag-protector-de-la-persona-envejeciente","tag-sor-agripina-acosta"],"jetpack_featured_media_url":"https:\/\/lasprimeras.com.do\/wp-content\/uploads\/2025\/10\/luis.jpg","jetpack-related-posts":[{"id":94533,"url":"https:\/\/lasprimeras.com.do\/index.php\/2025\/03\/02\/robert-polanco-asegura-inversion-en-jovenes-adultos-envejecientes-son-prioridad-para-luis-abinader\/","url_meta":{"origin":111040,"position":0},"title":"Robert Polanco asegura inversi\u00f3n en j\u00f3venes, adultos, envejecientes son prioridad para Luis Abinader","author":"Nelson Feliz","date":"2 de marzo de 2025","format":false,"excerpt":"Propeep realiza jornada \u201cPrimero T\u00fa que cont\u00f3 con el apoyo del Ministerio de Energ\u00eda y Minas y otras instituciones de servicios sociales del gobierno El director general de los Proyectos Estrat\u00e9gicos y Especiales de la Presidencia (Propeep), Robert Polanco, asegur\u00f3 este domingo que la inversi\u00f3n en los j\u00f3venes, las mujeres,\u2026","rel":"","context":"En \u00abNACIONALES\u00bb","block_context":{"text":"NACIONALES","link":"https:\/\/lasprimeras.com.do\/index.php\/category\/nacionales\/"},"img":{"alt_text":"Robert Polanco","src":"https:\/\/i0.wp.com\/lasprimeras.com.do\/wp-content\/uploads\/2025\/03\/Robert-Polanco-1.jpg?resize=350%2C200&ssl=1","width":350,"height":200,"srcset":"https:\/\/i0.wp.com\/lasprimeras.com.do\/wp-content\/uploads\/2025\/03\/Robert-Polanco-1.jpg?resize=350%2C200&ssl=1 1x, https:\/\/i0.wp.com\/lasprimeras.com.do\/wp-content\/uploads\/2025\/03\/Robert-Polanco-1.jpg?resize=525%2C300&ssl=1 1.5x, https:\/\/i0.wp.com\/lasprimeras.com.do\/wp-content\/uploads\/2025\/03\/Robert-Polanco-1.jpg?resize=700%2C400&ssl=1 2x"},"classes":[]},{"id":66535,"url":"https:\/\/lasprimeras.com.do\/index.php\/2023\/11\/07\/director-de-conape-agradece-iniciativa-de-la-jce\/","url_meta":{"origin":111040,"position":1},"title":"Director de CONAPE agradece iniciativa de la JCE","author":"Nelson Feliz","date":"7 de noviembre de 2023","format":false,"excerpt":"El director del Consejo Nacional de la Persona Envejeciente (CONAPE), Jos\u00e9 Garc\u00eda Ram\u00edrez, dijo que para ellos es un honor el hecho de que la Junta Central Electoral haya tomado la iniciativa de contribuir al cumplimiento de los derechos de los envejecientes o adultos mayores de la Rep\u00fablica Dominicana. \u201cEl\u2026","rel":"","context":"En \u00abNACIONALES\u00bb","block_context":{"text":"NACIONALES","link":"https:\/\/lasprimeras.com.do\/index.php\/category\/nacionales\/"},"img":{"alt_text":"ACUERDO","src":"https:\/\/i0.wp.com\/lasprimeras.com.do\/wp-content\/uploads\/2023\/11\/ACUERDO-1.jpg?resize=350%2C200&ssl=1","width":350,"height":200,"srcset":"https:\/\/i0.wp.com\/lasprimeras.com.do\/wp-content\/uploads\/2023\/11\/ACUERDO-1.jpg?resize=350%2C200&ssl=1 1x, https:\/\/i0.wp.com\/lasprimeras.com.do\/wp-content\/uploads\/2023\/11\/ACUERDO-1.jpg?resize=525%2C300&ssl=1 1.5x, https:\/\/i0.wp.com\/lasprimeras.com.do\/wp-content\/uploads\/2023\/11\/ACUERDO-1.jpg?resize=700%2C400&ssl=1 2x"},"classes":[]},{"id":124721,"url":"https:\/\/lasprimeras.com.do\/index.php\/2026\/03\/16\/agencias-de-servicios-nyc-atienden-a-envejecientes-tendrian-us32-millones-menos-en-2027-dominicanos-entre-perjudicados\/","url_meta":{"origin":111040,"position":2},"title":"Agencias de servicios NYC atienden a envejecientes tendr\u00edan US$32 millones menos en 2027; dominicanos entre perjudicados","author":"Nelson Feliz","date":"16 de marzo de 2026","format":false,"excerpt":"Por Ram\u00f3n Mercedes NUEVA YORK.- El plan preliminar para las agencias de servicios que atienden a personas envejecientes en esta ciudad propone 573 millones de d\u00f3lares para el a\u00f1o fiscal 2027, unos 32 millones menos que el presupuesto actual. Miles de dominicanos, entre otras etnias, que reciben dichos servicios en\u2026","rel":"","context":"En \u00abECONOM\u00cdA\u00bb","block_context":{"text":"ECONOM\u00cdA","link":"https:\/\/lasprimeras.com.do\/index.php\/category\/economia\/"},"img":{"alt_text":"","src":"https:\/\/i0.wp.com\/lasprimeras.com.do\/wp-content\/uploads\/2026\/03\/IMG-20260316-WA0043.jpg?resize=350%2C200&ssl=1","width":350,"height":200,"srcset":"https:\/\/i0.wp.com\/lasprimeras.com.do\/wp-content\/uploads\/2026\/03\/IMG-20260316-WA0043.jpg?resize=350%2C200&ssl=1 1x, https:\/\/i0.wp.com\/lasprimeras.com.do\/wp-content\/uploads\/2026\/03\/IMG-20260316-WA0043.jpg?resize=525%2C300&ssl=1 1.5x"},"classes":[]},{"id":69248,"url":"https:\/\/lasprimeras.com.do\/index.php\/2023\/11\/30\/conape-reune-expertos-para-evaluar-politicas-publicas-de-cuidado-para-adultos-mayores\/","url_meta":{"origin":111040,"position":3},"title":"CONAPE re\u00fane expertos para evaluar pol\u00edticas p\u00fablicas de cuidado para adultos mayores","author":"Nelson Feliz","date":"30 de noviembre de 2023","format":false,"excerpt":"El Estado considera que los cuidados son esenciales para la sostenibilidad del sistema econ\u00f3mico, social y cultural. Por Emmanuel Solano El Gobierno dominicano a trav\u00e9s del Consejo Nacional de la Persona Envejeciente (CONAPE) est\u00e1 inmerso en un proceso de cambios para eliminar de ra\u00edz la cultura del asistencialismo hacia las\u2026","rel":"","context":"En \u00abNACIONALES\u00bb","block_context":{"text":"NACIONALES","link":"https:\/\/lasprimeras.com.do\/index.php\/category\/nacionales\/"},"img":{"alt_text":"","src":"https:\/\/i0.wp.com\/lasprimeras.com.do\/wp-content\/uploads\/2023\/11\/EXPERTOS-SEMINARIO.jpg?resize=350%2C200&ssl=1","width":350,"height":200,"srcset":"https:\/\/i0.wp.com\/lasprimeras.com.do\/wp-content\/uploads\/2023\/11\/EXPERTOS-SEMINARIO.jpg?resize=350%2C200&ssl=1 1x, https:\/\/i0.wp.com\/lasprimeras.com.do\/wp-content\/uploads\/2023\/11\/EXPERTOS-SEMINARIO.jpg?resize=525%2C300&ssl=1 1.5x, https:\/\/i0.wp.com\/lasprimeras.com.do\/wp-content\/uploads\/2023\/11\/EXPERTOS-SEMINARIO.jpg?resize=700%2C400&ssl=1 2x"},"classes":[]},{"id":66532,"url":"https:\/\/lasprimeras.com.do\/index.php\/2023\/11\/07\/jce-y-conape-firman-acuerdo-para-facilitar-el-voto-a-adultos-mayores\/","url_meta":{"origin":111040,"position":4},"title":"JCE y CONAPE firman acuerdo para facilitar el voto a adultos mayores","author":"Nelson Feliz","date":"7 de noviembre de 2023","format":false,"excerpt":"Por Martin Restituyo La Junta Central Electoral (JCE) y el Consejo Nacional de la Persona Envejeciente (CONAPE) suscribieron un acuerdo de cooperaci\u00f3n para desarrollar acciones conjuntas que garanticen la participaci\u00f3n de los adultos mayores en los procesos electorales de forma confiable, eficiente y segura. El acuerdo fue firmado por presidente\u2026","rel":"","context":"En \u00abNACIONALES\u00bb","block_context":{"text":"NACIONALES","link":"https:\/\/lasprimeras.com.do\/index.php\/category\/nacionales\/"},"img":{"alt_text":"JCE y CONAPE","src":"https:\/\/i0.wp.com\/lasprimeras.com.do\/wp-content\/uploads\/2023\/11\/JCE-y-CONAPE.jpg?resize=350%2C200&ssl=1","width":350,"height":200,"srcset":"https:\/\/i0.wp.com\/lasprimeras.com.do\/wp-content\/uploads\/2023\/11\/JCE-y-CONAPE.jpg?resize=350%2C200&ssl=1 1x, https:\/\/i0.wp.com\/lasprimeras.com.do\/wp-content\/uploads\/2023\/11\/JCE-y-CONAPE.jpg?resize=525%2C300&ssl=1 1.5x, https:\/\/i0.wp.com\/lasprimeras.com.do\/wp-content\/uploads\/2023\/11\/JCE-y-CONAPE.jpg?resize=700%2C400&ssl=1 2x"},"classes":[]},{"id":114979,"url":"https:\/\/lasprimeras.com.do\/index.php\/2025\/11\/18\/conape-fortalece-jornada-de-inclusion-social-en-samana\/","url_meta":{"origin":111040,"position":5},"title":"CONAPE fortalece jornada de inclusi\u00f3n social en Saman\u00e1","author":"Nelson Feliz","date":"18 de noviembre de 2025","format":false,"excerpt":"El Consejo Nacional de la Persona Envejeciente (CONAPE) dio continuidad en este municipio a sus Jornadas de Inclusi\u00f3n Social, dirigidas a los adultos mayores, con el prop\u00f3sito de ampliar el alcance de estas acciones y garantizar que cada vez m\u00e1s envejecientes de la provincia se beneficien de los servicios sociales\u2026","rel":"","context":"En \u00abNACIONALES\u00bb","block_context":{"text":"NACIONALES","link":"https:\/\/lasprimeras.com.do\/index.php\/category\/nacionales\/"},"img":{"alt_text":"","src":"https:\/\/i0.wp.com\/lasprimeras.com.do\/wp-content\/uploads\/2025\/11\/CONAPE-1.jpg?resize=350%2C200&ssl=1","width":350,"height":200,"srcset":"https:\/\/i0.wp.com\/lasprimeras.com.do\/wp-content\/uploads\/2025\/11\/CONAPE-1.jpg?resize=350%2C200&ssl=1 1x, https:\/\/i0.wp.com\/lasprimeras.com.do\/wp-content\/uploads\/2025\/11\/CONAPE-1.jpg?resize=525%2C300&ssl=1 1.5x, https:\/\/i0.wp.com\/lasprimeras.com.do\/wp-content\/uploads\/2025\/11\/CONAPE-1.jpg?resize=700%2C400&ssl=1 2x"},"classes":[]}],"jetpack_sharing_enabled":true,"_links":{"self":[{"href":"https:\/\/lasprimeras.com.do\/index.php\/wp-json\/wp\/v2\/posts\/111040","targetHints":{"allow":["GET"]}}],"collection":[{"href":"https:\/\/lasprimeras.com.do\/index.php\/wp-json\/wp\/v2\/posts"}],"about":[{"href":"https:\/\/lasprimeras.com.do\/index.php\/wp-json\/wp\/v2\/types\/post"}],"author":[{"embeddable":true,"href":"https:\/\/lasprimeras.com.do\/index.php\/wp-json\/wp\/v2\/users\/10"}],"replies":[{"embeddable":true,"href":"https:\/\/lasprimeras.com.do\/index.php\/wp-json\/wp\/v2\/comments?post=111040"}],"version-history":[{"count":1,"href":"https:\/\/lasprimeras.com.do\/index.php\/wp-json\/wp\/v2\/posts\/111040\/revisions"}],"predecessor-version":[{"id":111044,"href":"https:\/\/lasprimeras.com.do\/index.php\/wp-json\/wp\/v2\/posts\/111040\/revisions\/111044"}],"wp:featuredmedia":[{"embeddable":true,"href":"https:\/\/lasprimeras.com.do\/index.php\/wp-json\/wp\/v2\/media\/111041"}],"wp:attachment":[{"href":"https:\/\/lasprimeras.com.do\/index.php\/wp-json\/wp\/v2\/media?parent=111040"}],"wp:term":[{"taxonomy":"category","embeddable":true,"href":"https:\/\/lasprimeras.com.do\/index.php\/wp-json\/wp\/v2\/categories?post=111040"},{"taxonomy":"post_tag","embeddable":true,"href":"https:\/\/lasprimeras.com.do\/index.php\/wp-json\/wp\/v2\/tags?post=111040"}],"curies":[{"name":"wp","href":"https:\/\/api.w.org\/{rel}","templated":true}]}}