{"id":111045,"date":"2025-10-03T21:41:09","date_gmt":"2025-10-04T01:41:09","guid":{"rendered":"https:\/\/lasprimeras.com.do\/?p=111045"},"modified":"2025-10-03T21:41:13","modified_gmt":"2025-10-04T01:41:13","slug":"abinader-rd-se-consolida-como-puente-confiable-entre-al-el-caribe-y-el-medio-oriente","status":"publish","type":"post","link":"https:\/\/lasprimeras.com.do\/index.php\/2025\/10\/03\/abinader-rd-se-consolida-como-puente-confiable-entre-al-el-caribe-y-el-medio-oriente\/","title":{"rendered":"Abinader: RD se consolida como puente confiable entre AL, el Caribe y el Medio Oriente"},"content":{"rendered":"\n<p><strong>Llama a fortalecer la cooperaci\u00f3n y la integraci\u00f3n regional, convencido de que Am\u00e9rica Latina y el Caribe tienen el talento humano, los recursos y la creatividad necesarios para desempe\u00f1ar un rol de mayor peso en las decisiones globales.<\/strong><\/p>\n\n\n\n<p>El presidente Luis Abinader destac\u00f3 este viernes el papel de la Rep\u00fablica Dominicana como referente democr\u00e1tico, log\u00edstico y de sostenibilidad en la regi\u00f3n, al tiempo que reafirm\u00f3 que el pa\u00eds est\u00e1 listo para consolidarse como un puente confiable entre Am\u00e9rica Latina, el Caribe y el Medio Oriente.<\/p>\n\n\n\n<p>En su discurso al encabezar la jornada central del WGS\u2013LAC Dialogue, el presidente Abinader resalt\u00f3 que el desarrollo alcanzado por la Rep\u00fablica Dominicana es fruto de una democracia s\u00f3lida y de instituciones que han permitido mantener la estabilidad pol\u00edtica y atraer inversiones internacionales, claves para superar los retos de la pandemia, las crisis econ\u00f3micas globales y las tensiones geopol\u00edticas.<\/p>\n\n\n\n<p>El mandatario llam\u00f3 a fortalecer la cooperaci\u00f3n y la integraci\u00f3n regional, convencido de que Am\u00e9rica Latina y el Caribe tienen el talento humano, los recursos y la creatividad necesarios para desempe\u00f1ar un rol de mayor peso en las decisiones globales.<\/p>\n\n\n\n<p>Indic\u00f3 que la democracia, adem\u00e1s de ser un valor moral, constituye un activo econ\u00f3mico que respalda la confianza internacional en la Rep\u00fablica Dominicana y se\u00f1al\u00f3 que el pa\u00eds no solo es reconocido por su hospitalidad y belleza natural, sino tambi\u00e9n por ser un espacio de transformaci\u00f3n econ\u00f3mica y sostenibilidad.<\/p>\n\n\n\n<p>El gobernante valor\u00f3 la confianza del World Governments Summit y de los Emiratos \u00c1rabes Unidos al elegir a Punta Cana como sede del encuentro y resalt\u00f3 el papel del Centro de An\u00e1lisis para Pol\u00edticas P\u00fablicas y del Grupo Puntacana como aliados estrat\u00e9gicos.<\/p>\n\n\n\n<p>El presidente Abinader plante\u00f3 que este foro constituye una oportunidad para reflexionar sobre el futuro com\u00fan y el rol que le corresponde a la regi\u00f3n en el contexto global, y se\u00f1al\u00f3 que esa solidez ha sido clave para superar los retos de la pandemia, las crisis internacionales y las tensiones geopol\u00edticas.<\/p>\n\n\n\n<p>Afirm\u00f3 que el liderazgo pol\u00edtico debe entenderse como un ejercicio de escucha, di\u00e1logo y capacidad de rectificaci\u00f3n, en contraposici\u00f3n a modelos autoritarios que debilitan las instituciones.<\/p>\n\n\n\n<p>Econom\u00eda y log\u00edstica estrat\u00e9gica<\/p>\n\n\n\n<p>Al abordar la econom\u00eda, el gobernante destac\u00f3 que la reconfiguraci\u00f3n de las cadenas de suministro ha convertido al pa\u00eds en un actor estrat\u00e9gico en el comercio regional y mundial, gracias a su ubicaci\u00f3n geogr\u00e1fica, en el coraz\u00f3n del Caribe, que permite una conexi\u00f3n a\u00e9rea y mar\u00edtima privilegiada con los principales mercados.<\/p>\n\n\n\n<p>El jefe de Estado resalt\u00f3 la existencia de ocho aeropuertos internacionales, m\u00e1s de 182 vuelos diarios hacia 170 destinos y puertos reconocidos por su eficiencia, como el Multimodal Caucedo, operado por DP World.<\/p>\n\n\n\n<p>Consider\u00f3 que la decisi\u00f3n de esta empresa de expandir la terminal portuaria y el parque de zonas francas, con una inversi\u00f3n de USD 760 millones, constituye una muestra de confianza internacional y enfatiz\u00f3 que esta inversi\u00f3n confirma a la Rep\u00fablica Dominicana como referente en el nearshoring en toda la regi\u00f3n.<\/p>\n\n\n\n<p>Sostenibilidad y transici\u00f3n energ\u00e9tica<\/p>\n\n\n\n<p>El mandatario expuso que ning\u00fan modelo de desarrollo es sostenible sin una relaci\u00f3n responsable con el medio ambiente. En este sentido, reiter\u00f3 el compromiso del Gobierno con la transformaci\u00f3n de la matriz energ\u00e9tica, impulsando proyectos solares, e\u00f3licos y de almacenamiento.<\/p>\n\n\n\n<p>Expres\u00f3 que el objetivo es convertir a la Rep\u00fablica Dominicana en un laboratorio regional de transici\u00f3n energ\u00e9tica y se\u00f1al\u00f3 que la competitividad futura de las econom\u00edas depender\u00e1 de modelos verdes capaces de responder a las exigencias del cambio clim\u00e1tico y de un mercado global m\u00e1s exigente.<\/p>\n\n\n\n<p>Juventud e innovaci\u00f3n tecnol\u00f3gica<\/p>\n\n\n\n<p>El jefe de Estado destac\u00f3 la preparaci\u00f3n de la juventud dominicana para los desaf\u00edos de la Cuarta Revoluci\u00f3n Industrial, al se\u00f1alar la implementaci\u00f3n de la Estrategia Nacional de Semiconductores y la puesta en marcha de alianzas con universidades internacionales como Purdue y MIT.<\/p>\n\n\n\n<p>Resalt\u00f3 adem\u00e1s programas como \u201cTecnolog\u00eda desde Cero\u201d, que ya est\u00e1n formando a miles de j\u00f3venes en \u00e1reas STEM, y consider\u00f3 que estas iniciativas buscan que la Rep\u00fablica Dominicana no se limite al consumo de tecnolog\u00eda, sino que participe activamente en su producci\u00f3n.<\/p>\n\n\n\n<p>Institucionalidad y lucha contra el comercio il\u00edcito<\/p>\n\n\n\n<p>Al referirse al fortalecimiento institucional, indic\u00f3 los avances en la lucha contra el comercio il\u00edcito y precis\u00f3 que en los \u00faltimos a\u00f1os se han incautado e incinerado m\u00e1s de 135 millones de unidades de productos ilegales, en coordinaci\u00f3n con el sector privado, se\u00f1alando que este esfuerzo protege la econom\u00eda formal, la salud de la poblaci\u00f3n y la confianza de los inversionistas.<\/p>\n\n\n\n<p>Integraci\u00f3n regional frente a la \u201cpolicrisis\u201d<\/p>\n\n\n\n<p>En su an\u00e1lisis del contexto internacional, describi\u00f3 el momento actual como una \u201cpolicrisis\u201d, marcada por la interacci\u00f3n de crisis sanitarias, econ\u00f3micas, sociales y pol\u00edticas.<\/p>\n\n\n\n<p>Ante esta situaci\u00f3n, plante\u00f3 que la integraci\u00f3n regional es la mejor herramienta para construir respuestas efectivas, lo que permitir\u00e1 fortalecer los mercados, incrementar la inversi\u00f3n en \u00e1reas clave como educaci\u00f3n, salud e infraestructura y ampliar las oportunidades para las nuevas generaciones.<\/p>\n\n\n\n<p>Dijo, adem\u00e1s que la cooperaci\u00f3n regional es esencial para enfrentar fen\u00f3menos transnacionales como la migraci\u00f3n, el narcotr\u00e1fico y la delincuencia organizada.<\/p>\n\n\n\n<p>Valor\u00f3 que el WGS\u2013LAC Dialogue se consolide como un espacio de innovaci\u00f3n y compromiso que impulsar\u00e1 nuevas inversiones y cooperaci\u00f3n en beneficio de la regi\u00f3n.<\/p>\n\n\n\n<p>En el acto estuvieron presentes el ministro de Industria, Comercio y Mipymes y presidente del Centro de An\u00e1lisis para Pol\u00edticas P\u00fablicas, V\u00edctor Bison\u00f3; la ministra de Estado del Ministerio de Asuntos Exteriores de los Emiratos \u00c1rabes Unidos, Noura Bint Mohammed Alkaabi; el director general del World Governments Summit, Mohammed Alsharhan; el fundador del Grupo Punta Cana, Frank Rainieri, as\u00ed como funcionarios del Gobierno dominicano, una delegaci\u00f3n comercial de los Emiratos \u00c1rabes Unidos y representantes del sector empresarial.<\/p>\n","protected":false},"excerpt":{"rendered":"<p>Llama a fortalecer la cooperaci\u00f3n y la integraci\u00f3n regional, convencido de que Am\u00e9rica Latina y el Caribe tienen el talento humano, los recursos y la creatividad necesarios para desempe\u00f1ar un&hellip;<\/p>\n","protected":false},"author":10,"featured_media":111046,"comment_status":"open","ping_status":"open","sticky":false,"template":"","format":"standard","meta":{"content-type":"","jetpack_post_was_ever_published":false,"_jetpack_newsletter_access":"","_jetpack_dont_email_post_to_subs":false,"_jetpack_newsletter_tier_id":0,"_jetpack_memberships_contains_paywalled_content":false,"_jetpack_memberships_contains_paid_content":false,"footnotes":""},"categories":[39,25],"tags":[875,259,67,8320,25578,1226],"class_list":["post-111045","post","type-post","status-publish","format-standard","has-post-thumbnail","hentry","category-economia","category-portada","tag-america-latina","tag-caribe","tag-luis-abinader","tag-medio-oriente","tag-puente-confiable","tag-republica-dominicana"],"jetpack_featured_media_url":"https:\/\/lasprimeras.com.do\/wp-content\/uploads\/2025\/10\/LUIS-ABINADER-2.jpg","jetpack-related-posts":[{"id":123264,"url":"https:\/\/lasprimeras.com.do\/index.php\/2026\/02\/27\/luis-abinader-11-7-millones-de-visitantes-y-consolida-a-republica-dominicana-como-hub-turistico-del-caribe\/","url_meta":{"origin":111045,"position":0},"title":"Luis Abinader: 11.7 millones de visitantes y consolida a Rep\u00fablica Dominicana como hub tur\u00edstico del Caribe","author":"Nelson Feliz","date":"27 de febrero de 2026","format":false,"excerpt":"En su discurso de rendici\u00f3n de cuentas ante la Asamblea Nacional, en el marco del 182 aniversario de la Independencia Nacional, el presidente Luis Abinader resalt\u00f3 que en 2025 la Rep\u00fablica Dominicana recibi\u00f3 m\u00e1s de 11.7 millones de visitantes, un crecimiento interanual de 4.3 %, equivalente a casi 500 mil\u2026","rel":"","context":"En \u00abTURISMO\u00bb","block_context":{"text":"TURISMO","link":"https:\/\/lasprimeras.com.do\/index.php\/category\/turismo\/"},"img":{"alt_text":"Gran flujo de visitantes en Boca ChicaRA\u00d9L ASENCIO","src":"https:\/\/i0.wp.com\/lasprimeras.com.do\/wp-content\/uploads\/2024\/03\/Gran-flujo-de-visitantes-en-Boca-ChicaRAUL-ASENCIO.jpeg?resize=350%2C200&ssl=1","width":350,"height":200,"srcset":"https:\/\/i0.wp.com\/lasprimeras.com.do\/wp-content\/uploads\/2024\/03\/Gran-flujo-de-visitantes-en-Boca-ChicaRAUL-ASENCIO.jpeg?resize=350%2C200&ssl=1 1x, https:\/\/i0.wp.com\/lasprimeras.com.do\/wp-content\/uploads\/2024\/03\/Gran-flujo-de-visitantes-en-Boca-ChicaRAUL-ASENCIO.jpeg?resize=525%2C300&ssl=1 1.5x, https:\/\/i0.wp.com\/lasprimeras.com.do\/wp-content\/uploads\/2024\/03\/Gran-flujo-de-visitantes-en-Boca-ChicaRAUL-ASENCIO.jpeg?resize=700%2C400&ssl=1 2x"},"classes":[]},{"id":112127,"url":"https:\/\/lasprimeras.com.do\/index.php\/2025\/10\/17\/petro-no-asistira-a-la-cumbre-de-las-americas-en-rd\/","url_meta":{"origin":111045,"position":1},"title":"Petro no asistir\u00e1 a la Cumbre de las Am\u00e9ricas en RD","author":"Nelson Feliz","date":"17 de octubre de 2025","format":false,"excerpt":"Bogot\u00e1.- El presidente de Colombia, Gustavo Petro, anunci\u00f3 este mi\u00e9rcoles que no asistir\u00e1 a la pr\u00f3xima Cumbre de las Am\u00e9ricas de diciembre en Rep\u00fablica Dominicana, tras la exclusi\u00f3n de Cuba, Nicaragua y Venezuela y el \u00faltimo ataque de Estados Unidos contra una supuesta narcolancha en el Caribe. \u201cNo asistir\u00e9 a\u2026","rel":"","context":"En \u00abINTERNACIONALES\u00bb","block_context":{"text":"INTERNACIONALES","link":"https:\/\/lasprimeras.com.do\/index.php\/category\/sin-categoria\/internacionales\/"},"img":{"alt_text":"","src":"https:\/\/i0.wp.com\/lasprimeras.com.do\/wp-content\/uploads\/2025\/07\/Gustavo-Petro.jpg?resize=350%2C200&ssl=1","width":350,"height":200,"srcset":"https:\/\/i0.wp.com\/lasprimeras.com.do\/wp-content\/uploads\/2025\/07\/Gustavo-Petro.jpg?resize=350%2C200&ssl=1 1x, https:\/\/i0.wp.com\/lasprimeras.com.do\/wp-content\/uploads\/2025\/07\/Gustavo-Petro.jpg?resize=525%2C300&ssl=1 1.5x, https:\/\/i0.wp.com\/lasprimeras.com.do\/wp-content\/uploads\/2025\/07\/Gustavo-Petro.jpg?resize=700%2C400&ssl=1 2x"},"classes":[]},{"id":125503,"url":"https:\/\/lasprimeras.com.do\/index.php\/2026\/03\/23\/abinader-arriba-a-francia-para-encuentro-con-macron-y-cumbre-de-la-ocde\/","url_meta":{"origin":111045,"position":2},"title":"Abinader arriba a Francia para encuentro con Macron y cumbre de la OCDE","author":"Nelson Feliz","date":"23 de marzo de 2026","format":false,"excerpt":"Secretario General OCDE invita al presidente Abinader a participar en el 18.\u00ba Foro Econ\u00f3mico Internacional sobre Am\u00e9rica Latina y el Caribe en junio de 2026 Visita estrecha lazos de confianza y colaboraci\u00f3n entre ambos pa\u00edses; se promover\u00e1n inversiones en sectores clave como infraestructura, transporte, log\u00edstica, zonas francas y energ\u00edas renovables\u2026","rel":"","context":"En \u00abNACIONALES\u00bb","block_context":{"text":"NACIONALES","link":"https:\/\/lasprimeras.com.do\/index.php\/category\/nacionales\/"},"img":{"alt_text":"Luis Abinader","src":"https:\/\/i0.wp.com\/lasprimeras.com.do\/wp-content\/uploads\/2026\/03\/Luis-Abinader-12.jpg?resize=350%2C200&ssl=1","width":350,"height":200,"srcset":"https:\/\/i0.wp.com\/lasprimeras.com.do\/wp-content\/uploads\/2026\/03\/Luis-Abinader-12.jpg?resize=350%2C200&ssl=1 1x, https:\/\/i0.wp.com\/lasprimeras.com.do\/wp-content\/uploads\/2026\/03\/Luis-Abinader-12.jpg?resize=525%2C300&ssl=1 1.5x, https:\/\/i0.wp.com\/lasprimeras.com.do\/wp-content\/uploads\/2026\/03\/Luis-Abinader-12.jpg?resize=700%2C400&ssl=1 2x"},"classes":[]},{"id":124068,"url":"https:\/\/lasprimeras.com.do\/index.php\/2026\/03\/08\/rd-consolida-su-estatus-como-socio-de-confianza-tras-la-firma-de-la-historica-carta-de-doral\/","url_meta":{"origin":111045,"position":3},"title":"RD consolida su estatus como \u201cSocio de Confianza\u201d tras la firma de la hist\u00f3rica Carta de Doral","author":"Nelson Feliz","date":"8 de marzo de 2026","format":false,"excerpt":"La Rep\u00fablica Dominicana alcanz\u00f3 un hito hist\u00f3rico en su relaci\u00f3n diplom\u00e1tica y econ\u00f3mica con los Estados Unidos al convertirse en signatario fundador de la Carta de Doral. El acuerdo fue rubricado por el presidente Luis Abinader durante la cumbre inaugural \"Escudo de las Am\u00e9ricas\" (Shield of the Americas), organizada por\u2026","rel":"","context":"En \u00abPORTADA\u00bb","block_context":{"text":"PORTADA","link":"https:\/\/lasprimeras.com.do\/index.php\/category\/portada\/"},"img":{"alt_text":"","src":"https:\/\/i0.wp.com\/lasprimeras.com.do\/wp-content\/uploads\/2026\/03\/CAMARA-AMERICANA.jpg?resize=350%2C200&ssl=1","width":350,"height":200,"srcset":"https:\/\/i0.wp.com\/lasprimeras.com.do\/wp-content\/uploads\/2026\/03\/CAMARA-AMERICANA.jpg?resize=350%2C200&ssl=1 1x, https:\/\/i0.wp.com\/lasprimeras.com.do\/wp-content\/uploads\/2026\/03\/CAMARA-AMERICANA.jpg?resize=525%2C300&ssl=1 1.5x, https:\/\/i0.wp.com\/lasprimeras.com.do\/wp-content\/uploads\/2026\/03\/CAMARA-AMERICANA.jpg?resize=700%2C400&ssl=1 2x"},"classes":[]},{"id":100863,"url":"https:\/\/lasprimeras.com.do\/index.php\/2025\/06\/13\/abinader-llego-la-noche-de-este-jueves-a-brasil\/","url_meta":{"origin":111045,"position":4},"title":"Abinader lleg\u00f3 la noche de este jueves a Brasil","author":"Nelson Feliz","date":"13 de junio de 2025","format":false,"excerpt":"Mandatario participar\u00e1 junto a otros gobernantes en la Cumbre Brasil-Caribe convocada por Lula Da Silva Brasil.- El presidente Luis Abinader lleg\u00f3 este jueves en la noche a Brasil, donde participar\u00e1 en la Cumbre Brasil-Caribe y sostendr\u00e1 una reuni\u00f3n bilateral privada con el presidente brasile\u00f1o Luiz In\u00e1cio Lula da Silva, as\u00ed\u2026","rel":"","context":"En \u00abNACIONALES\u00bb","block_context":{"text":"NACIONALES","link":"https:\/\/lasprimeras.com.do\/index.php\/category\/nacionales\/"},"img":{"alt_text":"Luis Abinader","src":"https:\/\/i0.wp.com\/lasprimeras.com.do\/wp-content\/uploads\/2025\/06\/Luis-Abinader-5.jpg?resize=350%2C200&ssl=1","width":350,"height":200,"srcset":"https:\/\/i0.wp.com\/lasprimeras.com.do\/wp-content\/uploads\/2025\/06\/Luis-Abinader-5.jpg?resize=350%2C200&ssl=1 1x, https:\/\/i0.wp.com\/lasprimeras.com.do\/wp-content\/uploads\/2025\/06\/Luis-Abinader-5.jpg?resize=525%2C300&ssl=1 1.5x, https:\/\/i0.wp.com\/lasprimeras.com.do\/wp-content\/uploads\/2025\/06\/Luis-Abinader-5.jpg?resize=700%2C400&ssl=1 2x"},"classes":[]},{"id":114092,"url":"https:\/\/lasprimeras.com.do\/index.php\/2025\/11\/10\/abinader-dice-sin-conectividad-aerea-no-hay-exito-en-turismo\/","url_meta":{"origin":111045,"position":5},"title":"Abinader dice \u201csin conectividad a\u00e9rea no hay \u00e9xito en turismo\u201d","author":"Nelson Feliz","date":"10 de noviembre de 2025","format":false,"excerpt":"Presidente reitera firme posici\u00f3n de RD como referente regional en aviaci\u00f3n civil. Organizaci\u00f3n Internacional de Aviaci\u00f3n Civil hace un llamado a pa\u00edses miembros para imitar la pol\u00edtica de liberalizaci\u00f3n que existe en la Rep\u00fablica Dominicana. El presidente Luis Abinader reiter\u00f3 que la aviaci\u00f3n civil de la Rep\u00fablica Dominicana es referente\u2026","rel":"","context":"En \u00abPORTADA\u00bb","block_context":{"text":"PORTADA","link":"https:\/\/lasprimeras.com.do\/index.php\/category\/portada\/"},"img":{"alt_text":"","src":"https:\/\/i0.wp.com\/lasprimeras.com.do\/wp-content\/uploads\/2025\/11\/Luis-Abinader-3.jpg?resize=350%2C200&ssl=1","width":350,"height":200,"srcset":"https:\/\/i0.wp.com\/lasprimeras.com.do\/wp-content\/uploads\/2025\/11\/Luis-Abinader-3.jpg?resize=350%2C200&ssl=1 1x, https:\/\/i0.wp.com\/lasprimeras.com.do\/wp-content\/uploads\/2025\/11\/Luis-Abinader-3.jpg?resize=525%2C300&ssl=1 1.5x, https:\/\/i0.wp.com\/lasprimeras.com.do\/wp-content\/uploads\/2025\/11\/Luis-Abinader-3.jpg?resize=700%2C400&ssl=1 2x"},"classes":[]}],"jetpack_sharing_enabled":true,"_links":{"self":[{"href":"https:\/\/lasprimeras.com.do\/index.php\/wp-json\/wp\/v2\/posts\/111045","targetHints":{"allow":["GET"]}}],"collection":[{"href":"https:\/\/lasprimeras.com.do\/index.php\/wp-json\/wp\/v2\/posts"}],"about":[{"href":"https:\/\/lasprimeras.com.do\/index.php\/wp-json\/wp\/v2\/types\/post"}],"author":[{"embeddable":true,"href":"https:\/\/lasprimeras.com.do\/index.php\/wp-json\/wp\/v2\/users\/10"}],"replies":[{"embeddable":true,"href":"https:\/\/lasprimeras.com.do\/index.php\/wp-json\/wp\/v2\/comments?post=111045"}],"version-history":[{"count":2,"href":"https:\/\/lasprimeras.com.do\/index.php\/wp-json\/wp\/v2\/posts\/111045\/revisions"}],"predecessor-version":[{"id":111048,"href":"https:\/\/lasprimeras.com.do\/index.php\/wp-json\/wp\/v2\/posts\/111045\/revisions\/111048"}],"wp:featuredmedia":[{"embeddable":true,"href":"https:\/\/lasprimeras.com.do\/index.php\/wp-json\/wp\/v2\/media\/111046"}],"wp:attachment":[{"href":"https:\/\/lasprimeras.com.do\/index.php\/wp-json\/wp\/v2\/media?parent=111045"}],"wp:term":[{"taxonomy":"category","embeddable":true,"href":"https:\/\/lasprimeras.com.do\/index.php\/wp-json\/wp\/v2\/categories?post=111045"},{"taxonomy":"post_tag","embeddable":true,"href":"https:\/\/lasprimeras.com.do\/index.php\/wp-json\/wp\/v2\/tags?post=111045"}],"curies":[{"name":"wp","href":"https:\/\/api.w.org\/{rel}","templated":true}]}}