{"id":111053,"date":"2025-10-04T18:29:27","date_gmt":"2025-10-04T22:29:27","guid":{"rendered":"https:\/\/lasprimeras.com.do\/?p=111053"},"modified":"2025-10-04T18:29:29","modified_gmt":"2025-10-04T22:29:29","slug":"sanchez-roa-reclama-sueldo-minimo-de-rd120000-y-pensiones-dignas-para-agronomos","status":"publish","type":"post","link":"https:\/\/lasprimeras.com.do\/index.php\/2025\/10\/04\/sanchez-roa-reclama-sueldo-minimo-de-rd120000-y-pensiones-dignas-para-agronomos\/","title":{"rendered":"S\u00e1nchez Roa reclama sueldo m\u00ednimo de RD$120,000 y Pensiones dignas para Agr\u00f3nomos"},"content":{"rendered":"\n<p>El titular de la Secretar\u00eda de Asuntos Agropecuarios del Partido de la Liberaci\u00f3n Dominicana (PLD), Adriano S\u00e1nchez Roa, hizo un llamado urgente al presidente Luis Abinader con motivo del \u201cD\u00eda del Agr\u00f3nomo\u201d para que reconozca la labor vital de los agr\u00f3nomos dominicanos mediante un sueldo m\u00ednimo de RD$120,000, disponiendo de pensiones justas y condiciones laborales adecuadas.<\/p>\n\n\n\n<p>S\u00e1nchez Roa, ex Senador de la Rep\u00fablica, destac\u00f3 que la demanda no es un simple pedido de aumento, sino una inversi\u00f3n cr\u00edtica en la seguridad alimentaria y la productividad nacional.<\/p>\n\n\n\n<p>Argument\u00f3 que la ca\u00edda de la seguridad alimentaria y los crecientes retos de producci\u00f3n no pueden enfrentarse con la actual precariedad laboral que sufren los profesionales del agro.<\/p>\n\n\n\n<p>S\u00e1nchez Roa se\u00f1al\u00f3 que una remuneraci\u00f3n adecuada es clave en crear condiciones de trabajo para una transmisi\u00f3n efectiva de tecnolog\u00edas agr\u00edcolas, la cual requiere de personal t\u00e9cnico capacitado y motivado, diferente a las precariedades actuales.<\/p>\n\n\n\n<p>\u201cEl 4 de octubre debe servir para corregir la ausencia de t\u00e9cnicos en 612 \u00e1reas agr\u00edcolas del pa\u00eds, poner fin a los salarios de miseria y atender a los colegas enfermos o envejecientes que a\u00fan esperan las pensiones que se ganaron con a\u00f1os de servicio\u201d, expres\u00f3 S\u00e1nchez Roa.<\/p>\n\n\n\n<p>Adem\u00e1s del aumento salarial, S\u00e1nchez Roa enfatiz\u00f3 la necesidad de garantizar a los agr\u00f3nomos condiciones de trabajo adecuadas, que incluyan la preparaci\u00f3n de tierras, el suministro de semillas y materiales de siembra, herramientas para la extensi\u00f3n agr\u00edcola, los programas continuos de capacitaci\u00f3n y divulgaci\u00f3n t\u00e9cnica, elementos cruciales previos a las etapas de postcosecha y comercializaci\u00f3n.<\/p>\n\n\n\n<p>El profesional de la agronom\u00eda y dirigente del PLD concluy\u00f3 su mensaje felicitando a los agr\u00f3nomos, a quienes catalog\u00f3 como &#8220;h\u00e9roes&#8221; que, a pesar de las adversidades, demuestran un conocimiento y un amor a la tierra, indispensables para el florecimiento de la producci\u00f3n agr\u00edcola.<\/p>\n","protected":false},"excerpt":{"rendered":"<p>El titular de la Secretar\u00eda de Asuntos Agropecuarios del Partido de la Liberaci\u00f3n Dominicana (PLD), Adriano S\u00e1nchez Roa, hizo un llamado urgente al presidente Luis Abinader con motivo del \u201cD\u00eda&hellip;<\/p>\n","protected":false},"author":10,"featured_media":111054,"comment_status":"open","ping_status":"open","sticky":false,"template":"","format":"standard","meta":{"content-type":"","jetpack_post_was_ever_published":false,"_jetpack_newsletter_access":"","_jetpack_dont_email_post_to_subs":false,"_jetpack_newsletter_tier_id":0,"_jetpack_memberships_contains_paywalled_content":false,"_jetpack_memberships_contains_paid_content":false,"footnotes":""},"categories":[39,25],"tags":[3923,8160,2765,25581,269,3295],"class_list":["post-111053","post","type-post","status-publish","format-standard","has-post-thumbnail","hentry","category-economia","category-portada","tag-adriano-sanchez-roa","tag-agronomos","tag-inversion","tag-pensiones-dignas","tag-pld","tag-seguridad-alimentaria"],"jetpack_featured_media_url":"https:\/\/lasprimeras.com.do\/wp-content\/uploads\/2025\/10\/ROA-CAMPO.jpg","jetpack-related-posts":[{"id":119196,"url":"https:\/\/lasprimeras.com.do\/index.php\/2026\/01\/08\/sanchez-roa-propone-reincorporar-agronomos-para-bajar-precios\/","url_meta":{"origin":111053,"position":0},"title":"S\u00e1nchez Roa propone reincorporar agr\u00f3nomos para bajar precios","author":"Nelson Feliz","date":"8 de enero de 2026","format":false,"excerpt":"Adriano S\u00e1nchez Roa propone al nuevo Ministro de Agricultura rescatar la rentabilidad del campo, reducir las importaciones y reponer agr\u00f3nomos cancelados. El titular de la Secretar\u00eda de Asuntos Agropecuarios del Partido de la Liberaci\u00f3n Dominicana (PLD), Adriano S\u00e1nchez Roa, plantea al reci\u00e9n juramentado ministro de Agricultura, Francisco Oliverio Espaillat Bencomo\u2026","rel":"","context":"En \u00abECONOM\u00cdA\u00bb","block_context":{"text":"ECONOM\u00cdA","link":"https:\/\/lasprimeras.com.do\/index.php\/category\/economia\/"},"img":{"alt_text":"Adriano S\u00e1nchez Roa","src":"https:\/\/i0.wp.com\/lasprimeras.com.do\/wp-content\/uploads\/2025\/11\/Adriano-Sanchez-Roa.jpg?resize=350%2C200&ssl=1","width":350,"height":200,"srcset":"https:\/\/i0.wp.com\/lasprimeras.com.do\/wp-content\/uploads\/2025\/11\/Adriano-Sanchez-Roa.jpg?resize=350%2C200&ssl=1 1x, https:\/\/i0.wp.com\/lasprimeras.com.do\/wp-content\/uploads\/2025\/11\/Adriano-Sanchez-Roa.jpg?resize=525%2C300&ssl=1 1.5x, https:\/\/i0.wp.com\/lasprimeras.com.do\/wp-content\/uploads\/2025\/11\/Adriano-Sanchez-Roa.jpg?resize=700%2C400&ssl=1 2x"},"classes":[]},{"id":117967,"url":"https:\/\/lasprimeras.com.do\/index.php\/2025\/12\/18\/adriano-sanchez-roa-denuncia-cena-navidena-2025-alcanza-rd16825-14-video\/","url_meta":{"origin":111053,"position":1},"title":"Adriano S\u00e1nchez Roa denuncia cena navide\u00f1a 2025 alcanza RD$16,825.14 | Video","author":"Nelson Feliz","date":"18 de diciembre de 2025","format":false,"excerpt":"S\u00e1nchez Roa propone medidas urgentes para proteger a las familias \u201cEl costo de la cena navide\u00f1a registra un incremento sin precedentes de 32.54% solo en el \u00faltimo a\u00f1o, alcanzando RD$16,825.14 en 2025\u201d, advirti\u00f3 el Partido de la Liberaci\u00f3n Dominicana (PLD). El Partido de la Liberaci\u00f3n Dominicana (PLD) denunci\u00f3 que el\u2026","rel":"","context":"En \u00abECONOM\u00cdA\u00bb","block_context":{"text":"ECONOM\u00cdA","link":"https:\/\/lasprimeras.com.do\/index.php\/category\/economia\/"},"img":{"alt_text":"Adriano S\u00e1nchez Roa","src":"https:\/\/i0.wp.com\/lasprimeras.com.do\/wp-content\/uploads\/2025\/12\/Adriano-Sanchez-Roa.jpg?resize=350%2C200&ssl=1","width":350,"height":200,"srcset":"https:\/\/i0.wp.com\/lasprimeras.com.do\/wp-content\/uploads\/2025\/12\/Adriano-Sanchez-Roa.jpg?resize=350%2C200&ssl=1 1x, https:\/\/i0.wp.com\/lasprimeras.com.do\/wp-content\/uploads\/2025\/12\/Adriano-Sanchez-Roa.jpg?resize=525%2C300&ssl=1 1.5x, https:\/\/i0.wp.com\/lasprimeras.com.do\/wp-content\/uploads\/2025\/12\/Adriano-Sanchez-Roa.jpg?resize=700%2C400&ssl=1 2x"},"classes":[]},{"id":115385,"url":"https:\/\/lasprimeras.com.do\/index.php\/2025\/11\/21\/pld-ejecuta-plan-para-enfrentar-maltrato-del-prm-contra-agropecuarios\/","url_meta":{"origin":111053,"position":2},"title":"PLD ejecuta plan para enfrentar maltrato del PRM contra agropecuarios","author":"Nelson Feliz","date":"21 de noviembre de 2025","format":false,"excerpt":"Unidad Gremial Agropecuaria (UGA), del PLD, con plan nacional de defensa a los profesionales agropecuarios. La corriente Unidad Gremial Agropecuaria (UGA), orientada por el Partido de la Liberaci\u00f3n Dominicana (PLD), se dispone a ejecutar su plan de lucha para enfrentar el maltrato del Gobierno del PRM a los profesionales agropecuarios\u2026","rel":"","context":"En \u00abPOLITICA\u00bb","block_context":{"text":"POLITICA","link":"https:\/\/lasprimeras.com.do\/index.php\/category\/politica\/"},"img":{"alt_text":"profesionales agropecuarios","src":"https:\/\/i0.wp.com\/lasprimeras.com.do\/wp-content\/uploads\/2025\/11\/profesionales-agropecuarios.jpg?resize=350%2C200&ssl=1","width":350,"height":200,"srcset":"https:\/\/i0.wp.com\/lasprimeras.com.do\/wp-content\/uploads\/2025\/11\/profesionales-agropecuarios.jpg?resize=350%2C200&ssl=1 1x, https:\/\/i0.wp.com\/lasprimeras.com.do\/wp-content\/uploads\/2025\/11\/profesionales-agropecuarios.jpg?resize=525%2C300&ssl=1 1.5x, https:\/\/i0.wp.com\/lasprimeras.com.do\/wp-content\/uploads\/2025\/11\/profesionales-agropecuarios.jpg?resize=700%2C400&ssl=1 2x"},"classes":[]},{"id":128184,"url":"https:\/\/lasprimeras.com.do\/index.php\/2026\/04\/20\/sanchez-roa-masivas-importaciones-han-ahogado-a-productores-agropecuarios\/","url_meta":{"origin":111053,"position":3},"title":"S\u00e1nchez Roa: Masivas importaciones han ahogado a productores agropecuarios","author":"Nelson Feliz","date":"20 de abril de 2026","format":false,"excerpt":"PLD alerta sobre grave crisis del sector agropecuaria y acusa al Gobierno de desmantelar la producci\u00f3n El Partido de la Liberaci\u00f3n Dominicana advirti\u00f3 que el campo dominicano ha entrado en una fase cr\u00edtica de colapso, reflejada en importaciones hist\u00f3ricas de 114.5 millones de quintales el pasado a\u00f1o, al tiempo que\u2026","rel":"","context":"En \u00abPOLITICA\u00bb","block_context":{"text":"POLITICA","link":"https:\/\/lasprimeras.com.do\/index.php\/category\/politica\/"},"img":{"alt_text":"Adriano S\u00e1nchez Roa","src":"https:\/\/i0.wp.com\/lasprimeras.com.do\/wp-content\/uploads\/2026\/04\/Adriano-Sanchez-Roa-1.jpg?resize=350%2C200&ssl=1","width":350,"height":200,"srcset":"https:\/\/i0.wp.com\/lasprimeras.com.do\/wp-content\/uploads\/2026\/04\/Adriano-Sanchez-Roa-1.jpg?resize=350%2C200&ssl=1 1x, https:\/\/i0.wp.com\/lasprimeras.com.do\/wp-content\/uploads\/2026\/04\/Adriano-Sanchez-Roa-1.jpg?resize=525%2C300&ssl=1 1.5x, https:\/\/i0.wp.com\/lasprimeras.com.do\/wp-content\/uploads\/2026\/04\/Adriano-Sanchez-Roa-1.jpg?resize=700%2C400&ssl=1 2x"},"classes":[]},{"id":93364,"url":"https:\/\/lasprimeras.com.do\/index.php\/2025\/02\/08\/sanchez-roa-disminucion-de-la-autosuficiencia-alimentaria\/","url_meta":{"origin":111053,"position":4},"title":"S\u00e1nchez Roa: Disminuci\u00f3n de la autosuficiencia alimentaria","author":"Nelson Feliz","date":"8 de febrero de 2025","format":false,"excerpt":"\u201cSector agropecuario no anda bien y por eso el alza en los productos de la canasta b\u00e1sica\u201d. El titular de la Secretar\u00eda de Asuntos Agropecuarios del Partido de la Liberaci\u00f3n Dominicana (PLD), Adriano S\u00e1nchez Roa, afirm\u00f3 que \u201cla autosuficiencia alimentaria, (capacidad de producir los alimentos que necesita una poblaci\u00f3n, sin\u2026","rel":"","context":"En \u00abECONOM\u00cdA\u00bb","block_context":{"text":"ECONOM\u00cdA","link":"https:\/\/lasprimeras.com.do\/index.php\/category\/economia\/"},"img":{"alt_text":"","src":"https:\/\/i0.wp.com\/lasprimeras.com.do\/wp-content\/uploads\/2025\/02\/Adriano-Sanchez-Roa.jpg?resize=350%2C200&ssl=1","width":350,"height":200,"srcset":"https:\/\/i0.wp.com\/lasprimeras.com.do\/wp-content\/uploads\/2025\/02\/Adriano-Sanchez-Roa.jpg?resize=350%2C200&ssl=1 1x, https:\/\/i0.wp.com\/lasprimeras.com.do\/wp-content\/uploads\/2025\/02\/Adriano-Sanchez-Roa.jpg?resize=525%2C300&ssl=1 1.5x"},"classes":[]},{"id":118336,"url":"https:\/\/lasprimeras.com.do\/index.php\/2025\/12\/17\/denuncian-cena-navidena-2025-alcanza-rd16825-14-video\/","url_meta":{"origin":111053,"position":5},"title":"Denuncian cena navide\u00f1a 2025 alcanza RD$16,825.14 | Video","author":"Nelson Feliz","date":"17 de diciembre de 2025","format":false,"excerpt":"Adriano S\u00e1nchez Roa","rel":"","context":"En \u00abECONOM\u00cdA\u00bb","block_context":{"text":"ECONOM\u00cdA","link":"https:\/\/lasprimeras.com.do\/index.php\/category\/economia\/"},"img":{"alt_text":"Adriano S\u00e1nchez Roa","src":"https:\/\/i0.wp.com\/lasprimeras.com.do\/wp-content\/uploads\/2025\/12\/Adriano-Sanchez-Roa-1.jpg?resize=350%2C200&ssl=1","width":350,"height":200,"srcset":"https:\/\/i0.wp.com\/lasprimeras.com.do\/wp-content\/uploads\/2025\/12\/Adriano-Sanchez-Roa-1.jpg?resize=350%2C200&ssl=1 1x, https:\/\/i0.wp.com\/lasprimeras.com.do\/wp-content\/uploads\/2025\/12\/Adriano-Sanchez-Roa-1.jpg?resize=525%2C300&ssl=1 1.5x, https:\/\/i0.wp.com\/lasprimeras.com.do\/wp-content\/uploads\/2025\/12\/Adriano-Sanchez-Roa-1.jpg?resize=700%2C400&ssl=1 2x"},"classes":[]}],"jetpack_sharing_enabled":true,"_links":{"self":[{"href":"https:\/\/lasprimeras.com.do\/index.php\/wp-json\/wp\/v2\/posts\/111053","targetHints":{"allow":["GET"]}}],"collection":[{"href":"https:\/\/lasprimeras.com.do\/index.php\/wp-json\/wp\/v2\/posts"}],"about":[{"href":"https:\/\/lasprimeras.com.do\/index.php\/wp-json\/wp\/v2\/types\/post"}],"author":[{"embeddable":true,"href":"https:\/\/lasprimeras.com.do\/index.php\/wp-json\/wp\/v2\/users\/10"}],"replies":[{"embeddable":true,"href":"https:\/\/lasprimeras.com.do\/index.php\/wp-json\/wp\/v2\/comments?post=111053"}],"version-history":[{"count":1,"href":"https:\/\/lasprimeras.com.do\/index.php\/wp-json\/wp\/v2\/posts\/111053\/revisions"}],"predecessor-version":[{"id":111055,"href":"https:\/\/lasprimeras.com.do\/index.php\/wp-json\/wp\/v2\/posts\/111053\/revisions\/111055"}],"wp:featuredmedia":[{"embeddable":true,"href":"https:\/\/lasprimeras.com.do\/index.php\/wp-json\/wp\/v2\/media\/111054"}],"wp:attachment":[{"href":"https:\/\/lasprimeras.com.do\/index.php\/wp-json\/wp\/v2\/media?parent=111053"}],"wp:term":[{"taxonomy":"category","embeddable":true,"href":"https:\/\/lasprimeras.com.do\/index.php\/wp-json\/wp\/v2\/categories?post=111053"},{"taxonomy":"post_tag","embeddable":true,"href":"https:\/\/lasprimeras.com.do\/index.php\/wp-json\/wp\/v2\/tags?post=111053"}],"curies":[{"name":"wp","href":"https:\/\/api.w.org\/{rel}","templated":true}]}}