{"id":111056,"date":"2025-10-04T18:34:33","date_gmt":"2025-10-04T22:34:33","guid":{"rendered":"https:\/\/lasprimeras.com.do\/?p=111056"},"modified":"2025-10-04T18:34:35","modified_gmt":"2025-10-04T22:34:35","slug":"cncs-y-loteria-nacional-firman-acuerdo-para-fortalecer-la-ciberseguridad-institucional-y-la-confianza-ciudadana","status":"publish","type":"post","link":"https:\/\/lasprimeras.com.do\/index.php\/2025\/10\/04\/cncs-y-loteria-nacional-firman-acuerdo-para-fortalecer-la-ciberseguridad-institucional-y-la-confianza-ciudadana\/","title":{"rendered":"CNCS y Loter\u00eda Nacional firman acuerdo para fortalecer la ciberseguridad institucional y la confianza ciudadana"},"content":{"rendered":"\n<p>El Centro Nacional de Ciberseguridad (CNCS) y la Loter\u00eda Nacional firmaron un Acuerdo de Cooperaci\u00f3n Interinstitucional con el prop\u00f3sito de impulsar y promover una cultura nacional de ciberseguridad que garantice la protecci\u00f3n efectiva de los sistemas de la instituci\u00f3n y contribuya a la seguridad nacional.<\/p>\n\n\n\n<p>El convenio, rubricado por el director del CNCS, Luis Soto, y el administrador general de la Loter\u00eda Nacional, Te\u00f3filo Quico Tabar, tiene como finalidad implementar en la entidad los lineamientos estrat\u00e9gicos de la Estrategia Nacional de Ciberseguridad 2030.<\/p>\n\n\n\n<p>Como rector t\u00e9cnico de la ciberseguridad en el pa\u00eds, el CNCS aportar\u00e1 el marco estrat\u00e9gico y operativo necesario para reforzar la capacidad institucional en la prevenci\u00f3n, detecci\u00f3n y gesti\u00f3n de incidentes, proteger infraestructuras cr\u00edticas y garantizar un entorno digital confiable para el desarrollo de las actividades productivas.<\/p>\n\n\n\n<p>Por su parte, la Loter\u00eda Nacional afianza con este acuerdo su compromiso con la transparencia y la eficiencia en la administraci\u00f3n p\u00fablica, al tiempo que refuerza su misi\u00f3n social de impacto en beneficio de la ciudadan\u00eda.<\/p>\n\n\n\n<p>El acuerdo contempla, adem\u00e1s, actividades conjuntas de capacitaci\u00f3n, formaci\u00f3n y mesas de trabajo que beneficiar\u00e1n a ambas instituciones, creando un esquema de cooperaci\u00f3n continua en el \u00e1mbito de la ciberseguridad.<\/p>\n\n\n\n<p>Con esta alianza, el Estado reafirma su determinaci\u00f3n de profesionalizar a los servidores p\u00fablicos y de fortalecer las capacidades institucionales, consolidando una administraci\u00f3n moderna, eficiente y segura en el entorno digital.<\/p>\n","protected":false},"excerpt":{"rendered":"<p>El Centro Nacional de Ciberseguridad (CNCS) y la Loter\u00eda Nacional firmaron un Acuerdo de Cooperaci\u00f3n Interinstitucional con el prop\u00f3sito de impulsar y promover una cultura nacional de ciberseguridad que garantice&hellip;<\/p>\n","protected":false},"author":10,"featured_media":111057,"comment_status":"open","ping_status":"open","sticky":false,"template":"","format":"standard","meta":{"content-type":"","jetpack_post_was_ever_published":false,"_jetpack_newsletter_access":"","_jetpack_dont_email_post_to_subs":false,"_jetpack_newsletter_tier_id":0,"_jetpack_memberships_contains_paywalled_content":false,"_jetpack_memberships_contains_paid_content":false,"footnotes":""},"categories":[39],"tags":[521,4434,3409,25582,2005,10594],"class_list":["post-111056","post","type-post","status-publish","format-standard","has-post-thumbnail","hentry","category-economia","tag-acuerdo","tag-ciberseguridad","tag-ciudadana","tag-cncs","tag-confianza","tag-loteria-nacional"],"jetpack_featured_media_url":"https:\/\/lasprimeras.com.do\/wp-content\/uploads\/2025\/10\/Luis-Soto-y-Teofilo-Tabar.jpg","jetpack-related-posts":[{"id":98501,"url":"https:\/\/lasprimeras.com.do\/index.php\/2025\/05\/08\/republica-dominicana-y-emiratos-arabes-unidos-firman-acuerdo-de-cooperacion-para-fortalecer-la-ciberseguridad\/","url_meta":{"origin":111056,"position":0},"title":"Rep\u00fablica Dominicana y Emiratos \u00c1rabes Unidos firman Acuerdo de Cooperaci\u00f3n para fortalecer la Ciberseguridad","author":"Nelson Feliz","date":"8 de mayo de 2025","format":false,"excerpt":"La Rep\u00fablica Dominicana y el Gobierno de los Emiratos \u00c1rabes Unidos firmaron en Dub\u00e1i, un Acuerdo de Cooperaci\u00f3n para fortalecer la ciberseguridad en el pa\u00eds, en el marco del evento GISEC Global 2025. El acto de firma fue llevado a cabo por las m\u00e1ximas autoridades de las entidades rectoras de\u2026","rel":"","context":"En \u00abNACIONALES\u00bb","block_context":{"text":"NACIONALES","link":"https:\/\/lasprimeras.com.do\/index.php\/category\/nacionales\/"},"img":{"alt_text":"","src":"https:\/\/i0.wp.com\/lasprimeras.com.do\/wp-content\/uploads\/2025\/05\/Republica-Dominicana-y-Emiratos-Arabes-Unidos.jpg?resize=350%2C200&ssl=1","width":350,"height":200,"srcset":"https:\/\/i0.wp.com\/lasprimeras.com.do\/wp-content\/uploads\/2025\/05\/Republica-Dominicana-y-Emiratos-Arabes-Unidos.jpg?resize=350%2C200&ssl=1 1x, https:\/\/i0.wp.com\/lasprimeras.com.do\/wp-content\/uploads\/2025\/05\/Republica-Dominicana-y-Emiratos-Arabes-Unidos.jpg?resize=525%2C300&ssl=1 1.5x"},"classes":[]},{"id":74435,"url":"https:\/\/lasprimeras.com.do\/index.php\/2024\/01\/23\/consejera-de-ee-uu-vista-centro-nacional-de-ciberseguridad-en-rd\/","url_meta":{"origin":111056,"position":1},"title":"Consejera de EE.UU. vista Centro Nacional de Ciberseguridad en RD","author":"Nelson Feliz","date":"23 de enero de 2024","format":false,"excerpt":"Jennifer Kane-Zabolotskaya, consejera para Asuntos Comerciales de la Regi\u00f3n del Caribe en el Departamento de Comercio de la Embajada de Estados Unidos en Santo Domingo, fue recibida por el viceministro de Agenda Digital, Jos\u00e9 David Montilla La consejera para Asuntos Comerciales de la Regi\u00f3n del Caribe en el Departamento de\u2026","rel":"","context":"En \u00abNACIONALES\u00bb","block_context":{"text":"NACIONALES","link":"https:\/\/lasprimeras.com.do\/index.php\/category\/nacionales\/"},"img":{"alt_text":"consejera ee.uu.","src":"https:\/\/i0.wp.com\/lasprimeras.com.do\/wp-content\/uploads\/2024\/01\/consejera-ee.uu_.jpg?resize=350%2C200&ssl=1","width":350,"height":200,"srcset":"https:\/\/i0.wp.com\/lasprimeras.com.do\/wp-content\/uploads\/2024\/01\/consejera-ee.uu_.jpg?resize=350%2C200&ssl=1 1x, https:\/\/i0.wp.com\/lasprimeras.com.do\/wp-content\/uploads\/2024\/01\/consejera-ee.uu_.jpg?resize=525%2C300&ssl=1 1.5x, https:\/\/i0.wp.com\/lasprimeras.com.do\/wp-content\/uploads\/2024\/01\/consejera-ee.uu_.jpg?resize=700%2C400&ssl=1 2x"},"classes":[]},{"id":63313,"url":"https:\/\/lasprimeras.com.do\/index.php\/2023\/10\/11\/consejo-directivo-del-centro-nacional-de-ciberseguridad-establece-medidas-para-fortalecer-la-ciberseguridad-nacional\/","url_meta":{"origin":111056,"position":2},"title":"Consejo Directivo del Centro Nacional de Ciberseguridad establece medidas para fortalecer la ciberseguridad nacional","author":"BIMARY DE JES\u00daS Matos","date":"11 de octubre de 2023","format":false,"excerpt":"SANTO DOMINGO. El Consejo Directivo del Centro Nacional de Ciberseguridad (CNCS), sostuvo el martes una reuni\u00f3n, en la cual fueron delineadas nuevas medidas para fortalecer la ciberseguridad nacional. El encuentro, encabezado por el ministro de la Presidencia, Joel Santos Echavarr\u00eda, quien tambi\u00e9n funge como presidente del Consejo, estuvo centrada en\u2026","rel":"","context":"En \u00abPORTADA\u00bb","block_context":{"text":"PORTADA","link":"https:\/\/lasprimeras.com.do\/index.php\/category\/portada\/"},"img":{"alt_text":"","src":"https:\/\/i0.wp.com\/lasprimeras.com.do\/wp-content\/uploads\/2023\/10\/WhatsApp-Image-2023-10-11-at-3.19.55-PM-1-scaled.jpeg?resize=350%2C200&ssl=1","width":350,"height":200,"srcset":"https:\/\/i0.wp.com\/lasprimeras.com.do\/wp-content\/uploads\/2023\/10\/WhatsApp-Image-2023-10-11-at-3.19.55-PM-1-scaled.jpeg?resize=350%2C200&ssl=1 1x, https:\/\/i0.wp.com\/lasprimeras.com.do\/wp-content\/uploads\/2023\/10\/WhatsApp-Image-2023-10-11-at-3.19.55-PM-1-scaled.jpeg?resize=525%2C300&ssl=1 1.5x, https:\/\/i0.wp.com\/lasprimeras.com.do\/wp-content\/uploads\/2023\/10\/WhatsApp-Image-2023-10-11-at-3.19.55-PM-1-scaled.jpeg?resize=700%2C400&ssl=1 2x, https:\/\/i0.wp.com\/lasprimeras.com.do\/wp-content\/uploads\/2023\/10\/WhatsApp-Image-2023-10-11-at-3.19.55-PM-1-scaled.jpeg?resize=1050%2C600&ssl=1 3x, https:\/\/i0.wp.com\/lasprimeras.com.do\/wp-content\/uploads\/2023\/10\/WhatsApp-Image-2023-10-11-at-3.19.55-PM-1-scaled.jpeg?resize=1400%2C800&ssl=1 4x"},"classes":[]},{"id":77200,"url":"https:\/\/lasprimeras.com.do\/index.php\/2024\/02\/19\/ue-y-rd-encaminan-acciones-conjuntas-para-enfrentar-delitos-de-ciberseguridad\/","url_meta":{"origin":111056,"position":3},"title":"UE y RD encaminan acciones conjuntas para enfrentar delitos de ciberseguridad","author":"BIMARY DE JES\u00daS Matos","date":"19 de febrero de 2024","format":false,"excerpt":"SANTO DOMINGO. El ministro de la Presidencia, Joel Santos Echavarr\u00eda, asegur\u00f3 que la cooperaci\u00f3n internacional y la ciberdiplomacia son vitales para enfrentar la ciberdelincuencia, al resaltar que \u00e9sta ocupa el cuarto lugar entre los negocios il\u00edcitos m\u00e1s rentables, despu\u00e9s del narcotr\u00e1fico, armas y trata de personas. Indic\u00f3 que las amenazas\u2026","rel":"","context":"En \u00abPORTADA\u00bb","block_context":{"text":"PORTADA","link":"https:\/\/lasprimeras.com.do\/index.php\/category\/portada\/"},"img":{"alt_text":"","src":"https:\/\/i0.wp.com\/lasprimeras.com.do\/wp-content\/uploads\/2024\/02\/IMG-20240219-WA0048-scaled.jpg?resize=350%2C200&ssl=1","width":350,"height":200,"srcset":"https:\/\/i0.wp.com\/lasprimeras.com.do\/wp-content\/uploads\/2024\/02\/IMG-20240219-WA0048-scaled.jpg?resize=350%2C200&ssl=1 1x, https:\/\/i0.wp.com\/lasprimeras.com.do\/wp-content\/uploads\/2024\/02\/IMG-20240219-WA0048-scaled.jpg?resize=525%2C300&ssl=1 1.5x, https:\/\/i0.wp.com\/lasprimeras.com.do\/wp-content\/uploads\/2024\/02\/IMG-20240219-WA0048-scaled.jpg?resize=700%2C400&ssl=1 2x, https:\/\/i0.wp.com\/lasprimeras.com.do\/wp-content\/uploads\/2024\/02\/IMG-20240219-WA0048-scaled.jpg?resize=1050%2C600&ssl=1 3x, https:\/\/i0.wp.com\/lasprimeras.com.do\/wp-content\/uploads\/2024\/02\/IMG-20240219-WA0048-scaled.jpg?resize=1400%2C800&ssl=1 4x"},"classes":[]},{"id":78160,"url":"https:\/\/lasprimeras.com.do\/index.php\/2024\/02\/28\/republica-dominicana-lidera-el-grupo-de-trabajo-de-medidas-de-fomento-de-la-confianza-en-el-ciberespacio-de-la-oea\/","url_meta":{"origin":111056,"position":4},"title":"RD lidera grupo de trabajo de fomento de la confianza en el Ciberespacio","author":"BIMARY DE JES\u00daS Matos","date":"28 de febrero de 2024","format":false,"excerpt":"WASHINGTON. Rep\u00fablica Dominicana fue electa para presidir el Grupo de Trabajo de Medidas de Fomento de la Confianza en el Ciberespacio (MFC), de la Organizaci\u00f3n de los Estados Americanos (OEA), el cual busca aumentar la cooperaci\u00f3n, transparencia, predictibilidad y la estabilidad entre los Estados en el uso del ciberespacio; Canad\u00e1\u2026","rel":"","context":"En \u00abPORTADA\u00bb","block_context":{"text":"PORTADA","link":"https:\/\/lasprimeras.com.do\/index.php\/category\/portada\/"},"img":{"alt_text":"","src":"https:\/\/i0.wp.com\/lasprimeras.com.do\/wp-content\/uploads\/2024\/02\/IMG-20240228-WA0076.jpg?resize=350%2C200&ssl=1","width":350,"height":200,"srcset":"https:\/\/i0.wp.com\/lasprimeras.com.do\/wp-content\/uploads\/2024\/02\/IMG-20240228-WA0076.jpg?resize=350%2C200&ssl=1 1x, https:\/\/i0.wp.com\/lasprimeras.com.do\/wp-content\/uploads\/2024\/02\/IMG-20240228-WA0076.jpg?resize=525%2C300&ssl=1 1.5x, https:\/\/i0.wp.com\/lasprimeras.com.do\/wp-content\/uploads\/2024\/02\/IMG-20240228-WA0076.jpg?resize=700%2C400&ssl=1 2x, https:\/\/i0.wp.com\/lasprimeras.com.do\/wp-content\/uploads\/2024\/02\/IMG-20240228-WA0076.jpg?resize=1050%2C600&ssl=1 3x"},"classes":[]},{"id":96148,"url":"https:\/\/lasprimeras.com.do\/index.php\/2025\/03\/25\/presidente-del-indotel-y-alcalde-de-ny-dialogan-sobre-ciberseguridad-y-transformacion-digital\/","url_meta":{"origin":111056,"position":5},"title":"Presidente del INDOTEL y alcalde de NY dialogan sobre ciberseguridad y transformaci\u00f3n digital","author":"Nelson Feliz","date":"25 de marzo de 2025","format":false,"excerpt":"Guido G\u00f3mez Mazara y Eric Adams comparten experiencias sobre el uso de tecnolog\u00eda para enfrentar desaf\u00edos ciudadanos. Nueva York, EE. UU. \u2013 El presidente del Consejo Directivo del Instituto Dominicano de las Telecomunicaciones (INDOTEL), Guido G\u00f3mez Mazara, sostuvo un encuentro con el alcalde de la ciudad de Nueva York, Eric\u2026","rel":"","context":"En \u00abNACIONALES\u00bb","block_context":{"text":"NACIONALES","link":"https:\/\/lasprimeras.com.do\/index.php\/category\/nacionales\/"},"img":{"alt_text":"","src":"https:\/\/i0.wp.com\/lasprimeras.com.do\/wp-content\/uploads\/2025\/03\/guido-y-adams.jpg?resize=350%2C200&ssl=1","width":350,"height":200,"srcset":"https:\/\/i0.wp.com\/lasprimeras.com.do\/wp-content\/uploads\/2025\/03\/guido-y-adams.jpg?resize=350%2C200&ssl=1 1x, https:\/\/i0.wp.com\/lasprimeras.com.do\/wp-content\/uploads\/2025\/03\/guido-y-adams.jpg?resize=525%2C300&ssl=1 1.5x, https:\/\/i0.wp.com\/lasprimeras.com.do\/wp-content\/uploads\/2025\/03\/guido-y-adams.jpg?resize=700%2C400&ssl=1 2x"},"classes":[]}],"jetpack_sharing_enabled":true,"_links":{"self":[{"href":"https:\/\/lasprimeras.com.do\/index.php\/wp-json\/wp\/v2\/posts\/111056","targetHints":{"allow":["GET"]}}],"collection":[{"href":"https:\/\/lasprimeras.com.do\/index.php\/wp-json\/wp\/v2\/posts"}],"about":[{"href":"https:\/\/lasprimeras.com.do\/index.php\/wp-json\/wp\/v2\/types\/post"}],"author":[{"embeddable":true,"href":"https:\/\/lasprimeras.com.do\/index.php\/wp-json\/wp\/v2\/users\/10"}],"replies":[{"embeddable":true,"href":"https:\/\/lasprimeras.com.do\/index.php\/wp-json\/wp\/v2\/comments?post=111056"}],"version-history":[{"count":1,"href":"https:\/\/lasprimeras.com.do\/index.php\/wp-json\/wp\/v2\/posts\/111056\/revisions"}],"predecessor-version":[{"id":111058,"href":"https:\/\/lasprimeras.com.do\/index.php\/wp-json\/wp\/v2\/posts\/111056\/revisions\/111058"}],"wp:featuredmedia":[{"embeddable":true,"href":"https:\/\/lasprimeras.com.do\/index.php\/wp-json\/wp\/v2\/media\/111057"}],"wp:attachment":[{"href":"https:\/\/lasprimeras.com.do\/index.php\/wp-json\/wp\/v2\/media?parent=111056"}],"wp:term":[{"taxonomy":"category","embeddable":true,"href":"https:\/\/lasprimeras.com.do\/index.php\/wp-json\/wp\/v2\/categories?post=111056"},{"taxonomy":"post_tag","embeddable":true,"href":"https:\/\/lasprimeras.com.do\/index.php\/wp-json\/wp\/v2\/tags?post=111056"}],"curies":[{"name":"wp","href":"https:\/\/api.w.org\/{rel}","templated":true}]}}