{"id":111064,"date":"2025-10-04T19:06:31","date_gmt":"2025-10-04T23:06:31","guid":{"rendered":"https:\/\/lasprimeras.com.do\/?p=111064"},"modified":"2025-10-04T19:06:33","modified_gmt":"2025-10-04T23:06:33","slug":"inafocam-auspicia-conferencia-sobre-el-impacto-de-la-inteligencia-artificial-en-la-formacion-docente","status":"publish","type":"post","link":"https:\/\/lasprimeras.com.do\/index.php\/2025\/10\/04\/inafocam-auspicia-conferencia-sobre-el-impacto-de-la-inteligencia-artificial-en-la-formacion-docente\/","title":{"rendered":"INAFOCAM auspicia conferencia sobre el impacto de la Inteligencia Artificial en la formaci\u00f3n docente"},"content":{"rendered":"\n<p>El Instituto Nacional de Formaci\u00f3n y Capacitaci\u00f3n del Magisterio (Inafocam) auspici\u00f3 la conferencia titulada \u201cLa Inteligencia Artificial en la Era Digital: Impacto en la Formaci\u00f3n Docente, la Investigaci\u00f3n y los Programas de Estudio)\u201d, con el objetivo de generar reflexi\u00f3n y di\u00e1logo en torno a los nuevos desaf\u00edos que plantea la IA en el \u00e1mbito educativo.<\/p>\n\n\n\n<p>La actividad, desarrollada en el marco de la XXVII Feria Internacional del Libro, fue encabezada por la directora ejecutiva del Inafocam, Siullin Joa Le\u00f3n, y cont\u00f3 con la participaci\u00f3n de estudiantes de diversos centros educativos, representantes de Instituciones de Educaci\u00f3n Superior (IES), as\u00ed como funcionarios y colaboradores de la instituci\u00f3n.<\/p>\n\n\n\n<p>Esta iniciativa se enmarca en los esfuerzos del Inafocam por fortalecer la calidad educativa nacional, incorporando tecnolog\u00edas emergentes y fomentando el pensamiento cr\u00edtico frente a los cambios acelerados de la era digital.<\/p>\n\n\n\n<p>La conferencia fue impartida por la destacada acad\u00e9mica Dra. Rina Familia, quien ofreci\u00f3 una exposici\u00f3n profunda y actualizada sobre el impacto creciente de la Inteligencia Artificial en la educaci\u00f3n superior, particularmente en la formaci\u00f3n de docentes.<\/p>\n\n\n\n<p>Durante su ponencia, la Dra. Familia abord\u00f3 varios ejes tem\u00e1ticos clave: Transformaci\u00f3n de los procesos de ense\u00f1anza-aprendizaje.<\/p>\n\n\n\n<p>Se\u00f1al\u00f3 c\u00f3mo la Inteligencia Artificial est\u00e1 modificando la manera en que los docentes planifican, imparten y eval\u00faan sus clases, gracias a herramientas capaces de analizar datos de aprendizaje en tiempo real y ofrecer retroalimentaci\u00f3n personalizada.<\/p>\n\n\n\n<p><strong>Innovaciones en el dise\u00f1o instruccional<\/strong><\/p>\n\n\n\n<p>Explic\u00f3 c\u00f3mo las tecnolog\u00edas basadas en IA permiten crear entornos de aprendizaje adaptativos, donde los contenidos y actividades se ajustan a las necesidades espec\u00edficas de cada estudiante, potenciando la personalizaci\u00f3n educativa.<\/p>\n\n\n\n<p><strong>Aplicaciones de GPT y modelos generativos<\/strong><\/p>\n\n\n\n<p>Analiz\u00f3 el uso de modelos de lenguaje como GPT y otras herramientas de procesamiento de lenguaje natural para apoyar tanto a docentes como a estudiantes en la redacci\u00f3n de textos, generaci\u00f3n de ideas, traducci\u00f3n y tutor\u00eda virtual. Tambi\u00e9n se abordaron las implicaciones \u00e9ticas y pedag\u00f3gicas de su uso en el aula.<\/p>\n\n\n\n<p><strong>Impacto en la investigaci\u00f3n acad\u00e9mica<\/strong><\/p>\n\n\n\n<p>La Dra. Familia destac\u00f3 el rol de la IA en el an\u00e1lisis automatizado de grandes vol\u00famenes de informaci\u00f3n, la detecci\u00f3n de patrones y tendencias en la investigaci\u00f3n educativa, y su capacidad para asistir en la revisi\u00f3n de literatura, an\u00e1lisis estad\u00edsticos y generaci\u00f3n de hip\u00f3tesis.<\/p>\n\n\n\n<p><strong>Gram\u00e1ticas generativas y el pensamiento cr\u00edtico<\/strong><\/p>\n\n\n\n<p>Hizo un llamado a integrar el an\u00e1lisis de las gram\u00e1ticas generativas de la IA en los programas de estudios, no solo como herramienta t\u00e9cnica, sino como una v\u00eda para fomentar el pensamiento cr\u00edtico en los futuros docentes frente a la creaci\u00f3n de contenido automatizado.<\/p>\n\n\n\n<p><strong>Desaf\u00edos \u00e9ticos y regulatorios<\/strong><\/p>\n\n\n\n<p>La expositora insisti\u00f3 en la necesidad de establecer marcos normativos claros sobre el uso de la IA en educaci\u00f3n, incluyendo pol\u00edticas sobre la privacidad de los datos, la autor\u00eda intelectual y la equidad en el acceso a estas tecnolog\u00edas.<\/p>\n","protected":false},"excerpt":{"rendered":"<p>El Instituto Nacional de Formaci\u00f3n y Capacitaci\u00f3n del Magisterio (Inafocam) auspici\u00f3 la conferencia titulada \u201cLa Inteligencia Artificial en la Era Digital: Impacto en la Formaci\u00f3n Docente, la Investigaci\u00f3n y los&hellip;<\/p>\n","protected":false},"author":10,"featured_media":111065,"comment_status":"open","ping_status":"open","sticky":false,"template":"","format":"standard","meta":{"content-type":"","jetpack_post_was_ever_published":false,"_jetpack_newsletter_access":"","_jetpack_dont_email_post_to_subs":false,"_jetpack_newsletter_tier_id":0,"_jetpack_memberships_contains_paywalled_content":false,"_jetpack_memberships_contains_paid_content":false,"footnotes":""},"categories":[23746],"tags":[667,2718,862,3510,25587,85],"class_list":["post-111064","post","type-post","status-publish","format-standard","has-post-thumbnail","hentry","category-tecnologia","tag-conferencia","tag-docente","tag-formacion","tag-impacto","tag-inafocam","tag-inteligencia-artificial"],"jetpack_featured_media_url":"https:\/\/lasprimeras.com.do\/wp-content\/uploads\/2025\/10\/Siullin-Joa-Leon.jpg","jetpack-related-posts":[{"id":113746,"url":"https:\/\/lasprimeras.com.do\/index.php\/2025\/11\/05\/educa-revela-que-mas-del-90-de-los-docentes-no-utiliza-inteligencia-artificial-en-su-labor-educativa\/","url_meta":{"origin":111064,"position":0},"title":"EDUCA revela que m\u00e1s del 90% de los docentes no utiliza inteligencia artificial en su labor educativa","author":"Nelson Feliz","date":"5 de noviembre de 2025","format":false,"excerpt":"Solo el 9.6 % de los docentes dominicanos usa inteligencia artificial en el aula; EDUCA llama a \"repensar\" la educaci\u00f3n sin olvidar el factor humano Una abrumadora mayor\u00eda de los profesores dominicanos, el 91.4 %, a\u00fan no integra la inteligencia artificial (IA) en su labor docente. As\u00ed lo revela un\u2026","rel":"","context":"En \u00abNACIONALES\u00bb","block_context":{"text":"NACIONALES","link":"https:\/\/lasprimeras.com.do\/index.php\/category\/nacionales\/"},"img":{"alt_text":"","src":"https:\/\/i0.wp.com\/lasprimeras.com.do\/wp-content\/uploads\/2024\/11\/educa.jpeg?resize=350%2C200&ssl=1","width":350,"height":200,"srcset":"https:\/\/i0.wp.com\/lasprimeras.com.do\/wp-content\/uploads\/2024\/11\/educa.jpeg?resize=350%2C200&ssl=1 1x, https:\/\/i0.wp.com\/lasprimeras.com.do\/wp-content\/uploads\/2024\/11\/educa.jpeg?resize=525%2C300&ssl=1 1.5x, https:\/\/i0.wp.com\/lasprimeras.com.do\/wp-content\/uploads\/2024\/11\/educa.jpeg?resize=700%2C400&ssl=1 2x"},"classes":[]},{"id":97931,"url":"https:\/\/lasprimeras.com.do\/index.php\/2025\/04\/29\/adp-e-infotep-lanzan-diplomado-que-beneficiara-a-43-mil-docentes-en-todo-el-pais\/","url_meta":{"origin":111064,"position":1},"title":"ADP e INFOTEP lanzan diplomado que beneficiar\u00e1 a 43 mil docentes en todo el pa\u00eds","author":"Nelson Feliz","date":"29 de abril de 2025","format":false,"excerpt":"La Asociaci\u00f3n Dominicana de Profesores (ADP), en alianza con el Instituto Nacional de Formaci\u00f3n T\u00e9cnico Profesional (INFOTEP), inici\u00f3 este martes el primer diplomado titulado \"Gestores de Procesos Formativos\", que impactar\u00e1 a unos 43 mil docentes en todo el pa\u00eds. Durante el acto tambi\u00e9n se puso en circulaci\u00f3n la segunda edici\u00f3n\u2026","rel":"","context":"En \u00abNACIONALES\u00bb","block_context":{"text":"NACIONALES","link":"https:\/\/lasprimeras.com.do\/index.php\/category\/nacionales\/"},"img":{"alt_text":"","src":"https:\/\/i0.wp.com\/lasprimeras.com.do\/wp-content\/uploads\/2025\/04\/diplomado.jpg?resize=350%2C200&ssl=1","width":350,"height":200,"srcset":"https:\/\/i0.wp.com\/lasprimeras.com.do\/wp-content\/uploads\/2025\/04\/diplomado.jpg?resize=350%2C200&ssl=1 1x, https:\/\/i0.wp.com\/lasprimeras.com.do\/wp-content\/uploads\/2025\/04\/diplomado.jpg?resize=525%2C300&ssl=1 1.5x, https:\/\/i0.wp.com\/lasprimeras.com.do\/wp-content\/uploads\/2025\/04\/diplomado.jpg?resize=700%2C400&ssl=1 2x"},"classes":[]},{"id":90535,"url":"https:\/\/lasprimeras.com.do\/index.php\/2024\/10\/23\/infotep-auspicia-conferencia-sobre-innovacion-centrada-en-el-futuro\/","url_meta":{"origin":111064,"position":2},"title":"INFOTEP auspicia conferencia sobre Innovaci\u00f3n Centrada en el Futuro","author":"Nelson Feliz","date":"23 de octubre de 2024","format":false,"excerpt":"El Instituto Nacional de Formaci\u00f3n T\u00e9cnico Profesional auspici\u00f3 la charla Innovaci\u00f3n Centrada en el Futuro, a cargo del especialista Sergio M\u00e9ndez, quien abord\u00f3 el tema sobre las posibilidades que otorgan las nuevas tecnolog\u00edas para dise\u00f1ar nuevos puestos de trabajo en todos los campos de la econom\u00eda. Maira Morla, subdirectora general\u2026","rel":"","context":"En \u00abNACIONALES\u00bb","block_context":{"text":"NACIONALES","link":"https:\/\/lasprimeras.com.do\/index.php\/category\/nacionales\/"},"img":{"alt_text":"","src":"https:\/\/i0.wp.com\/lasprimeras.com.do\/wp-content\/uploads\/2024\/10\/infotep-5.jpg?resize=350%2C200&ssl=1","width":350,"height":200,"srcset":"https:\/\/i0.wp.com\/lasprimeras.com.do\/wp-content\/uploads\/2024\/10\/infotep-5.jpg?resize=350%2C200&ssl=1 1x, https:\/\/i0.wp.com\/lasprimeras.com.do\/wp-content\/uploads\/2024\/10\/infotep-5.jpg?resize=525%2C300&ssl=1 1.5x"},"classes":[]},{"id":51669,"url":"https:\/\/lasprimeras.com.do\/index.php\/2023\/06\/02\/adp-programas-de-formacion-del-minerd-no-se-basan-en-diagnosticos-sobre-necesidades-de-maestros\/","url_meta":{"origin":111064,"position":3},"title":"ADP: programas de formaci\u00f3n del Minerd no se basan en diagn\u00f3sticos sobre necesidades de maestros","author":"prenxa100","date":"2 de junio de 2023","format":false,"excerpt":"SANTO DOMINGO.-.La Asociaci\u00f3n Dominicana de Profesores afirm\u00f3 que los programas de formaci\u00f3n docentes que ofrece el Ministerio de Educaci\u00f3n a trav\u00e9s del INAFOCAM, no se basan en ning\u00fan diagn\u00f3stico sobre las reales necesidades de los maestros y maestras, sino en las ofertas de las universidades. El Observatorio Educativo de la\u2026","rel":"","context":"En \u00abNACIONALES\u00bb","block_context":{"text":"NACIONALES","link":"https:\/\/lasprimeras.com.do\/index.php\/category\/nacionales\/"},"img":{"alt_text":"","src":"","width":0,"height":0},"classes":[]},{"id":57964,"url":"https:\/\/lasprimeras.com.do\/index.php\/2023\/08\/17\/mediante-el-decreto-365-23-abinader-declara-de-alta-prioridad-el-sector-educativo-preuniversitario\/","url_meta":{"origin":111064,"position":4},"title":"Mediante el decreto 365-23: Abinader declara de alta prioridad el sector educativo preuniversitario","author":"Nelson Feliz","date":"17 de agosto de 2023","format":false,"excerpt":"\u00acEl decreto explica que para dirigir el proceso de reforma y modernizaci\u00f3n se crear\u00e1 la Comisi\u00f3n para la Reforma y Modernizaci\u00f3n del Sector Educativo. El presidente Luis Abinader emiti\u00f3 el decreto 365-23, que declara de alta prioridad nacional el proceso de reforma y modernizaci\u00f3n del sector educativo del nivel preuniversitario.\u2026","rel":"","context":"En \u00abNACIONALES\u00bb","block_context":{"text":"NACIONALES","link":"https:\/\/lasprimeras.com.do\/index.php\/category\/nacionales\/"},"img":{"alt_text":"Ministerio Administrativo de la Presidencia","src":"https:\/\/i0.wp.com\/lasprimeras.com.do\/wp-content\/uploads\/2023\/06\/Presidencia-1.jpg?resize=350%2C200&ssl=1","width":350,"height":200,"srcset":"https:\/\/i0.wp.com\/lasprimeras.com.do\/wp-content\/uploads\/2023\/06\/Presidencia-1.jpg?resize=350%2C200&ssl=1 1x, https:\/\/i0.wp.com\/lasprimeras.com.do\/wp-content\/uploads\/2023\/06\/Presidencia-1.jpg?resize=525%2C300&ssl=1 1.5x, https:\/\/i0.wp.com\/lasprimeras.com.do\/wp-content\/uploads\/2023\/06\/Presidencia-1.jpg?resize=700%2C400&ssl=1 2x"},"classes":[]},{"id":125150,"url":"https:\/\/lasprimeras.com.do\/index.php\/2026\/03\/19\/gomez-mazara-exhorta-a-priorizar-formacion-digital-y-ciberseguridad\/","url_meta":{"origin":111064,"position":5},"title":"G\u00f3mez Mazara exhorta a priorizar formaci\u00f3n digital y ciberseguridad","author":"Nelson Feliz","date":"19 de marzo de 2026","format":false,"excerpt":"El presidente de Indotel advierte sobre brechas en capacitaci\u00f3n y aumento de ciberataques El presidente del Consejo Directivo del Instituto Dominicano de las Telecomunicaciones (Indotel), Guido G\u00f3mez Mazara, afirm\u00f3 que Rep\u00fablica Dominicana debe priorizar la formaci\u00f3n en competencias digitales y fortalecer la ciberseguridad como pilares del desarrollo en la era\u2026","rel":"","context":"En \u00abTECNOL\u00d3GIA\u00bb","block_context":{"text":"TECNOL\u00d3GIA","link":"https:\/\/lasprimeras.com.do\/index.php\/category\/tecnologia\/"},"img":{"alt_text":"","src":"https:\/\/i0.wp.com\/lasprimeras.com.do\/wp-content\/uploads\/2026\/03\/Guido-Gomez-Mazara.jpg?resize=350%2C200&ssl=1","width":350,"height":200,"srcset":"https:\/\/i0.wp.com\/lasprimeras.com.do\/wp-content\/uploads\/2026\/03\/Guido-Gomez-Mazara.jpg?resize=350%2C200&ssl=1 1x, https:\/\/i0.wp.com\/lasprimeras.com.do\/wp-content\/uploads\/2026\/03\/Guido-Gomez-Mazara.jpg?resize=525%2C300&ssl=1 1.5x, https:\/\/i0.wp.com\/lasprimeras.com.do\/wp-content\/uploads\/2026\/03\/Guido-Gomez-Mazara.jpg?resize=700%2C400&ssl=1 2x"},"classes":[]}],"jetpack_sharing_enabled":true,"_links":{"self":[{"href":"https:\/\/lasprimeras.com.do\/index.php\/wp-json\/wp\/v2\/posts\/111064","targetHints":{"allow":["GET"]}}],"collection":[{"href":"https:\/\/lasprimeras.com.do\/index.php\/wp-json\/wp\/v2\/posts"}],"about":[{"href":"https:\/\/lasprimeras.com.do\/index.php\/wp-json\/wp\/v2\/types\/post"}],"author":[{"embeddable":true,"href":"https:\/\/lasprimeras.com.do\/index.php\/wp-json\/wp\/v2\/users\/10"}],"replies":[{"embeddable":true,"href":"https:\/\/lasprimeras.com.do\/index.php\/wp-json\/wp\/v2\/comments?post=111064"}],"version-history":[{"count":1,"href":"https:\/\/lasprimeras.com.do\/index.php\/wp-json\/wp\/v2\/posts\/111064\/revisions"}],"predecessor-version":[{"id":111066,"href":"https:\/\/lasprimeras.com.do\/index.php\/wp-json\/wp\/v2\/posts\/111064\/revisions\/111066"}],"wp:featuredmedia":[{"embeddable":true,"href":"https:\/\/lasprimeras.com.do\/index.php\/wp-json\/wp\/v2\/media\/111065"}],"wp:attachment":[{"href":"https:\/\/lasprimeras.com.do\/index.php\/wp-json\/wp\/v2\/media?parent=111064"}],"wp:term":[{"taxonomy":"category","embeddable":true,"href":"https:\/\/lasprimeras.com.do\/index.php\/wp-json\/wp\/v2\/categories?post=111064"},{"taxonomy":"post_tag","embeddable":true,"href":"https:\/\/lasprimeras.com.do\/index.php\/wp-json\/wp\/v2\/tags?post=111064"}],"curies":[{"name":"wp","href":"https:\/\/api.w.org\/{rel}","templated":true}]}}