{"id":111094,"date":"2025-10-05T10:40:50","date_gmt":"2025-10-05T14:40:50","guid":{"rendered":"https:\/\/lasprimeras.com.do\/?p=111094"},"modified":"2025-10-05T10:40:51","modified_gmt":"2025-10-05T14:40:51","slug":"tiktok-recupera-su-licencia-operativa-en-indonesia-tras-entregar-al-gobierno-datos-de-las-protestas","status":"publish","type":"post","link":"https:\/\/lasprimeras.com.do\/index.php\/2025\/10\/05\/tiktok-recupera-su-licencia-operativa-en-indonesia-tras-entregar-al-gobierno-datos-de-las-protestas\/","title":{"rendered":"TikTok recupera su licencia operativa en Indonesia tras entregar al gobierno datos de las protestas"},"content":{"rendered":"\n<p>Por NINIEK KARMINI<\/p>\n\n\n\n<p>YAKARTA, Indonesia (AP) \u2014 Indonesia revoc\u00f3 la suspensi\u00f3n de la licencia operativa local de TikTok despu\u00e9s de que la plataforma de redes sociales de propiedad china compartiera datos solicitados por el gobierno sobre su actividad de transmisi\u00f3n en vivo durante las recientes protestas mortales .<\/p>\n\n\n\n<p>El viernes, el Departamento de Comunicaci\u00f3n y Asuntos Digitales de Indonesia suspendi\u00f3 temporalmente la licencia de TikTok, alegando incumplimiento de sus obligaciones como operador privado de sistemas electr\u00f3nicos. TikTok se hab\u00eda negado a proporcionar datos completos sobre la actividad de sus usuarios, en particular durante las protestas del 25 al 30 de agosto.<\/p>\n\n\n\n<p>En una carta del 23 de septiembre, TikTok le dijo al ministerio que sus pol\u00edticas internas le imped\u00edan cumplir plenamente con la solicitud de datos, seg\u00fan un comunicado publicado por el sitio web del ministerio el viernes.<\/p>\n\n\n\n<p>A finales de agosto, estallaron protestas letales en la tercera democracia m\u00e1s grande del mundo para protestar contra los privilegios de los legisladores y la brutalidad policial. Diez personas murieron.<\/p>\n\n\n\n<p>La escalada de violencia en Indonesia llev\u00f3 a TikTok a suspender voluntariamente sus transmisiones en vivo el 30 de agosto, antes de reanudarlas varios d\u00edas despu\u00e9s, cuando la tensi\u00f3n disminuy\u00f3, alegando medidas para mantener la plataforma como un espacio seguro y civilizado.<\/p>\n\n\n\n<p>La suspensi\u00f3n de la licencia de TikTok gener\u00f3 inquietud en las redes sociales sobre las protecciones a la libertad de expresi\u00f3n bajo la administraci\u00f3n del presidente Prabowo Subianto debido al accidentado pasado del exgeneral durante los d\u00edas oscuros de la era de la dictadura de Indonesia.<\/p>\n\n\n\n<p>Sin embargo, el Director General de Supervisi\u00f3n del Espacio Digital del ministerio, Alexander Sabar, afirm\u00f3 que el gobierno necesita los datos para rastrear las cuentas vinculadas a juegos de azar en l\u00ednea que monetizaron la funci\u00f3n de transmisi\u00f3n en vivo de TikTok durante las protestas.<\/p>\n\n\n\n<p>Tambi\u00e9n afirm\u00f3 que la suspensi\u00f3n era un esfuerzo para hacer cumplir la ley y construir un ecosistema digital confiable.<\/p>\n\n\n\n<p>A pesar de la suspensi\u00f3n de la licencia, TikTok todav\u00eda estaba accesible en Indonesia el viernes.<\/p>\n\n\n\n<p>TikTok dijo anteriormente que respetar\u00eda las leyes y regulaciones de los pa\u00edses donde opera, incluida Indonesia, y que estaba trabajando con el ministerio &#8220;para resolver este problema de manera constructiva&#8221;.<\/p>\n\n\n\n<p>\u201cTikTok ha presentado datos relacionados con el aumento del tr\u00e1fico y la actividad de monetizaci\u00f3n de sus Live durante el per\u00edodo solicitado\u201d, dijo Sabar en un comunicado el s\u00e1bado.<\/p>\n\n\n\n<p>\u201cCon base en el cumplimiento de sus obligaciones, el gobierno puso fin a la suspensi\u00f3n temporal y reactiv\u00f3 la licencia de TikTok como proveedor de sistemas electr\u00f3nicos registrado\u201d.<\/p>\n","protected":false},"excerpt":{"rendered":"<p>Por NINIEK KARMINI YAKARTA, Indonesia (AP) \u2014 Indonesia revoc\u00f3 la suspensi\u00f3n de la licencia operativa local de TikTok despu\u00e9s de que la plataforma de redes sociales de propiedad china compartiera&hellip;<\/p>\n","protected":false},"author":10,"featured_media":111095,"comment_status":"open","ping_status":"open","sticky":false,"template":"","format":"standard","meta":{"content-type":"","jetpack_post_was_ever_published":false,"_jetpack_newsletter_access":"","_jetpack_dont_email_post_to_subs":false,"_jetpack_newsletter_tier_id":0,"_jetpack_memberships_contains_paywalled_content":false,"_jetpack_memberships_contains_paid_content":false,"footnotes":""},"categories":[23746],"tags":[5048,171,5221,25601,14181,1921],"class_list":["post-111094","post","type-post","status-publish","format-standard","has-post-thumbnail","hentry","category-tecnologia","tag-datos","tag-gobierno","tag-indonesia","tag-licencia-operativa","tag-recupera","tag-tiktok"],"jetpack_featured_media_url":"https:\/\/lasprimeras.com.do\/wp-content\/uploads\/2025\/10\/TikTok-recupera-su-licencia-operativa-en-Indonesia.jpg","jetpack-related-posts":[{"id":92911,"url":"https:\/\/lasprimeras.com.do\/index.php\/2025\/01\/19\/tiktok-deja-de-funcionar-en-estados-unidos\/","url_meta":{"origin":111094,"position":0},"title":"TikTok deja de funcionar en Estados Unidos","author":"Nelson Feliz","date":"19 de enero de 2025","format":false,"excerpt":"\"Lo sentimos, TikTok no est\u00e1 disponible en este momento\", el mensaje de aviso para los usuarios en Estados Unidos. Nueva York,EFE - La red social TikTok dej\u00f3 de funcionar este s\u00e1bado en Estados Unidos despu\u00e9s de que el Tribunal Supremo avalara el viernes una ley aprobada el a\u00f1o pasado por\u2026","rel":"","context":"En \u00abINTERNACIONALES\u00bb","block_context":{"text":"INTERNACIONALES","link":"https:\/\/lasprimeras.com.do\/index.php\/category\/sin-categoria\/internacionales\/"},"img":{"alt_text":"TikTok","src":"https:\/\/i0.wp.com\/lasprimeras.com.do\/wp-content\/uploads\/2025\/01\/TikTok.jpg?resize=350%2C200&ssl=1","width":350,"height":200,"srcset":"https:\/\/i0.wp.com\/lasprimeras.com.do\/wp-content\/uploads\/2025\/01\/TikTok.jpg?resize=350%2C200&ssl=1 1x, https:\/\/i0.wp.com\/lasprimeras.com.do\/wp-content\/uploads\/2025\/01\/TikTok.jpg?resize=525%2C300&ssl=1 1.5x, https:\/\/i0.wp.com\/lasprimeras.com.do\/wp-content\/uploads\/2025\/01\/TikTok.jpg?resize=700%2C400&ssl=1 2x"},"classes":[]},{"id":85849,"url":"https:\/\/lasprimeras.com.do\/index.php\/2024\/07\/10\/la-lluvia-paraliza-la-busqueda-de-30-desaparecidos-en-un-deslave-en-indonesia-con-23-muertos\/","url_meta":{"origin":111094,"position":1},"title":"La lluvia paraliza la b\u00fasqueda de 30 desaparecidos en un deslave en Indonesia con 23 muertos","author":"Nelson Feliz","date":"10 de julio de 2024","format":false,"excerpt":"BY MOHAMMAD TAUFAN AND NINIEK KARMINI PALU, Indonesia (AP) \u2014 Lluvias constantes obligaron a interrumpir el mi\u00e9rcoles la b\u00fasqueda de 30 personas que se cree fueron atrapadas por un alud de tierra que cubri\u00f3 una mina de oro no autorizada y mat\u00f3 al menos a 23 personas en la isla\u2026","rel":"","context":"En \u00abSin categor\u00eda\u00bb","block_context":{"text":"Sin categor\u00eda","link":"https:\/\/lasprimeras.com.do\/index.php\/category\/sin-categoria\/"},"img":{"alt_text":"","src":"https:\/\/i0.wp.com\/lasprimeras.com.do\/wp-content\/uploads\/2024\/07\/deslave.jpg?resize=350%2C200&ssl=1","width":350,"height":200,"srcset":"https:\/\/i0.wp.com\/lasprimeras.com.do\/wp-content\/uploads\/2024\/07\/deslave.jpg?resize=350%2C200&ssl=1 1x, https:\/\/i0.wp.com\/lasprimeras.com.do\/wp-content\/uploads\/2024\/07\/deslave.jpg?resize=525%2C300&ssl=1 1.5x, https:\/\/i0.wp.com\/lasprimeras.com.do\/wp-content\/uploads\/2024\/07\/deslave.jpg?resize=700%2C400&ssl=1 2x"},"classes":[]},{"id":92917,"url":"https:\/\/lasprimeras.com.do\/index.php\/2025\/01\/19\/tiktok-esta-restableciendo-su-servicio-en-eeuu-por-la-garantia-recibida-de-trump\/","url_meta":{"origin":111094,"position":2},"title":"TikTok est\u00e1 restableciendo su servicio en EEUU por la garant\u00eda recibida de Trump","author":"Nelson Feliz","date":"19 de enero de 2025","format":false,"excerpt":"Seg\u00fan a\u00f1adi\u00f3, trabajar\u00e1n con el futuro mandatario en una soluci\u00f3n a largo plazo que permita su funcionamiento en Estados Unidos. Washington, EEUU.-.TikTok afirm\u00f3 este domingo que se encuentra en proceso de restaurar su servicio en Estados Unidos por las garant\u00edas ofrecidas a sus proveedores por el mandatario electo estadounidense, Donald\u2026","rel":"","context":"En \u00abINTERNACIONALES\u00bb","block_context":{"text":"INTERNACIONALES","link":"https:\/\/lasprimeras.com.do\/index.php\/category\/sin-categoria\/internacionales\/"},"img":{"alt_text":"","src":"https:\/\/i0.wp.com\/lasprimeras.com.do\/wp-content\/uploads\/2025\/01\/TikTok-1.jpeg?resize=350%2C200&ssl=1","width":350,"height":200,"srcset":"https:\/\/i0.wp.com\/lasprimeras.com.do\/wp-content\/uploads\/2025\/01\/TikTok-1.jpeg?resize=350%2C200&ssl=1 1x, https:\/\/i0.wp.com\/lasprimeras.com.do\/wp-content\/uploads\/2025\/01\/TikTok-1.jpeg?resize=525%2C300&ssl=1 1.5x, https:\/\/i0.wp.com\/lasprimeras.com.do\/wp-content\/uploads\/2025\/01\/TikTok-1.jpeg?resize=700%2C400&ssl=1 2x"},"classes":[]},{"id":50334,"url":"https:\/\/lasprimeras.com.do\/index.php\/2023\/05\/19\/usuarios-de-tiktok-en-ee-uu-demandan-al-estado-de-montana-por-prohibir-la-red-social\/","url_meta":{"origin":111094,"position":3},"title":"Usuarios de TikTok en EE.UU. demandan al estado de Montana por prohibir la red social","author":"prenxa100","date":"19 de mayo de 2023","format":false,"excerpt":"Los demandantes aseguran que la medida atenta contra su libertad de expresi\u00f3n y la primera enmienda constitucional. Cinco residentes de Montana (EE.UU.) impugnaron ante un tribunal federal la ley firmada este mi\u00e9rcoles por el gobernador del estado, el republicano Greg Gianforte, que convierte a la entidad en la primera en\u2026","rel":"","context":"En \u00abSin categor\u00eda\u00bb","block_context":{"text":"Sin categor\u00eda","link":"https:\/\/lasprimeras.com.do\/index.php\/category\/sin-categoria\/"},"img":{"alt_text":"","src":"","width":0,"height":0},"classes":[]},{"id":82784,"url":"https:\/\/lasprimeras.com.do\/index.php\/2024\/05\/07\/tiktok-ha-demandado-a-estados-unidos-por-una-ley-que-podria-prohibir-su-aplicacion-cual-es-el-panorama-juridico\/","url_meta":{"origin":111094,"position":4},"title":"TikTok ha demandado a Estados Unidos por una ley que podr\u00eda prohibir su aplicaci\u00f3n. \u00bfCu\u00e1l es el panorama jur\u00eddico?","author":"Esteffany Vargas","date":"7 de mayo de 2024","format":false,"excerpt":"POR WYATTE GRANTHAM-PHILIPS NUEVA YORK (AP) \u2014 Una ley reci\u00e9n promulgada que obliga a la empresa matriz de TikTok a vender la plataforma para compartir videos o enfrentar una prohibici\u00f3n en Estados Unidos podr\u00eda enfrentar una batalla cuesta arriba en los tribunales. El propietario de la aplicaci\u00f3n, ByteDance, con sede\u2026","rel":"","context":"En \u00abSin categor\u00eda\u00bb","block_context":{"text":"Sin categor\u00eda","link":"https:\/\/lasprimeras.com.do\/index.php\/category\/sin-categoria\/"},"img":{"alt_text":"","src":"https:\/\/i0.wp.com\/lasprimeras.com.do\/wp-content\/uploads\/2024\/05\/TikTok.jpg?resize=350%2C200&ssl=1","width":350,"height":200,"srcset":"https:\/\/i0.wp.com\/lasprimeras.com.do\/wp-content\/uploads\/2024\/05\/TikTok.jpg?resize=350%2C200&ssl=1 1x, https:\/\/i0.wp.com\/lasprimeras.com.do\/wp-content\/uploads\/2024\/05\/TikTok.jpg?resize=525%2C300&ssl=1 1.5x"},"classes":[]},{"id":69728,"url":"https:\/\/lasprimeras.com.do\/index.php\/2023\/12\/05\/hallados-mas-cadaveres-tras-la-repentina-erupcion-del-monte-marapi-en-indonesia\/","url_meta":{"origin":111094,"position":5},"title":"Hallados m\u00e1s cad\u00e1veres tras la repentina erupci\u00f3n del monte Marapi en Indonesia","author":"Nelson Feliz","date":"5 de diciembre de 2023","format":false,"excerpt":"Se eleva el n\u00famero de v\u00edctimas confirmadas a 22. POR MARDI ROSA TANJUNG BATU PALANO, Indonesia (AP) \u2014 Los rescatistas que buscaban en las peligrosas laderas del volc\u00e1n Monte Marapi en Indonesia encontraron 11 cuerpos m\u00e1s de alpinistas que quedaron atrapados en una erupci\u00f3n sorpresa el fin de semana, elevando\u2026","rel":"","context":"En \u00abSin categor\u00eda\u00bb","block_context":{"text":"Sin categor\u00eda","link":"https:\/\/lasprimeras.com.do\/index.php\/category\/sin-categoria\/"},"img":{"alt_text":"Volc\u00e1n Monte Marapi en Indonesia","src":"https:\/\/i0.wp.com\/lasprimeras.com.do\/wp-content\/uploads\/2023\/12\/Volcan-Monte-Marapi.jpg?resize=350%2C200&ssl=1","width":350,"height":200,"srcset":"https:\/\/i0.wp.com\/lasprimeras.com.do\/wp-content\/uploads\/2023\/12\/Volcan-Monte-Marapi.jpg?resize=350%2C200&ssl=1 1x, https:\/\/i0.wp.com\/lasprimeras.com.do\/wp-content\/uploads\/2023\/12\/Volcan-Monte-Marapi.jpg?resize=525%2C300&ssl=1 1.5x, https:\/\/i0.wp.com\/lasprimeras.com.do\/wp-content\/uploads\/2023\/12\/Volcan-Monte-Marapi.jpg?resize=700%2C400&ssl=1 2x"},"classes":[]}],"jetpack_sharing_enabled":true,"_links":{"self":[{"href":"https:\/\/lasprimeras.com.do\/index.php\/wp-json\/wp\/v2\/posts\/111094","targetHints":{"allow":["GET"]}}],"collection":[{"href":"https:\/\/lasprimeras.com.do\/index.php\/wp-json\/wp\/v2\/posts"}],"about":[{"href":"https:\/\/lasprimeras.com.do\/index.php\/wp-json\/wp\/v2\/types\/post"}],"author":[{"embeddable":true,"href":"https:\/\/lasprimeras.com.do\/index.php\/wp-json\/wp\/v2\/users\/10"}],"replies":[{"embeddable":true,"href":"https:\/\/lasprimeras.com.do\/index.php\/wp-json\/wp\/v2\/comments?post=111094"}],"version-history":[{"count":2,"href":"https:\/\/lasprimeras.com.do\/index.php\/wp-json\/wp\/v2\/posts\/111094\/revisions"}],"predecessor-version":[{"id":111097,"href":"https:\/\/lasprimeras.com.do\/index.php\/wp-json\/wp\/v2\/posts\/111094\/revisions\/111097"}],"wp:featuredmedia":[{"embeddable":true,"href":"https:\/\/lasprimeras.com.do\/index.php\/wp-json\/wp\/v2\/media\/111095"}],"wp:attachment":[{"href":"https:\/\/lasprimeras.com.do\/index.php\/wp-json\/wp\/v2\/media?parent=111094"}],"wp:term":[{"taxonomy":"category","embeddable":true,"href":"https:\/\/lasprimeras.com.do\/index.php\/wp-json\/wp\/v2\/categories?post=111094"},{"taxonomy":"post_tag","embeddable":true,"href":"https:\/\/lasprimeras.com.do\/index.php\/wp-json\/wp\/v2\/tags?post=111094"}],"curies":[{"name":"wp","href":"https:\/\/api.w.org\/{rel}","templated":true}]}}